{"id":31896,"date":"2015-04-09T07:03:44","date_gmt":"2015-04-09T05:03:44","guid":{"rendered":"https:\/\/www.deedeeparis.com\/blog\/?p=31896"},"modified":"2015-04-08T22:24:09","modified_gmt":"2015-04-08T20:24:09","slug":"deedeefactory-2-cest-parti","status":"publish","type":"post","link":"https:\/\/www.deedeeparis.com\/blog\/deedeefactory-2-cest-parti","title":{"rendered":"DeedeeFactory #2 : c&rsquo;est parti !"},"content":{"rendered":"<p><a href=\"https:\/\/www.deedeeparis.com\/blog\/wp-content\/uploads\/2015\/04\/Capture-d\u2019\u00e9cran-2015-04-08-\u00e0-19.29.46.png\"><img loading=\"lazy\" decoding=\"async\" class=\"alignnone size-medium wp-image-31902\" src=\"https:\/\/www.deedeeparis.com\/blog\/wp-content\/uploads\/2015\/04\/Capture-d\u2019\u00e9cran-2015-04-08-\u00e0-19.29.46-600x337.png\" alt=\"Capture d\u2019\u00e9cran 2015-04-08 \u00e0 19.29.46\" width=\"600\" height=\"337\" srcset=\"https:\/\/www.deedeeparis.com\/blog\/wp-content\/uploads\/2015\/04\/Capture-d\u2019\u00e9cran-2015-04-08-\u00e0-19.29.46-600x337.png 600w, https:\/\/www.deedeeparis.com\/blog\/wp-content\/uploads\/2015\/04\/Capture-d\u2019\u00e9cran-2015-04-08-\u00e0-19.29.46-768x431.png 768w, https:\/\/www.deedeeparis.com\/blog\/wp-content\/uploads\/2015\/04\/Capture-d\u2019\u00e9cran-2015-04-08-\u00e0-19.29.46-500x280.png 500w, https:\/\/www.deedeeparis.com\/blog\/wp-content\/uploads\/2015\/04\/Capture-d\u2019\u00e9cran-2015-04-08-\u00e0-19.29.46-1024x574.png 1024w, https:\/\/www.deedeeparis.com\/blog\/wp-content\/uploads\/2015\/04\/Capture-d\u2019\u00e9cran-2015-04-08-\u00e0-19.29.46.png 1100w\" sizes=\"auto, (max-width: 600px) 100vw, 600px\" \/><\/a><br \/>\n<em>(Cette magnificence de chemise est sign\u00e9e Roseanna PE 2015&#8230; Craquage d&rsquo;avant tournage, je n&rsquo;avais rien \u00e0 me mettre) (Hein ? Quoi ?)<\/em><\/p>\n<p>Ouiii, \u00e7a y est ! Le deuxi\u00e8me \u00e9pisode est dans la bo\u00eete. Mieux, vous pouvez le regarder d\u00e8s \u00e0 pr\u00e9sent !<\/p>\n<p>Je sais ce que vous allez me dire : \u00ab\u00a0deux fois par mois\u00a0\u00bb. Oui, alors, bon. C&rsquo;est-\u00e0-dire que \u00e7a nous prend beaucoup de temps, cette histoire. Et aussi beaucoup d&rsquo;argent. A ce sujet, si vous connaissez un bon commercial freelance sp\u00e9cialis\u00e9 dans le web et qui voudrait travailler \u00e0 la commercialisation de notre programme, n&rsquo;h\u00e9sitez pas !<\/p>\n<p>Pour l&rsquo;heure, montez le son et d\u00e9gainez vos claviers : on attend vos commentaires ^^<\/p>\n<p><iframe loading=\"lazy\" src=\"https:\/\/www.youtube.com\/embed\/xXj_dgQtUOo\" width=\"600\" height=\"338\" frameborder=\"0\" allowfullscreen=\"allowfullscreen\"><\/iframe><\/p>\n<p>&nbsp;<\/p>\n<h4>DeedeeFactory #2<\/h4>\n<h1>++Corner 1 &#8211; Lifestyle ++<\/h1>\n<p><a href=\"https:\/\/www.deedeeparis.com\/blog\/wp-content\/uploads\/2015\/04\/Capture-d\u2019\u00e9cran-2015-04-08-\u00e0-20.42.23.png\"><img loading=\"lazy\" decoding=\"async\" class=\"alignnone size-medium wp-image-31905\" src=\"https:\/\/www.deedeeparis.com\/blog\/wp-content\/uploads\/2015\/04\/Capture-d\u2019\u00e9cran-2015-04-08-\u00e0-20.42.23-600x335.png\" alt=\"Capture d\u2019\u00e9cran 2015-04-08 \u00e0 20.42.23\" width=\"600\" height=\"335\" srcset=\"https:\/\/www.deedeeparis.com\/blog\/wp-content\/uploads\/2015\/04\/Capture-d\u2019\u00e9cran-2015-04-08-\u00e0-20.42.23-600x335.png 600w, https:\/\/www.deedeeparis.com\/blog\/wp-content\/uploads\/2015\/04\/Capture-d\u2019\u00e9cran-2015-04-08-\u00e0-20.42.23-768x429.png 768w, https:\/\/www.deedeeparis.com\/blog\/wp-content\/uploads\/2015\/04\/Capture-d\u2019\u00e9cran-2015-04-08-\u00e0-20.42.23-500x280.png 500w, https:\/\/www.deedeeparis.com\/blog\/wp-content\/uploads\/2015\/04\/Capture-d\u2019\u00e9cran-2015-04-08-\u00e0-20.42.23-1024x573.png 1024w, https:\/\/www.deedeeparis.com\/blog\/wp-content\/uploads\/2015\/04\/Capture-d\u2019\u00e9cran-2015-04-08-\u00e0-20.42.23.png 1100w\" sizes=\"auto, (max-width: 600px) 100vw, 600px\" \/><\/a><\/p>\n<p>Pour cette seconde \u00e9mission, j&rsquo;ai re\u00e7u Noam, le fondateur du g\u00e9nial <a title=\"Green Factory\" href=\"http:\/\/www.greenfactory.fr\/\" target=\"_blank\">Green Factory<\/a> (mais si, je vous en avais d\u00e9j\u00e0 parl\u00e9 <a title=\"Green Factory\" href=\"https:\/\/www.deedeeparis.com\/blog\/ma-week-list-118\" target=\"_blank\">ici<\/a>). Le principe ? Dans son atelier, Noam propose des jardins de verre qui, outre leur beaut\u00e9, ne n\u00e9cessitent quasiment pas d&rsquo;entretien. Le r\u00eave de tout parisien qui ni jardin, ni la main verte (ne rayez aucune mention inutile en ce qui me concerne&#8230;).<\/p>\n<p>Pour aller plus loin, j&rsquo;ai demand\u00e9 \u00e0 Noam de nous apprendre \u00e0 r\u00e9aliser notre propre jardin de verre (et pour les plus flemmards, sachez que le kit est vendu directement sur le site de <a title=\"Green Factory\" href=\"http:\/\/www.greenfactory.fr\/\" target=\"_blank\">Green Factory<\/a>^^)<\/p>\n<p>Suivez le guide !<\/p>\n<h1>++Corner 2 &#8211; Mode ++<\/h1>\n<p><a href=\"https:\/\/www.deedeeparis.com\/blog\/wp-content\/uploads\/2015\/04\/Capture-d\u2019\u00e9cran-2015-04-08-\u00e0-20.44.54-1.png\"><img loading=\"lazy\" decoding=\"async\" class=\"alignnone size-medium wp-image-31906\" src=\"https:\/\/www.deedeeparis.com\/blog\/wp-content\/uploads\/2015\/04\/Capture-d\u2019\u00e9cran-2015-04-08-\u00e0-20.44.54-1-600x336.png\" alt=\"Capture d\u2019\u00e9cran 2015-04-08 \u00e0 20.44.54 1\" width=\"600\" height=\"336\" srcset=\"https:\/\/www.deedeeparis.com\/blog\/wp-content\/uploads\/2015\/04\/Capture-d\u2019\u00e9cran-2015-04-08-\u00e0-20.44.54-1-600x336.png 600w, https:\/\/www.deedeeparis.com\/blog\/wp-content\/uploads\/2015\/04\/Capture-d\u2019\u00e9cran-2015-04-08-\u00e0-20.44.54-1-768x430.png 768w, https:\/\/www.deedeeparis.com\/blog\/wp-content\/uploads\/2015\/04\/Capture-d\u2019\u00e9cran-2015-04-08-\u00e0-20.44.54-1-500x280.png 500w, https:\/\/www.deedeeparis.com\/blog\/wp-content\/uploads\/2015\/04\/Capture-d\u2019\u00e9cran-2015-04-08-\u00e0-20.44.54-1-1024x573.png 1024w, https:\/\/www.deedeeparis.com\/blog\/wp-content\/uploads\/2015\/04\/Capture-d\u2019\u00e9cran-2015-04-08-\u00e0-20.44.54-1.png 1100w\" sizes=\"auto, (max-width: 600px) 100vw, 600px\" \/><\/a><\/p>\n<p>Les ponts du mois de mai approchent et avec eux, la gal\u00e8re de la valise cabine (on n&rsquo;a pas des vies faciles, je ne vous le fais pas dire !).\u00a0Hop, je vous donne quelques conseils pour r\u00e9soudre ce probl\u00e8me fissa !<\/p>\n<p>(Oui, il s&rsquo;agit bien du tote bag de ma coolab avec les copains de <a title=\"French Disorder\" href=\"http:\/\/www.frenchdisorder.com\/151-thinkhappy-by-deedee\" target=\"_blank\">French Disorder<\/a>^^)<\/p>\n<h1>++Corner 3 &#8211; Beaut\u00e9 ++<\/h1>\n<p><a href=\"https:\/\/www.deedeeparis.com\/blog\/wp-content\/uploads\/2015\/04\/Capture-d\u2019\u00e9cran-2015-04-08-\u00e0-20.46.04.png\"><img loading=\"lazy\" decoding=\"async\" class=\"alignnone size-medium wp-image-31907\" src=\"https:\/\/www.deedeeparis.com\/blog\/wp-content\/uploads\/2015\/04\/Capture-d\u2019\u00e9cran-2015-04-08-\u00e0-20.46.04-600x334.png\" alt=\"Capture d\u2019\u00e9cran 2015-04-08 \u00e0 20.46.04\" width=\"600\" height=\"334\" srcset=\"https:\/\/www.deedeeparis.com\/blog\/wp-content\/uploads\/2015\/04\/Capture-d\u2019\u00e9cran-2015-04-08-\u00e0-20.46.04-600x334.png 600w, https:\/\/www.deedeeparis.com\/blog\/wp-content\/uploads\/2015\/04\/Capture-d\u2019\u00e9cran-2015-04-08-\u00e0-20.46.04-768x428.png 768w, https:\/\/www.deedeeparis.com\/blog\/wp-content\/uploads\/2015\/04\/Capture-d\u2019\u00e9cran-2015-04-08-\u00e0-20.46.04-500x279.png 500w, https:\/\/www.deedeeparis.com\/blog\/wp-content\/uploads\/2015\/04\/Capture-d\u2019\u00e9cran-2015-04-08-\u00e0-20.46.04-1024x571.png 1024w, https:\/\/www.deedeeparis.com\/blog\/wp-content\/uploads\/2015\/04\/Capture-d\u2019\u00e9cran-2015-04-08-\u00e0-20.46.04.png 1100w\" sizes=\"auto, (max-width: 600px) 100vw, 600px\" \/><\/a><\/p>\n<p>Pour finir, j&rsquo;ai\u00a0d\u00e9got\u00e9 une nouvelle appli qui va nous en-chan-ter. Elle s&rsquo;appelle <a title=\"Simone\" href=\"https:\/\/www.facebook.com\/simonebeautyapp\" target=\"_blank\">Simone<\/a>,\u00a0elle permet de booker une manucure ou une p\u00e9dicure au pied lev\u00e9 et surtout \u00e0 domicile pour un plan beaut\u00e9\u00a0en solo ou une soir\u00e9e entre copines.<\/p>\n<p>Derri\u00e8re cette appli magique, Caroline et Florence. Avec Simone, elle veulent\u00a0donner aux femmes un moyen d&rsquo;avoir des \u00ab\u00a0Beauty breaks\u00a0\u00bb \u00e0 la demande et faire ainsi une place plus importante \u00e0 la beaut\u00e9 dans leur quotidien&#8230; Leur mantra ? \u00ab\u00a0Prendre soin de soi, c&rsquo;est bon pour le moral !\u00a0\u00bb<\/p>\n<p>Je vous pr\u00e9sente l&rsquo;appli en exclusivit\u00e9 et en avant premi\u00e8re, elle sera dispo dans les jours qui viennent&#8230; Vous pouvez suivre son lancement sur sa page <a title=\"Simone\" href=\"https:\/\/www.facebook.com\/simonebeautyapp\" target=\"_blank\">Facebook <\/a>!<\/p>\n<h4>Bonus track<\/h4>\n<p>Quand je dis nous, c&rsquo;est&#8230;<\/p>\n<p><a href=\"https:\/\/www.deedeeparis.com\/blog\/wp-content\/uploads\/2015\/04\/team-deedeefactory.jpg\"><img loading=\"lazy\" decoding=\"async\" class=\"alignnone size-medium wp-image-31898\" src=\"https:\/\/www.deedeeparis.com\/blog\/wp-content\/uploads\/2015\/04\/team-deedeefactory-600x600.jpg\" alt=\"team deedeefactory\" width=\"600\" height=\"600\" srcset=\"https:\/\/www.deedeeparis.com\/blog\/wp-content\/uploads\/2015\/04\/team-deedeefactory-600x600.jpg 600w, https:\/\/www.deedeeparis.com\/blog\/wp-content\/uploads\/2015\/04\/team-deedeefactory-160x160.jpg 160w, https:\/\/www.deedeeparis.com\/blog\/wp-content\/uploads\/2015\/04\/team-deedeefactory-155x155.jpg 155w, https:\/\/www.deedeeparis.com\/blog\/wp-content\/uploads\/2015\/04\/team-deedeefactory-500x500.jpg 500w, https:\/\/www.deedeeparis.com\/blog\/wp-content\/uploads\/2015\/04\/team-deedeefactory-150x150.jpg 150w, https:\/\/www.deedeeparis.com\/blog\/wp-content\/uploads\/2015\/04\/team-deedeefactory.jpg 640w\" sizes=\"auto, (max-width: 600px) 100vw, 600px\" \/><\/a><\/p>\n<blockquote><p><em>(De gauche \u00e0 droite)\u00a0<\/em><br \/>\n&#8211;\u00a0<a title=\"Amelie Javegny\" href=\"http:\/\/www.doyoubuzz.com\/javegny-amelie\" target=\"_blank\">Am\u00e9lie<\/a>, maquilleuse \/ coiffeuse<br \/>\n&#8211;\u00a0<a title=\"Youngandsplash\" href=\"http:\/\/www.youngandsplash.com\/\" target=\"_blank\">Maxime<\/a>, Chef op.<br \/>\n&#8211; Votre serviteuse, r\u00e9dac chef<br \/>\n&#8211; Hadrien, r\u00e9alisateur<br \/>\n&#8211; Maud, r\u00e9gisseuse magique !<br \/>\n&#8211; JB, ing\u00e9 son<\/p><\/blockquote>\n<p>Id\u00e9e originale : Deedee + <a title=\"Rath\u00e9 Production\" href=\"http:\/\/cargocollective.com\/rathe\" target=\"_blank\">Rath\u00e9 Productions<\/a>\u00a0&#8211;\u00a0Producteurs : Deedee + Rath\u00e9 Productions<\/p>\n<h4>Special Thanks<\/h4>\n<p>Merci merci merci aux partenaires qui nous suivent et nous soutiennent : <a title=\"Canon\" href=\"https:\/\/www.facebook.com\/Canonfrance?fref=ts\" target=\"_blank\">Canon<\/a>, <a title=\"Vivre Paris\" href=\"https:\/\/www.facebook.com\/VivreParisMagazine?fref=ts\" target=\"_blank\">Vivre Paris<\/a>, nos invit\u00e9s, <a title=\"Zo\u00e9 de las cases\" href=\"https:\/\/www.facebook.com\/pages\/Zo%C3%A9-de-Las-Cases\/255200964534164\" target=\"_blank\">Zo\u00e9 de las Cases<\/a>&#8230; Mais aussi VOUS ! Si vous avez des envies, des id\u00e9es, des remarques, c&rsquo;est le moment^^<\/p>\n","protected":false},"excerpt":{"rendered":"<p>(Cette magnificence de chemise est sign\u00e9e Roseanna PE 2015&#8230; Craquage d&rsquo;avant tournage, je n&rsquo;avais rien \u00e0 me mettre) (Hein ? Quoi ?) Ouiii, \u00e7a y est ! Le deuxi\u00e8me \u00e9pisode est dans la bo\u00eete. Mieux, vous pouvez le regarder d\u00e8s \u00e0 pr\u00e9sent ! Je sais ce que vous allez me dire : \u00ab\u00a0deux fois par [&hellip;]<\/p>\n","protected":false},"author":2,"featured_media":31902,"comment_status":"open","ping_status":"open","sticky":false,"template":"","format":"standard","meta":{"_acf_changed":false,"footnotes":""},"categories":[19],"tags":[7231,5787,7229,7152,6904,7228,6446,6447,7230,7232,7153],"class_list":["post-31896","post","type-post","status-publish","format-standard","has-post-thumbnail","hentry","category-videos-deedeecast","tag-apprendre-a-faire-sa-valise","tag-conseils-valise","tag-deedee-factory","tag-deedeefactory","tag-find-your-wings","tag-green-factory","tag-manucure-a-domicile","tag-manucure-a-domicile-paris","tag-tuto-terrarium","tag-video-blogueuse","tag-video-deedee"],"acf":[],"geo":null,"_links":{"self":[{"href":"https:\/\/www.deedeeparis.com\/blog\/wp-json\/wp\/v2\/posts\/31896","targetHints":{"allow":["GET"]}}],"collection":[{"href":"https:\/\/www.deedeeparis.com\/blog\/wp-json\/wp\/v2\/posts"}],"about":[{"href":"https:\/\/www.deedeeparis.com\/blog\/wp-json\/wp\/v2\/types\/post"}],"author":[{"embeddable":true,"href":"https:\/\/www.deedeeparis.com\/blog\/wp-json\/wp\/v2\/users\/2"}],"replies":[{"embeddable":true,"href":"https:\/\/www.deedeeparis.com\/blog\/wp-json\/wp\/v2\/comments?post=31896"}],"version-history":[{"count":5,"href":"https:\/\/www.deedeeparis.com\/blog\/wp-json\/wp\/v2\/posts\/31896\/revisions"}],"predecessor-version":[{"id":31914,"href":"https:\/\/www.deedeeparis.com\/blog\/wp-json\/wp\/v2\/posts\/31896\/revisions\/31914"}],"wp:featuredmedia":[{"embeddable":true,"href":"https:\/\/www.deedeeparis.com\/blog\/wp-json\/wp\/v2\/media\/31902"}],"wp:attachment":[{"href":"https:\/\/www.deedeeparis.com\/blog\/wp-json\/wp\/v2\/media?parent=31896"}],"wp:term":[{"taxonomy":"category","embeddable":true,"href":"https:\/\/www.deedeeparis.com\/blog\/wp-json\/wp\/v2\/categories?post=31896"},{"taxonomy":"post_tag","embeddable":true,"href":"https:\/\/www.deedeeparis.com\/blog\/wp-json\/wp\/v2\/tags?post=31896"}],"curies":[{"name":"wp","href":"https:\/\/api.w.org\/{rel}","templated":true}]}}