{"id":32237,"date":"2015-05-18T09:55:31","date_gmt":"2015-05-18T07:55:31","guid":{"rendered":"https:\/\/www.deedeeparis.com\/blog\/?p=32237"},"modified":"2015-05-18T10:06:25","modified_gmt":"2015-05-18T08:06:25","slug":"ma-week-list-132","status":"publish","type":"post","link":"https:\/\/www.deedeeparis.com\/blog\/ma-week-list-132","title":{"rendered":"Ma Week List #132"},"content":{"rendered":"<p>Nouvelle semaine&#8230; Nouveaux coups de coeur ! (ah ben oui, quand m\u00eame, je suis \u00e0 la bourre mais je ne vous oublie pas). Cette semaine, j&rsquo;aime :<\/p>\n<h4>Les 2 bougies de French Disorder<\/h4>\n<p><a href=\"https:\/\/www.deedeeparis.com\/blog\/wp-content\/uploads\/2015\/05\/unnamed.gif\"><img loading=\"lazy\" decoding=\"async\" class=\"alignnone size-medium wp-image-32344\" src=\"https:\/\/www.deedeeparis.com\/blog\/wp-content\/uploads\/2015\/05\/unnamed-600x400.gif\" alt=\"unnamed\" width=\"600\" height=\"400\" srcset=\"https:\/\/www.deedeeparis.com\/blog\/wp-content\/uploads\/2015\/05\/unnamed-600x400.gif 600w, https:\/\/www.deedeeparis.com\/blog\/wp-content\/uploads\/2015\/05\/unnamed-500x333.gif 500w, https:\/\/www.deedeeparis.com\/blog\/wp-content\/uploads\/2015\/05\/unnamed.gif 650w\" sizes=\"auto, (max-width: 600px) 100vw, 600px\" \/><\/a><\/p>\n<p>Vous commencez \u00e0 le savoir : C\u00e9dric, Javi et Isa, les fondateurs de <a href=\"http:\/\/www.frenchdisorder.com\/\" target=\"_blank\">French Disorder<\/a>, sont des amis. Et je suis excessivement heureuse pour eux que le joli concept de sweats et tee qu&rsquo;ils ont cr\u00e9e f\u00eate ses 2 ans ! A cette occasion, pan : jusqu\u2019au jeudi 28 mai minuit,\u00a0<strong>tout le eShop est \u00e0 -30% avec le code HAPPY2. <\/strong>En bonus,\u00a0chaque jour, la team\u00a0glissera un petit cadeau surprise dans nos commandes. Et en super bonux, un tirage au sort sera effectu\u00e9 parmi toutes les commandes ayant utilis\u00e9 le code HAPPY2, et l\u2019heureux gagnant aura sa commande int\u00e9gralement rembours\u00e9e. C&rsquo;est l&rsquo;occas de vous offrir un de <a href=\"http:\/\/www.frenchdisorder.com\/151-thinkhappy-by-deedee\" target=\"_blank\">mes sweats<\/a> (hein ? comment ? Pardon ?!)<\/p>\n<p>Happy 2 French Disorder &lt;3<\/p>\n<p><a href=\"https:\/\/www.deedeeparis.com\/blog\/wp-content\/uploads\/2015\/05\/unnamed-11.jpg\"><img loading=\"lazy\" decoding=\"async\" class=\"alignnone size-medium wp-image-32342\" src=\"https:\/\/www.deedeeparis.com\/blog\/wp-content\/uploads\/2015\/05\/unnamed-11-600x400.jpg\" alt=\"unnamed (1)\" width=\"600\" height=\"400\" srcset=\"https:\/\/www.deedeeparis.com\/blog\/wp-content\/uploads\/2015\/05\/unnamed-11-600x400.jpg 600w, https:\/\/www.deedeeparis.com\/blog\/wp-content\/uploads\/2015\/05\/unnamed-11-500x333.jpg 500w, https:\/\/www.deedeeparis.com\/blog\/wp-content\/uploads\/2015\/05\/unnamed-11.jpg 650w\" sizes=\"auto, (max-width: 600px) 100vw, 600px\" \/><\/a> <a href=\"https:\/\/www.deedeeparis.com\/blog\/wp-content\/uploads\/2015\/05\/unnamed1.jpg\"><img loading=\"lazy\" decoding=\"async\" class=\"alignnone size-medium wp-image-32343\" src=\"https:\/\/www.deedeeparis.com\/blog\/wp-content\/uploads\/2015\/05\/unnamed1-600x900.jpg\" alt=\"unnamed\" width=\"600\" height=\"900\" srcset=\"https:\/\/www.deedeeparis.com\/blog\/wp-content\/uploads\/2015\/05\/unnamed1-600x900.jpg 600w, https:\/\/www.deedeeparis.com\/blog\/wp-content\/uploads\/2015\/05\/unnamed1-500x750.jpg 500w, https:\/\/www.deedeeparis.com\/blog\/wp-content\/uploads\/2015\/05\/unnamed1.jpg 650w\" sizes=\"auto, (max-width: 600px) 100vw, 600px\" \/><\/a><\/p>\n<p>&nbsp;<\/p>\n<h4>\u00ab\u00a0Lorsque l&rsquo;amour sera mort&#8230;\u00a0\u00bb<\/h4>\n<p><iframe loading=\"lazy\" src=\"https:\/\/www.youtube.com\/embed\/FN7cUnCMzIw\" width=\"600\" height=\"338\" frameborder=\"0\" allowfullscreen=\"allowfullscreen\"><\/iframe><\/p>\n<p>Je ne suis pas excessivement friande des campagnes produites par la S\u00e9curit\u00e9 Routi\u00e8res. Je les trouve souvent trop trash pour \u00eatre vraiment efficaces. Enfin, je ne sais pas&#8230; Mais ce que je sais, c&rsquo;est que celle-ci me fiche les poils direct et me fait grave ralentir, oui, m\u00eame en scooter. Elle est juste, belle&#8230; et horrible \u00e0 la fois. Pari gagn\u00e9.<\/p>\n<h4>Les pochettes rechargeables Il \u00e9tait un fil<\/h4>\n<p><a href=\"https:\/\/www.deedeeparis.com\/blog\/wp-content\/uploads\/2015\/05\/11150711_1041876009174532_4008171892788506588_n.jpg\"><img loading=\"lazy\" decoding=\"async\" class=\"alignnone size-medium wp-image-32345\" src=\"https:\/\/www.deedeeparis.com\/blog\/wp-content\/uploads\/2015\/05\/11150711_1041876009174532_4008171892788506588_n-600x600.jpg\" alt=\"11150711_1041876009174532_4008171892788506588_n\" width=\"600\" height=\"600\" srcset=\"https:\/\/www.deedeeparis.com\/blog\/wp-content\/uploads\/2015\/05\/11150711_1041876009174532_4008171892788506588_n-600x600.jpg 600w, https:\/\/www.deedeeparis.com\/blog\/wp-content\/uploads\/2015\/05\/11150711_1041876009174532_4008171892788506588_n-160x160.jpg 160w, https:\/\/www.deedeeparis.com\/blog\/wp-content\/uploads\/2015\/05\/11150711_1041876009174532_4008171892788506588_n-155x155.jpg 155w, https:\/\/www.deedeeparis.com\/blog\/wp-content\/uploads\/2015\/05\/11150711_1041876009174532_4008171892788506588_n-500x500.jpg 500w, https:\/\/www.deedeeparis.com\/blog\/wp-content\/uploads\/2015\/05\/11150711_1041876009174532_4008171892788506588_n-150x150.jpg 150w, https:\/\/www.deedeeparis.com\/blog\/wp-content\/uploads\/2015\/05\/11150711_1041876009174532_4008171892788506588_n.jpg 640w\" sizes=\"auto, (max-width: 600px) 100vw, 600px\" \/><\/a><br \/>\n<em>\u00a9Photo Mode Personnelle<\/em><\/p>\n<p>En g\u00e9n\u00e9ral, les pochettes qui chargent en m\u00eame temps les portables (enfin, les iPhone) sont excessivement (oui, c&rsquo;est mon mot de la journ\u00e9e) vilaines. Bonne pioche avec <a href=\"http:\/\/iletaitunfil.com\/\" target=\"_blank\">celles-ci<\/a>, spott\u00e9es chez mon amie <a href=\"http:\/\/blogs.lexpress.fr\/styles\/mode-personnel\/\" target=\"_blank\">Isabelle<\/a> qui n&rsquo;est donc pas uniquement the queen of the dressing mais la reine des bons plans, aussi ! Totalement indispensable, on est d&rsquo;accord.<\/p>\n<p><a href=\"https:\/\/www.deedeeparis.com\/blog\/wp-content\/uploads\/2015\/05\/il-etait-un-fil-1.jpg\"><img loading=\"lazy\" decoding=\"async\" class=\"alignnone size-medium wp-image-32347\" src=\"https:\/\/www.deedeeparis.com\/blog\/wp-content\/uploads\/2015\/05\/il-etait-un-fil-1-600x400.jpg\" alt=\"il etait un fil 1\" width=\"600\" height=\"400\" srcset=\"https:\/\/www.deedeeparis.com\/blog\/wp-content\/uploads\/2015\/05\/il-etait-un-fil-1-600x400.jpg 600w, https:\/\/www.deedeeparis.com\/blog\/wp-content\/uploads\/2015\/05\/il-etait-un-fil-1-768x511.jpg 768w, https:\/\/www.deedeeparis.com\/blog\/wp-content\/uploads\/2015\/05\/il-etait-un-fil-1-500x333.jpg 500w, https:\/\/www.deedeeparis.com\/blog\/wp-content\/uploads\/2015\/05\/il-etait-un-fil-1.jpg 811w\" sizes=\"auto, (max-width: 600px) 100vw, 600px\" \/><\/a><\/p>\n<p><a href=\"https:\/\/www.deedeeparis.com\/blog\/wp-content\/uploads\/2015\/05\/il-etait-un-fil.jpg\"><img loading=\"lazy\" decoding=\"async\" class=\"alignnone size-medium wp-image-32346\" src=\"https:\/\/www.deedeeparis.com\/blog\/wp-content\/uploads\/2015\/05\/il-etait-un-fil-600x450.jpg\" alt=\"il etait un fil\" width=\"600\" height=\"450\" srcset=\"https:\/\/www.deedeeparis.com\/blog\/wp-content\/uploads\/2015\/05\/il-etait-un-fil-600x450.jpg 600w, https:\/\/www.deedeeparis.com\/blog\/wp-content\/uploads\/2015\/05\/il-etait-un-fil-500x375.jpg 500w, https:\/\/www.deedeeparis.com\/blog\/wp-content\/uploads\/2015\/05\/il-etait-un-fil.jpg 700w\" sizes=\"auto, (max-width: 600px) 100vw, 600px\" \/><\/a><\/p>\n<h4>Picline, les magnets malins pour organiser son bureau<\/h4>\n<p><a href=\"https:\/\/www.deedeeparis.com\/blog\/wp-content\/uploads\/2015\/05\/picline-cercle.jpg\"><img loading=\"lazy\" decoding=\"async\" class=\"alignnone size-medium wp-image-32350\" src=\"https:\/\/www.deedeeparis.com\/blog\/wp-content\/uploads\/2015\/05\/picline-cercle-600x430.jpg\" alt=\"picline-cercle\" width=\"600\" height=\"430\" srcset=\"https:\/\/www.deedeeparis.com\/blog\/wp-content\/uploads\/2015\/05\/picline-cercle-600x430.jpg 600w, https:\/\/www.deedeeparis.com\/blog\/wp-content\/uploads\/2015\/05\/picline-cercle-768x551.jpg 768w, https:\/\/www.deedeeparis.com\/blog\/wp-content\/uploads\/2015\/05\/picline-cercle-500x359.jpg 500w, https:\/\/www.deedeeparis.com\/blog\/wp-content\/uploads\/2015\/05\/picline-cercle-1024x734.jpg 1024w, https:\/\/www.deedeeparis.com\/blog\/wp-content\/uploads\/2015\/05\/picline-cercle.jpg 1100w\" sizes=\"auto, (max-width: 600px) 100vw, 600px\" \/><\/a><\/p>\n<p>Plus que de la d\u00e9co, un gros like pour ces <a href=\"http:\/\/www.picline.com\/\" target=\"_blank\">bandeaux aimant\u00e9s<\/a> qui permettent de d\u00e9corer et d&rsquo;organiser \u00e0 la fois. J&rsquo;en ai re\u00e7u quelques uns en \u00e9chantillon, je vous montrerai le r\u00e9sultat ! (Parenth\u00e8se : c&rsquo;est fou comme\u00a0j&rsquo;ai mille fois plus envie d&rsquo;am\u00e9nager mon espace de travail maintenant que c&rsquo;est vraiment MON espace de travail) (cette phrase est totalement cryptique).<\/p>\n<h4>Les bijoux de baskets<\/h4>\n<p><a href=\"https:\/\/www.deedeeparis.com\/blog\/wp-content\/uploads\/2015\/05\/bijoux-de-baskets.jpg\"><img loading=\"lazy\" decoding=\"async\" class=\"alignnone size-medium wp-image-32352\" src=\"https:\/\/www.deedeeparis.com\/blog\/wp-content\/uploads\/2015\/05\/bijoux-de-baskets-600x516.jpg\" alt=\"bijoux de baskets\" width=\"600\" height=\"516\" srcset=\"https:\/\/www.deedeeparis.com\/blog\/wp-content\/uploads\/2015\/05\/bijoux-de-baskets-600x516.jpg 600w, https:\/\/www.deedeeparis.com\/blog\/wp-content\/uploads\/2015\/05\/bijoux-de-baskets-768x661.jpg 768w, https:\/\/www.deedeeparis.com\/blog\/wp-content\/uploads\/2015\/05\/bijoux-de-baskets-500x430.jpg 500w, https:\/\/www.deedeeparis.com\/blog\/wp-content\/uploads\/2015\/05\/bijoux-de-baskets-1024x881.jpg 1024w, https:\/\/www.deedeeparis.com\/blog\/wp-content\/uploads\/2015\/05\/bijoux-de-baskets.jpg 1032w\" sizes=\"auto, (max-width: 600px) 100vw, 600px\" \/><\/a><\/p>\n<p>Encore une bonne id\u00e9e de St\u00e9phanie, la cr\u00e9atrice de <a href=\"https:\/\/www.deedeeparis.com\/blog\/15-alternatives-a-la-stan-smith\" target=\"_blank\">Mademoiselle Pierre<\/a> : les bijoux de basket. A l&rsquo;heure o\u00f9 nous b\u00ealons toutes de concert (pas vrai ?!), avouez que l&rsquo;id\u00e9e \u00e0 de quoi s\u00e9duire ! Ils seront disponibles d\u00e8s ce soir sur son nouveau site.<\/p>\n<p>&nbsp;<\/p>\n<h4>L&rsquo;arr\u00eat des cabines UV<\/h4>\n<p><a href=\"https:\/\/www.deedeeparis.com\/blog\/wp-content\/uploads\/2015\/05\/4a5cc2b9910ae11b05fe4bd5b5e0d685.jpg\"><img loading=\"lazy\" decoding=\"async\" class=\" size-full wp-image-32354 aligncenter\" src=\"https:\/\/www.deedeeparis.com\/blog\/wp-content\/uploads\/2015\/05\/4a5cc2b9910ae11b05fe4bd5b5e0d685.jpg\" alt=\"4a5cc2b9910ae11b05fe4bd5b5e0d685\" width=\"500\" height=\"699\" \/><\/a><\/p>\n<p><em>(Non, je n&rsquo;ai pas trouv\u00e9 mieux, comme image, et puis je voulais d\u00e9dramatiser un peu quand m\u00eame rapport que bon, c&rsquo;est bien, mais quand m\u00eame)<\/em><\/p>\n<p>\u00c7a m&rsquo;amuse un peu, parce que \u00e7a doit bien faire mmm, depuis toujours, que je hurle \u00e0 qui veut l&rsquo;entendre que les <a href=\"https:\/\/www.deedeeparis.com\/blog\/pourquoi-il-ne-faut-pas-faire-d-uv\" target=\"_blank\">UV dans les cabines<\/a>, c&rsquo;est le mal. Je me fais r\u00e9guli\u00e8rement &#8211; et copieusement &#8211; insulter par les tenanciers de ces viviers \u00e0 m\u00e9lanomes\u00a0et\u00a0par celles qui n&rsquo;ont pas envie d&rsquo;ouvrir les yeux et qui m&rsquo;expliquent par A + B que je ne suis rien qu&rsquo;une jalouse. \u00c7a n&rsquo;est peut \u00eatre pas enti\u00e8rement faux, notez, mais je ris quand m\u00eame : progressivement (mais qui va piano va sano. Enfin, il para\u00eet), les m\u00e9dias s&rsquo;excitent pour d\u00e9noncer les m\u00e9faits des <a href=\"http:\/\/www.lexpress.fr\/actualite\/societe\/sante\/non-les-uv-des-cabines-de-bronzage-ne-preparent-pas-la-peau-au-soleil_1678207.html?PMSRC_CAMPAIGN=20150515_20_edi_lexpress-news-arretiez-faire-uv_555397b0d17eadef3a7b23c6&amp;xtor=EPR-5012-[20150515_20_edi_lexpress_news_arretiez_faire_uv_555397b0d17eadef3a7b23c6_0012HT]-20150515-[une_personne_munie_d_une_paire_de_lunettes_de_protection_entre_dans_une_cabine_de_bronzage_le_22_aout_2007_a_paris_5193341_jpg_0031I34]-[RB2D106H001495SV]-20150515040500#PMID=ZGVlZGVlcGFyaXNAZ21haWwuY29t\" target=\"_blank\">cabines de bronzage<\/a>. Bon. Tant mieux, non ?<\/p>\n<h4>Le bar Luce, \u00e0 Milan<\/h4>\n<p><a href=\"https:\/\/www.deedeeparis.com\/blog\/wp-content\/uploads\/2015\/05\/Bar-Luce-.jpg\"><img loading=\"lazy\" decoding=\"async\" class=\"alignnone size-medium wp-image-32357\" src=\"https:\/\/www.deedeeparis.com\/blog\/wp-content\/uploads\/2015\/05\/Bar-Luce--600x900.jpg\" alt=\"Bar-Luce-\" width=\"600\" height=\"900\" srcset=\"https:\/\/www.deedeeparis.com\/blog\/wp-content\/uploads\/2015\/05\/Bar-Luce--600x900.jpg 600w, https:\/\/www.deedeeparis.com\/blog\/wp-content\/uploads\/2015\/05\/Bar-Luce--500x750.jpg 500w, https:\/\/www.deedeeparis.com\/blog\/wp-content\/uploads\/2015\/05\/Bar-Luce-.jpg 640w\" sizes=\"auto, (max-width: 600px) 100vw, 600px\" \/><\/a><\/p>\n<p>Une bonne raison d&rsquo;aller \u00e0 Milan (qui ne m&rsquo;a personnellement jamais vraiment tent\u00e9e, du moins jusqu&rsquo;\u00e0 pr\u00e9sent) : Wes Anderson (La Famille Tenenbaum, Moonrise Kingdom, The Grand Budapest Hotel&#8230;) y a con\u00e7u le bar de la fondation Prada, le <a href=\"http:\/\/www.fondazioneprada.org\/barluce-en\/?lang=en\" target=\"_blank\">Bar Luce<\/a>. Nan mais on est d&rsquo;accord, rien que sur la photo c&rsquo;est assez dingue, non ?<\/p>\n<p>&nbsp;<\/p>\n<h4>La Fastfood Street #1<\/h4>\n<p><a href=\"https:\/\/www.deedeeparis.com\/blog\/wp-content\/uploads\/2015\/05\/FB_cover-798x315.jpg\"><img loading=\"lazy\" decoding=\"async\" class=\"alignnone size-medium wp-image-32358\" src=\"https:\/\/www.deedeeparis.com\/blog\/wp-content\/uploads\/2015\/05\/FB_cover-798x315-600x237.jpg\" alt=\"FB_cover-798x315\" width=\"600\" height=\"237\" srcset=\"https:\/\/www.deedeeparis.com\/blog\/wp-content\/uploads\/2015\/05\/FB_cover-798x315-600x237.jpg 600w, https:\/\/www.deedeeparis.com\/blog\/wp-content\/uploads\/2015\/05\/FB_cover-798x315-768x303.jpg 768w, https:\/\/www.deedeeparis.com\/blog\/wp-content\/uploads\/2015\/05\/FB_cover-798x315-500x197.jpg 500w, https:\/\/www.deedeeparis.com\/blog\/wp-content\/uploads\/2015\/05\/FB_cover-798x315.jpg 798w\" sizes=\"auto, (max-width: 600px) 100vw, 600px\" \/><\/a><\/p>\n<p>Et si vous \u00eates sur Paris plut\u00f4t qu&rsquo;\u00e0 Milan, vous avez AUSSI de quoi vous r\u00e9jouir puisque Cristian, le fondateur de <a href=\"http:\/\/www.fastandfood.fr\/\" target=\"_blank\">FastandFood<\/a> lance la premi\u00e8re semaine d\u00e9di\u00e9e au genre. Au programme : \u00a0un arrondissement Parisien, 15 rues et des restaurateurs qui ont planch\u00e9 sur des recettes exclusives et \u00e9ph\u00e9m\u00e8res&#8230; \u00c7a commence aujourd&rsquo;hui et j&rsquo;ai bien \u00e9videmment pr\u00e9vu 1. d&rsquo;y consacrer un article plus long et 2. de m&rsquo;y rendre&#8230; Stay tuned !<\/p>\n<p>&nbsp;<\/p>\n<h4>Sur une chanson en fran\u00e7ais &#8211; Paradis<\/h4>\n<p>Classique des playlists qui commencent \u00e0 fleurer bon les ap\u00e9ros, la p\u00e9tanque, les copains et les saucisses grill\u00e9es (ne rayez aucune mention inutile), ce titre au rythme gentiment lascif et ent\u00eatant.<\/p>\n<p><iframe loading=\"lazy\" src=\"https:\/\/www.youtube.com\/embed\/MCmnx-e928k\" width=\"600\" height=\"338\" frameborder=\"0\" allowfullscreen=\"allowfullscreen\"><\/iframe><\/p>\n<p>Joyeux lundi !<\/p>\n","protected":false},"excerpt":{"rendered":"<p>Nouvelle semaine&#8230; Nouveaux coups de coeur ! (ah ben oui, quand m\u00eame, je suis \u00e0 la bourre mais je ne vous oublie pas). Cette semaine, j&rsquo;aime : Les 2 bougies de French Disorder Vous commencez \u00e0 le savoir : C\u00e9dric, Javi et Isa, les fondateurs de French Disorder, sont des amis. Et je suis excessivement [&hellip;]<\/p>\n","protected":false},"author":2,"featured_media":32344,"comment_status":"open","ping_status":"open","sticky":false,"template":"","format":"standard","meta":{"_acf_changed":false,"footnotes":""},"categories":[8],"tags":[5561,7290,4789,7287,7288,7289],"class_list":["post-32237","post","type-post","status-publish","format-standard","has-post-thumbnail","hentry","category-chroniques-de-paris","tag-french-disorder","tag-la-fastfood-street","tag-mademoiselle-pierre","tag-pochettes-rechargeables","tag-pochettes-rechargeables-il-etait-un-fil","tag-pourquoi-les-uv-cest-le-mal"],"acf":[],"geo":null,"_links":{"self":[{"href":"https:\/\/www.deedeeparis.com\/blog\/wp-json\/wp\/v2\/posts\/32237","targetHints":{"allow":["GET"]}}],"collection":[{"href":"https:\/\/www.deedeeparis.com\/blog\/wp-json\/wp\/v2\/posts"}],"about":[{"href":"https:\/\/www.deedeeparis.com\/blog\/wp-json\/wp\/v2\/types\/post"}],"author":[{"embeddable":true,"href":"https:\/\/www.deedeeparis.com\/blog\/wp-json\/wp\/v2\/users\/2"}],"replies":[{"embeddable":true,"href":"https:\/\/www.deedeeparis.com\/blog\/wp-json\/wp\/v2\/comments?post=32237"}],"version-history":[{"count":5,"href":"https:\/\/www.deedeeparis.com\/blog\/wp-json\/wp\/v2\/posts\/32237\/revisions"}],"predecessor-version":[{"id":32363,"href":"https:\/\/www.deedeeparis.com\/blog\/wp-json\/wp\/v2\/posts\/32237\/revisions\/32363"}],"wp:featuredmedia":[{"embeddable":true,"href":"https:\/\/www.deedeeparis.com\/blog\/wp-json\/wp\/v2\/media\/32344"}],"wp:attachment":[{"href":"https:\/\/www.deedeeparis.com\/blog\/wp-json\/wp\/v2\/media?parent=32237"}],"wp:term":[{"taxonomy":"category","embeddable":true,"href":"https:\/\/www.deedeeparis.com\/blog\/wp-json\/wp\/v2\/categories?post=32237"},{"taxonomy":"post_tag","embeddable":true,"href":"https:\/\/www.deedeeparis.com\/blog\/wp-json\/wp\/v2\/tags?post=32237"}],"curies":[{"name":"wp","href":"https:\/\/api.w.org\/{rel}","templated":true}]}}