{"id":32602,"date":"2015-06-02T07:03:19","date_gmt":"2015-06-02T05:03:19","guid":{"rendered":"https:\/\/www.deedeeparis.com\/blog\/?p=32602"},"modified":"2015-06-05T10:39:51","modified_gmt":"2015-06-05T08:39:51","slug":"10-ans","status":"publish","type":"post","link":"https:\/\/www.deedeeparis.com\/blog\/10-ans","title":{"rendered":"10 ans&#8230; !"},"content":{"rendered":"<p><a href=\"https:\/\/www.deedeeparis.com\/blog\/wp-content\/uploads\/2015\/06\/10ans-deedee-anim.jpg\"><img loading=\"lazy\" decoding=\"async\" class=\"alignnone size-medium wp-image-32609\" src=\"https:\/\/www.deedeeparis.com\/blog\/wp-content\/uploads\/2015\/06\/10ans-deedee-anim-600x848.jpg\" alt=\"10ans deedee anim\" width=\"600\" height=\"848\" srcset=\"https:\/\/www.deedeeparis.com\/blog\/wp-content\/uploads\/2015\/06\/10ans-deedee-anim-600x848.jpg 600w, https:\/\/www.deedeeparis.com\/blog\/wp-content\/uploads\/2015\/06\/10ans-deedee-anim-768x1086.jpg 768w, https:\/\/www.deedeeparis.com\/blog\/wp-content\/uploads\/2015\/06\/10ans-deedee-anim-500x707.jpg 500w, https:\/\/www.deedeeparis.com\/blog\/wp-content\/uploads\/2015\/06\/10ans-deedee-anim-724x1024.jpg 724w, https:\/\/www.deedeeparis.com\/blog\/wp-content\/uploads\/2015\/06\/10ans-deedee-anim.jpg 800w\" sizes=\"auto, (max-width: 600px) 100vw, 600px\" \/><\/a><\/p>\n<p><em>\u00a9Illu <a href=\"http:\/\/adejie.ultra-book.com\/\" target=\"_blank\">Ad\u00e9jie<\/a><\/em><\/p>\n<p>Je ne sais pas ce qui m&rsquo;a pris, ce jour de mars 2005. Ou plut\u00f4t si. J&rsquo;avais contract\u00e9 le virus de l&rsquo;\u00e9criture depuis belle lurette et je l&rsquo;exer\u00e7ais d\u00e9j\u00e0 sur les internets sur Paris Etudiant. Le site avait \u00e9t\u00e9 mont\u00e9 entre autres par Gabriel, un ami dont j&rsquo;avais fait la connaissance en stage, chez Yahoo (je vous parle d&rsquo;un temps que les moins de 20 ans etc.) (j&rsquo;\u00e9tais pas n\u00e9e), et il m&rsquo;avait propos\u00e9 d&rsquo;\u00eatre une des chroniqueuses, en culture.<\/p>\n<p>Je me souviens de la joie que j&rsquo;avais \u00e9prouv\u00e9e, alors, de pouvoir exercer ma plume ailleurs que sur quelque coin de papier. De la fiert\u00e9 que je ressentais de faire partie d&rsquo;un collectif. Et du stress qui montait&#8230; C&rsquo;est qu&rsquo;il fallait que je me montre \u00e0 la hauteur !<\/p>\n<p>Et puis, j&rsquo;ai organis\u00e9 mon mariage, en marge\u00a0d&rsquo;un stage particuli\u00e8rement costaud chez Danone (option ma\u00eetre de stage psychopathe incluse), d&rsquo;un second m\u00e9moire \u00e0 r\u00e9diger et d&rsquo;une recherche d&rsquo;appartement. Des journ\u00e9es light, quoi. Je me souviens de toutes ces pistes que je creusais qui pour le traiteur, qui pour le lieu, les faire-parts, la liste de mariage et j&rsquo;en passe. Et tout \u00e0 coup, cette \u00e9vidence, ce jour de mars 2005 : pourquoi ne pas partager avec d&rsquo;autres le fruit de ces recherches ? Apr\u00e8s tout, quitte \u00e0 ce que je fasse le boulot, autant qu&rsquo;il puisse servir \u00e0 quelqu&rsquo;un d&rsquo;autre. Voire, que ce quelqu&rsquo;un d&rsquo;autre puisse \u00e0 son tour, pourquoi pas, enrichir ces pistes gr\u00e2ce au fruit de ses propres recherches.<\/p>\n<p>Et voil\u00e0. Deedee.canalblog.com \u00e9tait n\u00e9.<\/p>\n<p>Tr\u00e8s vite, il n&rsquo;a pas \u00e9t\u00e9 question que de mariage. J&rsquo;ai m\u00eame rapidement supprim\u00e9 cette rubrique, bien trop intime : j&rsquo;avais post\u00e9 une photo, une seule, de notre mariage, et r\u00e9colt\u00e9 pas mal de commentaires&#8230; de parfaits inconnus. J&rsquo;ai su tr\u00e8s vite que je ne voulais pas jeter ma vie priv\u00e9e en p\u00e2ture aux internets, pas comme \u00e7a.<\/p>\n<p>En revanche, j&rsquo;ai tout de suite aim\u00e9 cette id\u00e9e de partage : j&rsquo;\u00e9crivais, et on me r\u00e9pondait. Vous riez, mais c&rsquo;\u00e9tait un peu fou, \u00e0 l&rsquo;\u00e9poque ! (Call me mamie Deedee). Une vraie communaut\u00e9 se dessinait (&#8230;vous !), plut\u00f4t rapidement : il faut dire qu&rsquo;en 2005, nous n&rsquo;\u00e9tions qu&rsquo;une poign\u00e9e \u00e0 nous \u00eatre lanc\u00e9s dans cette aventure&#8230; Combien d&rsquo;entre nous pensaient \u00eatre encore l\u00e0, 10 ans plus tard ?\u00a0Certainement pas moi !<\/p>\n<p>Je n&rsquo;ai jamais con\u00e7u le blog comme une strat\u00e9gie qui m&#8217;emm\u00e8nerait ici ou l\u00e0. Il m&rsquo;a pourtant apport\u00e9 tant, ce blog&#8230; un job de responsable \u00e9ditoriale, celui du site de Cosmopolitan, que j&rsquo;ai occup\u00e9\u00a0pendant plus de 7 ans. Des rencontres incroyables avec des marques, des personnalit\u00e9s, des blogueurs, des lecteurs dont certains font encore partie de ma vie aujourd&rsquo;hui. De si jolies d\u00e9couvertes, des surprises, et des cadeaux, bien-s\u00fbr, puisqu&rsquo;on en parle. Mais aussi des d\u00e9ceptions, des\u00a0attaques, dont une particuli\u00e8rement virulente qui m&rsquo;a conduite \u00e0 d\u00e9poser une plainte au commissariat, beaucoup de travail (on montre souvent le c\u00f4t\u00e9 positif du blog, rarement l&rsquo;implication qu&rsquo;il demande), de la fatigue&#8230; mais\u00a0pas assez pour me couper l&rsquo;envie de continuer \u00e0 \u00e9crire. A\u00a0vous \u00e9crire.<\/p>\n<p><strong>Car il s&rsquo;agit bien de cela : VOUS \u00e9crire. <\/strong>Et produire un contenu qui soit le plus soign\u00e9 possible. Parce que je crois sinc\u00e8rement que le journalisme digital ne se r\u00e9duit pas \u00e0 une course au buzz, au clic et au SEO. Et parce qu&rsquo;on oublie \u00e0 quel point un blogueur n&rsquo;est rien sans ses lecteurs. A quel point je me r\u00e9jouis de vous retrouver, de partager telle ou telle chose avec vous. Je pense \u00e0 vous, souvent ! Je me demande quel type de contenus vous voudriez lire, si je me renouvelle assez, si \u00ab\u00a0Deedee\u00a0\u00bb vous plait toujours autant. Parfois, souvent, je doute. Nous sommes si nombreux sur ce terrain qui n&rsquo;a plus de jeu que le nom qu&rsquo;il perd parfois en spontan\u00e9it\u00e9, en fra\u00eecheur, en authenticit\u00e9 et en sinc\u00e9rit\u00e9.<\/p>\n<p>Pourtant, s&rsquo;il est bien une chose que je ch\u00e9ris par dessus tout depuis ce jour de mars 2005, c&rsquo;est bien \u00e7a : cette relation que j&rsquo;ai pu nouer avec vous, ces \u00e9changes, ce travail que vous me permettez d&rsquo;accomplir jour apr\u00e8s jour. Et cette sinc\u00e9rit\u00e9 qui est mienne, je crois, et dont je ne veux\u00a0jamais me d\u00e9partir.<\/p>\n<p>Alors pour \u00e7a&#8230; M E R C I, du fond du coeur. Je ne suis peut-\u00eatre qu&rsquo;un vieux Bisounours tout d\u00e9goulinant de sentiments mais croyez bien que je sais ce que je vous dois !<\/p>\n<h4>C&rsquo;est cadeau<\/h4>\n<p>Pour vous remercier, et parce qu&rsquo;un anniversaire n&rsquo;en est pas vraiment un sans cadeaux !, j&rsquo;organise chaque jour sur <a href=\"https:\/\/instagram.com\/deedeeparis\/\" target=\"_blank\">Instagram<\/a> un concours pendant tout le mois de juin. Oui, 30 concours en tout,\u00a0donc\u00a0(je dois \u00eatre un peu maso&#8230;).<\/p>\n<p>Les partenaires ? Ceux qui m&rsquo;entourent, ceux qui m&rsquo;ont suivie, \u00e9paul\u00e9e, soutenue dans l&rsquo;aventure du blog et \u00e0 qui j&rsquo;ai demand\u00e9 de vous g\u00e2ter pour vous remercier vous aussi. Des jolies marques, des cr\u00e9ateurs, des entrepreneurs&#8230;<\/p>\n<p>Hier, il y avait un t\u00e9l\u00e9phone <a href=\"http:\/\/www.sonymobile.com\/fr\/products\/phones\/xperia-c4\/\" target=\"_blank\">Sony<\/a> \u00e0 gagner. Il y aura aussi une paire de chaussures <a href=\"http:\/\/www.patriciablanchet.com\/fr\/6-collection\" target=\"_blank\">Patricia Blanchet<\/a> (JE SAIS), un sac de la nouvelle collection de la tr\u00e8s talentueuse Charlotte <a href=\"http:\/\/www.yvonneyvonne.fr\/\" target=\"_blank\">Yvonne Yvonne<\/a>, un sweat des copains de <a href=\"http:\/\/www.frenchdisorder.com\/\" target=\"_blank\">French Disorder<\/a>, des bijoux de mon amie et non moins talentueuse S\u00e9gol\u00e8ne d&rsquo;<a href=\"http:\/\/alphabeta.fr\/\" target=\"_blank\">AlphaBeta<\/a>, une illustration originale de la g\u00e9niale <a href=\"http:\/\/adejie.ultra-book.com\/\" target=\"_blank\">Ad\u00e9jie<\/a> qui accompagne ce blog depuis le d\u00e9but, un joli bon d&rsquo;achat sur <a href=\"http:\/\/bit.ly\/1I2QNzd\" target=\"_blank\">Urban Outfitters<\/a>, un ordinateur Toshiba (si !), de tr\u00e8s jolies pi\u00e8ces sign\u00e9es <a href=\"http:\/\/www.maisonolga.com\/\" target=\"_blank\">Maison Olga<\/a>, <a href=\"http:\/\/www.pablo.fr\/fr_fr\/\" target=\"_blank\">Pablo<\/a>, <a href=\"http:\/\/www.americanvintage-store.com\/fr\/\" target=\"_blank\">American Vintage<\/a>&#8230; et plein d&rsquo;autres surprises encore.<\/p>\n<p>Voil\u00e0, je crois que ce billet fleuve touche \u00e0 sa fin. Je n&rsquo;ai plus qu&rsquo;une chose \u00e0 vous dire&#8230;\u00a0L O V E Y O U ! \u00a0&lt;3<\/p>\n","protected":false},"excerpt":{"rendered":"<p>\u00a9Illu Ad\u00e9jie Je ne sais pas ce qui m&rsquo;a pris, ce jour de mars 2005. Ou plut\u00f4t si. J&rsquo;avais contract\u00e9 le virus de l&rsquo;\u00e9criture depuis belle lurette et je l&rsquo;exer\u00e7ais d\u00e9j\u00e0 sur les internets sur Paris Etudiant. Le site avait \u00e9t\u00e9 mont\u00e9 entre autres par Gabriel, un ami dont j&rsquo;avais fait la connaissance en stage, [&hellip;]<\/p>\n","protected":false},"author":2,"featured_media":32609,"comment_status":"open","ping_status":"open","sticky":false,"template":"","format":"standard","meta":{"_acf_changed":false,"footnotes":""},"categories":[8],"tags":[289,7316,7317,4108],"class_list":["post-32602","post","type-post","status-publish","format-standard","has-post-thumbnail","hentry","category-chroniques-de-paris","tag-adejie","tag-anniversaire-deedeeparis","tag-concours-instagram","tag-instagram"],"acf":[],"geo":null,"_links":{"self":[{"href":"https:\/\/www.deedeeparis.com\/blog\/wp-json\/wp\/v2\/posts\/32602","targetHints":{"allow":["GET"]}}],"collection":[{"href":"https:\/\/www.deedeeparis.com\/blog\/wp-json\/wp\/v2\/posts"}],"about":[{"href":"https:\/\/www.deedeeparis.com\/blog\/wp-json\/wp\/v2\/types\/post"}],"author":[{"embeddable":true,"href":"https:\/\/www.deedeeparis.com\/blog\/wp-json\/wp\/v2\/users\/2"}],"replies":[{"embeddable":true,"href":"https:\/\/www.deedeeparis.com\/blog\/wp-json\/wp\/v2\/comments?post=32602"}],"version-history":[{"count":5,"href":"https:\/\/www.deedeeparis.com\/blog\/wp-json\/wp\/v2\/posts\/32602\/revisions"}],"predecessor-version":[{"id":32615,"href":"https:\/\/www.deedeeparis.com\/blog\/wp-json\/wp\/v2\/posts\/32602\/revisions\/32615"}],"wp:featuredmedia":[{"embeddable":true,"href":"https:\/\/www.deedeeparis.com\/blog\/wp-json\/wp\/v2\/media\/32609"}],"wp:attachment":[{"href":"https:\/\/www.deedeeparis.com\/blog\/wp-json\/wp\/v2\/media?parent=32602"}],"wp:term":[{"taxonomy":"category","embeddable":true,"href":"https:\/\/www.deedeeparis.com\/blog\/wp-json\/wp\/v2\/categories?post=32602"},{"taxonomy":"post_tag","embeddable":true,"href":"https:\/\/www.deedeeparis.com\/blog\/wp-json\/wp\/v2\/tags?post=32602"}],"curies":[{"name":"wp","href":"https:\/\/api.w.org\/{rel}","templated":true}]}}