{"id":33104,"date":"2015-07-13T07:03:52","date_gmt":"2015-07-13T05:03:52","guid":{"rendered":"https:\/\/www.deedeeparis.com\/blog\/?p=33104"},"modified":"2015-07-11T19:18:42","modified_gmt":"2015-07-11T17:18:42","slug":"ma-week-list-139","status":"publish","type":"post","link":"https:\/\/www.deedeeparis.com\/blog\/ma-week-list-139","title":{"rendered":"Ma Week List #139"},"content":{"rendered":"<p>Hello la compagnie ! Nouvelle semaine&#8230; nouveaux coups de coeur. Cette semaine, j&rsquo;aime :<\/p>\n<p>&nbsp;<\/p>\n<h4>Les nouveaux carreaux de ciment Petit Pan<\/h4>\n<p><a href=\"https:\/\/www.deedeeparis.com\/blog\/wp-content\/uploads\/2015\/07\/petit-pan.jpg\"><img loading=\"lazy\" decoding=\"async\" class=\" size-full wp-image-33337 aligncenter\" src=\"https:\/\/www.deedeeparis.com\/blog\/wp-content\/uploads\/2015\/07\/petit-pan.jpg\" alt=\"petit pan\" width=\"500\" height=\"500\" srcset=\"https:\/\/www.deedeeparis.com\/blog\/wp-content\/uploads\/2015\/07\/petit-pan.jpg 500w, https:\/\/www.deedeeparis.com\/blog\/wp-content\/uploads\/2015\/07\/petit-pan-160x160.jpg 160w, https:\/\/www.deedeeparis.com\/blog\/wp-content\/uploads\/2015\/07\/petit-pan-155x155.jpg 155w, https:\/\/www.deedeeparis.com\/blog\/wp-content\/uploads\/2015\/07\/petit-pan-150x150.jpg 150w\" sizes=\"auto, (max-width: 500px) 100vw, 500px\" \/><\/a><\/p>\n<p>Bon, \u00e9videmment, si vous me lisez depuis un moment, vous savez que je suis totalement acquise fait et cause pour cette marque. In\u00e9vitablement, je trouve que la nouvelle collection de carreaux de ciment envoie de la paillette s\u00e9v\u00e8re. Que n&rsquo;ai-je un appartement \u00e0 d\u00e9corer ! (je veux dire, vraiment).<\/p>\n<p><a href=\"https:\/\/www.deedeeparis.com\/blog\/wp-content\/uploads\/2015\/07\/Capture-d\u2019\u00e9cran-2015-07-11-\u00e0-18.23.23.png\"><img loading=\"lazy\" decoding=\"async\" class=\" size-full wp-image-33339 aligncenter\" src=\"https:\/\/www.deedeeparis.com\/blog\/wp-content\/uploads\/2015\/07\/Capture-d\u2019\u00e9cran-2015-07-11-\u00e0-18.23.23.png\" alt=\"Capture d\u2019\u00e9cran 2015-07-11 \u00e0 18.23.23\" width=\"437\" height=\"440\" srcset=\"https:\/\/www.deedeeparis.com\/blog\/wp-content\/uploads\/2015\/07\/Capture-d\u2019\u00e9cran-2015-07-11-\u00e0-18.23.23.png 437w, https:\/\/www.deedeeparis.com\/blog\/wp-content\/uploads\/2015\/07\/Capture-d\u2019\u00e9cran-2015-07-11-\u00e0-18.23.23-160x160.png 160w, https:\/\/www.deedeeparis.com\/blog\/wp-content\/uploads\/2015\/07\/Capture-d\u2019\u00e9cran-2015-07-11-\u00e0-18.23.23-155x155.png 155w, https:\/\/www.deedeeparis.com\/blog\/wp-content\/uploads\/2015\/07\/Capture-d\u2019\u00e9cran-2015-07-11-\u00e0-18.23.23-150x150.png 150w\" sizes=\"auto, (max-width: 437px) 100vw, 437px\" \/><\/a><\/p>\n<p><a href=\"https:\/\/www.deedeeparis.com\/blog\/wp-content\/uploads\/2015\/07\/Capture-d\u2019\u00e9cran-2015-07-11-\u00e0-18.23.13.png\"><img loading=\"lazy\" decoding=\"async\" class=\" size-full wp-image-33340 aligncenter\" src=\"https:\/\/www.deedeeparis.com\/blog\/wp-content\/uploads\/2015\/07\/Capture-d\u2019\u00e9cran-2015-07-11-\u00e0-18.23.13.png\" alt=\"Capture d\u2019\u00e9cran 2015-07-11 \u00e0 18.23.13\" width=\"443\" height=\"442\" srcset=\"https:\/\/www.deedeeparis.com\/blog\/wp-content\/uploads\/2015\/07\/Capture-d\u2019\u00e9cran-2015-07-11-\u00e0-18.23.13.png 443w, https:\/\/www.deedeeparis.com\/blog\/wp-content\/uploads\/2015\/07\/Capture-d\u2019\u00e9cran-2015-07-11-\u00e0-18.23.13-160x160.png 160w, https:\/\/www.deedeeparis.com\/blog\/wp-content\/uploads\/2015\/07\/Capture-d\u2019\u00e9cran-2015-07-11-\u00e0-18.23.13-155x155.png 155w, https:\/\/www.deedeeparis.com\/blog\/wp-content\/uploads\/2015\/07\/Capture-d\u2019\u00e9cran-2015-07-11-\u00e0-18.23.13-150x150.png 150w\" sizes=\"auto, (max-width: 443px) 100vw, 443px\" \/><\/a><\/p>\n<p><a href=\"https:\/\/www.deedeeparis.com\/blog\/wp-content\/uploads\/2015\/07\/Capture-d\u2019\u00e9cran-2015-07-11-\u00e0-18.23.34.png\"><img loading=\"lazy\" decoding=\"async\" class=\" size-full wp-image-33338 aligncenter\" src=\"https:\/\/www.deedeeparis.com\/blog\/wp-content\/uploads\/2015\/07\/Capture-d\u2019\u00e9cran-2015-07-11-\u00e0-18.23.34.png\" alt=\"Capture d\u2019\u00e9cran 2015-07-11 \u00e0 18.23.34\" width=\"438\" height=\"438\" srcset=\"https:\/\/www.deedeeparis.com\/blog\/wp-content\/uploads\/2015\/07\/Capture-d\u2019\u00e9cran-2015-07-11-\u00e0-18.23.34.png 438w, https:\/\/www.deedeeparis.com\/blog\/wp-content\/uploads\/2015\/07\/Capture-d\u2019\u00e9cran-2015-07-11-\u00e0-18.23.34-160x160.png 160w, https:\/\/www.deedeeparis.com\/blog\/wp-content\/uploads\/2015\/07\/Capture-d\u2019\u00e9cran-2015-07-11-\u00e0-18.23.34-155x155.png 155w, https:\/\/www.deedeeparis.com\/blog\/wp-content\/uploads\/2015\/07\/Capture-d\u2019\u00e9cran-2015-07-11-\u00e0-18.23.34-150x150.png 150w\" sizes=\"auto, (max-width: 438px) 100vw, 438px\" \/><\/a><\/p>\n<p>&nbsp;<\/p>\n<h4>Le guide La Fourchette<\/h4>\n<p><a href=\"https:\/\/www.deedeeparis.com\/blog\/wp-content\/uploads\/2015\/07\/guide-la-fourchette.jpg\"><img loading=\"lazy\" decoding=\"async\" class=\"alignnone size-medium wp-image-33336\" src=\"https:\/\/www.deedeeparis.com\/blog\/wp-content\/uploads\/2015\/07\/guide-la-fourchette-600x600.jpg\" alt=\"guide la fourchette\" width=\"600\" height=\"600\" srcset=\"https:\/\/www.deedeeparis.com\/blog\/wp-content\/uploads\/2015\/07\/guide-la-fourchette-600x600.jpg 600w, https:\/\/www.deedeeparis.com\/blog\/wp-content\/uploads\/2015\/07\/guide-la-fourchette-768x768.jpg 768w, https:\/\/www.deedeeparis.com\/blog\/wp-content\/uploads\/2015\/07\/guide-la-fourchette-160x160.jpg 160w, https:\/\/www.deedeeparis.com\/blog\/wp-content\/uploads\/2015\/07\/guide-la-fourchette-155x155.jpg 155w, https:\/\/www.deedeeparis.com\/blog\/wp-content\/uploads\/2015\/07\/guide-la-fourchette-500x500.jpg 500w, https:\/\/www.deedeeparis.com\/blog\/wp-content\/uploads\/2015\/07\/guide-la-fourchette-150x150.jpg 150w, https:\/\/www.deedeeparis.com\/blog\/wp-content\/uploads\/2015\/07\/guide-la-fourchette-1024x1024.jpg 1024w, https:\/\/www.deedeeparis.com\/blog\/wp-content\/uploads\/2015\/07\/guide-la-fourchette.jpg 1100w\" sizes=\"auto, (max-width: 600px) 100vw, 600px\" \/><\/a><\/p>\n<p>(Bracelets <a href=\"http:\/\/www.flodem.com\/\" target=\"_blank\">Flodem<\/a>. Mais j&rsquo;y reviendrai ^^)<\/p>\n<p>Les meilleurs resto de Paris ? Ils sont dans le guide sign\u00e9 La Fourchette&#8230; et c&rsquo;est vous qui le dites. Ici, c&rsquo;est la communaut\u00e9 qui s&rsquo;exprime. C&rsquo;est bien connu, l&rsquo;union faisant la force, il en r\u00e9sulte 500 pistes \u00e0 d\u00e9couvrir ou red\u00e9couvrir. Les avis sont un peu courts, si vous voulez le mien, d&rsquo;avis. Et \u00e7a manque un peu d&rsquo;images (j&rsquo;aime bien voir ce que je vais manger, et o\u00f9 je vais manger). Mais enfin, voil\u00e0 une piste que l&rsquo;on ne saurait n\u00e9gliger !<\/p>\n<p>Pour vous le procurer, rendez-vous dans tous les restaurants pr\u00e9sents dans le guide, o\u00f9 il est \u00e0 votre disposition, gratuitement. Liste des adresses <a href=\"http:\/\/www.lafourchette.com\/\" target=\"_blank\">sur le site<\/a>.<\/p>\n<p>&nbsp;<\/p>\n<h4>La lingerie la Nouvelle<\/h4>\n<p><a href=\"https:\/\/www.deedeeparis.com\/blog\/wp-content\/uploads\/2015\/07\/lingerie-la-nouvelle.jpg\"><img loading=\"lazy\" decoding=\"async\" class=\"alignnone size-medium wp-image-33353\" src=\"https:\/\/www.deedeeparis.com\/blog\/wp-content\/uploads\/2015\/07\/lingerie-la-nouvelle-600x586.jpg\" alt=\"lingerie la nouvelle\" width=\"600\" height=\"586\" srcset=\"https:\/\/www.deedeeparis.com\/blog\/wp-content\/uploads\/2015\/07\/lingerie-la-nouvelle-600x586.jpg 600w, https:\/\/www.deedeeparis.com\/blog\/wp-content\/uploads\/2015\/07\/lingerie-la-nouvelle-500x488.jpg 500w, https:\/\/www.deedeeparis.com\/blog\/wp-content\/uploads\/2015\/07\/lingerie-la-nouvelle.jpg 750w\" sizes=\"auto, (max-width: 600px) 100vw, 600px\" \/><\/a><\/p>\n<p>Des bodys jolis jolis, des caracos, des bandeaux, des triangles&#8230; J&rsquo;ai d\u00e9couvert gr\u00e2ce \u00e0 Elise cette <a href=\"http:\/\/www.lingerielanouvelle.com\/\" target=\"_blank\">jolie marque de lingerie<\/a>, j&rsquo;en suis fan ! Les mati\u00e8res sont archi jolies, les coupes ne le sont pas moins. Bonne pioche !<\/p>\n<h4>\u00ab Dessine-moi le bonheur \u00bb,\u00a0\u00a0l\u2019op\u00e9ration &lsquo;bonheur&rsquo; de Balzac Paris x l&rsquo;Unesco<\/h4>\n<p><a href=\"https:\/\/www.deedeeparis.com\/blog\/wp-content\/uploads\/2015\/07\/Capture-d\u2019\u00e9cran-2015-07-11-\u00e0-18.52.10.png\"><img loading=\"lazy\" decoding=\"async\" class=\"alignnone size-medium wp-image-33348\" src=\"https:\/\/www.deedeeparis.com\/blog\/wp-content\/uploads\/2015\/07\/Capture-d\u2019\u00e9cran-2015-07-11-\u00e0-18.52.10-600x408.png\" alt=\"Capture d\u2019\u00e9cran 2015-07-11 \u00e0 18.52.10\" width=\"600\" height=\"408\" srcset=\"https:\/\/www.deedeeparis.com\/blog\/wp-content\/uploads\/2015\/07\/Capture-d\u2019\u00e9cran-2015-07-11-\u00e0-18.52.10-600x408.png 600w, https:\/\/www.deedeeparis.com\/blog\/wp-content\/uploads\/2015\/07\/Capture-d\u2019\u00e9cran-2015-07-11-\u00e0-18.52.10-768x522.png 768w, https:\/\/www.deedeeparis.com\/blog\/wp-content\/uploads\/2015\/07\/Capture-d\u2019\u00e9cran-2015-07-11-\u00e0-18.52.10-500x340.png 500w, https:\/\/www.deedeeparis.com\/blog\/wp-content\/uploads\/2015\/07\/Capture-d\u2019\u00e9cran-2015-07-11-\u00e0-18.52.10.png 788w\" sizes=\"auto, (max-width: 600px) 100vw, 600px\" \/><\/a><\/p>\n<p><em>(Pardon pour la pi\u00e8tre qualit\u00e9 des visuels, je n&rsquo;ai rien d&rsquo;autre pour l&rsquo;heure)<\/em><\/p>\n<p>Pour les\u00a070 ans de l\u2019UNESCO, <a href=\"http:\/\/www.balzac-paris.fr\/\" target=\"_blank\">Balzac\u00a0Paris<\/a> (la marque dont je vous ai d\u00e9j\u00e0 parl\u00e9 quelques fois !) s\u2019associe \u00e0 Guila Clara Kessous, la plus jeune\u00a0Artiste de l\u2019UNESCO pour la Paix en soutien du Fonds\u00a0Malala et cr\u00e9ent l\u2019op\u00e9ration \u00abDessine moi le bonheur\u00bb. Le\u00a0but ? Aider l\u2019acc\u00e8s \u00e0 l\u2019\u00e9ducation\u00a0des jeunes filles pour poursuivre l\u2019action de Malala\u00a0Yousafzai, prix Nobel de la Paix 2014.<\/p>\n<p>Concr\u00e8tement, la marque a demand\u00e9 \u00e0 plusieurs personnalit\u00e9s de nous livrer leur vision du bonheur.\u00a0Laetitia Casta, Louis Chedid, Guila Clara Kessous, Thomas Dutronc, Charlie Winston, Alfred Cointreau, Tal Ben Shahar et Garance Dor\u00e9 se sont ainsi pr\u00eat\u00e9 \u00e0 l&rsquo;exercice. Leur vision du bonheur a\u00a0\u00e9t\u00e9 retranscrite sur des tee-shirts, qui seront en vente exclusive chez Colette et sur le site www.balzac-paris.fr \u00e0 partir de septembre 2015. Un bien beau projet que voil\u00e0 !<\/p>\n<p><a href=\"https:\/\/www.deedeeparis.com\/blog\/wp-content\/uploads\/2015\/07\/Capture-d\u2019\u00e9cran-2015-07-11-\u00e0-18.51.58.png\"><img loading=\"lazy\" decoding=\"async\" class=\"alignnone size-medium wp-image-33349\" src=\"https:\/\/www.deedeeparis.com\/blog\/wp-content\/uploads\/2015\/07\/Capture-d\u2019\u00e9cran-2015-07-11-\u00e0-18.51.58-600x423.png\" alt=\"Capture d\u2019\u00e9cran 2015-07-11 \u00e0 18.51.58\" width=\"600\" height=\"423\" srcset=\"https:\/\/www.deedeeparis.com\/blog\/wp-content\/uploads\/2015\/07\/Capture-d\u2019\u00e9cran-2015-07-11-\u00e0-18.51.58-600x423.png 600w, https:\/\/www.deedeeparis.com\/blog\/wp-content\/uploads\/2015\/07\/Capture-d\u2019\u00e9cran-2015-07-11-\u00e0-18.51.58-500x353.png 500w, https:\/\/www.deedeeparis.com\/blog\/wp-content\/uploads\/2015\/07\/Capture-d\u2019\u00e9cran-2015-07-11-\u00e0-18.51.58.png 754w\" sizes=\"auto, (max-width: 600px) 100vw, 600px\" \/><\/a> <a href=\"https:\/\/www.deedeeparis.com\/blog\/wp-content\/uploads\/2015\/07\/Capture-d\u2019\u00e9cran-2015-07-11-\u00e0-18.51.50.png\"><img loading=\"lazy\" decoding=\"async\" class=\"alignnone size-medium wp-image-33350\" src=\"https:\/\/www.deedeeparis.com\/blog\/wp-content\/uploads\/2015\/07\/Capture-d\u2019\u00e9cran-2015-07-11-\u00e0-18.51.50-600x395.png\" alt=\"Capture d\u2019\u00e9cran 2015-07-11 \u00e0 18.51.50\" width=\"600\" height=\"395\" srcset=\"https:\/\/www.deedeeparis.com\/blog\/wp-content\/uploads\/2015\/07\/Capture-d\u2019\u00e9cran-2015-07-11-\u00e0-18.51.50-600x395.png 600w, https:\/\/www.deedeeparis.com\/blog\/wp-content\/uploads\/2015\/07\/Capture-d\u2019\u00e9cran-2015-07-11-\u00e0-18.51.50-768x505.png 768w, https:\/\/www.deedeeparis.com\/blog\/wp-content\/uploads\/2015\/07\/Capture-d\u2019\u00e9cran-2015-07-11-\u00e0-18.51.50-500x329.png 500w, https:\/\/www.deedeeparis.com\/blog\/wp-content\/uploads\/2015\/07\/Capture-d\u2019\u00e9cran-2015-07-11-\u00e0-18.51.50.png 774w\" sizes=\"auto, (max-width: 600px) 100vw, 600px\" \/><\/a> <a href=\"https:\/\/www.deedeeparis.com\/blog\/wp-content\/uploads\/2015\/07\/Capture-d\u2019\u00e9cran-2015-07-11-\u00e0-18.52.21.png\"><img loading=\"lazy\" decoding=\"async\" class=\"alignnone size-medium wp-image-33347\" src=\"https:\/\/www.deedeeparis.com\/blog\/wp-content\/uploads\/2015\/07\/Capture-d\u2019\u00e9cran-2015-07-11-\u00e0-18.52.21-600x392.png\" alt=\"Capture d\u2019\u00e9cran 2015-07-11 \u00e0 18.52.21\" width=\"600\" height=\"392\" srcset=\"https:\/\/www.deedeeparis.com\/blog\/wp-content\/uploads\/2015\/07\/Capture-d\u2019\u00e9cran-2015-07-11-\u00e0-18.52.21-600x392.png 600w, https:\/\/www.deedeeparis.com\/blog\/wp-content\/uploads\/2015\/07\/Capture-d\u2019\u00e9cran-2015-07-11-\u00e0-18.52.21-768x501.png 768w, https:\/\/www.deedeeparis.com\/blog\/wp-content\/uploads\/2015\/07\/Capture-d\u2019\u00e9cran-2015-07-11-\u00e0-18.52.21-500x326.png 500w, https:\/\/www.deedeeparis.com\/blog\/wp-content\/uploads\/2015\/07\/Capture-d\u2019\u00e9cran-2015-07-11-\u00e0-18.52.21.png 783w\" sizes=\"auto, (max-width: 600px) 100vw, 600px\" \/><\/a><\/p>\n<p>&nbsp;<\/p>\n<h4>Welcome to Canal Saint Martin<\/h4>\n<blockquote class=\"instagram-media\" style=\"background: #FFF; border: 0; border-radius: 3px; box-shadow: 0 0 1px 0 rgba(0,0,0,0.5),0 1px 10px 0 rgba(0,0,0,0.15); margin: 1px; max-width: 658px; padding: 0; width: calc(100% - 2px);\" data-instgrm-captioned=\"\" data-instgrm-version=\"4\">\n<div style=\"padding: 8px;\">\n<div style=\"background: #F8F8F8; line-height: 0; margin-top: 40px; padding: 50% 0; text-align: center; width: 100%;\"><\/div>\n<p style=\"margin: 8px 0 0 0; padding: 0 4px;\"><a style=\"color: #000; font-family: Arial,sans-serif; font-size: 14px; font-style: normal; font-weight: normal; line-height: 17px; text-decoration: none; word-wrap: break-word;\" href=\"https:\/\/instagram.com\/p\/41JWgXI8-b\/\" target=\"_top\">About last saturday ( merci au photographe matinal) #canalsaintmartin #heineken<\/a><\/p>\n<p style=\"color: #c9c8cd; font-family: Arial,sans-serif; font-size: 14px; line-height: 17px; margin-bottom: 0; margin-top: 8px; overflow: hidden; padding: 8px 0 7px; text-align: center; text-overflow: ellipsis; white-space: nowrap;\">Une photo publi\u00e9e par @welcometocanalsaintmartin le <time style=\"font-family: Arial,sans-serif; font-size: 14px; line-height: 17px;\" datetime=\"2015-07-07T09:46:33+00:00\">7 Juil. 2015 \u00e0 2h46 PDT<\/time><\/p>\n<\/div>\n<\/blockquote>\n<p><script src=\"\/\/platform.instagram.com\/en_US\/embeds.js\" async=\"\" defer=\"defer\"><\/script>Coup de gueule du lundi, les gros d\u00e9gueulasses de Parisiens qui investissent les pelouses et autres canaux pour y pique-niquer, et laissent derri\u00e8re eux leurs d\u00e9chets. Un compte <a href=\"https:\/\/instagram.com\/welcometocanalsaintmartin\/\" target=\"_blank\">Instagram<\/a>\u00a0les balance. Je doute sinc\u00e8rement que \u00e7a change quelque chose mais enfin, peut \u00eatre que&#8230;<\/p>\n<blockquote class=\"instagram-media\" style=\"background: #FFF; border: 0; border-radius: 3px; box-shadow: 0 0 1px 0 rgba(0,0,0,0.5),0 1px 10px 0 rgba(0,0,0,0.15); margin: 1px; max-width: 658px; padding: 0; width: calc(100% - 2px);\" data-instgrm-captioned=\"\" data-instgrm-version=\"4\">\n<div style=\"padding: 8px;\">\n<div style=\"background: #F8F8F8; line-height: 0; margin-top: 40px; padding: 50% 0; text-align: center; width: 100%;\"><\/div>\n<p><a style=\"color: #000; font-family: Arial,sans-serif; font-size: 14px; font-style: normal; font-weight: normal; line-height: 17px; text-decoration: none; word-wrap: break-word;\" href=\"https:\/\/instagram.com\/p\/4XgogAo83k\/\" target=\"_top\">Trop #chill? S\u00e9rieux? Allez ailleurs pour vos #aperos. On en peut plus&#8230;. #canalsaintmartin<\/a> Une photo publi\u00e9e par @welcometocanalsaintmartin le <time style=\"font-family: Arial,sans-serif; font-size: 14px; line-height: 17px;\" datetime=\"2015-06-25T21:32:46+00:00\">25 Juin 2015 \u00e0 14h32 PDT<\/time>\n<\/div>\n<\/blockquote>\n<p><script src=\"\/\/platform.instagram.com\/en_US\/embeds.js\" async=\"\" defer=\"defer\"><\/script><\/p>\n<blockquote class=\"instagram-media\" style=\"background: #FFF; border: 0; border-radius: 3px; box-shadow: 0 0 1px 0 rgba(0,0,0,0.5),0 1px 10px 0 rgba(0,0,0,0.15); margin: 1px; max-width: 658px; padding: 0; width: calc(100% - 2px);\" data-instgrm-captioned=\"\" data-instgrm-version=\"4\">\n<div style=\"padding: 8px;\">\n<div style=\"background: #F8F8F8; line-height: 0; margin-top: 40px; padding: 50% 0; text-align: center; width: 100%;\"><\/div>\n<p style=\"margin: 8px 0 0 0; padding: 0 4px;\"><a style=\"color: #000; font-family: Arial,sans-serif; font-size: 14px; font-style: normal; font-weight: normal; line-height: 17px; text-decoration: none; word-wrap: break-word;\" href=\"https:\/\/instagram.com\/p\/33vz_Zo84o\/\" target=\"_top\">Triste r\u00e9alit\u00e9 #canalsaintmartin #paris10 #quaidevalmy #quaidejemmapes #kronenbourg<\/a><\/p>\n<p style=\"color: #c9c8cd; font-family: Arial,sans-serif; font-size: 14px; line-height: 17px; margin-bottom: 0; margin-top: 8px; overflow: hidden; padding: 8px 0 7px; text-align: center; text-overflow: ellipsis; white-space: nowrap;\">Une photo publi\u00e9e par @welcometocanalsaintmartin le <time style=\"font-family: Arial,sans-serif; font-size: 14px; line-height: 17px;\" datetime=\"2015-06-13T13:29:43+00:00\">13 Juin 2015 \u00e0 6h29 PDT<\/time><\/p>\n<\/div>\n<\/blockquote>\n<p><script src=\"\/\/platform.instagram.com\/en_US\/embeds.js\" async=\"\" defer=\"defer\"><\/script><\/p>\n<p>&nbsp;<\/p>\n<h4>Adopte-moi.com (meowwww)<\/h4>\n<p><a href=\"https:\/\/www.deedeeparis.com\/blog\/wp-content\/uploads\/2015\/07\/Capture-d\u2019\u00e9cran-2015-07-11-\u00e0-18.36.48.png\"><img loading=\"lazy\" decoding=\"async\" class=\"alignnone size-medium wp-image-33341\" src=\"https:\/\/www.deedeeparis.com\/blog\/wp-content\/uploads\/2015\/07\/Capture-d\u2019\u00e9cran-2015-07-11-\u00e0-18.36.48-600x600.png\" alt=\"Capture d\u2019\u00e9cran 2015-07-11 \u00e0 18.36.48\" width=\"600\" height=\"600\" srcset=\"https:\/\/www.deedeeparis.com\/blog\/wp-content\/uploads\/2015\/07\/Capture-d\u2019\u00e9cran-2015-07-11-\u00e0-18.36.48-600x600.png 600w, https:\/\/www.deedeeparis.com\/blog\/wp-content\/uploads\/2015\/07\/Capture-d\u2019\u00e9cran-2015-07-11-\u00e0-18.36.48-160x160.png 160w, https:\/\/www.deedeeparis.com\/blog\/wp-content\/uploads\/2015\/07\/Capture-d\u2019\u00e9cran-2015-07-11-\u00e0-18.36.48-155x155.png 155w, https:\/\/www.deedeeparis.com\/blog\/wp-content\/uploads\/2015\/07\/Capture-d\u2019\u00e9cran-2015-07-11-\u00e0-18.36.48-500x500.png 500w, https:\/\/www.deedeeparis.com\/blog\/wp-content\/uploads\/2015\/07\/Capture-d\u2019\u00e9cran-2015-07-11-\u00e0-18.36.48-150x150.png 150w, https:\/\/www.deedeeparis.com\/blog\/wp-content\/uploads\/2015\/07\/Capture-d\u2019\u00e9cran-2015-07-11-\u00e0-18.36.48.png 636w\" sizes=\"auto, (max-width: 600px) 100vw, 600px\" \/><\/a><\/p>\n<p><em>(Oui, il s&rsquo;agit bien de <a href=\"https:\/\/instagram.com\/explore\/tags\/clydelechat\/\" target=\"_blank\">Clyde<\/a>) (mon b\u00e9b\u00e9\u00e9\u00e9\u00e9 &lt;3)<\/em><\/p>\n<p>Attention, pr\u00e9parez-vous \u00e0 pousser des petits cris \u00e0 base de owwwwwwww ! <a href=\"http:\/\/www.adopte-moi.com\/\" target=\"_blank\">Adopte-moi<\/a>, c&rsquo;est la premi\u00e8re appli d&rsquo;adoption de chiens et de chats. Chaque animal \u00e0 son profil avec photo, descriptif, lieu o\u00f9 l&rsquo;animal se trouve. Eh hop, y&rsquo;a plus qu&rsquo;\u00e0. Dr\u00f4lement malin ! Pour l&rsquo;heure, on ne peut pas encore poster sa propre annonce. Mais \u00e7a\u00a0ne saurait tarder.<\/p>\n<p>&nbsp;<\/p>\n<h4>Metronomy &#8211; The Most Immaculate Haircut<\/h4>\n<p>En boucle depuis que je suis rentr\u00e9e de Calvi (allez savoir pourquoi&#8230; Peut-\u00eatre la m\u00e9lodie vaguement nostalgique, le plouf, les cigales&#8230;) ce The Most Immaculate Haircut, extrait du dernier album de Metronomy. Montez le son, c&rsquo;est bon !<\/p>\n<p><iframe loading=\"lazy\" src=\"https:\/\/www.youtube.com\/embed\/gYwXlwGMJ6s\" width=\"600\" height=\"338\" frameborder=\"0\" allowfullscreen=\"allowfullscreen\"><\/iframe><\/p>\n<p>Joyeux lundi !<\/p>\n","protected":false},"excerpt":{"rendered":"<p>Hello la compagnie ! Nouvelle semaine&#8230; nouveaux coups de coeur. Cette semaine, j&rsquo;aime : &nbsp; Les nouveaux carreaux de ciment Petit Pan Bon, \u00e9videmment, si vous me lisez depuis un moment, vous savez que je suis totalement acquise fait et cause pour cette marque. In\u00e9vitablement, je trouve que la nouvelle collection de carreaux de ciment [&hellip;]<\/p>\n","protected":false},"author":2,"featured_media":33353,"comment_status":"open","ping_status":"open","sticky":false,"template":"","format":"standard","meta":{"_acf_changed":false,"footnotes":""},"categories":[8],"tags":[1641,4509,1269,7412,7411,4108,7414,7413],"class_list":["post-33104","post","type-post","status-publish","format-standard","has-post-thumbnail","hentry","category-chroniques-de-paris","tag-adresses-paris","tag-balzac-paris","tag-city-guide-paris","tag-flodem","tag-guide-la-fourchette","tag-instagram","tag-lingerie-createur","tag-lingerie-la-nouvelle"],"acf":[],"geo":null,"_links":{"self":[{"href":"https:\/\/www.deedeeparis.com\/blog\/wp-json\/wp\/v2\/posts\/33104","targetHints":{"allow":["GET"]}}],"collection":[{"href":"https:\/\/www.deedeeparis.com\/blog\/wp-json\/wp\/v2\/posts"}],"about":[{"href":"https:\/\/www.deedeeparis.com\/blog\/wp-json\/wp\/v2\/types\/post"}],"author":[{"embeddable":true,"href":"https:\/\/www.deedeeparis.com\/blog\/wp-json\/wp\/v2\/users\/2"}],"replies":[{"embeddable":true,"href":"https:\/\/www.deedeeparis.com\/blog\/wp-json\/wp\/v2\/comments?post=33104"}],"version-history":[{"count":11,"href":"https:\/\/www.deedeeparis.com\/blog\/wp-json\/wp\/v2\/posts\/33104\/revisions"}],"predecessor-version":[{"id":33356,"href":"https:\/\/www.deedeeparis.com\/blog\/wp-json\/wp\/v2\/posts\/33104\/revisions\/33356"}],"wp:featuredmedia":[{"embeddable":true,"href":"https:\/\/www.deedeeparis.com\/blog\/wp-json\/wp\/v2\/media\/33353"}],"wp:attachment":[{"href":"https:\/\/www.deedeeparis.com\/blog\/wp-json\/wp\/v2\/media?parent=33104"}],"wp:term":[{"taxonomy":"category","embeddable":true,"href":"https:\/\/www.deedeeparis.com\/blog\/wp-json\/wp\/v2\/categories?post=33104"},{"taxonomy":"post_tag","embeddable":true,"href":"https:\/\/www.deedeeparis.com\/blog\/wp-json\/wp\/v2\/tags?post=33104"}],"curies":[{"name":"wp","href":"https:\/\/api.w.org\/{rel}","templated":true}]}}