{"id":34172,"date":"2015-09-16T07:03:29","date_gmt":"2015-09-16T05:03:29","guid":{"rendered":"https:\/\/www.deedeeparis.com\/blog\/?p=34172"},"modified":"2015-09-15T22:29:53","modified_gmt":"2015-09-15T20:29:53","slug":"mode-automne-2015","status":"publish","type":"post","link":"https:\/\/www.deedeeparis.com\/blog\/mode-automne-2015","title":{"rendered":"En noir et blanc"},"content":{"rendered":"<p><a href=\"https:\/\/www.deedeeparis.com\/blog\/wp-content\/uploads\/2015\/09\/MG_8125.jpg\"><img loading=\"lazy\" decoding=\"async\" class=\"alignnone size-medium wp-image-34175\" src=\"https:\/\/www.deedeeparis.com\/blog\/wp-content\/uploads\/2015\/09\/MG_8125-600x900.jpg\" alt=\"_MG_8125\" width=\"600\" height=\"900\" srcset=\"https:\/\/www.deedeeparis.com\/blog\/wp-content\/uploads\/2015\/09\/MG_8125-600x900.jpg 600w, https:\/\/www.deedeeparis.com\/blog\/wp-content\/uploads\/2015\/09\/MG_8125-768x1152.jpg 768w, https:\/\/www.deedeeparis.com\/blog\/wp-content\/uploads\/2015\/09\/MG_8125-500x750.jpg 500w, https:\/\/www.deedeeparis.com\/blog\/wp-content\/uploads\/2015\/09\/MG_8125-682x1024.jpg 682w, https:\/\/www.deedeeparis.com\/blog\/wp-content\/uploads\/2015\/09\/MG_8125.jpg 933w\" sizes=\"auto, (max-width: 600px) 100vw, 600px\" \/><\/a><\/p>\n<p><em>\u00a9Photos\u00a0Adrien Levinger<\/em><\/p>\n<p>Tadaaaa ! La reprise des looks apr\u00e8s les vacances. Il \u00e9tait temps&#8230; Oui, MAIS, l\u00e0 encore, il y a du nouveau : j&rsquo;ai demand\u00e9 \u00e0 <a href=\"http:\/\/www.adrienlevinger.com\/\" target=\"_blank\">Adrien Levinger<\/a> de signer les looks du blog. D&rsquo;abord, parce que monsieur Deedee\u00a0manie de mieux en mieux l&rsquo;objectif mais bon, jusqu&rsquo;\u00e0 un certain point. Et ensuite, parce que j&rsquo;aime bien sacrifier une partie de mes week-ends sur l&rsquo;autel de la moderie, mais il faut bien que je vous l&rsquo;avoue : mon plaisir ultime, le dimanche, est de trainer avec un vieux fute, sans maquillage, sans rien du tout. Et que gr\u00e2ce \u00e0 Adrien, je vais pouvoir poster des photos dignes de ce nom et retrouver des dimanches aux petits oignons. Je suis joie !<\/p>\n<p>N&rsquo;h\u00e9sitez pas \u00e0 vous rendre sur <a href=\"http:\/\/www.adrienlevinger.com\/\" target=\"_blank\">son site<\/a> pour voir son travail.<\/p>\n<p>Or donc, premier look de rentr\u00e9e : en noir et blanc. Facile\u00a0et\u00a0prompt \u00e0 r\u00e9pondre aux al\u00e9as climatiques. Et confort avec \u00e7a, rapport qu&rsquo;on ne saurait affronter la rentr\u00e9e sans un peu de douceur !<\/p>\n<p><a href=\"https:\/\/www.deedeeparis.com\/blog\/wp-content\/uploads\/2015\/09\/MG_8133.jpg\"><img loading=\"lazy\" decoding=\"async\" class=\"alignnone size-medium wp-image-34173\" src=\"https:\/\/www.deedeeparis.com\/blog\/wp-content\/uploads\/2015\/09\/MG_8133-600x400.jpg\" alt=\"_MG_8133\" width=\"600\" height=\"400\" srcset=\"https:\/\/www.deedeeparis.com\/blog\/wp-content\/uploads\/2015\/09\/MG_8133-600x400.jpg 600w, https:\/\/www.deedeeparis.com\/blog\/wp-content\/uploads\/2015\/09\/MG_8133-768x512.jpg 768w, https:\/\/www.deedeeparis.com\/blog\/wp-content\/uploads\/2015\/09\/MG_8133-500x333.jpg 500w, https:\/\/www.deedeeparis.com\/blog\/wp-content\/uploads\/2015\/09\/MG_8133-1024x682.jpg 1024w, https:\/\/www.deedeeparis.com\/blog\/wp-content\/uploads\/2015\/09\/MG_8133.jpg 1100w\" sizes=\"auto, (max-width: 600px) 100vw, 600px\" \/><\/a><\/p>\n<p><a href=\"https:\/\/www.deedeeparis.com\/blog\/wp-content\/uploads\/2015\/09\/MG_8118.jpg\"><img loading=\"lazy\" decoding=\"async\" class=\"alignnone size-medium wp-image-34176\" src=\"https:\/\/www.deedeeparis.com\/blog\/wp-content\/uploads\/2015\/09\/MG_8118-600x900.jpg\" alt=\"_MG_8118\" width=\"600\" height=\"900\" srcset=\"https:\/\/www.deedeeparis.com\/blog\/wp-content\/uploads\/2015\/09\/MG_8118-600x900.jpg 600w, https:\/\/www.deedeeparis.com\/blog\/wp-content\/uploads\/2015\/09\/MG_8118-768x1152.jpg 768w, https:\/\/www.deedeeparis.com\/blog\/wp-content\/uploads\/2015\/09\/MG_8118-500x750.jpg 500w, https:\/\/www.deedeeparis.com\/blog\/wp-content\/uploads\/2015\/09\/MG_8118-682x1024.jpg 682w, https:\/\/www.deedeeparis.com\/blog\/wp-content\/uploads\/2015\/09\/MG_8118.jpg 933w\" sizes=\"auto, (max-width: 600px) 100vw, 600px\" \/><\/a><\/p>\n<p><a href=\"https:\/\/www.deedeeparis.com\/blog\/wp-content\/uploads\/2015\/09\/MG_8126.jpg\"><img loading=\"lazy\" decoding=\"async\" class=\"alignnone size-medium wp-image-34174\" src=\"https:\/\/www.deedeeparis.com\/blog\/wp-content\/uploads\/2015\/09\/MG_8126-600x400.jpg\" alt=\"_MG_8126\" width=\"600\" height=\"400\" srcset=\"https:\/\/www.deedeeparis.com\/blog\/wp-content\/uploads\/2015\/09\/MG_8126-600x400.jpg 600w, https:\/\/www.deedeeparis.com\/blog\/wp-content\/uploads\/2015\/09\/MG_8126-768x512.jpg 768w, https:\/\/www.deedeeparis.com\/blog\/wp-content\/uploads\/2015\/09\/MG_8126-500x333.jpg 500w, https:\/\/www.deedeeparis.com\/blog\/wp-content\/uploads\/2015\/09\/MG_8126-1024x682.jpg 1024w, https:\/\/www.deedeeparis.com\/blog\/wp-content\/uploads\/2015\/09\/MG_8126.jpg 1100w\" sizes=\"auto, (max-width: 600px) 100vw, 600px\" \/><\/a><\/p>\n<p style=\"text-align: center;\"><em><strong>Chaussures<\/strong> <a href=\"http:\/\/bit.ly\/1if5a8n\" target=\"_blank\">Urban Outfitters<\/a> (j&rsquo;ai mis 15 ans \u00e0 vous les montrer, fatalement, elles n&rsquo;existent plus qu&rsquo;en noir) (mais elles me tentent assez en noir aussi, j&rsquo;dois dire)<\/em><br \/>\n<em><strong> Jean<\/strong> Acn\u00e9 (old)<\/em><br \/>\n<em><strong> Sweat<\/strong> <a href=\"http:\/\/www.mktstudio.com\/fr\/content\/8-accueil\" target=\"_blank\">MKT<\/a>, \u00e0 shopper dans la toute nouvelle boutique dans le 6\u00e8me, au 55 de la rue Bonaparte !<\/em><br \/>\n<em><strong> Sac<\/strong> Tammy &amp;\u00a0Benjamin sur <a href=\"http:\/\/bit.ly\/1KQFJau\" target=\"_blank\">Sarenza<\/a> (oui, je vous en ai d\u00e9j\u00e0 parl\u00e9 <a href=\"https:\/\/www.deedeeparis.com\/blog\/ma-week-list-133\" target=\"_blank\">ici<\/a>)<br \/>\n<strong>Bracelets<\/strong> <a href=\"http:\/\/www.flodem.com\/\" target=\"_blank\">Flodem<\/a> et <a href=\"http:\/\/www.gasbijoux.com\/collab-swildens-x-gas-bijoux.html\" target=\"_blank\">Gas Bijoux x Swildens<br \/>\n<\/a><strong>Bagues<\/strong> Charlotte Martyr et Aur\u00e9lie Bidermann<\/em><\/p>\n","protected":false},"excerpt":{"rendered":"<p>\u00a9Photos\u00a0Adrien Levinger Tadaaaa ! La reprise des looks apr\u00e8s les vacances. Il \u00e9tait temps&#8230; Oui, MAIS, l\u00e0 encore, il y a du nouveau : j&rsquo;ai demand\u00e9 \u00e0 Adrien Levinger de signer les looks du blog. D&rsquo;abord, parce que monsieur Deedee\u00a0manie de mieux en mieux l&rsquo;objectif mais bon, jusqu&rsquo;\u00e0 un certain point. Et ensuite, parce que [&hellip;]<\/p>\n","protected":false},"author":24,"featured_media":34174,"comment_status":"open","ping_status":"open","sticky":false,"template":"","format":"standard","meta":{"_acf_changed":false,"footnotes":""},"categories":[25],"tags":[7542,7442,2445,7412,7541,7540,1330,7309],"class_list":["post-34172","post","type-post","status-publish","format-standard","has-post-thumbnail","hentry","category-lookbook-mode-a-paris","tag-adresses-createurs-paris","tag-adrien-levinger","tag-createurs-paris","tag-flodem","tag-gas-bijoux-x-swildens","tag-mkt","tag-mode-a-paris","tag-tammy-benjamin"],"acf":[],"geo":null,"_links":{"self":[{"href":"https:\/\/www.deedeeparis.com\/blog\/wp-json\/wp\/v2\/posts\/34172","targetHints":{"allow":["GET"]}}],"collection":[{"href":"https:\/\/www.deedeeparis.com\/blog\/wp-json\/wp\/v2\/posts"}],"about":[{"href":"https:\/\/www.deedeeparis.com\/blog\/wp-json\/wp\/v2\/types\/post"}],"author":[{"embeddable":true,"href":"https:\/\/www.deedeeparis.com\/blog\/wp-json\/wp\/v2\/users\/24"}],"replies":[{"embeddable":true,"href":"https:\/\/www.deedeeparis.com\/blog\/wp-json\/wp\/v2\/comments?post=34172"}],"version-history":[{"count":7,"href":"https:\/\/www.deedeeparis.com\/blog\/wp-json\/wp\/v2\/posts\/34172\/revisions"}],"predecessor-version":[{"id":34183,"href":"https:\/\/www.deedeeparis.com\/blog\/wp-json\/wp\/v2\/posts\/34172\/revisions\/34183"}],"wp:featuredmedia":[{"embeddable":true,"href":"https:\/\/www.deedeeparis.com\/blog\/wp-json\/wp\/v2\/media\/34174"}],"wp:attachment":[{"href":"https:\/\/www.deedeeparis.com\/blog\/wp-json\/wp\/v2\/media?parent=34172"}],"wp:term":[{"taxonomy":"category","embeddable":true,"href":"https:\/\/www.deedeeparis.com\/blog\/wp-json\/wp\/v2\/categories?post=34172"},{"taxonomy":"post_tag","embeddable":true,"href":"https:\/\/www.deedeeparis.com\/blog\/wp-json\/wp\/v2\/tags?post=34172"}],"curies":[{"name":"wp","href":"https:\/\/api.w.org\/{rel}","templated":true}]}}