{"id":35296,"date":"2015-11-10T07:03:26","date_gmt":"2015-11-10T06:03:26","guid":{"rendered":"https:\/\/www.deedeeparis.com\/blog\/?p=35296"},"modified":"2015-11-09T17:20:12","modified_gmt":"2015-11-09T16:20:12","slug":"le-temps-dun-automne","status":"publish","type":"post","link":"https:\/\/www.deedeeparis.com\/blog\/le-temps-dun-automne","title":{"rendered":"Le temps d&rsquo;un automne"},"content":{"rendered":"<p><a href=\"https:\/\/www.deedeeparis.com\/blog\/wp-content\/uploads\/2015\/11\/MG_5138.jpg\"><img loading=\"lazy\" decoding=\"async\" class=\"alignnone size-medium wp-image-35300\" src=\"https:\/\/www.deedeeparis.com\/blog\/wp-content\/uploads\/2015\/11\/MG_5138-600x900.jpg\" alt=\"_MG_5138\" width=\"600\" height=\"900\" srcset=\"https:\/\/www.deedeeparis.com\/blog\/wp-content\/uploads\/2015\/11\/MG_5138-600x900.jpg 600w, https:\/\/www.deedeeparis.com\/blog\/wp-content\/uploads\/2015\/11\/MG_5138-768x1152.jpg 768w, https:\/\/www.deedeeparis.com\/blog\/wp-content\/uploads\/2015\/11\/MG_5138-500x750.jpg 500w, https:\/\/www.deedeeparis.com\/blog\/wp-content\/uploads\/2015\/11\/MG_5138-682x1024.jpg 682w, https:\/\/www.deedeeparis.com\/blog\/wp-content\/uploads\/2015\/11\/MG_5138.jpg 933w\" sizes=\"auto, (max-width: 600px) 100vw, 600px\" \/><\/a><\/p>\n<p>Pour ce look, j&rsquo;avais d\u00e9cid\u00e9 d&rsquo;assortir mes cheveux \u00e0 mon pull, aux feuilles des arbres du jardin du Luxembourg. Ahahah&#8230; ! Blague \u00e0 part, l&rsquo;automne a beau ne pas \u00eatre ma saison pr\u00e9f\u00e9r\u00e9e (trop fourbe, pas assez franche du collier. Je veux dire, l&rsquo;hiver, on se les p\u00e8le, un point c&rsquo;est tout ! Alors que l\u00e0, un coup il fait doux, le lendemain on perd 15\u00b0C non mais franchement, y&rsquo;a plus d&rsquo;saison ma bonne dame), comme beaucoup, ses couleurs ne sauraient me laisser indiff\u00e9rente. Ne serait-ce que pour cette formidable parenth\u00e8se offerte le temps d&rsquo;un shooting, et ce cadre aussi bucolique qu&rsquo;incroyable en plein Paris.<\/p>\n<p>Le pull doudou est le meilleur ami de cette petite jupe absolument fabuleuse, d\u00e9busqu\u00e9e sur le shop de Balzac Paris. Le reste n&rsquo;est qu&rsquo;oldie mais goodie !<\/p>\n<p><a href=\"https:\/\/www.deedeeparis.com\/blog\/wp-content\/uploads\/2015\/11\/MG_5152.jpg\"><img loading=\"lazy\" decoding=\"async\" class=\"alignnone size-medium wp-image-35297\" src=\"https:\/\/www.deedeeparis.com\/blog\/wp-content\/uploads\/2015\/11\/MG_5152-600x900.jpg\" alt=\"_MG_5152\" width=\"600\" height=\"900\" srcset=\"https:\/\/www.deedeeparis.com\/blog\/wp-content\/uploads\/2015\/11\/MG_5152-600x900.jpg 600w, https:\/\/www.deedeeparis.com\/blog\/wp-content\/uploads\/2015\/11\/MG_5152-768x1152.jpg 768w, https:\/\/www.deedeeparis.com\/blog\/wp-content\/uploads\/2015\/11\/MG_5152-500x750.jpg 500w, https:\/\/www.deedeeparis.com\/blog\/wp-content\/uploads\/2015\/11\/MG_5152-682x1024.jpg 682w, https:\/\/www.deedeeparis.com\/blog\/wp-content\/uploads\/2015\/11\/MG_5152.jpg 933w\" sizes=\"auto, (max-width: 600px) 100vw, 600px\" \/><\/a><\/p>\n<p><a href=\"https:\/\/www.deedeeparis.com\/blog\/wp-content\/uploads\/2015\/11\/MG_5146.jpg\"><img loading=\"lazy\" decoding=\"async\" class=\"alignnone size-medium wp-image-35299\" src=\"https:\/\/www.deedeeparis.com\/blog\/wp-content\/uploads\/2015\/11\/MG_5146-600x900.jpg\" alt=\"_MG_5146\" width=\"600\" height=\"900\" srcset=\"https:\/\/www.deedeeparis.com\/blog\/wp-content\/uploads\/2015\/11\/MG_5146-600x900.jpg 600w, https:\/\/www.deedeeparis.com\/blog\/wp-content\/uploads\/2015\/11\/MG_5146-768x1152.jpg 768w, https:\/\/www.deedeeparis.com\/blog\/wp-content\/uploads\/2015\/11\/MG_5146-500x750.jpg 500w, https:\/\/www.deedeeparis.com\/blog\/wp-content\/uploads\/2015\/11\/MG_5146-682x1024.jpg 682w, https:\/\/www.deedeeparis.com\/blog\/wp-content\/uploads\/2015\/11\/MG_5146.jpg 933w\" sizes=\"auto, (max-width: 600px) 100vw, 600px\" \/><\/a><\/p>\n<p><a href=\"https:\/\/www.deedeeparis.com\/blog\/wp-content\/uploads\/2015\/11\/MG_5151.jpg\"><img loading=\"lazy\" decoding=\"async\" class=\"alignnone size-medium wp-image-35298\" src=\"https:\/\/www.deedeeparis.com\/blog\/wp-content\/uploads\/2015\/11\/MG_5151-600x400.jpg\" alt=\"_MG_5151\" width=\"600\" height=\"400\" srcset=\"https:\/\/www.deedeeparis.com\/blog\/wp-content\/uploads\/2015\/11\/MG_5151-600x400.jpg 600w, https:\/\/www.deedeeparis.com\/blog\/wp-content\/uploads\/2015\/11\/MG_5151-768x512.jpg 768w, https:\/\/www.deedeeparis.com\/blog\/wp-content\/uploads\/2015\/11\/MG_5151-500x333.jpg 500w, https:\/\/www.deedeeparis.com\/blog\/wp-content\/uploads\/2015\/11\/MG_5151-1024x682.jpg 1024w, https:\/\/www.deedeeparis.com\/blog\/wp-content\/uploads\/2015\/11\/MG_5151.jpg 1100w\" sizes=\"auto, (max-width: 600px) 100vw, 600px\" \/><\/a><\/p>\n<p style=\"text-align: center;\"><em><strong>Jupe<\/strong> <a href=\"http:\/\/www.balzac-paris.fr\/produit\/jupe-jeanne\/\" target=\"_blank\">Balzac Paris<\/a><\/em><br \/>\n<em><strong> Pull<\/strong> <em><a href=\"http:\/\/www.leonandharper.com\/fr\/\" target=\"_blank\">L\u00e9on &amp; Harper<\/a>\u00a0(vous avez vu, il y a les <a href=\"https:\/\/www.facebook.com\/events\/892714394151644\/\" target=\"_blank\">ventes presse<\/a> en ce moment)<\/em><\/em><br \/>\n<em><strong> Sac<\/strong> A.P.C.<br \/>\n<strong>Chaussures<\/strong> Claudie Pierlot (Hiver 2014, d\u00e9j\u00e0 vues <a href=\"https:\/\/www.deedeeparis.com\/blog\/cheeky-boom-tchi-boum\" target=\"_blank\">ici<\/a>)<\/em><\/p>\n<p><em><strong>++ Photos\u00a0<a href=\"http:\/\/www.adrienlevinger.com\/\" target=\"_blank\">Adrien Levinger<\/a>\u00a0++<\/strong><\/em><\/p>\n","protected":false},"excerpt":{"rendered":"<p>Pour ce look, j&rsquo;avais d\u00e9cid\u00e9 d&rsquo;assortir mes cheveux \u00e0 mon pull, aux feuilles des arbres du jardin du Luxembourg. Ahahah&#8230; ! Blague \u00e0 part, l&rsquo;automne a beau ne pas \u00eatre ma saison pr\u00e9f\u00e9r\u00e9e (trop fourbe, pas assez franche du collier. Je veux dire, l&rsquo;hiver, on se les p\u00e8le, un point c&rsquo;est tout ! Alors que [&hellip;]<\/p>\n","protected":false},"author":2,"featured_media":35303,"comment_status":"open","ping_status":"open","sticky":false,"template":"","format":"standard","meta":{"_acf_changed":false,"footnotes":""},"categories":[25],"tags":[4509,3190,7671,1330,6980,6916],"class_list":["post-35296","post","type-post","status-publish","format-standard","has-post-thumbnail","hentry","category-lookbook-mode-a-paris","tag-balzac-paris","tag-chaussures-claudie-pierlot","tag-leon-and-harper","tag-mode-a-paris","tag-sac-a-p-c","tag-sac-apc"],"acf":[],"geo":null,"_links":{"self":[{"href":"https:\/\/www.deedeeparis.com\/blog\/wp-json\/wp\/v2\/posts\/35296","targetHints":{"allow":["GET"]}}],"collection":[{"href":"https:\/\/www.deedeeparis.com\/blog\/wp-json\/wp\/v2\/posts"}],"about":[{"href":"https:\/\/www.deedeeparis.com\/blog\/wp-json\/wp\/v2\/types\/post"}],"author":[{"embeddable":true,"href":"https:\/\/www.deedeeparis.com\/blog\/wp-json\/wp\/v2\/users\/2"}],"replies":[{"embeddable":true,"href":"https:\/\/www.deedeeparis.com\/blog\/wp-json\/wp\/v2\/comments?post=35296"}],"version-history":[{"count":2,"href":"https:\/\/www.deedeeparis.com\/blog\/wp-json\/wp\/v2\/posts\/35296\/revisions"}],"predecessor-version":[{"id":35302,"href":"https:\/\/www.deedeeparis.com\/blog\/wp-json\/wp\/v2\/posts\/35296\/revisions\/35302"}],"wp:featuredmedia":[{"embeddable":true,"href":"https:\/\/www.deedeeparis.com\/blog\/wp-json\/wp\/v2\/media\/35303"}],"wp:attachment":[{"href":"https:\/\/www.deedeeparis.com\/blog\/wp-json\/wp\/v2\/media?parent=35296"}],"wp:term":[{"taxonomy":"category","embeddable":true,"href":"https:\/\/www.deedeeparis.com\/blog\/wp-json\/wp\/v2\/categories?post=35296"},{"taxonomy":"post_tag","embeddable":true,"href":"https:\/\/www.deedeeparis.com\/blog\/wp-json\/wp\/v2\/tags?post=35296"}],"curies":[{"name":"wp","href":"https:\/\/api.w.org\/{rel}","templated":true}]}}