{"id":36394,"date":"2016-01-13T07:03:16","date_gmt":"2016-01-13T06:03:16","guid":{"rendered":"https:\/\/www.deedeeparis.com\/blog\/?p=36394"},"modified":"2016-01-13T08:33:36","modified_gmt":"2016-01-13T07:33:36","slug":"pull-heimstone","status":"publish","type":"post","link":"https:\/\/www.deedeeparis.com\/blog\/pull-heimstone","title":{"rendered":"Pull doudou et manteau long"},"content":{"rendered":"<p><a href=\"https:\/\/www.deedeeparis.com\/blog\/wp-content\/uploads\/2016\/01\/MG_1353.jpg\" rel=\"attachment wp-att-36403\"><img loading=\"lazy\" decoding=\"async\" class=\"alignnone size-medium wp-image-36403\" src=\"https:\/\/www.deedeeparis.com\/blog\/wp-content\/uploads\/2016\/01\/MG_1353-600x900.jpg\" alt=\"_MG_1353\" width=\"600\" height=\"900\" srcset=\"https:\/\/www.deedeeparis.com\/blog\/wp-content\/uploads\/2016\/01\/MG_1353.jpg 600w, https:\/\/www.deedeeparis.com\/blog\/wp-content\/uploads\/2016\/01\/MG_1353-500x750.jpg 500w\" sizes=\"auto, (max-width: 600px) 100vw, 600px\" \/><\/a><\/p>\n<p>Eh oui, encore une photo d&rsquo;avant les cheveux courts : c&rsquo;est qu&rsquo;on est organis\u00e9s, Adrien et moi, on shoote une fois par mois tous les looks pour les 4 ou 5 prochaines semaines eh hop, roule ma poule !<\/p>\n<p>Or donc, les cheveux sont toujours longs, certes, mais les pi\u00e8ces restent d&rsquo;actualit\u00e9. Mieux, elles sont pour la plupart sold\u00e9es, et bien, avec \u00e7a. Comment \u00e7a, je pousse au crime ?!<\/p>\n<p><a href=\"https:\/\/www.deedeeparis.com\/blog\/wp-content\/uploads\/2016\/01\/MG_1357.jpg\" rel=\"attachment wp-att-36397\"><img loading=\"lazy\" decoding=\"async\" class=\"alignnone size-medium wp-image-36397\" src=\"https:\/\/www.deedeeparis.com\/blog\/wp-content\/uploads\/2016\/01\/MG_1357-600x900.jpg\" alt=\"_MG_1357\" width=\"600\" height=\"900\" srcset=\"https:\/\/www.deedeeparis.com\/blog\/wp-content\/uploads\/2016\/01\/MG_1357-600x900.jpg 600w, https:\/\/www.deedeeparis.com\/blog\/wp-content\/uploads\/2016\/01\/MG_1357-768x1152.jpg 768w, https:\/\/www.deedeeparis.com\/blog\/wp-content\/uploads\/2016\/01\/MG_1357-500x750.jpg 500w, https:\/\/www.deedeeparis.com\/blog\/wp-content\/uploads\/2016\/01\/MG_1357-682x1024.jpg 682w, https:\/\/www.deedeeparis.com\/blog\/wp-content\/uploads\/2016\/01\/MG_1357.jpg 933w\" sizes=\"auto, (max-width: 600px) 100vw, 600px\" \/><\/a><\/p>\n<p><a href=\"https:\/\/www.deedeeparis.com\/blog\/wp-content\/uploads\/2016\/01\/MG_1348.jpg\" rel=\"attachment wp-att-36395\"><img loading=\"lazy\" decoding=\"async\" class=\"alignnone size-medium wp-image-36395\" src=\"https:\/\/www.deedeeparis.com\/blog\/wp-content\/uploads\/2016\/01\/MG_1348-600x900.jpg\" alt=\"_MG_1348\" width=\"600\" height=\"900\" srcset=\"https:\/\/www.deedeeparis.com\/blog\/wp-content\/uploads\/2016\/01\/MG_1348-600x900.jpg 600w, https:\/\/www.deedeeparis.com\/blog\/wp-content\/uploads\/2016\/01\/MG_1348-768x1152.jpg 768w, https:\/\/www.deedeeparis.com\/blog\/wp-content\/uploads\/2016\/01\/MG_1348-500x750.jpg 500w, https:\/\/www.deedeeparis.com\/blog\/wp-content\/uploads\/2016\/01\/MG_1348-682x1024.jpg 682w, https:\/\/www.deedeeparis.com\/blog\/wp-content\/uploads\/2016\/01\/MG_1348.jpg 933w\" sizes=\"auto, (max-width: 600px) 100vw, 600px\" \/><\/a><\/p>\n<p><a href=\"https:\/\/www.deedeeparis.com\/blog\/wp-content\/uploads\/2016\/01\/MG_1354.jpg\" rel=\"attachment wp-att-36402\"><img loading=\"lazy\" decoding=\"async\" class=\"alignnone size-medium wp-image-36402\" src=\"https:\/\/www.deedeeparis.com\/blog\/wp-content\/uploads\/2016\/01\/MG_1354-600x900.jpg\" alt=\"_MG_1354\" width=\"600\" height=\"900\" srcset=\"https:\/\/www.deedeeparis.com\/blog\/wp-content\/uploads\/2016\/01\/MG_1354.jpg 600w, https:\/\/www.deedeeparis.com\/blog\/wp-content\/uploads\/2016\/01\/MG_1354-500x750.jpg 500w\" sizes=\"auto, (max-width: 600px) 100vw, 600px\" \/><\/a><\/p>\n<p style=\"text-align: center;\"><em><strong>Pull<\/strong> <a href=\"http:\/\/heimstone.com\/outerwear-ss-15\/knits\/ellis-sweater.html\" target=\"_blank\">Heimstone<\/a> (sold\u00e9, 30% de r\u00e9duction)<\/em><br \/>\n<em><strong> Jean<\/strong> Acn\u00e9, pour changer.. !<\/em><br \/>\n<em><strong> Manteau<\/strong> <a href=\"http:\/\/www.leonandharper.com\/fr\/\" target=\"_blank\">L\u00e9on &amp; Harper<\/a>\u00a0(30% de r\u00e9duc aussi en ce moment, c&rsquo;est la FETE)<\/em><br \/>\n<em><strong> Chaussures<\/strong> See by Chlo\u00e9 sur <a href=\"http:\/\/bit.ly\/1N5i7cA\" target=\"_blank\">Sarenza<\/a> (idem, sold\u00e9es \u00e0 30%)<br \/>\n<strong>Chaussettes<\/strong> DIM<br \/>\n<strong>Sac<\/strong> A.P.C.<br \/>\n<em><em><em><em><em><strong>Bagues<\/strong> Charlotte Martyr et Aur\u00e9lie Bidermann<\/em><\/em><\/em><\/em><\/em><br \/>\n<\/em><\/p>\n<p style=\"text-align: left;\"><strong>++ Photos\u00a0<a href=\"http:\/\/www.adrienlevinger.com\/\" target=\"_blank\">Adrien Levinger<\/a> ++<\/strong><\/p>\n","protected":false},"excerpt":{"rendered":"<p>Eh oui, encore une photo d&rsquo;avant les cheveux courts : c&rsquo;est qu&rsquo;on est organis\u00e9s, Adrien et moi, on shoote une fois par mois tous les looks pour les 4 ou 5 prochaines semaines eh hop, roule ma poule ! Or donc, les cheveux sont toujours longs, certes, mais les pi\u00e8ces restent d&rsquo;actualit\u00e9. Mieux, elles sont [&hellip;]<\/p>\n","protected":false},"author":2,"featured_media":36415,"comment_status":"open","ping_status":"open","sticky":false,"template":"","format":"standard","meta":{"_acf_changed":false,"footnotes":""},"categories":[25],"tags":[7442,336,7187,6957,1330,7766,6916],"class_list":["post-36394","post","type-post","status-publish","format-standard","has-post-thumbnail","hentry","category-lookbook-mode-a-paris","tag-adrien-levinger","tag-apc","tag-jean-acne","tag-leon-harper","tag-mode-a-paris","tag-pull-heimstone","tag-sac-apc"],"acf":[],"geo":null,"_links":{"self":[{"href":"https:\/\/www.deedeeparis.com\/blog\/wp-json\/wp\/v2\/posts\/36394","targetHints":{"allow":["GET"]}}],"collection":[{"href":"https:\/\/www.deedeeparis.com\/blog\/wp-json\/wp\/v2\/posts"}],"about":[{"href":"https:\/\/www.deedeeparis.com\/blog\/wp-json\/wp\/v2\/types\/post"}],"author":[{"embeddable":true,"href":"https:\/\/www.deedeeparis.com\/blog\/wp-json\/wp\/v2\/users\/2"}],"replies":[{"embeddable":true,"href":"https:\/\/www.deedeeparis.com\/blog\/wp-json\/wp\/v2\/comments?post=36394"}],"version-history":[{"count":5,"href":"https:\/\/www.deedeeparis.com\/blog\/wp-json\/wp\/v2\/posts\/36394\/revisions"}],"predecessor-version":[{"id":36409,"href":"https:\/\/www.deedeeparis.com\/blog\/wp-json\/wp\/v2\/posts\/36394\/revisions\/36409"}],"wp:featuredmedia":[{"embeddable":true,"href":"https:\/\/www.deedeeparis.com\/blog\/wp-json\/wp\/v2\/media\/36415"}],"wp:attachment":[{"href":"https:\/\/www.deedeeparis.com\/blog\/wp-json\/wp\/v2\/media?parent=36394"}],"wp:term":[{"taxonomy":"category","embeddable":true,"href":"https:\/\/www.deedeeparis.com\/blog\/wp-json\/wp\/v2\/categories?post=36394"},{"taxonomy":"post_tag","embeddable":true,"href":"https:\/\/www.deedeeparis.com\/blog\/wp-json\/wp\/v2\/tags?post=36394"}],"curies":[{"name":"wp","href":"https:\/\/api.w.org\/{rel}","templated":true}]}}