{"id":379,"date":"2007-07-24T09:50:31","date_gmt":"2007-07-24T07:50:31","guid":{"rendered":"https:\/\/www.deedeeparis.com\/wordpress\/2421-weegee-au-musee-maillol"},"modified":"2016-04-07T15:36:09","modified_gmt":"2016-04-07T13:36:09","slug":"weegee-au-musee-maillol","status":"publish","type":"post","link":"https:\/\/www.deedeeparis.com\/blog\/weegee-au-musee-maillol","title":{"rendered":"10 bonnes raisons d&rsquo;aller voir les clich\u00e9s de Weegee au Mus\u00e9e Maillol"},"content":{"rendered":"<p><img decoding=\"async\" src=\"\/blog\/images\/Sortir a Paris\/weegee.jpg\" alt=\"\" \/><\/p>\n<p>Jusqu&rsquo;au 15 octobre prochain, 228 clich\u00e9s originaux sont propos\u00e9s par le Mus\u00e9e Maillol pour rendre hommage ?  Weegee, v\u00e9ritable figure l\u00e9gendaire et embl\u00e9matique du photojournalisme.<\/p>\n<p>Pourquoi diantre iriez-vous contempler ces clich\u00e9s&nbsp;?<\/p>\n<ol>\n<li>Parce que de toute \u00e9vidence, l&rsquo;ap\u00e9ro terrasse n&rsquo;est toujours pas d&rsquo;actualit\u00e9 (vous pouvez me dire quand est-ce que l&rsquo;\u00e9t\u00e9 va se d\u00e9cider ?  se pointer ?!)<\/li>\n<li>Parce que je parie que vous n&rsquo;\u00eates jamais all\u00e9 au Mus\u00e9e Maillol, ce sera l&rsquo;occas&nbsp;!<\/li>\n<li>Parce que les 228 clich\u00e9s pr\u00e9sent\u00e9s sont des clich\u00e9s vintages de la collection Berinson, un gal\u00e9riste berlinois qui a cherch\u00e9 et s\u00e9lectionn\u00e9 pendant 20 ans les plus beaux tirages d&rsquo;\u00e9poque, tous de la main du photographe<\/li>\n<li>Parce que Weegee, aka Arthur Fellig, aka Usher Fellig, a marqu\u00e9 l&rsquo;histoire du reportage des ann\u00e9es d&rsquo;avant-guerre mais plus encore l&rsquo;histoire m\u00eame de la photographie<\/li>\n<li>Parce que Weegee fut \u00e9galement l&rsquo;un des premiers ?  mesurer la port\u00e9e du fait divers, traduisant au travers de son objectif la force tragique mais surtout visuelle des drames, des incendies ou des accidents<\/li>\n<li>Parce qu&rsquo;?  travers son objectif, Weegee montre une autre Am\u00e9rique&nbsp;: celle des pauvres, des laiss\u00e9s-pour-compte et des d\u00e9sh\u00e9rit\u00e9s<\/li>\n<li>Parce qu&rsquo;?  travers ce m\u00eame objectif, on d\u00e9couvre aussi, dans une ville violente et agit\u00e9e, un regard plein de tendresse pour les enfants, les pauvres et les victimes du racisme<\/li>\n<li>Parce que ces clich\u00e9s sont le fruit de plus de 10 ann\u00e9es de travail, la nuit, ?  l&rsquo;aff\u00fbt, dans un p\u00e9rim\u00e8tre autour du commissariat central de Manhattan<\/li>\n<li>Parce que le regard de Weegee sur le crime est extr\u00eamement cru mais jamais complaisant&nbsp;: il flashe en gros plan des cadavres tout frais ?  l&rsquo;expression \u00e9pouvant\u00e9e, le sang, un corps carbonis\u00e9 dans un camion incendi\u00e9<\/li>\n<li>Parce qu&rsquo;il nous livre le t\u00e9moignage unique d&rsquo;une ville noire et inqui\u00e9tante, avec ses trottoirs jonch\u00e9s de corps au lendemain de la grande d\u00e9pression<\/li>\n<\/ol>\n<p><strong>Weegee dans la collection Berinson, Mus\u00e9e Maillol<\/strong> <br \/>\n<strong>59-61 rue de Grenelle, 75007 Paris<\/strong><br \/>\n<strong>Tous les jours 11h-18h sauf les mardis et jours f\u00e9ri\u00e9s<\/strong><br \/>\n<strong>Taris: 8\u20ac \/ 6\u20ac<\/strong><\/p>\n<p><a href=\"http:\/\/www.museemaillol.com\/index2.html\">Plus d&rsquo;infos<\/a>&nbsp;?<\/p>\n","protected":false},"excerpt":{"rendered":"<p><img decoding=\"async\" src=\"\/blog\/images\/Sortir a Paris\/weegee.jpg\" alt=\"\" \/><\/p>\n<p>Jusqu&rsquo;au 15 octobre prochain, 228 clich\u00e9s originaux sont propos\u00e9s par le Mus\u00e9e Maillol pour rendre hommage ?  Weegee, v\u00e9ritable figure l\u00e9gendaire et embl\u00e9matique du photojournalisme.<\/p>\n<p>Pourquoi diantre iriez-vous contempler ces clich\u00e9s&nbsp;?<\/p>\n","protected":false},"author":2,"featured_media":0,"comment_status":"open","ping_status":"open","sticky":false,"template":"","format":"standard","meta":{"_acf_changed":false,"footnotes":""},"categories":[1,1271],"tags":[],"class_list":["post-379","post","type-post","status-publish","format-standard","hentry","category-non-classe","category-paris-city-guide"],"acf":[],"geo":null,"_links":{"self":[{"href":"https:\/\/www.deedeeparis.com\/blog\/wp-json\/wp\/v2\/posts\/379","targetHints":{"allow":["GET"]}}],"collection":[{"href":"https:\/\/www.deedeeparis.com\/blog\/wp-json\/wp\/v2\/posts"}],"about":[{"href":"https:\/\/www.deedeeparis.com\/blog\/wp-json\/wp\/v2\/types\/post"}],"author":[{"embeddable":true,"href":"https:\/\/www.deedeeparis.com\/blog\/wp-json\/wp\/v2\/users\/2"}],"replies":[{"embeddable":true,"href":"https:\/\/www.deedeeparis.com\/blog\/wp-json\/wp\/v2\/comments?post=379"}],"version-history":[{"count":1,"href":"https:\/\/www.deedeeparis.com\/blog\/wp-json\/wp\/v2\/posts\/379\/revisions"}],"predecessor-version":[{"id":37741,"href":"https:\/\/www.deedeeparis.com\/blog\/wp-json\/wp\/v2\/posts\/379\/revisions\/37741"}],"wp:attachment":[{"href":"https:\/\/www.deedeeparis.com\/blog\/wp-json\/wp\/v2\/media?parent=379"}],"wp:term":[{"taxonomy":"category","embeddable":true,"href":"https:\/\/www.deedeeparis.com\/blog\/wp-json\/wp\/v2\/categories?post=379"},{"taxonomy":"post_tag","embeddable":true,"href":"https:\/\/www.deedeeparis.com\/blog\/wp-json\/wp\/v2\/tags?post=379"}],"curies":[{"name":"wp","href":"https:\/\/api.w.org\/{rel}","templated":true}]}}