{"id":39972,"date":"2016-05-23T07:03:36","date_gmt":"2016-05-23T05:03:36","guid":{"rendered":"https:\/\/www.deedeeparis.com\/blog\/?p=39972"},"modified":"2016-05-22T11:43:12","modified_gmt":"2016-05-22T09:43:12","slug":"ma-week-list-179","status":"publish","type":"post","link":"https:\/\/www.deedeeparis.com\/blog\/ma-week-list-179","title":{"rendered":"Ma Week List #179"},"content":{"rendered":"<p>Bonjour vous ! A l&rsquo;heure o\u00f9 je pr\u00e9pare cette Week List, je suis un peu en mode excitation g\u00e9n\u00e9rale : dans quelques heures \u00e0 peine, je m&rsquo;envole pour&#8230; La Tanzanie ! Evidemment, il me reste un millier de choses \u00e0 faire, et cette sensation oppressante que je vais forc\u00e9ment oublier quelque chose d&rsquo;important ne me quitte pas&#8230; MAIS j&rsquo;inspire, j&rsquo;expire et j&rsquo;essaye de me r\u00e9jouir de ce voyage de folie que j&rsquo;ai d\u00e9j\u00e0 h\u00e2te de vous raconter !<\/p>\n<p>En pratique, je pars 6 petits jours avec le <a href=\"http:\/\/www.comptoir.fr\/\" target=\"_blank\">Comptoir des Voyages<\/a>, voyage inclus (27 heures d&rsquo;avion avec escale, \u00e0 l&rsquo;aller comme au retour) : r\u00e9alit\u00e9 des voyages de presse, on dort peu, on court beaucoup, on a une tonne de boulot avant de partir, une tonne de boulot en revenant, des d\u00e9penses pas vraiment pr\u00e9vues (400 euros pour le moment pour la Tanzanie, ouch !). Mais on en prend plein les yeux et plein le coeur, aussi&#8230;\u00a0Oui,\u00a0c&rsquo;est clairement un euph\u00e9misme ! Concr\u00e8tement, je ne sais pas trop si je pourrais vous livrer mes impressions en direct : d&rsquo;apr\u00e8s ce que j&rsquo;ai compris, la connexion aux internets est plut\u00f4t du genre sporadique, l\u00e0 bas. Mais vous savez quoi ? Je suis limite contente de faire une mini d\u00e9tox digitale ! (Ouais bon, on en reparle).<\/p>\n<p>Pour l&rsquo;heure&#8230;. nouvelle semaine, nouveaux coups de coeur ! Cette semaine, j&rsquo;aime :<\/p>\n<h2 class=\"stabylo\">Pro\u00eames de Paris<\/h2>\n<p><a href=\"https:\/\/www.deedeeparis.com\/blog\/wp-content\/uploads\/2016\/05\/t-shirt-en-francais-dans-le-texte-.jpg\"><img loading=\"lazy\" decoding=\"async\" class=\"wp-image-39976 aligncenter\" src=\"https:\/\/www.deedeeparis.com\/blog\/wp-content\/uploads\/2016\/05\/t-shirt-en-francais-dans-le-texte--600x800.jpg\" alt=\"t-shirt-en-francais-dans-le-texte-\" width=\"849\" height=\"1132\" srcset=\"https:\/\/www.deedeeparis.com\/blog\/wp-content\/uploads\/2016\/05\/t-shirt-en-francais-dans-le-texte--600x800.jpg 600w, https:\/\/www.deedeeparis.com\/blog\/wp-content\/uploads\/2016\/05\/t-shirt-en-francais-dans-le-texte--768x1024.jpg 768w, https:\/\/www.deedeeparis.com\/blog\/wp-content\/uploads\/2016\/05\/t-shirt-en-francais-dans-le-texte-.jpg 1050w\" sizes=\"auto, (max-width: 849px) 100vw, 849px\" \/><\/a><\/p>\n<p>HAN. Je suis raide dingue de cette petite p\u00e9pite de label cr\u00e9\u00e9 par\u00a0Marion Gauban Cammas,\u00a0ancienne premi\u00e8re assistante de Jean Charles De Castelbajac. Excusez du peu. Son but ? Fusionner commun et hors-du-commun gr\u00e2ce \u00e0 des cr\u00e9ations \u00e0 la fois simples et sophistiqu\u00e9es, compatibles avec un emploi du temps souvent enclin \u00e0 faire le grand \u00e9cart. <a href=\"http:\/\/www.proemesdeparis.com\/\" target=\"_blank\">Pro\u00eames de Paris<\/a>, retenez bien ce nom ! Merci Live pour la d\u00e9couverte ^^<\/p>\n<div class=\"vls-gf-album vls-gf-album-metro no-js vls-gf-album-info-none\" data-vls-gf-album-id=\"39977\" data-vls-gf-total-pages=\"1\" data-vls-gf-aspect-ratio=\"1.5\" data-vls-gf-horizontal-spacing=\"10\" data-vls-gf-vertical-spacing=\"10\" data-vls-gf-column-count=\"2\"><div class=\"vls-gf-thumbnail-container\"><div class=\"vls-gf-page \" data-vls-gf-page-no=\"1\"><div\n            class=\"vls-gf-item\"\n            data-vls-gf-image-aspect=\"0.75\"\n            data-vls-gf-width=\"1\"\n            data-vls-gf-height=\"2\"\n            data-vls-gf-col=\"0\"\n            data-vls-gf-row=\"0\"\n            style=\"margin-bottom: 10px;\"><a href=\"https:\/\/www.deedeeparis.com\/blog\/wp-content\/gf-uploads\/2016\/05\/jupe-vichy-shebam-.jpg\" \t\t        \t\t        ><img decoding=\"async\"\n                    class=\"vls-gf-wide\"\n                    src=\"https:\/\/www.deedeeparis.com\/blog\/wp-content\/gf-uploads\/2016\/05\/preview-m\/jupe-vichy-shebam-.jpg?1463905668\"                     alt=\"\"\/><div class=\"vls-gf-info-back\"><h2 class=\"vls-gf-info-caption\"\n\t\t                >\n\t\t                jupe-vichy-shebam-\t                <\/h2><h2 class=\"vls-gf-info-description\"\n\t\t                ><\/h2><\/div><\/a><\/div><div\n            class=\"vls-gf-item\"\n            data-vls-gf-image-aspect=\"0.75\"\n            data-vls-gf-width=\"1\"\n            data-vls-gf-height=\"1\"\n            data-vls-gf-col=\"1\"\n            data-vls-gf-row=\"0\"\n            style=\"margin-bottom: 10px;\"><a href=\"https:\/\/www.deedeeparis.com\/blog\/wp-content\/gf-uploads\/2016\/05\/sweatshirt-court-shebam-.jpg\" \t\t        \t\t        ><img decoding=\"async\"\n                    class=\"vls-gf-tall\"\n                    src=\"https:\/\/www.deedeeparis.com\/blog\/wp-content\/gf-uploads\/2016\/05\/preview-m\/sweatshirt-court-shebam-.jpg?1463905665\"                     alt=\"\"\/><div class=\"vls-gf-info-back\"><h2 class=\"vls-gf-info-caption\"\n\t\t                >\n\t\t                sweatshirt-court-shebam-\t                <\/h2><h2 class=\"vls-gf-info-description\"\n\t\t                ><\/h2><\/div><\/a><\/div><div\n            class=\"vls-gf-item\"\n            data-vls-gf-image-aspect=\"0.75\"\n            data-vls-gf-width=\"1\"\n            data-vls-gf-height=\"1\"\n            data-vls-gf-col=\"1\"\n            data-vls-gf-row=\"1\"\n            style=\"margin-bottom: 10px;\"><a href=\"https:\/\/www.deedeeparis.com\/blog\/wp-content\/gf-uploads\/2016\/05\/t-shirt-proemes-de-paris-x-bic-4-couleurs.jpg\" \t\t        \t\t        ><img decoding=\"async\"\n                    class=\"vls-gf-tall\"\n                    src=\"https:\/\/www.deedeeparis.com\/blog\/wp-content\/gf-uploads\/2016\/05\/preview-m\/t-shirt-proemes-de-paris-x-bic-4-couleurs.jpg?1463905667\"                     alt=\"\"\/><div class=\"vls-gf-info-back\"><h2 class=\"vls-gf-info-caption\"\n\t\t                >\n\t\t                t-shirt-proemes-de-paris-x-bic-4-couleurs\t                <\/h2><h2 class=\"vls-gf-info-description\"\n\t\t                ><\/h2><\/div><\/a><\/div><\/div><\/div><\/div>\n<h2 class=\"stabylo\">Martin Montagut x\u00a0A Paris chez Antoinette Poisson<\/h2>\n<p><a href=\"https:\/\/www.deedeeparis.com\/blog\/wp-content\/uploads\/2016\/05\/img_4367-870x730.jpg\"><img loading=\"lazy\" decoding=\"async\" class=\"wp-image-39986 aligncenter\" src=\"https:\/\/www.deedeeparis.com\/blog\/wp-content\/uploads\/2016\/05\/img_4367-870x730-600x503.jpg\" alt=\"img_4367-870x730\" width=\"905\" height=\"759\" srcset=\"https:\/\/www.deedeeparis.com\/blog\/wp-content\/uploads\/2016\/05\/img_4367-870x730-600x503.jpg 600w, https:\/\/www.deedeeparis.com\/blog\/wp-content\/uploads\/2016\/05\/img_4367-870x730-768x644.jpg 768w, https:\/\/www.deedeeparis.com\/blog\/wp-content\/uploads\/2016\/05\/img_4367-870x730.jpg 870w\" sizes=\"auto, (max-width: 905px) 100vw, 905px\" \/><\/a><\/p>\n<p>Je suis raide dingue et secr\u00e8tement un peu jalouse des <a href=\"http:\/\/bit.ly\/1U6A5zf\" target=\"_blank\">city guides<\/a> cr\u00e9es par <a href=\"http:\/\/www.marinmontagut.com\/\" target=\"_blank\">Martin Montagut<\/a>. Lequel signe une collaboration avec <a href=\"http:\/\/www.antoinettepoisson.com\/\" target=\"_blank\">A Paris chez Antoinette Poisson<\/a>, une entreprise parisienne\u00a0de cr\u00e9ation et d\u2019\u00e9dition de papiers peints dominot\u00e9s,\u00a0fabriqu\u00e9s \u00e0 la main dans le respect des techniques du XVIII\u00e8me si\u00e8cle que vous avez probablement d\u00e9couvert via <a href=\"http:\/\/bit.ly\/1TAKKqa\" target=\"_blank\">S\u00e9zane<\/a> (\u00e7a va, vous suivez ?).<\/p>\n<p>Or donc, Martin Montagut et A Paris chez Antoinette Poisson proposent trois\u00a0cartes murales d\u00e9coratives des trois jardins favoris de l&rsquo;auteur : Jardin du Luxembourg, Jardin des Tuileries et Jardin des Plantes. #want.<\/p>\n<h2 class=\"stabylo\">Bloom, la nouvelle collection sign\u00e9e Heimstone<\/h2>\n<p>Des couleurs r\u00e9jouissantes (ce vert !), des imprim\u00e9s qui ne le sont pas moins (ces hame\u00e7ons !), des coupes parfaites : la nouvelle collection Heimstone est archi d\u00e9sirable, la preuve en images :<\/p>\n<p><iframe loading=\"lazy\" src=\"https:\/\/player.vimeo.com\/video\/164550670\" width=\"1000\" height=\"563\" frameborder=\"0\" allowfullscreen=\"allowfullscreen\"><\/iframe><\/p>\n<h2 class=\"stabylo\">La routine beaut\u00e9 de la parisienne<\/h2>\n<p>Je ris, je ne pouvais pas m&#8217;emp\u00eacher de partager cette vid\u00e9o avec vous ! C&rsquo;est-\u00e0-dire que chaque ann\u00e9e \u00e0 la m\u00eame p\u00e9riode, je me dis que quand m\u00eame, il faudrait que je fasse du sport. Rapport que si <a href=\"https:\/\/www.deedeeparis.com\/blog\/tag\/avis-icoone\" target=\"_blank\">Insaf<\/a> peut quelque chose pour l&rsquo;aspect du cuissot, elle ne peut pas grand chose pour sa fermet\u00e9. Pas de doute, il faut que je me bouge&#8230; ! Et puis, comme d&rsquo;hab, le temps passe, je ne trouve ni la motivation, ni le temps, ni l&rsquo;argent (mais toujours autant d&rsquo;excuses) pour zapper. De toutes fa\u00e7ons, le maillot dure au mieux 15 jours d&rsquo;affil\u00e9es, et c&rsquo;est la mode des robes longues. Si je suis de mauvaise foi ? Pas du tout. Et je suis pas la seule, donc :<\/p>\n<p><iframe loading=\"lazy\" src=\"\/\/www.dailymotion.com\/embed\/video\/x492itc\" width=\"1000\" height=\"563\" frameborder=\"0\" allowfullscreen=\"allowfullscreen\"><\/iframe><\/p>\n<p>&nbsp;<\/p>\n<h2 class=\"stabylo\">Skin Checker, la campagne de pr\u00e9vention anti m\u00e9lanome de La Roche Posay<\/h2>\n<p><a href=\"https:\/\/www.deedeeparis.com\/blog\/wp-content\/uploads\/2016\/05\/michael-kennedy1.jpg\"><img loading=\"lazy\" decoding=\"async\" class=\"wp-image-39990 aligncenter\" src=\"https:\/\/www.deedeeparis.com\/blog\/wp-content\/uploads\/2016\/05\/michael-kennedy1-600x832.jpg\" alt=\"Moore Park SupaCentre\" width=\"769\" height=\"1066\" srcset=\"https:\/\/www.deedeeparis.com\/blog\/wp-content\/uploads\/2016\/05\/michael-kennedy1-600x832.jpg 600w, https:\/\/www.deedeeparis.com\/blog\/wp-content\/uploads\/2016\/05\/michael-kennedy1-768x1064.jpg 768w, https:\/\/www.deedeeparis.com\/blog\/wp-content\/uploads\/2016\/05\/michael-kennedy1-739x1024.jpg 739w, https:\/\/www.deedeeparis.com\/blog\/wp-content\/uploads\/2016\/05\/michael-kennedy1.jpg 850w\" sizes=\"auto, (max-width: 769px) 100vw, 769px\" \/><\/a><\/p>\n<p style=\"text-align: center;\"><em>\u00a9 Photo Michael Kennedy<\/em><\/p>\n<p>Parce que chaque ann\u00e9e,\u00a0200 000 nouveaux cas de m\u00e9lanomes sont diagnostiqu\u00e9s dans le monde (<a href=\"http:\/\/soisbelleetparle.fr\/le-grain\/\" target=\"_blank\">on en connait<\/a> !), La Roche-Posay relance sa <a href=\"http:\/\/www.laroche-posay.fr\/article\/protege-ta-peau-accueil\/a25379.aspx\" target=\"_blank\">campagne de pr\u00e9vention<\/a> pour encourager chacun \u00e0 garder un \u0153il sur les grains de beaut\u00e9 de ses proches. Utile, quand on sait que <strong>d\u00e9tect\u00e9s \u00e0 temps, 90% des cancers cutan\u00e9s peuvent \u00eatre trait\u00e9s<\/strong> mais que\u00a0pr\u00e8s de 4 Fran\u00e7ais sur 10 n\u2019ont jamais vu de dermatologue pour un examen cutan\u00e9&#8230; !\u00a0Au programme : une m\u00e9thode facile pour apprendre \u00e0 surveiller ses grains de beaut\u00e9 et des conseils pour adopter les bons gestes au soleil. Utile, je le r\u00e9p\u00e8te !<\/p>\n<h2 class=\"stabylo\">Fais-le toi-m\u00eame : un porte revue de compet<\/h2>\n<p><a href=\"https:\/\/www.deedeeparis.com\/blog\/wp-content\/uploads\/2016\/05\/ispydiy_magazinerack6.jpg\"><img loading=\"lazy\" decoding=\"async\" class=\"wp-image-39992 aligncenter\" src=\"https:\/\/www.deedeeparis.com\/blog\/wp-content\/uploads\/2016\/05\/ispydiy_magazinerack6-600x860.jpg\" alt=\"ispydiy_magazinerack6\" width=\"865\" height=\"1240\" srcset=\"https:\/\/www.deedeeparis.com\/blog\/wp-content\/uploads\/2016\/05\/ispydiy_magazinerack6-600x860.jpg 600w, https:\/\/www.deedeeparis.com\/blog\/wp-content\/uploads\/2016\/05\/ispydiy_magazinerack6.jpg 680w\" sizes=\"auto, (max-width: 865px) 100vw, 865px\" \/><\/a><\/p>\n<p>C&rsquo;est-\u00e0-dire que chez moi, la presse s&rsquo;entasse jusqu&rsquo;\u00e0 ce que monsieur p\u00e8te une pile et me demande de faire le tri. Ou que ladite pile s&rsquo;\u00e9croule&#8230; Pour y rem\u00e9dier, il faudrait peut \u00eatre 1. que j&rsquo;ach\u00e8te moins de presse (franchement, je me demande toujours pourquoi je continue \u00e0 acheter Grazia et ELLE&#8230;) et que j&rsquo;en ach\u00e8te mieux et 2. que je sois un peu plus organis\u00e9e. En les classant dans un porte-revue, donc. Celui-ci, spott\u00e9 sur <a href=\"http:\/\/ispydiy.com\/2015\/09\/25\/my-diy-cotton-fabric-copper-wood-magazine-holder\/\" target=\"_blank\">I spy DIY<\/a> me para\u00eet particuli\u00e8rement indiqu\u00e9 !<\/p>\n<h2 class=\"stabylo\">Strange Milk &#8211; Yin Yang<\/h2>\n<p>Le bon son de la semaine, c&rsquo;est ce Yin Yang de Strange Milk, un groupe\u00a0de lyonnais qui cr\u00e9e cette pop psych\u00e9d\u00e9lique aux accents\u00a0de\u00a0Velvet Underground. Montez le son !<\/p>\n<p><iframe loading=\"lazy\" src=\"https:\/\/www.youtube.com\/embed\/uhjODZNeHqU\" width=\"1000\" height=\"563\" frameborder=\"0\" allowfullscreen=\"allowfullscreen\"><\/iframe><\/p>\n<p>Voil\u00e0, c&rsquo;est tout pour aujourd&rsquo;hui. Soyez sages, je reviens vite (enfin j&rsquo;esp\u00e8re !) et Sonia est l\u00e0, qui veille au grain \ud83d\ude42 Joyeux lundi, oh ouiiiii !<\/p>\n","protected":false},"excerpt":{"rendered":"<p>Bonjour vous ! A l&rsquo;heure o\u00f9 je pr\u00e9pare cette Week List, je suis un peu en mode excitation g\u00e9n\u00e9rale : dans quelques heures \u00e0 peine, je m&rsquo;envole pour&#8230; La Tanzanie ! Evidemment, il me reste un millier de choses \u00e0 faire, et cette sensation oppressante que je vais forc\u00e9ment oublier quelque chose d&rsquo;important ne me [&hellip;]<\/p>\n","protected":false},"author":2,"featured_media":39996,"comment_status":"open","ping_status":"open","sticky":false,"template":"","format":"standard","meta":{"_acf_changed":false,"footnotes":""},"categories":[8],"tags":[8040,1641,1269,8037,8039,8038,5359],"class_list":["post-39972","post","type-post","status-publish","format-standard","has-post-thumbnail","hentry","category-chroniques-de-paris","tag-a-paris-chez-antoinette-poisson","tag-adresses-paris","tag-city-guide-paris","tag-heismtone","tag-martin-montagut","tag-proemes-de-paris","tag-sezane"],"acf":[],"geo":null,"_links":{"self":[{"href":"https:\/\/www.deedeeparis.com\/blog\/wp-json\/wp\/v2\/posts\/39972","targetHints":{"allow":["GET"]}}],"collection":[{"href":"https:\/\/www.deedeeparis.com\/blog\/wp-json\/wp\/v2\/posts"}],"about":[{"href":"https:\/\/www.deedeeparis.com\/blog\/wp-json\/wp\/v2\/types\/post"}],"author":[{"embeddable":true,"href":"https:\/\/www.deedeeparis.com\/blog\/wp-json\/wp\/v2\/users\/2"}],"replies":[{"embeddable":true,"href":"https:\/\/www.deedeeparis.com\/blog\/wp-json\/wp\/v2\/comments?post=39972"}],"version-history":[{"count":12,"href":"https:\/\/www.deedeeparis.com\/blog\/wp-json\/wp\/v2\/posts\/39972\/revisions"}],"predecessor-version":[{"id":39995,"href":"https:\/\/www.deedeeparis.com\/blog\/wp-json\/wp\/v2\/posts\/39972\/revisions\/39995"}],"wp:featuredmedia":[{"embeddable":true,"href":"https:\/\/www.deedeeparis.com\/blog\/wp-json\/wp\/v2\/media\/39996"}],"wp:attachment":[{"href":"https:\/\/www.deedeeparis.com\/blog\/wp-json\/wp\/v2\/media?parent=39972"}],"wp:term":[{"taxonomy":"category","embeddable":true,"href":"https:\/\/www.deedeeparis.com\/blog\/wp-json\/wp\/v2\/categories?post=39972"},{"taxonomy":"post_tag","embeddable":true,"href":"https:\/\/www.deedeeparis.com\/blog\/wp-json\/wp\/v2\/tags?post=39972"}],"curies":[{"name":"wp","href":"https:\/\/api.w.org\/{rel}","templated":true}]}}