{"id":41874,"date":"2016-07-06T07:03:45","date_gmt":"2016-07-06T05:03:45","guid":{"rendered":"https:\/\/www.deedeeparis.com\/blog\/?p=41874"},"modified":"2016-07-06T08:50:39","modified_gmt":"2016-07-06T06:50:39","slug":"au-vert","status":"publish","type":"post","link":"https:\/\/www.deedeeparis.com\/blog\/au-vert","title":{"rendered":"Au vert&#8230;"},"content":{"rendered":"<p><a href=\"https:\/\/www.deedeeparis.com\/blog\/wp-content\/uploads\/2016\/07\/Robe-Tara-Jarmon-2.jpg\"><img loading=\"lazy\" decoding=\"async\" class=\"aligncenter wp-image-41875\" src=\"https:\/\/www.deedeeparis.com\/blog\/wp-content\/uploads\/2016\/07\/Robe-Tara-Jarmon-2-600x400.jpg\" alt=\"Robe-Tara-Jarmon-2\" width=\"1018\" height=\"678\" srcset=\"https:\/\/www.deedeeparis.com\/blog\/wp-content\/uploads\/2016\/07\/Robe-Tara-Jarmon-2-600x400.jpg 600w, https:\/\/www.deedeeparis.com\/blog\/wp-content\/uploads\/2016\/07\/Robe-Tara-Jarmon-2-768x512.jpg 768w, https:\/\/www.deedeeparis.com\/blog\/wp-content\/uploads\/2016\/07\/Robe-Tara-Jarmon-2-1024x682.jpg 1024w, https:\/\/www.deedeeparis.com\/blog\/wp-content\/uploads\/2016\/07\/Robe-Tara-Jarmon-2.jpg 1100w\" sizes=\"auto, (max-width: 1018px) 100vw, 1018px\" \/><\/a><\/p>\n<p style=\"text-align: center;\"><em>Photos<\/em>\u00a0<em><a href=\"http:\/\/mpbh.fr\/\" target=\"_blank\">Marie-Paola Bertrand-Hillion<\/a>\u00a0\u00a0<\/em><\/p>\n<p>Ah oui, non, je ne me suis pas encore mise au vert (bient\u00f4ooot !), je parle plut\u00f4t du vert parisien, le vert des squares et autres parcs publics. Ce jour du shooting, quelque part d\u00e9but juin, il faisait exceptionnellement beau&#8230; nous n&rsquo;avions pas encore conscience que ce serait un des seuls jours vol\u00e9s \u00e0 l&rsquo;\u00e9t\u00e9 \u00e0 Paris, si j&rsquo;aurais su, j&rsquo;en aurais beaucoup plus profit\u00e9 !<\/p>\n<p>Or donc, je suis en amour pour cette robe, emprunt\u00e9e\u00a0\u00e0 la marque initialement pour Cannes. Sauf qu&rsquo;il faisait moche, \u00e0 Cannes (aussi&#8230;). Du coup, je l&rsquo;ai gard\u00e9e un peu plus longtemps pour pouvoir l&rsquo;immortaliser : c&rsquo;est-\u00e0-dire que j&rsquo;ai un probl\u00e8me avec les robes blanches, je crois. On ne peut pas vraiment dire que cela rehausse mon teint, non, on serait plut\u00f4t sur du ton sur ton ! Mais enfin je ne sais pas, je voue une passion aux petites robes blanches sans faille, contrairement aux petites robes noires que j&rsquo;abhorre. Un chapeau et des compens\u00e9es pour parfaire le tout eh hop, on peut encore croire \u00e0 l&rsquo;\u00e9t\u00e9, un peu.. !<\/p>\n<div class=\"vls-gf-album vls-gf-album-metro no-js vls-gf-album-info-none\" data-vls-gf-album-id=\"41877\" data-vls-gf-total-pages=\"1\" data-vls-gf-aspect-ratio=\"1.5\" data-vls-gf-horizontal-spacing=\"10\" data-vls-gf-vertical-spacing=\"10\" data-vls-gf-column-count=\"4\"><div class=\"vls-gf-thumbnail-container\"><div class=\"vls-gf-page \" data-vls-gf-page-no=\"1\"><div\n            class=\"vls-gf-item\"\n            data-vls-gf-image-aspect=\"1.5009380863039\"\n            data-vls-gf-width=\"2\"\n            data-vls-gf-height=\"2\"\n            data-vls-gf-col=\"0\"\n            data-vls-gf-row=\"0\"\n            style=\"margin-bottom: 10px;\"><a href=\"https:\/\/www.deedeeparis.com\/blog\/wp-content\/gf-uploads\/2016\/07\/Robe-Tara-Jarmon-6.jpg\" \t\t        \t\t        ><img decoding=\"async\"\n                    class=\"vls-gf-wide\"\n                    src=\"https:\/\/www.deedeeparis.com\/blog\/wp-content\/gf-uploads\/2016\/07\/preview-m\/Robe-Tara-Jarmon-6.jpg?1467717940\"                     alt=\"\"\/><div class=\"vls-gf-info-back\"><h2 class=\"vls-gf-info-caption\"\n\t\t                >\n\t\t                Robe-Tara-Jarmon-6\t                <\/h2><h2 class=\"vls-gf-info-description\"\n\t\t                ><\/h2><\/div><\/a><\/div><div\n            class=\"vls-gf-item\"\n            data-vls-gf-image-aspect=\"1.5009380863039\"\n            data-vls-gf-width=\"2\"\n            data-vls-gf-height=\"2\"\n            data-vls-gf-col=\"2\"\n            data-vls-gf-row=\"0\"\n            style=\"margin-bottom: 10px;\"><a href=\"https:\/\/www.deedeeparis.com\/blog\/wp-content\/gf-uploads\/2016\/07\/Robe-Tara-Jarmon-5.jpg\" \t\t        \t\t        ><img decoding=\"async\"\n                    class=\"vls-gf-wide\"\n                    src=\"https:\/\/www.deedeeparis.com\/blog\/wp-content\/gf-uploads\/2016\/07\/preview-m\/Robe-Tara-Jarmon-5.jpg?1467717952\"                     alt=\"\"\/><div class=\"vls-gf-info-back\"><h2 class=\"vls-gf-info-caption\"\n\t\t                >\n\t\t                Robe-Tara-Jarmon-5\t                <\/h2><h2 class=\"vls-gf-info-description\"\n\t\t                ><\/h2><\/div><\/a><\/div><div\n            class=\"vls-gf-item\"\n            data-vls-gf-image-aspect=\"0.66625\"\n            data-vls-gf-width=\"2\"\n            data-vls-gf-height=\"4\"\n            data-vls-gf-col=\"0\"\n            data-vls-gf-row=\"2\"\n            style=\"margin-bottom: 10px;\"><a href=\"https:\/\/www.deedeeparis.com\/blog\/wp-content\/gf-uploads\/2016\/07\/Robe-Tara-Jarmon.jpg\" \t\t        \t\t        ><img decoding=\"async\"\n                    class=\"vls-gf-tall\"\n                    src=\"https:\/\/www.deedeeparis.com\/blog\/wp-content\/gf-uploads\/2016\/07\/preview-m\/Robe-Tara-Jarmon.jpg?1467718021\"                     alt=\"\"\/><div class=\"vls-gf-info-back\"><h2 class=\"vls-gf-info-caption\"\n\t\t                >\n\t\t                Robe-Tara-Jarmon\t                <\/h2><h2 class=\"vls-gf-info-description\"\n\t\t                ><\/h2><\/div><\/a><\/div><div\n            class=\"vls-gf-item\"\n            data-vls-gf-image-aspect=\"1.5009380863039\"\n            data-vls-gf-width=\"2\"\n            data-vls-gf-height=\"2\"\n            data-vls-gf-col=\"2\"\n            data-vls-gf-row=\"2\"\n            style=\"margin-bottom: 10px;\"><a href=\"https:\/\/www.deedeeparis.com\/blog\/wp-content\/gf-uploads\/2016\/07\/Robe-Tara-Jarmon-1.jpg\" \t\t        \t\t        ><img decoding=\"async\"\n                    class=\"vls-gf-wide\"\n                    src=\"https:\/\/www.deedeeparis.com\/blog\/wp-content\/gf-uploads\/2016\/07\/preview-m\/Robe-Tara-Jarmon-1.jpg?1467717995\"                     alt=\"\"\/><div class=\"vls-gf-info-back\"><h2 class=\"vls-gf-info-caption\"\n\t\t                >\n\t\t                Robe-Tara-Jarmon-1\t                <\/h2><h2 class=\"vls-gf-info-description\"\n\t\t                ><\/h2><\/div><\/a><\/div><div\n            class=\"vls-gf-item\"\n            data-vls-gf-image-aspect=\"1.5009380863039\"\n            data-vls-gf-width=\"2\"\n            data-vls-gf-height=\"2\"\n            data-vls-gf-col=\"2\"\n            data-vls-gf-row=\"4\"\n            style=\"margin-bottom: 10px;\"><a href=\"https:\/\/www.deedeeparis.com\/blog\/wp-content\/gf-uploads\/2016\/07\/Robe-Tara-Jarmon-3.jpg\" \t\t        \t\t        ><img decoding=\"async\"\n                    class=\"vls-gf-wide\"\n                    src=\"https:\/\/www.deedeeparis.com\/blog\/wp-content\/gf-uploads\/2016\/07\/preview-m\/Robe-Tara-Jarmon-3.jpg?1467717978\"                     alt=\"\"\/><div class=\"vls-gf-info-back\"><h2 class=\"vls-gf-info-caption\"\n\t\t                >\n\t\t                Robe-Tara-Jarmon-3\t                <\/h2><h2 class=\"vls-gf-info-description\"\n\t\t                ><\/h2><\/div><\/a><\/div><\/div><\/div><\/div>\n<div class=\"credit\"><ul>\n<li><strong>Chapeau<\/strong> <em><a href=\"https:\/\/www.michel-paris.com\/fr\" target=\"_blank\">Maison Michel<\/a> (offert lors de notre vir\u00e9e \u00e0 <a href=\"https:\/\/www.deedeeparis.com\/blog\/chanel-numero-5\" target=\"_blank\">Pegomas<\/a>)\u00a0<\/em><\/li>\n<li><strong>Robe<\/strong> <em><a href=\"http:\/\/www.tarajarmon.com\/fr\/robe-ecru-en-dentelle-florale-11143.html\" target=\"_blank\">Tara Jarmon<\/a> (pr\u00eat)<\/em><\/li>\n<li><strong>Perfecto<\/strong><em> Claudie Pierlot\u00a0<\/em><\/li>\n<li><strong>Espadrilles<\/strong> <em><a href=\"http:\/\/bit.ly\/29i9BMo\" target=\"_blank\">S\u00e9zane<\/a>\u00a0<\/em><\/li>\n<li><strong>SAC<\/strong> <a href=\"http:\/\/www.wearenotparis.com\/fr\/\" target=\"_blank\">WE ARE NOT<\/a><\/li>\n<li><strong>BAGUE<\/strong>\u00a0<a href=\"http:\/\/www.seecollection.com\/univers\/\" target=\"_blank\">S.E.E<\/a>\u00a0\u2013 <strong>BRACELETS<\/strong> <a href=\"http:\/\/www.flodem.com\/\" target=\"_blank\">FLODEM<\/a><\/li>\n<\/ul>\n<\/div>\n","protected":false},"excerpt":{"rendered":"<p>Photos\u00a0Marie-Paola Bertrand-Hillion\u00a0\u00a0 Ah oui, non, je ne me suis pas encore mise au vert (bient\u00f4ooot !), je parle plut\u00f4t du vert parisien, le vert des squares et autres parcs publics. Ce jour du shooting, quelque part d\u00e9but juin, il faisait exceptionnellement beau&#8230; nous n&rsquo;avions pas encore conscience que ce serait un des seuls jours vol\u00e9s [&hellip;]<\/p>\n","protected":false},"author":2,"featured_media":41878,"comment_status":"open","ping_status":"open","sticky":false,"template":"","format":"standard","meta":{"_acf_changed":false,"footnotes":""},"categories":[25],"tags":[8169,1988,5412,8168,1330,8167,7881],"class_list":["post-41874","post","type-post","status-publish","format-standard","has-post-thumbnail","hentry","category-lookbook-mode-a-paris","tag-chapeau-maison-michel","tag-chapeaux","tag-maison-michel","tag-marie-paola-bertrand-hilion","tag-mode-a-paris","tag-tara-jarmon","tag-we-are-not"],"acf":[],"geo":null,"_links":{"self":[{"href":"https:\/\/www.deedeeparis.com\/blog\/wp-json\/wp\/v2\/posts\/41874","targetHints":{"allow":["GET"]}}],"collection":[{"href":"https:\/\/www.deedeeparis.com\/blog\/wp-json\/wp\/v2\/posts"}],"about":[{"href":"https:\/\/www.deedeeparis.com\/blog\/wp-json\/wp\/v2\/types\/post"}],"author":[{"embeddable":true,"href":"https:\/\/www.deedeeparis.com\/blog\/wp-json\/wp\/v2\/users\/2"}],"replies":[{"embeddable":true,"href":"https:\/\/www.deedeeparis.com\/blog\/wp-json\/wp\/v2\/comments?post=41874"}],"version-history":[{"count":11,"href":"https:\/\/www.deedeeparis.com\/blog\/wp-json\/wp\/v2\/posts\/41874\/revisions"}],"predecessor-version":[{"id":41902,"href":"https:\/\/www.deedeeparis.com\/blog\/wp-json\/wp\/v2\/posts\/41874\/revisions\/41902"}],"wp:featuredmedia":[{"embeddable":true,"href":"https:\/\/www.deedeeparis.com\/blog\/wp-json\/wp\/v2\/media\/41878"}],"wp:attachment":[{"href":"https:\/\/www.deedeeparis.com\/blog\/wp-json\/wp\/v2\/media?parent=41874"}],"wp:term":[{"taxonomy":"category","embeddable":true,"href":"https:\/\/www.deedeeparis.com\/blog\/wp-json\/wp\/v2\/categories?post=41874"},{"taxonomy":"post_tag","embeddable":true,"href":"https:\/\/www.deedeeparis.com\/blog\/wp-json\/wp\/v2\/tags?post=41874"}],"curies":[{"name":"wp","href":"https:\/\/api.w.org\/{rel}","templated":true}]}}