{"id":45270,"date":"2016-11-28T09:23:36","date_gmt":"2016-11-28T08:23:36","guid":{"rendered":"https:\/\/www.deedeeparis.com\/blog\/?p=45270"},"modified":"2016-11-28T09:23:36","modified_gmt":"2016-11-28T08:23:36","slug":"ma-week-list-203","status":"publish","type":"post","link":"https:\/\/www.deedeeparis.com\/blog\/ma-week-list-203","title":{"rendered":"Ma Week List #203"},"content":{"rendered":"<p>Hello la compagnie ! Nouvelle semaine&#8230; nouveaux coups de coeur ! Cette semaine, j&rsquo;aime :<\/p>\n<h2 class=\"stabylo\">Libratone<\/h2>\n<p><a href=\"https:\/\/www.deedeeparis.com\/blog\/wp-content\/uploads\/2016\/11\/libratone.jpg\"><img loading=\"lazy\" decoding=\"async\" class=\"aligncenter size-full wp-image-45601\" src=\"https:\/\/www.deedeeparis.com\/blog\/wp-content\/uploads\/2016\/11\/libratone.jpg\" alt=\"libratone\" width=\"1100\" height=\"733\" srcset=\"https:\/\/www.deedeeparis.com\/blog\/wp-content\/uploads\/2016\/11\/libratone.jpg 1100w, https:\/\/www.deedeeparis.com\/blog\/wp-content\/uploads\/2016\/11\/libratone-768x512.jpg 768w, https:\/\/www.deedeeparis.com\/blog\/wp-content\/uploads\/2016\/11\/libratone-600x400.jpg 600w, https:\/\/www.deedeeparis.com\/blog\/wp-content\/uploads\/2016\/11\/libratone-1024x682.jpg 1024w\" sizes=\"auto, (max-width: 1100px) 100vw, 1100px\" \/><\/a><\/p>\n<p>Au rayon des d\u00e9couvertes qui d\u00e9boitent, j&rsquo;ai nomm\u00e9 <a href=\"https:\/\/www.libratone.com\/fr\" target=\"_blank\">Libratone<\/a> ! Je vous en ai parl\u00e9 dans les\u00a0<a href=\"https:\/\/www.deedeeparis.com\/blog\/50-idees-cadeaux-noel-pour-femmes\" target=\"_blank\">id\u00e9es cadeaux<\/a>, mais je ne pouvais d\u00e9cemment pas me cantonner \u00e0 une seule image. Libratone, c\u2019est une marque Danoise cr\u00e9\u00e9e en 2009 qui fabrique des produits audio qui ont le double avantage de combiner le beau et une technologie de pointe. R\u00e9sultat ? Le son est parfaitement restitu\u00e9 \u00e0 travers des casques et enceintes archi d\u00e9sirables. AMOUR. Un exemple ? Le casque <a href=\"https:\/\/www.libratone.com\/fr\/products\/q-adapt-on-ear\" target=\"_blank\">Q Adapt on-ear<\/a>\u00a0au dessus sur la photo, l\u00e0 : on craque d\u2019abord pour son design \u00e0 la simplicit\u00e9 et \u00e0 l\u2019\u00e9l\u00e9gance parfaites. Et on est d\u00e9finitivement s\u00e9duits lorsqu\u2019on l\u2019essaye, gr\u00e2ce \u00e0 son syst\u00e8me intelligent de contr\u00f4le du bruit. Test\u00e9 en pleine soir\u00e9e presse il y a quelques jours avec un bon gros brouhaha en trame de fond, le casque absorbe le bruit pour ne laisser place qu&rsquo;\u00e0 la musique\u2026 Bluffant !<\/p>\n<h2 class=\"stabylo\">Los Angeles, les recettes cultes de Victor Garnier Astorino<\/h2>\n<p><a href=\"https:\/\/www.deedeeparis.com\/blog\/wp-content\/uploads\/2016\/11\/los-angeles-victor-garnier-couv.jpg\"><img loading=\"lazy\" decoding=\"async\" class=\"aligncenter size-full wp-image-45599\" src=\"https:\/\/www.deedeeparis.com\/blog\/wp-content\/uploads\/2016\/11\/los-angeles-victor-garnier-couv.jpg\" alt=\"los-angeles-victor-garnier-couv\" width=\"1100\" height=\"733\" srcset=\"https:\/\/www.deedeeparis.com\/blog\/wp-content\/uploads\/2016\/11\/los-angeles-victor-garnier-couv.jpg 1100w, https:\/\/www.deedeeparis.com\/blog\/wp-content\/uploads\/2016\/11\/los-angeles-victor-garnier-couv-768x512.jpg 768w, https:\/\/www.deedeeparis.com\/blog\/wp-content\/uploads\/2016\/11\/los-angeles-victor-garnier-couv-600x400.jpg 600w, https:\/\/www.deedeeparis.com\/blog\/wp-content\/uploads\/2016\/11\/los-angeles-victor-garnier-couv-1024x682.jpg 1024w\" sizes=\"auto, (max-width: 1100px) 100vw, 1100px\" \/><\/a><\/p>\n<p>Attention p\u00e9pite ! Victor Garnier Astorino, le fondateur des hamburgers gourmets sign\u00e9s\u00a0<a href=\"http:\/\/blendhamburger.com\/\" target=\"_blank\">Blend<\/a>\u00a0(et que vous aviez peut \u00eatre aper\u00e7u il y a quelques mois dans un des <a href=\"https:\/\/www.deedeeparis.com\/blog\/deedeefactory-5-la-derniere-de-la-saison\" target=\"_blank\">DeedeeCast<\/a>) a compil\u00e9 ses passions pour la food et la photographie dans un tr\u00e8s bel ouvrage (oui, c&rsquo;est un euph\u00e9misme !). <a href=\"http:\/\/bit.ly\/2ftmWDz\" target=\"_blank\"><em>Los Angeles, les recettes cultes<\/em><\/a> est ainsi un formidable carnet de voyage servi par des photos incroyables, enti\u00e8rement r\u00e9alis\u00e9es en argentique&#8230; L&rsquo;ouvrage se savoure autant pour les quelques 100 recettes que vous pourrez y d\u00e9nicher que pour la d\u00e9couverte ou la red\u00e9couverte d&rsquo;une ville aux identit\u00e9s multiples et dont la\u00a0cr\u00e9ativit\u00e9 n&rsquo;est de toute \u00e9vidence pas un mythe. Bon app\u00e9tit bien s\u00fbr !<\/p>\n<p><a href=\"https:\/\/www.deedeeparis.com\/blog\/wp-content\/uploads\/2016\/11\/los-angeles-victor-garnier.jpg\"><img loading=\"lazy\" decoding=\"async\" class=\"aligncenter size-full wp-image-45600\" src=\"https:\/\/www.deedeeparis.com\/blog\/wp-content\/uploads\/2016\/11\/los-angeles-victor-garnier.jpg\" alt=\"los-angeles-victor-garnier\" width=\"1100\" height=\"733\" srcset=\"https:\/\/www.deedeeparis.com\/blog\/wp-content\/uploads\/2016\/11\/los-angeles-victor-garnier.jpg 1100w, https:\/\/www.deedeeparis.com\/blog\/wp-content\/uploads\/2016\/11\/los-angeles-victor-garnier-768x512.jpg 768w, https:\/\/www.deedeeparis.com\/blog\/wp-content\/uploads\/2016\/11\/los-angeles-victor-garnier-600x400.jpg 600w, https:\/\/www.deedeeparis.com\/blog\/wp-content\/uploads\/2016\/11\/los-angeles-victor-garnier-1024x682.jpg 1024w\" sizes=\"auto, (max-width: 1100px) 100vw, 1100px\" \/><\/a><\/p>\n<h2 class=\"stabylo\">Gu\u00e9rin Joaillerie<\/h2>\n<p><a href=\"https:\/\/www.deedeeparis.com\/blog\/wp-content\/uploads\/2016\/11\/guerin-joaillerie-4.jpg\"><img loading=\"lazy\" decoding=\"async\" class=\"aligncenter size-full wp-image-45565\" src=\"https:\/\/www.deedeeparis.com\/blog\/wp-content\/uploads\/2016\/11\/guerin-joaillerie-4.jpg\" alt=\"guerin-joaillerie-4\" width=\"600\" height=\"418\" \/><\/a><\/p>\n<p>Si malgr\u00e9 ces excellentes <a href=\"https:\/\/www.deedeeparis.com\/blog\/50-idees-cadeaux-noel-pour-femmes\" target=\"_blank\">id\u00e9es cadeaux<\/a>\u00a0(encoooore !) vous ne trouvez pas l&rsquo;inspiration pour ces f\u00eates de fin d&rsquo;ann\u00e9e, voici une piste suppl\u00e9mentaire : <a href=\"http:\/\/www.guerin.com\/\" target=\"_blank\">Gu\u00e9rin Joaillerie<\/a>. La marque a \u00e9t\u00e9 l&rsquo;une des premi\u00e8res \u00e0 bousculer les codes de la joaillerie en cr\u00e9ant un nouveau concept de boutiques en libre circulation. Elle s\u2019appuie depuis sa cr\u00e9ation en 1969 sur un savoir-faire reconnu pour proposer une joaillerie accessible et d\u00e9complex\u00e9e, imagin\u00e9e au c\u0153ur de ses ateliers du Marais \u00e0 Paris. Depuis quelques semaines, elle a repens\u00e9 son identit\u00e9 et offre une image p\u00e9tillante et color\u00e9e qui renoue avec l&rsquo;audace dont elle a fait preuve \u00e0 ses d\u00e9buts. R\u00e9sultat ? Des pi\u00e8ces de joaillerie accessibles et parfaitement d\u00e9sirables !<\/p>\n<p>(Vous pouvez cliquer sur les images pour voir de plus pr\u00e8s ces petites p\u00e9pites)<\/p>\n<div class=\"vls-gf-album vls-gf-album-grid vls-gf-album-info-none\" data-vls-gf-album-id=\"45550\" data-vls-gf-total-pages=\"1\" style=\"margin-right:-4px;\"><div class=\"vls-gf-thumbnail-container\"><div class=\"vls-gf-page \" data-vls-gf-page-no=\"1\"><div class=\"vls-gf-row\"><div class=\"vls-gf-item vls-gf-item-3\"><div style=\"margin-right:4px; margin-bottom:4px; \"><a href=\"http:\/\/www.guerin.com\/bague-or-blanc-750-avec-diamants-104138.html\" \t\t\t\t\t\t\ttarget=\"_blank\" \t\t\t\t\t\t\t\t\t\t\t\t\t\tstyle=\"padding-top:100%\"><img\n\t\t\t\t\t\t\t\tclass=\"vls-gf-wide\"\n\t\t\t\t\t\t\t\tsrc=\"https:\/\/www.deedeeparis.com\/blog\/wp-content\/gf-uploads\/2016\/11\/preview-m\/guerin-joaillerie-3.jpg?1480264180\" \t\t\t\t\t\t\t\talt=\"\"\/><div class=\"vls-gf-info-back\"><h2 class=\"vls-gf-info-caption\"\n\t\t\t\t\t\t\t\t\t>\n\t\t\t\t\t\t\t\t\tguerin-joaillerie-3\t\t\t\t\t\t\t\t<\/h2><h2 class=\"vls-gf-info-description\"\n\t\t\t\t\t\t\t\t\t>\n\t\t\t\t\t\t\t\t\thttp:\/\/www.guerin.com\/bague-or-blanc-750-avec-diamants-104138.html\t\t\t\t\t\t\t\t<\/h2><\/div><\/a><\/div><\/div><div class=\"vls-gf-item vls-gf-item-3\"><div style=\"margin-right:4px; margin-bottom:4px; \"><a href=\"http:\/\/www.guerin.com\/bague-or-jaune-4885.html\" \t\t\t\t\t\t\ttarget=\"_blank\" \t\t\t\t\t\t\t\t\t\t\t\t\t\tstyle=\"padding-top:100%\"><img\n\t\t\t\t\t\t\t\tclass=\"vls-gf-wide\"\n\t\t\t\t\t\t\t\tsrc=\"https:\/\/www.deedeeparis.com\/blog\/wp-content\/gf-uploads\/2016\/11\/preview-m\/guerin-joaillerie-7.png?1480264797\" \t\t\t\t\t\t\t\talt=\"\"\/><div class=\"vls-gf-info-back\"><h2 class=\"vls-gf-info-caption\"\n\t\t\t\t\t\t\t\t\t>\n\t\t\t\t\t\t\t\t\tguerin-joaillerie-7\t\t\t\t\t\t\t\t<\/h2><h2 class=\"vls-gf-info-description\"\n\t\t\t\t\t\t\t\t\t>\n\t\t\t\t\t\t\t\t\thttp:\/\/www.guerin.com\/bague-or-jaune-4885.html\t\t\t\t\t\t\t\t<\/h2><\/div><\/a><\/div><\/div><div class=\"vls-gf-item vls-gf-item-3\"><div style=\"margin-right:4px; margin-bottom:4px; \"><a href=\"http:\/\/www.guerin.com\/collection-frise-diamants-de-rosee-104016.html\" \t\t\t\t\t\t\ttarget=\"_blank\" \t\t\t\t\t\t\t\t\t\t\t\t\t\tstyle=\"padding-top:100%\"><img\n\t\t\t\t\t\t\t\tclass=\"vls-gf-wide\"\n\t\t\t\t\t\t\t\tsrc=\"https:\/\/www.deedeeparis.com\/blog\/wp-content\/gf-uploads\/2016\/11\/preview-m\/guerin-joaillerie-1.jpg?1480264046\" \t\t\t\t\t\t\t\talt=\"\"\/><div class=\"vls-gf-info-back\"><h2 class=\"vls-gf-info-caption\"\n\t\t\t\t\t\t\t\t\t>\n\t\t\t\t\t\t\t\t\tguerin-joaillerie-1\t\t\t\t\t\t\t\t<\/h2><h2 class=\"vls-gf-info-description\"\n\t\t\t\t\t\t\t\t\t>\n\t\t\t\t\t\t\t\t\thttp:\/\/www.guerin.com\/collection-frise-diamants-de-rosee-104016.html\t\t\t\t\t\t\t\t<\/h2><\/div><\/a><\/div><\/div><\/div><div class=\"vls-gf-row\"><div class=\"vls-gf-item vls-gf-item-3\"><div style=\"margin-right:4px; margin-bottom:4px; \"><a href=\"http:\/\/www.guerin.com\/collection-les-sculpturales-or-24882.html\" \t\t\t\t\t\t\ttarget=\"_blank\" \t\t\t\t\t\t\t\t\t\t\t\t\t\tstyle=\"padding-top:100%\"><img\n\t\t\t\t\t\t\t\tclass=\"vls-gf-wide\"\n\t\t\t\t\t\t\t\tsrc=\"https:\/\/www.deedeeparis.com\/blog\/wp-content\/gf-uploads\/2016\/11\/preview-m\/guerin-joaillerie-5.png?1480264247\" \t\t\t\t\t\t\t\talt=\"\"\/><div class=\"vls-gf-info-back\"><h2 class=\"vls-gf-info-caption\"\n\t\t\t\t\t\t\t\t\t>\n\t\t\t\t\t\t\t\t\tguerin-joaillerie-5\t\t\t\t\t\t\t\t<\/h2><h2 class=\"vls-gf-info-description\"\n\t\t\t\t\t\t\t\t\t>\n\t\t\t\t\t\t\t\t\thttp:\/\/www.guerin.com\/collection-les-sculpturales-or-24882.html\t\t\t\t\t\t\t\t<\/h2><\/div><\/a><\/div><\/div><div class=\"vls-gf-item vls-gf-item-3\"><div style=\"margin-right:4px; margin-bottom:4px; \"><a href=\"http:\/\/www.guerin.com\/collection-frise-diamants-de-rosee-104022.html\" \t\t\t\t\t\t\ttarget=\"_blank\" \t\t\t\t\t\t\t\t\t\t\t\t\t\tstyle=\"padding-top:100%\"><img\n\t\t\t\t\t\t\t\tclass=\"vls-gf-wide\"\n\t\t\t\t\t\t\t\tsrc=\"https:\/\/www.deedeeparis.com\/blog\/wp-content\/gf-uploads\/2016\/11\/preview-m\/guerin-joaillerie-2.jpg?1480264099\" \t\t\t\t\t\t\t\talt=\"\"\/><div class=\"vls-gf-info-back\"><h2 class=\"vls-gf-info-caption\"\n\t\t\t\t\t\t\t\t\t>\n\t\t\t\t\t\t\t\t\tguerin-joaillerie-2\t\t\t\t\t\t\t\t<\/h2><h2 class=\"vls-gf-info-description\"\n\t\t\t\t\t\t\t\t\t>\n\t\t\t\t\t\t\t\t\thttp:\/\/www.guerin.com\/collection-frise-diamants-de-rosee-104022.html\t\t\t\t\t\t\t\t<\/h2><\/div><\/a><\/div><\/div><div class=\"vls-gf-item vls-gf-item-3\"><div style=\"margin-right:4px; margin-bottom:4px; \"><a href=\"http:\/\/www.guerin.com\/jonc-or-blanc-750-avec-diamants-hsi-0-32-carats.html\" \t\t\t\t\t\t\ttarget=\"_blank\" \t\t\t\t\t\t\t\t\t\t\t\t\t\tstyle=\"padding-top:100%\"><img\n\t\t\t\t\t\t\t\tclass=\"vls-gf-wide\"\n\t\t\t\t\t\t\t\tsrc=\"https:\/\/www.deedeeparis.com\/blog\/wp-content\/gf-uploads\/2016\/11\/preview-m\/guerin-joaillerie-6.png?1480264581\" \t\t\t\t\t\t\t\talt=\"\"\/><div class=\"vls-gf-info-back\"><h2 class=\"vls-gf-info-caption\"\n\t\t\t\t\t\t\t\t\t>\n\t\t\t\t\t\t\t\t\tguerin-joaillerie-6\t\t\t\t\t\t\t\t<\/h2><h2 class=\"vls-gf-info-description\"\n\t\t\t\t\t\t\t\t\t>\n\t\t\t\t\t\t\t\t\thttp:\/\/www.guerin.com\/jonc-or-blanc-750-avec-diamants-hsi-0-32-carats.html\t\t\t\t\t\t\t\t<\/h2><\/div><\/a><\/div><\/div><\/div><\/div>\n<\/div><div class=\"vls-gf-clear\"><\/div><\/div>\n<h2 class=\"stabylo\">Octobre<\/h2>\n<p><a href=\"https:\/\/www.deedeeparis.com\/blog\/wp-content\/uploads\/2016\/11\/octobre-sezane-pour-hommes.jpg\"><img loading=\"lazy\" decoding=\"async\" class=\"aligncenter size-full wp-image-45573\" src=\"https:\/\/www.deedeeparis.com\/blog\/wp-content\/uploads\/2016\/11\/octobre-sezane-pour-hommes.jpg\" alt=\"octobre-sezane-pour-hommes\" width=\"1100\" height=\"778\" srcset=\"https:\/\/www.deedeeparis.com\/blog\/wp-content\/uploads\/2016\/11\/octobre-sezane-pour-hommes.jpg 1100w, https:\/\/www.deedeeparis.com\/blog\/wp-content\/uploads\/2016\/11\/octobre-sezane-pour-hommes-768x543.jpg 768w, https:\/\/www.deedeeparis.com\/blog\/wp-content\/uploads\/2016\/11\/octobre-sezane-pour-hommes-600x424.jpg 600w, https:\/\/www.deedeeparis.com\/blog\/wp-content\/uploads\/2016\/11\/octobre-sezane-pour-hommes-1024x724.jpg 1024w\" sizes=\"auto, (max-width: 1100px) 100vw, 1100px\" \/><\/a><\/p>\n<p>Evidemment, comme si nous coller des envies tous les mois \u00e0 nous, les femmes, n&rsquo;\u00e9tait pas suffisant, <a href=\"http:\/\/bit.ly\/2gvkKQD\" target=\"_blank\">S\u00e9zane<\/a> lance son pendant masculin, <a href=\"http:\/\/www.octobre-editions.com\/teasing.aspx\" target=\"_blank\">Octobre<\/a>. Un vestiaire masculin net, sans bavures et parfaitement incarn\u00e9 par l&rsquo;utra talentueux Hugo Sauzay\u00a0: non content d&rsquo;\u00eatre parfaitement photog\u00e9nique, monsieur est aussi\u00a0un architecte d&rsquo;int\u00e9rieur de talent (il a entre autres co-sign\u00e9 la d\u00e9co du tr\u00e8s chouette <a href=\"http:\/\/lepigalle.paris\/\" target=\"_blank\">H\u00f4tel Le Pigalle<\/a>). Essuyez-moi tout de suite ce petit filet de bave, le coeur de monsieur est visiblement pris par une certaine Charlotte de Tonnac. Monde de merde, oui.<\/p>\n<div class=\"vls-gf-album vls-gf-album-metro no-js vls-gf-album-info-none\" data-vls-gf-album-id=\"45574\" data-vls-gf-total-pages=\"1\" data-vls-gf-aspect-ratio=\"1.5\" data-vls-gf-horizontal-spacing=\"10\" data-vls-gf-vertical-spacing=\"10\" data-vls-gf-column-count=\"4\"><div class=\"vls-gf-thumbnail-container\"><div class=\"vls-gf-page \" data-vls-gf-page-no=\"1\"><div\n            class=\"vls-gf-item\"\n            data-vls-gf-image-aspect=\"0.6775\"\n            data-vls-gf-width=\"2\"\n            data-vls-gf-height=\"4\"\n            data-vls-gf-col=\"0\"\n            data-vls-gf-row=\"0\"\n            style=\"margin-bottom: 10px;\"><a href=\"https:\/\/www.deedeeparis.com\/blog\/wp-content\/gf-uploads\/2016\/11\/octobre-sezane-pour-hommes-3.jpg\" \t\t        \t\t        ><img decoding=\"async\"\n                    class=\"vls-gf-tall\"\n                    src=\"https:\/\/www.deedeeparis.com\/blog\/wp-content\/gf-uploads\/2016\/11\/preview-m\/octobre-sezane-pour-hommes-3.jpg?1480267283\"                     alt=\"\"\/><div class=\"vls-gf-info-back\"><h2 class=\"vls-gf-info-caption\"\n\t\t                >\n\t\t                octobre-sezane-pour-hommes-3\t                <\/h2><h2 class=\"vls-gf-info-description\"\n\t\t                ><\/h2><\/div><\/a><\/div><div\n            class=\"vls-gf-item\"\n            data-vls-gf-image-aspect=\"0.6875\"\n            data-vls-gf-width=\"2\"\n            data-vls-gf-height=\"3\"\n            data-vls-gf-col=\"2\"\n            data-vls-gf-row=\"0\"\n            style=\"margin-bottom: 10px;\"><a href=\"https:\/\/www.deedeeparis.com\/blog\/wp-content\/gf-uploads\/2016\/11\/octobre-sezane-pour-hommes-1.jpg\" \t\t        \t\t        ><img decoding=\"async\"\n                    class=\"vls-gf-tall\"\n                    src=\"https:\/\/www.deedeeparis.com\/blog\/wp-content\/gf-uploads\/2016\/11\/preview-m\/octobre-sezane-pour-hommes-1.jpg?1480267285\"                     alt=\"\"\/><div class=\"vls-gf-info-back\"><h2 class=\"vls-gf-info-caption\"\n\t\t                >\n\t\t                octobre-sezane-pour-hommes-1\t                <\/h2><h2 class=\"vls-gf-info-description\"\n\t\t                ><\/h2><\/div><\/a><\/div><div\n            class=\"vls-gf-item\"\n            data-vls-gf-image-aspect=\"0.72875\"\n            data-vls-gf-width=\"2\"\n            data-vls-gf-height=\"3\"\n            data-vls-gf-col=\"2\"\n            data-vls-gf-row=\"3\"\n            style=\"margin-bottom: 10px;\"><a href=\"https:\/\/www.deedeeparis.com\/blog\/wp-content\/gf-uploads\/2016\/11\/octobre-sezane-pour-hommes-2.jpg\" \t\t        \t\t        ><img decoding=\"async\"\n                    class=\"vls-gf-tall\"\n                    src=\"https:\/\/www.deedeeparis.com\/blog\/wp-content\/gf-uploads\/2016\/11\/preview-m\/octobre-sezane-pour-hommes-2.jpg?1480267284\"                     alt=\"\"\/><div class=\"vls-gf-info-back\"><h2 class=\"vls-gf-info-caption\"\n\t\t                >\n\t\t                octobre-sezane-pour-hommes-2\t                <\/h2><h2 class=\"vls-gf-info-description\"\n\t\t                ><\/h2><\/div><\/a><\/div><div\n            class=\"vls-gf-item\"\n            data-vls-gf-image-aspect=\"0.815\"\n            data-vls-gf-width=\"2\"\n            data-vls-gf-height=\"4\"\n            data-vls-gf-col=\"0\"\n            data-vls-gf-row=\"4\"\n            style=\"margin-bottom: 10px;\"><a href=\"https:\/\/www.deedeeparis.com\/blog\/wp-content\/gf-uploads\/2016\/11\/octobre-sezane-pour-hommes-4.jpg\" \t\t        \t\t        ><img decoding=\"async\"\n                    class=\"vls-gf-wide\"\n                    src=\"https:\/\/www.deedeeparis.com\/blog\/wp-content\/gf-uploads\/2016\/11\/preview-m\/octobre-sezane-pour-hommes-4.jpg?1480267282\"                     alt=\"\"\/><div class=\"vls-gf-info-back\"><h2 class=\"vls-gf-info-caption\"\n\t\t                >\n\t\t                octobre-sezane-pour-hommes-4\t                <\/h2><h2 class=\"vls-gf-info-description\"\n\t\t                ><\/h2><\/div><\/a><\/div><div\n            class=\"vls-gf-item\"\n            data-vls-gf-image-aspect=\"1.0854816824966\"\n            data-vls-gf-width=\"2\"\n            data-vls-gf-height=\"2\"\n            data-vls-gf-col=\"2\"\n            data-vls-gf-row=\"6\"\n            style=\"margin-bottom: 10px;\"><a href=\"https:\/\/www.deedeeparis.com\/blog\/wp-content\/gf-uploads\/2016\/11\/octobre-sezane-pour-hommes-5-1.jpg\" \t\t        \t\t        ><img decoding=\"async\"\n                    class=\"vls-gf-tall\"\n                    src=\"https:\/\/www.deedeeparis.com\/blog\/wp-content\/gf-uploads\/2016\/11\/preview-m\/octobre-sezane-pour-hommes-5-1.jpg?1480267456\"                     alt=\"\"\/><div class=\"vls-gf-info-back\"><h2 class=\"vls-gf-info-caption\"\n\t\t                >\n\t\t                octobre-sezane-pour-hommes-5-1\t                <\/h2><h2 class=\"vls-gf-info-description\"\n\t\t                ><\/h2><\/div><\/a><\/div><\/div><\/div><\/div>\n<p>&nbsp;<\/p>\n<h2 class=\"stabylo\">Spotizr<\/h2>\n<p>Il y a peu, je suis pass\u00e9e de Spotify \u00e0 Deezer : je payais le premier 9,90 euros par mois, quand j&rsquo;ai re\u00e7u une offre d&rsquo;abonnement d&rsquo;un an sur Deezer. Y&rsquo;a pas photo, hein. Et donc, j&rsquo;ai switch\u00e9&#8230; et perdu par l\u00e0 m\u00eame l&rsquo;int\u00e9gralit\u00e9 des playlists que je passe un temps infini \u00e0 compiler. J&rsquo;errais donc comme une \u00e2me en peine dans les m\u00e9andres de la musique d\u00e9mat\u00e9rialis\u00e9e quand tout \u00e0 coup, lumi\u00e8re : j&rsquo;ai eu l&rsquo;id\u00e9e de googler \u00ab\u00a0transf\u00e9rer playlists Spotify vers Deezer\u00a0\u00bb. Eh hop <a href=\"http:\/\/spotizr.com\/#\" target=\"_blank\">Spotizr<\/a> m&rsquo;est apparu via <a href=\"http:\/\/www.pcastuces.com\/pratique\/astuces\/4349.htm\" target=\"_blank\">un tuto<\/a> dr\u00f4lement clair. En deux coups de cuill\u00e8res \u00e0 pot, le tour \u00e9tait jou\u00e9 ! Voil\u00e0. Si d&rsquo;aventure vous \u00eates concern\u00e9es par ce changement, vous saurez qu&rsquo;il n&rsquo;y a pas lieu d&rsquo;en faire tout un plat.<\/p>\n<h2 class=\"stabylo\">une bouillotte s\u00e8che<\/h2>\n<p><a href=\"https:\/\/www.deedeeparis.com\/blog\/wp-content\/uploads\/2016\/11\/DIY-nespresso-planter-105-of-110.jpg\"><img loading=\"lazy\" decoding=\"async\" class=\"aligncenter size-full wp-image-45593\" src=\"https:\/\/www.deedeeparis.com\/blog\/wp-content\/uploads\/2016\/11\/DIY-nespresso-planter-105-of-110.jpg\" alt=\"diy-nespresso-planter-105-of-110\" width=\"960\" height=\"1280\" srcset=\"https:\/\/www.deedeeparis.com\/blog\/wp-content\/uploads\/2016\/11\/DIY-nespresso-planter-105-of-110.jpg 960w, https:\/\/www.deedeeparis.com\/blog\/wp-content\/uploads\/2016\/11\/DIY-nespresso-planter-105-of-110-768x1024.jpg 768w, https:\/\/www.deedeeparis.com\/blog\/wp-content\/uploads\/2016\/11\/DIY-nespresso-planter-105-of-110-600x800.jpg 600w\" sizes=\"auto, (max-width: 960px) 100vw, 960px\" \/><\/a><\/p>\n<p>Que faire de ses vieilles capsules de caf\u00e9 ? Des mini pots de fleurs, pardi ! Bon, \u00e0 vrai dire je trouve que \u00e7a prend un peu beaucoup trop de place pour mes mini surfaces, qu&rsquo;elles soient au bureau ou \u00e0 domicile&#8230; Mais apr\u00e8s tout, pourquoi pas. Le tuto est \u00e0 retrouver sur <a href=\"http:\/\/springinfialta.com\/2016\/02\/diy-capsules-nespresso-fleurs\/\" target=\"_blank\">Springinfialta<\/a>.<\/p>\n<h2 class=\"stabylo\">Pegase &#8211; Well Bell<\/h2>\n<p>Oui, je sais, voil\u00e0 deux semaines que je vous sers du P\u00e9gase pour bien commencer la semaine&#8230; Que voulez-vous, quand c&rsquo;est bon, on ne compte pas.<\/p>\n<p><iframe loading=\"lazy\" src=\"https:\/\/www.youtube.com\/embed\/ZVi7vsP5uS0\" width=\"1020\" height=\"574\" frameborder=\"0\" allowfullscreen=\"allowfullscreen\"><\/iframe><\/p>\n<p>Voil\u00e0 c&rsquo;est tout, prenez soin de vous !<\/p>\n","protected":false},"excerpt":{"rendered":"<p>Hello la compagnie ! Nouvelle semaine&#8230; nouveaux coups de coeur ! Cette semaine, j&rsquo;aime : Libratone Au rayon des d\u00e9couvertes qui d\u00e9boitent, j&rsquo;ai nomm\u00e9 Libratone ! Je vous en ai parl\u00e9 dans les\u00a0id\u00e9es cadeaux, mais je ne pouvais d\u00e9cemment pas me cantonner \u00e0 une seule image. Libratone, c\u2019est une marque Danoise cr\u00e9\u00e9e en 2009 qui [&hellip;]<\/p>\n","protected":false},"author":2,"featured_media":45573,"comment_status":"open","ping_status":"open","sticky":false,"template":"","format":"standard","meta":{"_acf_changed":false,"footnotes":""},"categories":[8],"tags":[8526,6074,8521,8525,8524,5359,8522,8523],"class_list":["post-45270","post","type-post","status-publish","format-standard","has-post-thumbnail","hentry","category-chroniques-de-paris","tag-hotel-le-pigalle","tag-idees-cadeaux-femmes","tag-libratone","tag-marque-sezane-pour-hommes","tag-octobre-marque-sezane-pour-hommes","tag-sezane","tag-spotizr","tag-transferer-playlists-spotify-vers-deezer"],"acf":[],"geo":null,"_links":{"self":[{"href":"https:\/\/www.deedeeparis.com\/blog\/wp-json\/wp\/v2\/posts\/45270","targetHints":{"allow":["GET"]}}],"collection":[{"href":"https:\/\/www.deedeeparis.com\/blog\/wp-json\/wp\/v2\/posts"}],"about":[{"href":"https:\/\/www.deedeeparis.com\/blog\/wp-json\/wp\/v2\/types\/post"}],"author":[{"embeddable":true,"href":"https:\/\/www.deedeeparis.com\/blog\/wp-json\/wp\/v2\/users\/2"}],"replies":[{"embeddable":true,"href":"https:\/\/www.deedeeparis.com\/blog\/wp-json\/wp\/v2\/comments?post=45270"}],"version-history":[{"count":18,"href":"https:\/\/www.deedeeparis.com\/blog\/wp-json\/wp\/v2\/posts\/45270\/revisions"}],"predecessor-version":[{"id":45602,"href":"https:\/\/www.deedeeparis.com\/blog\/wp-json\/wp\/v2\/posts\/45270\/revisions\/45602"}],"wp:featuredmedia":[{"embeddable":true,"href":"https:\/\/www.deedeeparis.com\/blog\/wp-json\/wp\/v2\/media\/45573"}],"wp:attachment":[{"href":"https:\/\/www.deedeeparis.com\/blog\/wp-json\/wp\/v2\/media?parent=45270"}],"wp:term":[{"taxonomy":"category","embeddable":true,"href":"https:\/\/www.deedeeparis.com\/blog\/wp-json\/wp\/v2\/categories?post=45270"},{"taxonomy":"post_tag","embeddable":true,"href":"https:\/\/www.deedeeparis.com\/blog\/wp-json\/wp\/v2\/tags?post=45270"}],"curies":[{"name":"wp","href":"https:\/\/api.w.org\/{rel}","templated":true}]}}