{"id":46797,"date":"2017-01-23T07:03:40","date_gmt":"2017-01-23T06:03:40","guid":{"rendered":"https:\/\/www.deedeeparis.com\/blog\/?p=46797"},"modified":"2017-01-22T22:37:43","modified_gmt":"2017-01-22T21:37:43","slug":"ma-week-list-209","status":"publish","type":"post","link":"https:\/\/www.deedeeparis.com\/blog\/ma-week-list-209","title":{"rendered":"Ma Week List #209"},"content":{"rendered":"<p>Bonjour vous ! Nouvelle semaine, nouveaux coups de coeur. Cette semaine, j\u2019aime :<\/p>\n<h2 class=\"stabylo\">Le journal qui fleurit quand on le plante<\/h2>\n<p><a href=\"https:\/\/www.deedeeparis.com\/blog\/wp-content\/uploads\/2017\/01\/Mainichi-journal-japonais-plante_6.jpg\"><img loading=\"lazy\" decoding=\"async\" class=\"aligncenter size-full wp-image-47038\" src=\"https:\/\/www.deedeeparis.com\/blog\/wp-content\/uploads\/2017\/01\/Mainichi-journal-japonais-plante_6.jpg\" alt=\"Mainichi-journal-japonais-plante_6\" width=\"750\" height=\"531\" srcset=\"https:\/\/www.deedeeparis.com\/blog\/wp-content\/uploads\/2017\/01\/Mainichi-journal-japonais-plante_6.jpg 750w, https:\/\/www.deedeeparis.com\/blog\/wp-content\/uploads\/2017\/01\/Mainichi-journal-japonais-plante_6-600x425.jpg 600w\" sizes=\"auto, (max-width: 750px) 100vw, 750px\" \/><\/a><\/p>\n<p>Oui oui, vous avez bien lu : lorsqu&rsquo;on plante Le Mainichi, l\u2019un des plus grands quotidiens japonais, il&#8230; fleurit ! Il suffit pour ce faire de l&rsquo;\u00e9mietter et de l&rsquo;enfouir\u00a0sous une terre l\u00e9g\u00e8rement humide eh hop, quelques semaines plus tard, la magie op\u00e8re :\u00a0roses, coquelicots, mufliers et marguerites sortent de terre.\u00a0En voil\u00e0 une id\u00e9e qu&rsquo;elle est bonne !<\/p>\n<h2 class=\"stabylo\"><b>LA COLLECTION Charlotte Gainsbourg x Nars<\/b><\/h2>\n<p style=\"text-align: center;\"><img loading=\"lazy\" decoding=\"async\" class=\"size-full wp-image-46803 aligncenter\" src=\"https:\/\/www.deedeeparis.com\/blog\/wp-content\/uploads\/2017\/01\/NARS-Matte-Multiple-Stylized-Group-Shot-jpeg.jpg\" alt=\"NARS-Matte-Multiple-Stylized-Group-Shot-jpeg\" width=\"1100\" height=\"769\" srcset=\"https:\/\/www.deedeeparis.com\/blog\/wp-content\/uploads\/2017\/01\/NARS-Matte-Multiple-Stylized-Group-Shot-jpeg.jpg 1100w, https:\/\/www.deedeeparis.com\/blog\/wp-content\/uploads\/2017\/01\/NARS-Matte-Multiple-Stylized-Group-Shot-jpeg-768x537.jpg 768w, https:\/\/www.deedeeparis.com\/blog\/wp-content\/uploads\/2017\/01\/NARS-Matte-Multiple-Stylized-Group-Shot-jpeg-600x419.jpg 600w, https:\/\/www.deedeeparis.com\/blog\/wp-content\/uploads\/2017\/01\/NARS-Matte-Multiple-Stylized-Group-Shot-jpeg-1024x716.jpg 1024w\" sizes=\"auto, (max-width: 1100px) 100vw, 1100px\" \/><\/p>\n<p style=\"text-align: center;\"><em>\u00a9 Collection Nars Multiple Matte &#8211;\u00a0The Style and Beauty Doctor<\/em><\/p>\n<p>Yes, YEs, YES ! La jolie marque de cosm\u00e9tiques Nars a d\u00e9cid\u00e9 de collaborer avec Charlotte Gainsbourg le temps d\u2019une collection capsule, mise en vente d\u00e8s mai prochain. Reconnue pour son style frenchy et d\u00e9contract\u00e9, on ne peut qu\u2019esp\u00e9rer que cette collection refl\u00e8te ses go\u00fbts personnels. Les 18 produits pr\u00e9sent\u00e9s seront ax\u00e9s sur les yeux, le teint et la bouche. Une collaboration pointue qui m\u00e9rite d\u2019\u00eatre suivie de pr\u00e8s !<\/p>\n<h2 class=\"stabylo\"><b>LE jean parfait de S\u00e9zane <\/b><\/h2>\n<p style=\"text-align: center;\"><img loading=\"lazy\" decoding=\"async\" class=\"size-full wp-image-46820 aligncenter\" src=\"https:\/\/www.deedeeparis.com\/blog\/wp-content\/uploads\/2017\/01\/sezane-denim-article-bis.jpg\" alt=\"sezane denim article bis\" width=\"950\" height=\"633\" srcset=\"https:\/\/www.deedeeparis.com\/blog\/wp-content\/uploads\/2017\/01\/sezane-denim-article-bis.jpg 950w, https:\/\/www.deedeeparis.com\/blog\/wp-content\/uploads\/2017\/01\/sezane-denim-article-bis-768x512.jpg 768w, https:\/\/www.deedeeparis.com\/blog\/wp-content\/uploads\/2017\/01\/sezane-denim-article-bis-600x400.jpg 600w\" sizes=\"auto, (max-width: 950px) 100vw, 950px\" \/><\/p>\n<p style=\"text-align: center;\"><em>\u00a9\u00a0<a href=\"http:\/\/bit.ly\/2jDhC6s\" target=\"_blank\">Collection Denim S\u00e9zane<\/a><\/em><\/p>\n<p><span style=\"font-weight: 400;\">On est d&rsquo;accord : trouver LE jean, c\u2019est un peu comme trouver le Graal. La bonne nouvelle, c&rsquo;est que notre <em>beloved\u00a0<\/em>S\u00e9zane lance sa premi\u00e8re collection de jean : apr\u00e8s le succ\u00e8s \u201c001\u201d,\u00a0ce ne sont pas moins de 7\u00a0mod\u00e8les qu&rsquo;on peut shopper depuis hier. Mom Jean, The New Parisien, Brut Sexy ou encore le Slim Parfait, autant de coupes diff\u00e9rentes qui soulignent nos v\u00e9ritables atouts. KEURS.\u00a0<\/span><\/p>\n<div class=\"vls-gf-album vls-gf-album-metro no-js vls-gf-album-info-none\" data-vls-gf-album-id=\"46926\" data-vls-gf-total-pages=\"1\" data-vls-gf-aspect-ratio=\"1\" data-vls-gf-horizontal-spacing=\"10\" data-vls-gf-vertical-spacing=\"10\" data-vls-gf-column-count=\"2\"><div class=\"vls-gf-thumbnail-container\"><div class=\"vls-gf-page \" data-vls-gf-page-no=\"1\"><div\n            class=\"vls-gf-item\"\n            data-vls-gf-image-aspect=\"0.71375\"\n            data-vls-gf-width=\"1\"\n            data-vls-gf-height=\"2\"\n            data-vls-gf-col=\"0\"\n            data-vls-gf-row=\"0\"\n            style=\"margin-bottom: 10px;\"><a href=\"https:\/\/www.deedeeparis.com\/blog\/wp-content\/gf-uploads\/2017\/01\/sezane-denim-girl-friend-3-760x1065.jpg\" \t\t        \t\t        ><img decoding=\"async\"\n                    class=\"vls-gf-wide\"\n                    src=\"https:\/\/www.deedeeparis.com\/blog\/wp-content\/gf-uploads\/2017\/01\/preview-m\/sezane-denim-girl-friend-3-760x1065.jpg?1484842404\"                     alt=\"\"\/><div class=\"vls-gf-info-back\"><h2 class=\"vls-gf-info-caption\"\n\t\t                >\n\t\t                sezane-denim-girl-friend-3-760x1065\t                <\/h2><h2 class=\"vls-gf-info-description\"\n\t\t                ><\/h2><\/div><\/a><\/div><div\n            class=\"vls-gf-item\"\n            data-vls-gf-image-aspect=\"0.71375\"\n            data-vls-gf-width=\"1\"\n            data-vls-gf-height=\"1\"\n            data-vls-gf-col=\"1\"\n            data-vls-gf-row=\"0\"\n            style=\"margin-bottom: 10px;\"><a href=\"https:\/\/www.deedeeparis.com\/blog\/wp-content\/gf-uploads\/2017\/01\/sezane-denim-le-slim-parfait-7-8-2-760x1065.jpg\" \t\t        \t\t        ><img decoding=\"async\"\n                    class=\"vls-gf-tall\"\n                    src=\"https:\/\/www.deedeeparis.com\/blog\/wp-content\/gf-uploads\/2017\/01\/preview-m\/sezane-denim-le-slim-parfait-7-8-2-760x1065.jpg?1484842570\"                     alt=\"\"\/><div class=\"vls-gf-info-back\"><h2 class=\"vls-gf-info-caption\"\n\t\t                >\n\t\t                sezane-denim-le-slim-parfait-7-8-2-760x1065\t                <\/h2><h2 class=\"vls-gf-info-description\"\n\t\t                ><\/h2><\/div><\/a><\/div><div\n            class=\"vls-gf-item\"\n            data-vls-gf-image-aspect=\"0.71375\"\n            data-vls-gf-width=\"1\"\n            data-vls-gf-height=\"2\"\n            data-vls-gf-col=\"1\"\n            data-vls-gf-row=\"1\"\n            style=\"margin-bottom: 10px;\"><a href=\"https:\/\/www.deedeeparis.com\/blog\/wp-content\/gf-uploads\/2017\/01\/sezane-denim-le-slim-parfait-3-760x1065.jpg\" \t\t        \t\t        ><img decoding=\"async\"\n                    class=\"vls-gf-wide\"\n                    src=\"https:\/\/www.deedeeparis.com\/blog\/wp-content\/gf-uploads\/2017\/01\/preview-m\/sezane-denim-le-slim-parfait-3-760x1065.jpg?1484842530\"                     alt=\"\"\/><div class=\"vls-gf-info-back\"><h2 class=\"vls-gf-info-caption\"\n\t\t                >\n\t\t                sezane-denim-le-slim-parfait-3-760x1065\t                <\/h2><h2 class=\"vls-gf-info-description\"\n\t\t                ><\/h2><\/div><\/a><\/div><div\n            class=\"vls-gf-item\"\n            data-vls-gf-image-aspect=\"0.71375\"\n            data-vls-gf-width=\"1\"\n            data-vls-gf-height=\"1\"\n            data-vls-gf-col=\"0\"\n            data-vls-gf-row=\"2\"\n            style=\"margin-bottom: 10px;\"><a href=\"https:\/\/www.deedeeparis.com\/blog\/wp-content\/gf-uploads\/2017\/01\/sezane-denim-parisien.jpg\" \t\t        \t\t        ><img decoding=\"async\"\n                    class=\"vls-gf-tall\"\n                    src=\"https:\/\/www.deedeeparis.com\/blog\/wp-content\/gf-uploads\/2017\/01\/preview-m\/sezane-denim-parisien.jpg?1484842400\"                     alt=\"\"\/><div class=\"vls-gf-info-back\"><h2 class=\"vls-gf-info-caption\"\n\t\t                >\n\t\t                sezane-denim-parisien\t                <\/h2><h2 class=\"vls-gf-info-description\"\n\t\t                ><\/h2><\/div><\/a><\/div><\/div><\/div><\/div>\n<h2 class=\"stabylo\"><b>La collection capsule Veja x Mathilde Cabanas <\/b><\/h2>\n<p><img loading=\"lazy\" decoding=\"async\" class=\"size-full wp-image-46937 aligncenter\" src=\"https:\/\/www.deedeeparis.com\/blog\/wp-content\/uploads\/2017\/01\/veja-x-mathilde-cabanas-bisous.jpg\" alt=\"veja-x-mathilde-cabanas-bisous\" width=\"1100\" height=\"659\" srcset=\"https:\/\/www.deedeeparis.com\/blog\/wp-content\/uploads\/2017\/01\/veja-x-mathilde-cabanas-bisous.jpg 1100w, https:\/\/www.deedeeparis.com\/blog\/wp-content\/uploads\/2017\/01\/veja-x-mathilde-cabanas-bisous-768x460.jpg 768w, https:\/\/www.deedeeparis.com\/blog\/wp-content\/uploads\/2017\/01\/veja-x-mathilde-cabanas-bisous-600x359.jpg 600w, https:\/\/www.deedeeparis.com\/blog\/wp-content\/uploads\/2017\/01\/veja-x-mathilde-cabanas-bisous-1024x613.jpg 1024w\" sizes=\"auto, (max-width: 1100px) 100vw, 1100px\" \/><\/p>\n<p>TADAM ! La marque friendly \u00e9cologique Veja, nous pr\u00e9sente ce mois-ci un nouveau mod\u00e8le. Confectionn\u00e9 \u201clitt\u00e9ralement\u201d avec amour par la g\u00e9niale illustratrice et cr\u00e9atrice <a href=\"http:\/\/www.mcabanas.com\/\" target=\"_blank\">Mathilde Cabanas<\/a>, cet imprim\u00e9 original, appel\u00e9 \u201cBisou\u201d insuffle un brin de positive attitude \u00e0 nos quotidiens. Les deux marques fran\u00e7aises, respectueuses de l\u2019environnement se sont bien trouv\u00e9es et permettent \u00e0 leurs aficionados, de marcher avec style tout en respectant l\u2019environnement. Que demander de mieux ?<\/p>\n<h2 class=\"stabylo\">LE e-shop \u00ab\u00a0label emma\u00fcs\u00a0\u00bb<\/h2>\n<p><img loading=\"lazy\" decoding=\"async\" class=\"size-full wp-image-46832 aligncenter\" src=\"https:\/\/www.deedeeparis.com\/blog\/wp-content\/uploads\/2017\/01\/emmaus-bis-wl.jpg\" alt=\"emmaus bis wl\" width=\"1100\" height=\"619\" srcset=\"https:\/\/www.deedeeparis.com\/blog\/wp-content\/uploads\/2017\/01\/emmaus-bis-wl.jpg 1100w, https:\/\/www.deedeeparis.com\/blog\/wp-content\/uploads\/2017\/01\/emmaus-bis-wl-768x432.jpg 768w, https:\/\/www.deedeeparis.com\/blog\/wp-content\/uploads\/2017\/01\/emmaus-bis-wl-600x338.jpg 600w, https:\/\/www.deedeeparis.com\/blog\/wp-content\/uploads\/2017\/01\/emmaus-bis-wl-1024x576.jpg 1024w\" sizes=\"auto, (max-width: 1100px) 100vw, 1100px\" \/><\/p>\n<p>Depuis le 8 d\u00e9cembre, on peut retrouver tous les tr\u00e9sors d&rsquo;Emma\u00fcs \u00e0 port\u00e9e de clic sur le site de l&rsquo;association, Label Emma\u00fcs. Bonne nouvelle ? Pas s\u00fbr&#8230; quand on voit les prix ! L&rsquo;int\u00e9r\u00eat d&rsquo;Emma\u00fcs est, entre autres, de pouvoir d\u00e9goter des p\u00e9pites \u00e0 moindre co\u00fbt. Les parisiens \u00e9taient d\u00e9j\u00e0 moins bien lotis que les autres, avec des prix largement sup\u00e9rieurs sur Paris. Mauvaise nouvelle, il semblerait que le site se soit align\u00e9 sur les prix de la capitale. C&rsquo;est moi ou ces prix vont un peu \u00e0 l&rsquo;encontre de la politique m\u00eame de l&rsquo;association ?<\/p>\n<h2 class=\"stabylo\">Tisser sa toile avec\u00a0Chiharu Shiota<\/h2>\n<p style=\"text-align: center;\"><img loading=\"lazy\" decoding=\"async\" class=\"size-full wp-image-46798 aligncenter\" src=\"https:\/\/www.deedeeparis.com\/blog\/wp-content\/uploads\/2017\/01\/2057861_chiharu-shiota-tisse-sa-toile-au-bon-marche-web-tete-0211700939431_1000x533p.jpg\" alt=\"2057861_chiharu-shiota-tisse-sa-toile-au-bon-marche-web-tete-0211700939431_1000x533p\" width=\"1000\" height=\"533\" srcset=\"https:\/\/www.deedeeparis.com\/blog\/wp-content\/uploads\/2017\/01\/2057861_chiharu-shiota-tisse-sa-toile-au-bon-marche-web-tete-0211700939431_1000x533p.jpg 1000w, https:\/\/www.deedeeparis.com\/blog\/wp-content\/uploads\/2017\/01\/2057861_chiharu-shiota-tisse-sa-toile-au-bon-marche-web-tete-0211700939431_1000x533p-768x409.jpg 768w, https:\/\/www.deedeeparis.com\/blog\/wp-content\/uploads\/2017\/01\/2057861_chiharu-shiota-tisse-sa-toile-au-bon-marche-web-tete-0211700939431_1000x533p-600x320.jpg 600w\" sizes=\"auto, (max-width: 1000px) 100vw, 1000px\" \/><br \/>\n<em>\u00a9 Gabriel de la Chapelle &#8211; Les Echos\u00a0<\/em><\/p>\n<p><span style=\"font-weight: 400;\">Culture et shopping font parfois bon m\u00e9nage, la preuve, une fois de plus, avec cette expo compl\u00e8tement WOW de\u00a0Chiharu Shiota au Bon March\u00e9. Je vous le confesse, j&rsquo;ai d\u00e9couvert son travail au vernissage de l&rsquo;expo, dimanche soir. je ne sais pas comment vous d\u00e9crire l&rsquo;\u00e9motion que j&rsquo;ai ressenti face \u00e0 ces immenses bateaux tiss\u00e9s et cette question, partout, en filigrane, jusque dans le titre de l&rsquo;exposition :\u201cWhere are we going ?\u201d. Depuis, je consulte compulsivement la moindre info sur l&rsquo;artiste&#8230;<br \/>\nAllez au Bon March\u00e9 voir ces oeuvres, vraiment. Vous avez jusqu&rsquo;au 18 f\u00e9vrier pour ce faire !\u00a0<\/span><\/p>\n<p><img loading=\"lazy\" decoding=\"async\" class=\"size-full wp-image-46799 aligncenter\" src=\"https:\/\/www.deedeeparis.com\/blog\/wp-content\/uploads\/2017\/01\/bon-marche\u0301-.jpg\" alt=\"bon marche\u0301\" width=\"946\" height=\"631\" srcset=\"https:\/\/www.deedeeparis.com\/blog\/wp-content\/uploads\/2017\/01\/bon-marche\u0301-.jpg 946w, https:\/\/www.deedeeparis.com\/blog\/wp-content\/uploads\/2017\/01\/bon-marche\u0301--768x512.jpg 768w, https:\/\/www.deedeeparis.com\/blog\/wp-content\/uploads\/2017\/01\/bon-marche\u0301--600x400.jpg 600w\" sizes=\"auto, (max-width: 946px) 100vw, 946px\" \/><\/p>\n<p style=\"text-align: center;\"><em>\u00a9 Gabriel de la Chapelle &#8211; Les Echos\u00a0<\/em><\/p>\n<p><img loading=\"lazy\" decoding=\"async\" class=\"size-full wp-image-46824 aligncenter\" src=\"https:\/\/www.deedeeparis.com\/blog\/wp-content\/uploads\/2017\/01\/ChiraruShiota1.jpg\" alt=\"ChiraruShiota1\" width=\"900\" height=\"601\" srcset=\"https:\/\/www.deedeeparis.com\/blog\/wp-content\/uploads\/2017\/01\/ChiraruShiota1.jpg 900w, https:\/\/www.deedeeparis.com\/blog\/wp-content\/uploads\/2017\/01\/ChiraruShiota1-768x513.jpg 768w, https:\/\/www.deedeeparis.com\/blog\/wp-content\/uploads\/2017\/01\/ChiraruShiota1-600x401.jpg 600w\" sizes=\"auto, (max-width: 900px) 100vw, 900px\" \/><\/p>\n<p style=\"text-align: center;\"><em>\u00a9 fubiz.net<\/em><\/p>\n<p><img loading=\"lazy\" decoding=\"async\" class=\"size-full wp-image-46818 aligncenter\" src=\"https:\/\/www.deedeeparis.com\/blog\/wp-content\/uploads\/2017\/01\/shiota-bateaux.jpg\" alt=\"shiota bateaux\" width=\"946\" height=\"629\" srcset=\"https:\/\/www.deedeeparis.com\/blog\/wp-content\/uploads\/2017\/01\/shiota-bateaux.jpg 946w, https:\/\/www.deedeeparis.com\/blog\/wp-content\/uploads\/2017\/01\/shiota-bateaux-768x511.jpg 768w, https:\/\/www.deedeeparis.com\/blog\/wp-content\/uploads\/2017\/01\/shiota-bateaux-600x399.jpg 600w\" sizes=\"auto, (max-width: 946px) 100vw, 946px\" \/><\/p>\n<p style=\"text-align: center;\"><em>\u00a9 Paris Match\u00a0<\/em><\/p>\n<h2 class=\"stabylo\">Faites-le vous-m\u00eame : Une etagere \u00ab\u00a0accord\u00e9e\u00a0\u00bb<\/h2>\n<p><img loading=\"lazy\" decoding=\"async\" class=\"size-full wp-image-46812 aligncenter\" src=\"https:\/\/www.deedeeparis.com\/blog\/wp-content\/uploads\/2017\/01\/rope-shelf-tutorial-PS.jpg\" alt=\"rope-shelf-tutorial-PS\" width=\"800\" height=\"534\" srcset=\"https:\/\/www.deedeeparis.com\/blog\/wp-content\/uploads\/2017\/01\/rope-shelf-tutorial-PS.jpg 800w, https:\/\/www.deedeeparis.com\/blog\/wp-content\/uploads\/2017\/01\/rope-shelf-tutorial-PS-768x513.jpg 768w, https:\/\/www.deedeeparis.com\/blog\/wp-content\/uploads\/2017\/01\/rope-shelf-tutorial-PS-600x401.jpg 600w\" sizes=\"auto, (max-width: 800px) 100vw, 800px\" \/><\/p>\n<p><span style=\"font-weight: 400;\">Ok, on le sait toutes. D\u00e8s qu\u2019il s\u2019agit de monter une \u00e9tag\u00e8re ou autre meuble, c\u2019est l\u2019angoisse. Il manque une vis, on ne sait toujours pas lire le su\u00e9dois apr\u00e8s 20 ans de consommation chez IKEA, ou pire on ne trouve jamais ce qu\u2019il nous faut. Et pourtant gr\u00e2ce au tuto DIY de <\/span><a href=\"http:\/\/www.burkatron.com\/2014\/10\/diy-how-to-make-rope-shelving-project.html\"><span style=\"font-weight: 400;\">Burkatron<\/span><\/a><span style=\"font-weight: 400;\">, c\u2019est extr\u00eamement simple. Prenez une planche en bois, un peu de peinture pour rendre le tout plus joli, une corde, eh hop vous obtenez une \u00e9tag\u00e8re !<\/span><\/p>\n<p><img loading=\"lazy\" decoding=\"async\" class=\"size-full wp-image-46807 aligncenter\" src=\"https:\/\/www.deedeeparis.com\/blog\/wp-content\/uploads\/2017\/01\/shelf-diy-rope.jpg\" alt=\"shelf diy rope\" width=\"800\" height=\"1199\" srcset=\"https:\/\/www.deedeeparis.com\/blog\/wp-content\/uploads\/2017\/01\/shelf-diy-rope.jpg 800w, https:\/\/www.deedeeparis.com\/blog\/wp-content\/uploads\/2017\/01\/shelf-diy-rope-768x1151.jpg 768w, https:\/\/www.deedeeparis.com\/blog\/wp-content\/uploads\/2017\/01\/shelf-diy-rope-600x899.jpg 600w, https:\/\/www.deedeeparis.com\/blog\/wp-content\/uploads\/2017\/01\/shelf-diy-rope-683x1024.jpg 683w\" sizes=\"auto, (max-width: 800px) 100vw, 800px\" \/><\/p>\n<p>&nbsp;<\/p>\n<h2 class=\"stabylo\">Voyager de Vitalic<\/h2>\n<p>Tout juste sorti depuis vendredi dernier, <a href=\"http:\/\/www.vitalicvoyager.fr\/\" target=\"_blank\">Voyager, le dernier album de Vitalic<\/a> qui propose une fois de plus une techno matin\u00e9e de disco pour des titres plein de cette \u00e9nergie positive.. Parfait pour bien commencer la semaine !<\/p>\n<p><iframe loading=\"lazy\" src=\"https:\/\/www.youtube.com\/embed\/q8Z674GX45I\" width=\"1020\" height=\"574\" frameborder=\"0\" allowfullscreen=\"allowfullscreen\"><\/iframe><\/p>\n<p>Voil\u00e0, c&rsquo;est tout pour aujourd&rsquo;hui. Prenez soin de vous !<\/p>\n","protected":false},"excerpt":{"rendered":"<p>Bonjour vous ! Nouvelle semaine, nouveaux coups de coeur. Cette semaine, j\u2019aime : Le journal qui fleurit quand on le plante Oui oui, vous avez bien lu : lorsqu&rsquo;on plante Le Mainichi, l\u2019un des plus grands quotidiens japonais, il&#8230; fleurit ! Il suffit pour ce faire de l&rsquo;\u00e9mietter et de l&rsquo;enfouir\u00a0sous une terre l\u00e9g\u00e8rement humide [&hellip;]<\/p>\n","protected":false},"author":26,"featured_media":46798,"comment_status":"open","ping_status":"open","sticky":false,"template":"","format":"standard","meta":{"_acf_changed":false,"footnotes":""},"categories":[8],"tags":[8605,4884,8607,8608,8606],"class_list":["post-46797","post","type-post","status-publish","format-standard","has-post-thumbnail","hentry","category-chroniques-de-paris","tag-charlotte-gainsboug-x-nars","tag-diy","tag-emmaus-e-shop","tag-exposition-bon-marche","tag-sezane-denim"],"acf":[],"geo":null,"_links":{"self":[{"href":"https:\/\/www.deedeeparis.com\/blog\/wp-json\/wp\/v2\/posts\/46797","targetHints":{"allow":["GET"]}}],"collection":[{"href":"https:\/\/www.deedeeparis.com\/blog\/wp-json\/wp\/v2\/posts"}],"about":[{"href":"https:\/\/www.deedeeparis.com\/blog\/wp-json\/wp\/v2\/types\/post"}],"author":[{"embeddable":true,"href":"https:\/\/www.deedeeparis.com\/blog\/wp-json\/wp\/v2\/users\/26"}],"replies":[{"embeddable":true,"href":"https:\/\/www.deedeeparis.com\/blog\/wp-json\/wp\/v2\/comments?post=46797"}],"version-history":[{"count":39,"href":"https:\/\/www.deedeeparis.com\/blog\/wp-json\/wp\/v2\/posts\/46797\/revisions"}],"predecessor-version":[{"id":47039,"href":"https:\/\/www.deedeeparis.com\/blog\/wp-json\/wp\/v2\/posts\/46797\/revisions\/47039"}],"wp:featuredmedia":[{"embeddable":true,"href":"https:\/\/www.deedeeparis.com\/blog\/wp-json\/wp\/v2\/media\/46798"}],"wp:attachment":[{"href":"https:\/\/www.deedeeparis.com\/blog\/wp-json\/wp\/v2\/media?parent=46797"}],"wp:term":[{"taxonomy":"category","embeddable":true,"href":"https:\/\/www.deedeeparis.com\/blog\/wp-json\/wp\/v2\/categories?post=46797"},{"taxonomy":"post_tag","embeddable":true,"href":"https:\/\/www.deedeeparis.com\/blog\/wp-json\/wp\/v2\/tags?post=46797"}],"curies":[{"name":"wp","href":"https:\/\/api.w.org\/{rel}","templated":true}]}}