{"id":47736,"date":"2017-02-13T07:03:37","date_gmt":"2017-02-13T06:03:37","guid":{"rendered":"https:\/\/www.deedeeparis.com\/blog\/?p=47736"},"modified":"2017-02-12T19:11:24","modified_gmt":"2017-02-12T18:11:24","slug":"ma-week-list-212","status":"publish","type":"post","link":"https:\/\/www.deedeeparis.com\/blog\/ma-week-list-212","title":{"rendered":"Ma Week List #212"},"content":{"rendered":"<p>Bonjour vous ! Nouvelle semaine, nouveaux coups de coeur. Cette semaine, j\u2019aime :<\/p>\n<h2 class=\"stabylo\">Le carnet de projets de 23heures59editions<\/h2>\n<p><img loading=\"lazy\" decoding=\"async\" class=\"aligncenter size-full wp-image-47746\" src=\"https:\/\/www.deedeeparis.com\/blog\/wp-content\/uploads\/2017\/02\/Week-list-23H59.jpg\" alt=\"\" width=\"1000\" height=\"733\" srcset=\"https:\/\/www.deedeeparis.com\/blog\/wp-content\/uploads\/2017\/02\/Week-list-23H59.jpg 1000w, https:\/\/www.deedeeparis.com\/blog\/wp-content\/uploads\/2017\/02\/Week-list-23H59-768x563.jpg 768w, https:\/\/www.deedeeparis.com\/blog\/wp-content\/uploads\/2017\/02\/Week-list-23H59-600x440.jpg 600w\" sizes=\"auto, (max-width: 1000px) 100vw, 1000px\" \/><\/p>\n<p style=\"text-align: center;\"><em>\u00a9 <a href=\"https:\/\/www.23heures59editions.com\/shop\/carnet-de-projets-pr-commandes\" target=\"_blank\">23heures59editions<\/a><\/em><\/p>\n<p>Oui, oui, je sais bien ! On avait dit pas de r\u00e9solution cette ann\u00e9e&#8230; Mais des beaux projets, des voyages \u00e0 l&rsquo;autre bout du monde, des fusions cr\u00e9atives, tout \u00e7a vaut bien le coup de garder une trace \u00e9crite, non\u00a0? Le carnet de projets de <a href=\"https:\/\/www.23heures59editions.com\/shop\/carnet-de-projets-pr-commandes\" target=\"_blank\">23heures59editions<\/a> c&rsquo;est votre BFF<em>,\u00a0<\/em>celui qui aide \u00e0 structurer votre vie de ministre et vos objectifs futurs, celui qui organise vos journ\u00e9es digne d&rsquo;un entra\u00eenement de ninja, et celui qui assemblera vos ambitions futurs de ma\u00eetre du monde (ou pas), de fa\u00e7on ludique et intuitive. Cet agenda de 6 mois, minimaliste et \u00e9l\u00e9gant, rassemble des to-do lists, des stickers pour embellir votre carnet de projets et son format id\u00e9al vous permet de l&#8217;emporter partout avec vous.\u00a0Le bonus ? L&rsquo;impression et le papier sont Made In France. Une acquisition qui m\u00e9rite de laisser sa trace sur papier comme sur l&rsquo;environnement \ud83d\ude09<\/p>\n<p><img loading=\"lazy\" decoding=\"async\" class=\"aligncenter size-full wp-image-47747\" src=\"https:\/\/www.deedeeparis.com\/blog\/wp-content\/uploads\/2017\/02\/week-list-212-carnet-.jpeg\" alt=\"\" width=\"750\" height=\"563\" srcset=\"https:\/\/www.deedeeparis.com\/blog\/wp-content\/uploads\/2017\/02\/week-list-212-carnet-.jpeg 750w, https:\/\/www.deedeeparis.com\/blog\/wp-content\/uploads\/2017\/02\/week-list-212-carnet--600x450.jpg 600w\" sizes=\"auto, (max-width: 750px) 100vw, 750px\" \/><\/p>\n<p style=\"text-align: center;\"><em>\u00a9 23heures59editions<\/em><\/p>\n<h2 class=\"stabylo\">ADRIEN SOLEIMAN X Pro\u00eames de Paris<\/h2>\n<p><img loading=\"lazy\" decoding=\"async\" class=\"aligncenter size-full wp-image-47757\" src=\"https:\/\/www.deedeeparis.com\/blog\/wp-content\/uploads\/2017\/02\/adrien-soleiman-x-proemes.gif\" alt=\"\" width=\"673\" height=\"841\" srcset=\"https:\/\/www.deedeeparis.com\/blog\/wp-content\/uploads\/2017\/02\/adrien-soleiman-x-proemes.gif 673w, https:\/\/www.deedeeparis.com\/blog\/wp-content\/uploads\/2017\/02\/adrien-soleiman-x-proemes-600x750.gif 600w\" sizes=\"auto, (max-width: 673px) 100vw, 673px\" \/><\/p>\n<p style=\"text-align: center;\"><a href=\"http:\/\/adriensoleiman.bigcartel.com\/?utm_source=Newsletter+from+website&amp;utm_campaign=0a3a9d0f9b-ADRIEN+SOLEIMAN+X+Pro%C3%AAmes+de+Paris&amp;utm_medium=email&amp;utm_term=0_c4a7627300-0a3a9d0f9b-200768497\" target=\"_blank\"><em>\u00a9 Collection capsule Adrien Soleiman x Pro\u00eames de Paris\u00a0<\/em><\/a><\/p>\n<p>Adrien Soleiman, ce nom ne vous dit rien ? Ce p&rsquo;tit nouveau sur la sc\u00e8ne de la chanson fran\u00e7aise\u00a0s&rsquo;est d\u00e9j\u00e0 fait conna\u00eetre gr\u00e2ce \u00e0 son \u00e9criture touchante et sensible, notamment influenc\u00e9e par Gainsbourg, Bashung ou encore Balavoine. Afin de f\u00eater la sortie de son tout premier album, Adrien Soleiman s&rsquo;associe avec le tr\u00e8s cool label de v\u00eatements f\u00e9minins <a href=\"http:\/\/adriensoleiman.bigcartel.com\/?utm_source=Newsletter+from+website&amp;utm_campaign=0a3a9d0f9b-ADRIEN+SOLEIMAN+X+Pro%C3%AAmes+de+Paris&amp;utm_medium=email&amp;utm_term=0_c4a7627300-0a3a9d0f9b-200768497\" target=\"_blank\">Pro\u00eames de Paris<\/a> et la peintre Taline Zabounian, pour une collection capsule. Les 11 tee-shirts propos\u00e9s sont orn\u00e9s des paroles tir\u00e9es de ces 11 chansons pr\u00e9sentes sur l&rsquo;album. 121 exemplaires sont disponibles, illustr\u00e9s de tableaux peints par Taline Zabounian. L&rsquo;occasion id\u00e9ale de \u00ab\u00a0porter\u00a0\u00bb un peu de po\u00e9sie !<\/p>\n<h2 class=\"stabylo\">les soins pour le corps de l&rsquo;artisan parfumeur<\/h2>\n<p><img loading=\"lazy\" decoding=\"async\" class=\"aligncenter size-full wp-image-47769\" src=\"https:\/\/www.deedeeparis.com\/blog\/wp-content\/uploads\/2017\/02\/week-list-artisan-parfumeur-.jpg\" alt=\"\" width=\"1000\" height=\"600\" srcset=\"https:\/\/www.deedeeparis.com\/blog\/wp-content\/uploads\/2017\/02\/week-list-artisan-parfumeur-.jpg 1000w, https:\/\/www.deedeeparis.com\/blog\/wp-content\/uploads\/2017\/02\/week-list-artisan-parfumeur--768x461.jpg 768w, https:\/\/www.deedeeparis.com\/blog\/wp-content\/uploads\/2017\/02\/week-list-artisan-parfumeur--600x360.jpg 600w\" sizes=\"auto, (max-width: 1000px) 100vw, 1000px\" \/><\/p>\n<p>L&rsquo;artisan parfumeur en trois mots : parfum, savoir-faire et patrimoine. (ok, peut-\u00eatre 3 et demi). \u00a0La marque aux parfums mythiques profite de ses 100 ans de notori\u00e9t\u00e9 et d&rsquo;histoire pour sortir une collection de produits pour le corps et le bain. Sortie en boutiques le 1er f\u00e9vrier dernier, la Maison r\u00e9it\u00e8re ses senteurs embl\u00e9matiques afin de cr\u00e9er, gels douches et lotions pour le corps. Le maxi bonus de cette collection ? Elle est con\u00e7ue sans silicone et sans parab\u00e8ne (merci!) dont les ar\u00f4mes nous font r\u00eaver. \u00ab\u00a0Premier Figuier\u00a0\u00bb, \u00ab\u00a0La Chasse aux Papillons\u00a0\u00bb, \u00ab\u00a0Timbuktu\u00a0\u00bb, autant d&rsquo;appellations qui nous font voyager !<\/p>\n<h2 class=\"stabylo\">L&rsquo;affiche \u00ab\u00a0Baleines\u00a0\u00bb de Arminho<\/h2>\n<p><img loading=\"lazy\" decoding=\"async\" class=\"aligncenter size-full wp-image-47737\" src=\"https:\/\/www.deedeeparis.com\/blog\/wp-content\/uploads\/2017\/02\/week-list-affiche-baleines.jpg\" alt=\"\" width=\"940\" height=\"650\" srcset=\"https:\/\/www.deedeeparis.com\/blog\/wp-content\/uploads\/2017\/02\/week-list-affiche-baleines.jpg 940w, https:\/\/www.deedeeparis.com\/blog\/wp-content\/uploads\/2017\/02\/week-list-affiche-baleines-768x531.jpg 768w, https:\/\/www.deedeeparis.com\/blog\/wp-content\/uploads\/2017\/02\/week-list-affiche-baleines-600x415.jpg 600w\" sizes=\"auto, (max-width: 940px) 100vw, 940px\" \/><\/p>\n<p style=\"text-align: center;\"><em>\u00a9 <\/em><a href=\"http:\/\/bit.ly\/2ls5pyO\" target=\"_blank\"><em>Amorinho<\/em>\u00a0<\/a><\/p>\n<p class=\"p1\"><span class=\"s1\">Oui, oui ! Moby Dick a peut-\u00eatre inspir\u00e9 l\u2019artiste portugais <a href=\"http:\/\/bit.ly\/2ls5pyO\" target=\"_blank\">Amorinho<\/a> pour cette affiche d\u00e9cal\u00e9e et originale, qui nous fait affirmer notre amour pour la vie sous-marine. Une jolie alternative aux cactus, marbres et autres affiches tendances digne d\u2019un int\u00e9rieur Pinterest. (je ne d\u00e9nonce personne, moi aussi j\u2019aime les int\u00e9rieurs Pinterest!). Entourez cette belle affiche de photos, plantes, d\u00e9corations de votre choix et le tour est jou\u00e9 ! (oui, ben j&rsquo;ai dit que j&rsquo;aimais bien les int\u00e9rieurs Pinterest). \u00a0<\/span><\/p>\n<p>&nbsp;<\/p>\n<p>&nbsp;<\/p>\n<p><img loading=\"lazy\" decoding=\"async\" class=\"aligncenter size-full wp-image-47739\" src=\"https:\/\/www.deedeeparis.com\/blog\/wp-content\/uploads\/2017\/02\/week-list-affiche-baleines-3.jpg\" alt=\"\" width=\"1100\" height=\"903\" srcset=\"https:\/\/www.deedeeparis.com\/blog\/wp-content\/uploads\/2017\/02\/week-list-affiche-baleines-3.jpg 1100w, https:\/\/www.deedeeparis.com\/blog\/wp-content\/uploads\/2017\/02\/week-list-affiche-baleines-3-768x630.jpg 768w, https:\/\/www.deedeeparis.com\/blog\/wp-content\/uploads\/2017\/02\/week-list-affiche-baleines-3-600x493.jpg 600w, https:\/\/www.deedeeparis.com\/blog\/wp-content\/uploads\/2017\/02\/week-list-affiche-baleines-3-1024x841.jpg 1024w\" sizes=\"auto, (max-width: 1100px) 100vw, 1100px\" \/><\/p>\n<h2 class=\"stabylo\">danse de mademoiselle marie<\/h2>\n<p class=\"p1\"><img loading=\"lazy\" decoding=\"async\" class=\"aligncenter size-full wp-image-47762\" src=\"https:\/\/www.deedeeparis.com\/blog\/wp-content\/uploads\/2017\/02\/week-list-ballet-1.jpg\" alt=\"\" width=\"1100\" height=\"733\" srcset=\"https:\/\/www.deedeeparis.com\/blog\/wp-content\/uploads\/2017\/02\/week-list-ballet-1.jpg 1100w, https:\/\/www.deedeeparis.com\/blog\/wp-content\/uploads\/2017\/02\/week-list-ballet-1-768x512.jpg 768w, https:\/\/www.deedeeparis.com\/blog\/wp-content\/uploads\/2017\/02\/week-list-ballet-1-600x400.jpg 600w, https:\/\/www.deedeeparis.com\/blog\/wp-content\/uploads\/2017\/02\/week-list-ballet-1-1024x682.jpg 1024w\" sizes=\"auto, (max-width: 1100px) 100vw, 1100px\" \/><\/p>\n<p class=\"p1\" style=\"text-align: center;\"><em>\u00a9 <a href=\"http:\/\/www.mademoiselle-marie.fr\/2017\/01\/streetstyle-ballet-dancers-paris\/\" target=\"_blank\">Mademoiselle Marie\u00a0<\/a><\/em><\/p>\n<p class=\"p1\"><span class=\"s1\">Mademoiselle Marie ? Elle n&rsquo;est autre que Marie Paola Bertrand Hillion qui a shoot\u00e9 un bon paquet de looks ici sur le blog. Elle signe cette sublimissime s\u00e9rie toute empreinte de po\u00e9sie que j&rsquo;aime tant et que vous pouvez retrouver sur <a href=\"http:\/\/www.mademoiselle-marie.fr\/2017\/01\/streetstyle-ballet-dancers-paris\/\" target=\"_blank\">son blog<\/a>.\u00a0<\/span><\/p>\n<p><img loading=\"lazy\" decoding=\"async\" class=\"aligncenter size-full wp-image-47761\" src=\"https:\/\/www.deedeeparis.com\/blog\/wp-content\/uploads\/2017\/02\/week-list-ballet-2.jpg\" alt=\"\" width=\"1100\" height=\"733\" srcset=\"https:\/\/www.deedeeparis.com\/blog\/wp-content\/uploads\/2017\/02\/week-list-ballet-2.jpg 1100w, https:\/\/www.deedeeparis.com\/blog\/wp-content\/uploads\/2017\/02\/week-list-ballet-2-768x512.jpg 768w, https:\/\/www.deedeeparis.com\/blog\/wp-content\/uploads\/2017\/02\/week-list-ballet-2-600x400.jpg 600w, https:\/\/www.deedeeparis.com\/blog\/wp-content\/uploads\/2017\/02\/week-list-ballet-2-1024x682.jpg 1024w\" sizes=\"auto, (max-width: 1100px) 100vw, 1100px\" \/><\/p>\n<p style=\"text-align: center;\"><em>\u00a9 Mademoiselle Marie\u00a0<\/em><\/p>\n<p style=\"text-align: center;\"><img loading=\"lazy\" decoding=\"async\" class=\"aligncenter size-full wp-image-47780\" src=\"https:\/\/www.deedeeparis.com\/blog\/wp-content\/uploads\/2017\/02\/week-list-ballet-8.jpg\" alt=\"\" width=\"1100\" height=\"733\" srcset=\"https:\/\/www.deedeeparis.com\/blog\/wp-content\/uploads\/2017\/02\/week-list-ballet-8.jpg 1100w, https:\/\/www.deedeeparis.com\/blog\/wp-content\/uploads\/2017\/02\/week-list-ballet-8-768x512.jpg 768w, https:\/\/www.deedeeparis.com\/blog\/wp-content\/uploads\/2017\/02\/week-list-ballet-8-600x400.jpg 600w, https:\/\/www.deedeeparis.com\/blog\/wp-content\/uploads\/2017\/02\/week-list-ballet-8-1024x682.jpg 1024w\" sizes=\"auto, (max-width: 1100px) 100vw, 1100px\" \/><\/p>\n<p style=\"text-align: center;\"><em>\u00a9 Mademoiselle Marie<\/em><\/p>\n<p><img loading=\"lazy\" decoding=\"async\" class=\"aligncenter size-full wp-image-47764\" src=\"https:\/\/www.deedeeparis.com\/blog\/wp-content\/uploads\/2017\/02\/week-list-ballet-5.jpg\" alt=\"\" width=\"1100\" height=\"482\" srcset=\"https:\/\/www.deedeeparis.com\/blog\/wp-content\/uploads\/2017\/02\/week-list-ballet-5.jpg 1100w, https:\/\/www.deedeeparis.com\/blog\/wp-content\/uploads\/2017\/02\/week-list-ballet-5-768x337.jpg 768w, https:\/\/www.deedeeparis.com\/blog\/wp-content\/uploads\/2017\/02\/week-list-ballet-5-600x263.jpg 600w, https:\/\/www.deedeeparis.com\/blog\/wp-content\/uploads\/2017\/02\/week-list-ballet-5-1024x449.jpg 1024w\" sizes=\"auto, (max-width: 1100px) 100vw, 1100px\" \/><\/p>\n<p style=\"text-align: center;\"><em>\u00a9 Mademoiselle Marie\u00a0<\/em><\/p>\n<h2 class=\"stabylo\">Faites-le vous-m\u00eame : le tableau de lettres<\/h2>\n<p><img loading=\"lazy\" decoding=\"async\" class=\"aligncenter size-full wp-image-47765\" src=\"https:\/\/www.deedeeparis.com\/blog\/wp-content\/uploads\/2017\/02\/week-list-diy-letter-board-1.jpg\" alt=\"\" width=\"831\" height=\"960\" srcset=\"https:\/\/www.deedeeparis.com\/blog\/wp-content\/uploads\/2017\/02\/week-list-diy-letter-board-1.jpg 831w, https:\/\/www.deedeeparis.com\/blog\/wp-content\/uploads\/2017\/02\/week-list-diy-letter-board-1-768x887.jpg 768w, https:\/\/www.deedeeparis.com\/blog\/wp-content\/uploads\/2017\/02\/week-list-diy-letter-board-1-600x693.jpg 600w\" sizes=\"auto, (max-width: 831px) 100vw, 831px\" \/><\/p>\n<p style=\"text-align: center;\"><em>\u00a9 <a href=\"http:\/\/fivemarigolds.com\/2016\/10\/24\/diy-letter-board\/\" target=\"_blank\">Five Marigolds<\/a><\/em><\/p>\n<p>Vous attendez toujours votre commande Amazon pour vous d\u00e9livrer votre bo\u00eete lumineuse ? Si vous \u00eates une rebelle dans l&rsquo;\u00e2me, et que vous aimez cr\u00e9er des choses avec vos petites mains, alors suivez le guide. La cr\u00e9ative <a href=\"http:\/\/fivemarigolds.com\/2016\/10\/24\/diy-letter-board\/\" target=\"_blank\">Five Marigolds<\/a>, nous a trouv\u00e9 une jolie et accessible alternative, le tableau de lettres \u00e0 faire soi-m\u00eame. Je vous garantis que ce DIY est simple, n&rsquo;\u00e9tant pas class\u00e9 dans la cat\u00e9gorie<em> high level<\/em>. D\u00e9corer votre espace par l&rsquo;\u00e9criture cr\u00e9ant ainsi un nouveau concept et une nouvelle ambiance. Amusez-vous \u00e0 \u00e9crire des messages saisonniers ou des voeux pour les personnes qui vous entourent !<\/p>\n<p><img loading=\"lazy\" decoding=\"async\" class=\"aligncenter size-full wp-image-47766\" src=\"https:\/\/www.deedeeparis.com\/blog\/wp-content\/uploads\/2017\/02\/week-list-diy-4.jpg\" alt=\"\" width=\"759\" height=\"960\" srcset=\"https:\/\/www.deedeeparis.com\/blog\/wp-content\/uploads\/2017\/02\/week-list-diy-4.jpg 759w, https:\/\/www.deedeeparis.com\/blog\/wp-content\/uploads\/2017\/02\/week-list-diy-4-600x759.jpg 600w\" sizes=\"auto, (max-width: 759px) 100vw, 759px\" \/><\/p>\n<p style=\"text-align: center;\"><em>\u00a9 Five Marigolds\u00a0<\/em><\/p>\n<h2 class=\"stabylo\">RUE DES \u00c9TOILES DE ADRIEN SOLEIMAN<\/h2>\n<p>On en parlait un peu plus haut :\u00a0Adrien Soleiman n&rsquo;est pas seulement l&rsquo;auteur de tee-shirts supra cool, mais est aussi l&rsquo;auteur de jolies chansons. Les Inrocks l&rsquo;ont qualifi\u00e9 de \u00ab\u00a0nouvelle \u00e9toile dans le ciel de la chanson fran\u00e7aise\u00a0\u00bb. Rien que \u00e7a ! Un beau clin d&rsquo;oeil \u00e0 son album intitul\u00e9 \u00ab\u00a0Brille\u00a0\u00bb, dont la chanson \u00ab\u00a0Rue des \u00e9toiles\u00a0\u00bb m\u00e8ne la danse avec d\u00e9licatesse et \u00e9clat. Profitez pleinement du clip, dont l&rsquo;ambiance nostalgique nous fait r\u00eaver et voyager au-del\u00e0 astres&#8230;<\/p>\n<p><iframe loading=\"lazy\" src=\"https:\/\/www.youtube.com\/embed\/7yw5F7yPMQI\" width=\"1020\" height=\"574\" frameborder=\"0\" allowfullscreen=\"allowfullscreen\"><\/iframe><\/p>\n<p>Voil\u00e0, c&rsquo;est tout pour aujourd&rsquo;hui. Prenez soin de vous !<\/p>\n","protected":false},"excerpt":{"rendered":"<p>Bonjour vous ! Nouvelle semaine, nouveaux coups de coeur. Cette semaine, j\u2019aime : Le carnet de projets de 23heures59editions \u00a9 23heures59editions Oui, oui, je sais bien ! On avait dit pas de r\u00e9solution cette ann\u00e9e&#8230; Mais des beaux projets, des voyages \u00e0 l&rsquo;autre bout du monde, des fusions cr\u00e9atives, tout \u00e7a vaut bien le coup [&hellip;]<\/p>\n","protected":false},"author":26,"featured_media":47770,"comment_status":"open","ping_status":"open","sticky":false,"template":"","format":"standard","meta":{"_acf_changed":false,"footnotes":""},"categories":[8],"tags":[6941,8648,8018,8038],"class_list":["post-47736","post","type-post","status-publish","format-standard","has-post-thumbnail","hentry","category-chroniques-de-paris","tag-idees-diy","tag-mademoiselle-marie","tag-marie-paola-bertrand-hillion","tag-proemes-de-paris"],"acf":[],"geo":null,"_links":{"self":[{"href":"https:\/\/www.deedeeparis.com\/blog\/wp-json\/wp\/v2\/posts\/47736","targetHints":{"allow":["GET"]}}],"collection":[{"href":"https:\/\/www.deedeeparis.com\/blog\/wp-json\/wp\/v2\/posts"}],"about":[{"href":"https:\/\/www.deedeeparis.com\/blog\/wp-json\/wp\/v2\/types\/post"}],"author":[{"embeddable":true,"href":"https:\/\/www.deedeeparis.com\/blog\/wp-json\/wp\/v2\/users\/26"}],"replies":[{"embeddable":true,"href":"https:\/\/www.deedeeparis.com\/blog\/wp-json\/wp\/v2\/comments?post=47736"}],"version-history":[{"count":26,"href":"https:\/\/www.deedeeparis.com\/blog\/wp-json\/wp\/v2\/posts\/47736\/revisions"}],"predecessor-version":[{"id":47776,"href":"https:\/\/www.deedeeparis.com\/blog\/wp-json\/wp\/v2\/posts\/47736\/revisions\/47776"}],"wp:featuredmedia":[{"embeddable":true,"href":"https:\/\/www.deedeeparis.com\/blog\/wp-json\/wp\/v2\/media\/47770"}],"wp:attachment":[{"href":"https:\/\/www.deedeeparis.com\/blog\/wp-json\/wp\/v2\/media?parent=47736"}],"wp:term":[{"taxonomy":"category","embeddable":true,"href":"https:\/\/www.deedeeparis.com\/blog\/wp-json\/wp\/v2\/categories?post=47736"},{"taxonomy":"post_tag","embeddable":true,"href":"https:\/\/www.deedeeparis.com\/blog\/wp-json\/wp\/v2\/tags?post=47736"}],"curies":[{"name":"wp","href":"https:\/\/api.w.org\/{rel}","templated":true}]}}