{"id":47864,"date":"2017-02-20T07:03:34","date_gmt":"2017-02-20T06:03:34","guid":{"rendered":"https:\/\/www.deedeeparis.com\/blog\/?p=47864"},"modified":"2017-02-22T10:55:51","modified_gmt":"2017-02-22T09:55:51","slug":"ma-week-list-213","status":"publish","type":"post","link":"https:\/\/www.deedeeparis.com\/blog\/ma-week-list-213","title":{"rendered":"Ma Week List #213"},"content":{"rendered":"<p>Bonjour vous ! Nouvelle semaine, nouveaux coups de coeur. Cette semaine, j\u2019aime :<\/p>\n<h2 class=\"stabylo\">La Barrette DU\u00a0chocolat des fran\u00e7ais<\/h2>\n<p><img loading=\"lazy\" decoding=\"async\" class=\"aligncenter size-full wp-image-47870\" src=\"https:\/\/www.deedeeparis.com\/blog\/wp-content\/uploads\/2017\/02\/WL-213-chocolat-des-franc\u0327ais.jpg\" alt=\"\" width=\"1100\" height=\"733\" srcset=\"https:\/\/www.deedeeparis.com\/blog\/wp-content\/uploads\/2017\/02\/WL-213-chocolat-des-franc\u0327ais.jpg 1100w, https:\/\/www.deedeeparis.com\/blog\/wp-content\/uploads\/2017\/02\/WL-213-chocolat-des-franc\u0327ais-768x512.jpg 768w, https:\/\/www.deedeeparis.com\/blog\/wp-content\/uploads\/2017\/02\/WL-213-chocolat-des-franc\u0327ais-600x400.jpg 600w, https:\/\/www.deedeeparis.com\/blog\/wp-content\/uploads\/2017\/02\/WL-213-chocolat-des-franc\u0327ais-1024x682.jpg 1024w\" sizes=\"auto, (max-width: 1100px) 100vw, 1100px\" \/><\/p>\n<p style=\"text-align: center;\"><em>\u00a0\u00a9 <a href=\"https:\/\/www.lechocolatdesfrancais.fr\/fr\/coffrets\/62-5-barrettes.html\" target=\"_blank\">Le chocolat des Fran\u00e7ais\u00a0<\/a><\/em><\/p>\n<p>Et l\u00e0 vous vous dites \u00ab\u00a0c&rsquo;est gagn\u00e9, j&rsquo;ai envie de chocolat maintenant\u00a0\u00bb. Pas taper.\u00a0Mais tout de m\u00eame, admirez ces magnifiques packagings dessin\u00e9s avec amour par les artistes Melody Leblond, Axelle Doppelt et The Great PHM. Ces <a href=\"https:\/\/www.lechocolatdesfrancais.fr\/fr\/coffrets\/62-5-barrettes.html\" target=\"_blank\">barrettes<\/a> fabriqu\u00e9es par de vrais gourmands (tout comme nous!), offrent une vari\u00e9t\u00e9 de cacao : du chocolat au lait pralin\u00e9, du noir pralin\u00e9, du caramel au beurre sal\u00e9, de la ganache fraise et ganache framboise, tout cela disponible \u00e0 partir du 20 mars. Entre nous, comment r\u00e9sister ?\u00a0Comme la marque le dit si bien, \u00ab\u00a0c&rsquo;est du bonheur en barre\u00a0\u00bb !<\/p>\n<h2 class=\"stabylo\">Les nouvelles teintes rouge Dior<\/h2>\n<p><img loading=\"lazy\" decoding=\"async\" class=\"aligncenter size-full wp-image-47966\" src=\"https:\/\/www.deedeeparis.com\/blog\/wp-content\/uploads\/2017\/02\/FullSizeRender-1.jpg\" alt=\"\" width=\"1100\" height=\"733\" srcset=\"https:\/\/www.deedeeparis.com\/blog\/wp-content\/uploads\/2017\/02\/FullSizeRender-1.jpg 1100w, https:\/\/www.deedeeparis.com\/blog\/wp-content\/uploads\/2017\/02\/FullSizeRender-1-768x512.jpg 768w, https:\/\/www.deedeeparis.com\/blog\/wp-content\/uploads\/2017\/02\/FullSizeRender-1-600x400.jpg 600w, https:\/\/www.deedeeparis.com\/blog\/wp-content\/uploads\/2017\/02\/FullSizeRender-1-1024x682.jpg 1024w\" sizes=\"auto, (max-width: 1100px) 100vw, 1100px\" \/><\/p>\n<p style=\"text-align: center;\"><em>\u00a9<a href=\"http:\/\/www.dior.com\/beauty\/fr_fr\/fragrance-beauty\/makeup\/lips\/lipsticks\/pr-ralrougedior-y0027830-couture-colour-from-satin-to-matte-comfort-wear.html?gclid=CKH65oepktICFUZAGwodj3MHKA\" target=\"_blank\"> Christian Dior\u00a0<\/a><\/em><\/p>\n<p>Le Rouge Dior 999, c&rsquo;est l&rsquo;ic\u00f4ne, celui qui accompagnait votre tante, grand-m\u00e8re ou m\u00e8re et qui vous accompagne aujourd&rsquo;hui. Un classique existant depuis 1953 et qui aujourd&rsquo;hui revient plus innovant que jamais. Pr\u00e9sent\u00e9 sous un nouveau jour, avec un nouvel \u00e9crin m\u00e9tallis\u00e9, cette <a href=\"http:\/\/www.dior.com\/beauty\/fr_fr\/fragrance-beauty\/makeup\/lips\/lipsticks\/pr-ralrougedior-y0027830-couture-colour-from-satin-to-matte-comfort-wear.html?gclid=CKH65oepktICFUZAGwodj3MHKA\" target=\"_blank\">nouvelle collection<\/a> comporte 35 teintes diff\u00e9rentes aux finis satin\u00e9s ou mats. Une jolie collection \u00ab\u00a0couleur couture\u00a0\u00bb, \u00e9l\u00e9gante et \u00e0 l&rsquo;image de la Maison ! \u00a0Le petit plus qui fait extr\u00eamement plaisir : sa formule 16 heures de confort et de tenue, qui nous permet de siroter notre caf\u00e9 et d&rsquo;affronter notre quotidien tr\u00e9pidant et truculent, sans nous soucier de notre maquillage !<\/p>\n<h2 class=\"stabylo\">la collection laetitia ivanez pour les galeries lafayette<\/h2>\n<p><img loading=\"lazy\" decoding=\"async\" class=\"aligncenter size-full wp-image-47926\" src=\"https:\/\/www.deedeeparis.com\/blog\/wp-content\/uploads\/2017\/02\/WL-213-GL-10.jpg\" alt=\"\" width=\"1100\" height=\"616\" srcset=\"https:\/\/www.deedeeparis.com\/blog\/wp-content\/uploads\/2017\/02\/WL-213-GL-10.jpg 1100w, https:\/\/www.deedeeparis.com\/blog\/wp-content\/uploads\/2017\/02\/WL-213-GL-10-768x430.jpg 768w, https:\/\/www.deedeeparis.com\/blog\/wp-content\/uploads\/2017\/02\/WL-213-GL-10-600x336.jpg 600w, https:\/\/www.deedeeparis.com\/blog\/wp-content\/uploads\/2017\/02\/WL-213-GL-10-1024x573.jpg 1024w\" sizes=\"auto, (max-width: 1100px) 100vw, 1100px\" \/><\/p>\n<p style=\"text-align: center;\"><em>\u00a9 <a href=\"https:\/\/www.galerieslafayette.com\/lp\/collection-laetitia-ivanez#ebp=9WEzt.Ng_QO_4I.lc2tpa5sDNXpMqmeDupLtd8i19dM-\" target=\"_blank\">Collection Galeries Lafayette x Laetitia Ivanez<\/a><\/em><\/p>\n<p>Gris, noir, bordeaux, noir, re-gris. C&rsquo;est \u00e0 peu pr\u00e8s le \u00ab\u00a0pantone\u00a0\u00bb de couleurs qui d\u00e9finit le mieux les collections, chaque hiver. Pour rem\u00e9dier \u00e0 tout cette \u00ab\u00a0tristitude\u00a0\u00bb vestimentaire, l&rsquo;inventive Laetitia Ivanez a con\u00e7u une jolie <a href=\"https:\/\/www.galerieslafayette.com\/lp\/collection-laetitia-ivanez#ebp=9WEzt.Ng_QO_4I.lc2tpa5sDNXpMqmeDupLtd8i19dM-\" target=\"_blank\">collection capsule<\/a> en collaboration avec les Galeries Lafayette. Disponible \u00e0 partir du\u00a010 f\u00e9vrier, ces cr\u00e9ations hautes en couleurs m\u00e9langent de fa\u00e7on ludique pulls imprim\u00e9s, combinaisons vertes, robes l\u00e9g\u00e8res, manteaux souples et color\u00e9s. Comme le souligne la cr\u00e9atrice, ces v\u00eatements sont con\u00e7us pour des femmes joyeuses, modernes et \u00e9nergiques, une collection bienveillante donc, qui nous promet un bel \u00e9t\u00e9 !<\/p>\n<div class=\"vls-gf-album vls-gf-album-metro no-js vls-gf-album-info-none\" data-vls-gf-album-id=\"47914\" data-vls-gf-total-pages=\"1\" data-vls-gf-aspect-ratio=\"1\" data-vls-gf-horizontal-spacing=\"10\" data-vls-gf-vertical-spacing=\"10\" data-vls-gf-column-count=\"6\"><div class=\"vls-gf-thumbnail-container\"><div class=\"vls-gf-page \" data-vls-gf-page-no=\"1\"><div\n            class=\"vls-gf-item\"\n            data-vls-gf-image-aspect=\"0.66625\"\n            data-vls-gf-width=\"3\"\n            data-vls-gf-height=\"5\"\n            data-vls-gf-col=\"0\"\n            data-vls-gf-row=\"0\"\n            style=\"margin-bottom: 10px;\"><a href=\"https:\/\/www.deedeeparis.com\/blog\/wp-content\/gf-uploads\/2017\/02\/WL-213-GL-11.jpg\" \t\t        \t\t        ><img decoding=\"async\"\n                    class=\"vls-gf-wide\"\n                    src=\"https:\/\/www.deedeeparis.com\/blog\/wp-content\/gf-uploads\/2017\/02\/preview-m\/WL-213-GL-11.jpg?1487160005\"                     alt=\"\"\/><div class=\"vls-gf-info-back\"><h2 class=\"vls-gf-info-caption\"\n\t\t                >\n\t\t                WL-213-GL-11\t                <\/h2><h2 class=\"vls-gf-info-description\"\n\t\t                ><\/h2><\/div><\/a><\/div><div\n            class=\"vls-gf-item\"\n            data-vls-gf-image-aspect=\"0.66625\"\n            data-vls-gf-width=\"3\"\n            data-vls-gf-height=\"4\"\n            data-vls-gf-col=\"3\"\n            data-vls-gf-row=\"0\"\n            style=\"margin-bottom: 10px;\"><a href=\"https:\/\/www.deedeeparis.com\/blog\/wp-content\/gf-uploads\/2017\/02\/WL-213-GL-8.jpg\" \t\t        \t\t        ><img decoding=\"async\"\n                    class=\"vls-gf-tall\"\n                    src=\"https:\/\/www.deedeeparis.com\/blog\/wp-content\/gf-uploads\/2017\/02\/preview-m\/WL-213-GL-8.jpg?1487158876\"                     alt=\"\"\/><div class=\"vls-gf-info-back\"><h2 class=\"vls-gf-info-caption\"\n\t\t                >\n\t\t                WL-213-GL-8\t                <\/h2><h2 class=\"vls-gf-info-description\"\n\t\t                ><\/h2><\/div><\/a><\/div><div\n            class=\"vls-gf-item\"\n            data-vls-gf-image-aspect=\"0.66625\"\n            data-vls-gf-width=\"3\"\n            data-vls-gf-height=\"5\"\n            data-vls-gf-col=\"3\"\n            data-vls-gf-row=\"4\"\n            style=\"margin-bottom: 10px;\"><a href=\"https:\/\/www.deedeeparis.com\/blog\/wp-content\/gf-uploads\/2017\/02\/WL-213-GL-x-LI-4.jpg\" \t\t        \t\t        ><img decoding=\"async\"\n                    class=\"vls-gf-wide\"\n                    src=\"https:\/\/www.deedeeparis.com\/blog\/wp-content\/gf-uploads\/2017\/02\/preview-m\/WL-213-GL-x-LI-4.jpg?1487157459\"                     alt=\"\"\/><div class=\"vls-gf-info-back\"><h2 class=\"vls-gf-info-caption\"\n\t\t                >\n\t\t                WL-213-GL-x-LI-4\t                <\/h2><h2 class=\"vls-gf-info-description\"\n\t\t                ><\/h2><\/div><\/a><\/div><div\n            class=\"vls-gf-item\"\n            data-vls-gf-image-aspect=\"0.66666666666667\"\n            data-vls-gf-width=\"3\"\n            data-vls-gf-height=\"4\"\n            data-vls-gf-col=\"0\"\n            data-vls-gf-row=\"5\"\n            style=\"margin-bottom: 10px;\"><a href=\"https:\/\/www.deedeeparis.com\/blog\/wp-content\/gf-uploads\/2017\/02\/WL-213-GL-x-LI-5.jpg\" \t\t        \t\t        ><img decoding=\"async\"\n                    class=\"vls-gf-tall\"\n                    src=\"https:\/\/www.deedeeparis.com\/blog\/wp-content\/gf-uploads\/2017\/02\/preview-m\/WL-213-GL-x-LI-5.jpg?1487157636\"                     alt=\"\"\/><div class=\"vls-gf-info-back\"><h2 class=\"vls-gf-info-caption\"\n\t\t                >\n\t\t                WL-213-GL-x-LI-5\t                <\/h2><h2 class=\"vls-gf-info-description\"\n\t\t                ><\/h2><\/div><\/a><\/div><\/div><\/div><\/div>\n<h2 class=\"stabylo\">La station beaut\u00e9 de iskelterproducts<\/h2>\n<p><img loading=\"lazy\" decoding=\"async\" class=\"aligncenter size-full wp-image-47865\" src=\"https:\/\/www.deedeeparis.com\/blog\/wp-content\/uploads\/2017\/02\/WL-213-station-beaute.jpg\" alt=\"\" width=\"1100\" height=\"764\" srcset=\"https:\/\/www.deedeeparis.com\/blog\/wp-content\/uploads\/2017\/02\/WL-213-station-beaute.jpg 1100w, https:\/\/www.deedeeparis.com\/blog\/wp-content\/uploads\/2017\/02\/WL-213-station-beaute-768x533.jpg 768w, https:\/\/www.deedeeparis.com\/blog\/wp-content\/uploads\/2017\/02\/WL-213-station-beaute-600x417.jpg 600w, https:\/\/www.deedeeparis.com\/blog\/wp-content\/uploads\/2017\/02\/WL-213-station-beaute-1024x711.jpg 1024w\" sizes=\"auto, (max-width: 1100px) 100vw, 1100px\" \/><\/p>\n<p style=\"text-align: center;\"><em>\u00a9\u00a0<a href=\"http:\/\/bit.ly\/2jQhaSn\" target=\"_blank\">iSkelterProducts<\/a><\/em><\/p>\n<p>N&rsquo;est-ce pas THE bonne id\u00e9e, \u00e7a ?! Si vous aussi tous les matins c&rsquo;est la bataille navale pour retrouver votre rouge \u00e0 l\u00e8vres ador\u00e9, ce joli plateau nous permet d&rsquo;ordonner notre maquillage du quotidien ! Fards \u00e0 paupi\u00e8res, pinceaux, miroirs, crayons, les artisans am\u00e9ricains de Phoenix on pens\u00e9 \u00e0 tout. Fabriqu\u00e9 main, cet <a href=\"http:\/\/bit.ly\/2jQhaSn\" target=\"_blank\">organisateur de maquillage<\/a> est cr\u00e9e \u00e0 partir de bambou, une tr\u00e8s belle d\u00e9marche respectueuse de l&rsquo;environnement. \u00a0Le bonus final ? Vous pouvez profiter d&rsquo;un emplacement pour poser votre t\u00e9l\u00e9phone et votre tablette !<\/p>\n<h2 class=\"stabylo\">NEW YORK VIDE DE genaro bardy<\/h2>\n<p><img loading=\"lazy\" decoding=\"async\" class=\"aligncenter size-full wp-image-47930\" src=\"https:\/\/www.deedeeparis.com\/blog\/wp-content\/uploads\/2017\/02\/12-Desert-in-New-York-Thanksgiving-2016-\u00a9-Genaro-Bardy-1920x1280.jpg\" alt=\"\" width=\"1100\" height=\"733\" srcset=\"https:\/\/www.deedeeparis.com\/blog\/wp-content\/uploads\/2017\/02\/12-Desert-in-New-York-Thanksgiving-2016-\u00a9-Genaro-Bardy-1920x1280.jpg 1100w, https:\/\/www.deedeeparis.com\/blog\/wp-content\/uploads\/2017\/02\/12-Desert-in-New-York-Thanksgiving-2016-\u00a9-Genaro-Bardy-1920x1280-768x512.jpg 768w, https:\/\/www.deedeeparis.com\/blog\/wp-content\/uploads\/2017\/02\/12-Desert-in-New-York-Thanksgiving-2016-\u00a9-Genaro-Bardy-1920x1280-600x400.jpg 600w, https:\/\/www.deedeeparis.com\/blog\/wp-content\/uploads\/2017\/02\/12-Desert-in-New-York-Thanksgiving-2016-\u00a9-Genaro-Bardy-1920x1280-1024x682.jpg 1024w\" sizes=\"auto, (max-width: 1100px) 100vw, 1100px\" \/><\/p>\n<p style=\"text-align: center;\"><em>\u00a9 <a href=\"http:\/\/genarobardy.com\/portfolio\/desert-in-the-city\/desert-in-new-york-2\/\" target=\"_blank\">Genaro Bardy\u00a0<\/a><\/em><\/p>\n<p>Paradoxal vous dites ? Effectivement ! Lorsqu&rsquo;on se repr\u00e9sente New York, on en vient tous \u00e0 imaginer ces immenses buildings qui encerclent la multitude de New Yorkais courant \u00e0 travers la ville. Or, le photographe Genaro Bardy a parcouru plus de 20 kilom\u00e8tres \u00e0 pied rien que pour d\u00e9voiler une autre facette de la Grosse Pomme. De Times Square au pont de Brooklyn en passant par Central Park, les lieux les plus touristiques sont aussi les lieux les plus vides. Apr\u00e8s l&rsquo;ouragan Irene qui avait touch\u00e9 le sud de Brooklyn, l&rsquo;artiste avait d\u00e9j\u00e0 eu un avant go\u00fbt de la m\u00e9tropole vide, un \u00e9v\u00e9nement qui l&rsquo;a inspir\u00e9 \u00e0 faire de m\u00eame pour les villes telles que Paris, Rome ou encore Londres. La petite histoire raconte que le meilleur moment pour prendre ces magnifiques photos advient\u00a0lorsque les habitants partent en vacances \u00e0 No\u00ebl. L&rsquo;int\u00e9gralit\u00e9 de son travail a donc \u00e9t\u00e9 con\u00e7u le jour de No\u00ebl ou de Thanksgiving notamment pour New York.\u00a0Une belle <a href=\"http:\/\/genarobardy.com\/portfolio\/desert-in-the-city\/desert-in-new-york-2\/\" target=\"_blank\">s\u00e9rie photo<\/a> qui livre New York sous un autre oeil !<\/p>\n<p><img loading=\"lazy\" decoding=\"async\" class=\"aligncenter size-full wp-image-47931\" src=\"https:\/\/www.deedeeparis.com\/blog\/wp-content\/uploads\/2017\/02\/01-Desert-in-New-York-Thanksgiving-2016-\u00a9-Genaro-Bardy-1920x1280.jpg\" alt=\"\" width=\"1100\" height=\"733\" srcset=\"https:\/\/www.deedeeparis.com\/blog\/wp-content\/uploads\/2017\/02\/01-Desert-in-New-York-Thanksgiving-2016-\u00a9-Genaro-Bardy-1920x1280.jpg 1100w, https:\/\/www.deedeeparis.com\/blog\/wp-content\/uploads\/2017\/02\/01-Desert-in-New-York-Thanksgiving-2016-\u00a9-Genaro-Bardy-1920x1280-768x512.jpg 768w, https:\/\/www.deedeeparis.com\/blog\/wp-content\/uploads\/2017\/02\/01-Desert-in-New-York-Thanksgiving-2016-\u00a9-Genaro-Bardy-1920x1280-600x400.jpg 600w, https:\/\/www.deedeeparis.com\/blog\/wp-content\/uploads\/2017\/02\/01-Desert-in-New-York-Thanksgiving-2016-\u00a9-Genaro-Bardy-1920x1280-1024x682.jpg 1024w\" sizes=\"auto, (max-width: 1100px) 100vw, 1100px\" \/><\/p>\n<p style=\"text-align: center;\"><em>\u00a9 Genaro Bardy\u00a0<\/em><\/p>\n<p><img loading=\"lazy\" decoding=\"async\" class=\"aligncenter size-full wp-image-47932\" src=\"https:\/\/www.deedeeparis.com\/blog\/wp-content\/uploads\/2017\/02\/15-Desert-in-New-York-Thanksgiving-2016-\u00a9-Genaro-Bardy-1920x1280.jpg\" alt=\"\" width=\"1100\" height=\"733\" srcset=\"https:\/\/www.deedeeparis.com\/blog\/wp-content\/uploads\/2017\/02\/15-Desert-in-New-York-Thanksgiving-2016-\u00a9-Genaro-Bardy-1920x1280.jpg 1100w, https:\/\/www.deedeeparis.com\/blog\/wp-content\/uploads\/2017\/02\/15-Desert-in-New-York-Thanksgiving-2016-\u00a9-Genaro-Bardy-1920x1280-768x512.jpg 768w, https:\/\/www.deedeeparis.com\/blog\/wp-content\/uploads\/2017\/02\/15-Desert-in-New-York-Thanksgiving-2016-\u00a9-Genaro-Bardy-1920x1280-600x400.jpg 600w, https:\/\/www.deedeeparis.com\/blog\/wp-content\/uploads\/2017\/02\/15-Desert-in-New-York-Thanksgiving-2016-\u00a9-Genaro-Bardy-1920x1280-1024x682.jpg 1024w\" sizes=\"auto, (max-width: 1100px) 100vw, 1100px\" \/><\/p>\n<p style=\"text-align: center;\"><em>\u00a9 Genaro Bardy\u00a0<\/em><\/p>\n<p><img loading=\"lazy\" decoding=\"async\" class=\"aligncenter size-full wp-image-47933\" src=\"https:\/\/www.deedeeparis.com\/blog\/wp-content\/uploads\/2017\/02\/23-Desert-in-New-York-Thanksgiving-2016-\u00a9-Genaro-Bardy-1920x1280.jpg\" alt=\"\" width=\"1100\" height=\"733\" srcset=\"https:\/\/www.deedeeparis.com\/blog\/wp-content\/uploads\/2017\/02\/23-Desert-in-New-York-Thanksgiving-2016-\u00a9-Genaro-Bardy-1920x1280.jpg 1100w, https:\/\/www.deedeeparis.com\/blog\/wp-content\/uploads\/2017\/02\/23-Desert-in-New-York-Thanksgiving-2016-\u00a9-Genaro-Bardy-1920x1280-768x512.jpg 768w, https:\/\/www.deedeeparis.com\/blog\/wp-content\/uploads\/2017\/02\/23-Desert-in-New-York-Thanksgiving-2016-\u00a9-Genaro-Bardy-1920x1280-600x400.jpg 600w, https:\/\/www.deedeeparis.com\/blog\/wp-content\/uploads\/2017\/02\/23-Desert-in-New-York-Thanksgiving-2016-\u00a9-Genaro-Bardy-1920x1280-1024x682.jpg 1024w\" sizes=\"auto, (max-width: 1100px) 100vw, 1100px\" \/><\/p>\n<p style=\"text-align: center;\"><em>\u00a9 Genaro Bardy\u00a0<\/em><\/p>\n<p style=\"text-align: center;\"><img loading=\"lazy\" decoding=\"async\" class=\"aligncenter size-full wp-image-47934\" src=\"https:\/\/www.deedeeparis.com\/blog\/wp-content\/uploads\/2017\/02\/25-Desert-in-New-York-Thanksgiving-2016-\u00a9-Genaro-Bardy-1600x1280.jpg\" alt=\"\" width=\"1100\" height=\"880\" srcset=\"https:\/\/www.deedeeparis.com\/blog\/wp-content\/uploads\/2017\/02\/25-Desert-in-New-York-Thanksgiving-2016-\u00a9-Genaro-Bardy-1600x1280.jpg 1100w, https:\/\/www.deedeeparis.com\/blog\/wp-content\/uploads\/2017\/02\/25-Desert-in-New-York-Thanksgiving-2016-\u00a9-Genaro-Bardy-1600x1280-768x614.jpg 768w, https:\/\/www.deedeeparis.com\/blog\/wp-content\/uploads\/2017\/02\/25-Desert-in-New-York-Thanksgiving-2016-\u00a9-Genaro-Bardy-1600x1280-600x480.jpg 600w, https:\/\/www.deedeeparis.com\/blog\/wp-content\/uploads\/2017\/02\/25-Desert-in-New-York-Thanksgiving-2016-\u00a9-Genaro-Bardy-1600x1280-1024x819.jpg 1024w\" sizes=\"auto, (max-width: 1100px) 100vw, 1100px\" \/><\/p>\n<p style=\"text-align: center;\"><em>\u00a9 Genaro Bardy\u00a0<\/em><\/p>\n<p><img loading=\"lazy\" decoding=\"async\" class=\"aligncenter size-full wp-image-47935\" src=\"https:\/\/www.deedeeparis.com\/blog\/wp-content\/uploads\/2017\/02\/10-Desert-in-New-York-Thanksgiving-2016-\u00a9-Genaro-Bardy-1920x1280.jpg\" alt=\"\" width=\"1100\" height=\"733\" srcset=\"https:\/\/www.deedeeparis.com\/blog\/wp-content\/uploads\/2017\/02\/10-Desert-in-New-York-Thanksgiving-2016-\u00a9-Genaro-Bardy-1920x1280.jpg 1100w, https:\/\/www.deedeeparis.com\/blog\/wp-content\/uploads\/2017\/02\/10-Desert-in-New-York-Thanksgiving-2016-\u00a9-Genaro-Bardy-1920x1280-768x512.jpg 768w, https:\/\/www.deedeeparis.com\/blog\/wp-content\/uploads\/2017\/02\/10-Desert-in-New-York-Thanksgiving-2016-\u00a9-Genaro-Bardy-1920x1280-600x400.jpg 600w, https:\/\/www.deedeeparis.com\/blog\/wp-content\/uploads\/2017\/02\/10-Desert-in-New-York-Thanksgiving-2016-\u00a9-Genaro-Bardy-1920x1280-1024x682.jpg 1024w\" sizes=\"auto, (max-width: 1100px) 100vw, 1100px\" \/><\/p>\n<p style=\"text-align: center;\"><em>\u00a9 Genaro Bardy\u00a0<\/em><\/p>\n<h2 class=\"stabylo\">Faites-le vous-m\u00eame : l&rsquo;impression sur drap<\/h2>\n<p><img loading=\"lazy\" decoding=\"async\" class=\"aligncenter size-full wp-image-47867\" src=\"https:\/\/www.deedeeparis.com\/blog\/wp-content\/uploads\/2017\/02\/WL-213-DIY.jpg\" alt=\"\" width=\"640\" height=\"960\" srcset=\"https:\/\/www.deedeeparis.com\/blog\/wp-content\/uploads\/2017\/02\/WL-213-DIY.jpg 640w, https:\/\/www.deedeeparis.com\/blog\/wp-content\/uploads\/2017\/02\/WL-213-DIY-600x900.jpg 600w\" sizes=\"auto, (max-width: 640px) 100vw, 640px\" \/><\/p>\n<p style=\"text-align: center;\"><em>\u00a9 <a href=\"http:\/\/ukkonooa.blogspot.fr\/2015\/07\/uudet-paalliset-diy-printed-pillow.html\" target=\"_blank\">Ukkonooa<\/a>\u00a0<\/em><\/p>\n<p>La prochaine fois que vous vous retrouvez\u00a0chez IKEA pour choisir votre linge de lit et que clairement, rien ne vous inspire, (l&rsquo;imprim\u00e9 panda ou le gris vomi, yummy) faites comme <a href=\"http:\/\/ukkonooa.blogspot.fr\/2015\/07\/uudet-paalliset-diy-printed-pillow.html\" target=\"_blank\">Ukkonooa<\/a>. Customisez-les ! On n&rsquo;y pense jamais c&rsquo;est vrai, mais ce DIY est d&rsquo;une simplicit\u00e9 m\u00eal\u00e9e \u00e0 une efficacit\u00e9 qui vous \u00e9vitera de perdre votre temps au rayon \u00ab\u00a0draps\u00a0\u00bb. Une feuille de sorbier (ou autre), de la peinture, une touche de d\u00e9licatesse (histoire de faire \u00e7a proprement, m\u00eame si on ne s&rsquo;appelle pas Picasso) et ta-dam !<\/p>\n<p><img loading=\"lazy\" decoding=\"async\" class=\"aligncenter size-full wp-image-47868\" src=\"https:\/\/www.deedeeparis.com\/blog\/wp-content\/uploads\/2017\/02\/WL-213-DIY-2.jpg\" alt=\"\" width=\"640\" height=\"960\" srcset=\"https:\/\/www.deedeeparis.com\/blog\/wp-content\/uploads\/2017\/02\/WL-213-DIY-2.jpg 640w, https:\/\/www.deedeeparis.com\/blog\/wp-content\/uploads\/2017\/02\/WL-213-DIY-2-600x900.jpg 600w\" sizes=\"auto, (max-width: 640px) 100vw, 640px\" \/><\/p>\n<h2 class=\"stabylo\">ISabella de Isaac Delusion<\/h2>\n<p>\u00ab\u00a0Rust &amp; Gold\u00a0\u00bb : non il ne s&rsquo;agit pas d&rsquo;un nouveau film de Jacques Audiard (+10 si vous trouvez la r\u00e9f\u00e9rence \u00e0 ce jeu de mot), mais plut\u00f4t (pour notre grand plaisir) du nouvel album de Isaac Delusion. Ce titre intitul\u00e9 \u00ab\u00a0Isabella\u00a0\u00bb est une\u00a0chanson douce, m\u00e9lancolique et toutefois entra\u00eenante\u00a0qui s&rsquo;accompagne d&rsquo;un clip hypnotique et un peu weirdo, d&rsquo;accord, mais quand m\u00eame : \u00e7a ne nous emp\u00eache pas de l&rsquo;\u00e9couter sans mod\u00e9ration !<\/p>\n<p><iframe loading=\"lazy\" src=\"https:\/\/www.youtube.com\/embed\/wIUXvaQmzwE\" width=\"1020\" height=\"574\" frameborder=\"0\" allowfullscreen=\"allowfullscreen\"><\/iframe><\/p>\n<p>Voil\u00e0, c\u2019est tout pour aujourd\u2019hui. Prenez soin de vous !<\/p>\n","protected":false},"excerpt":{"rendered":"<p>Bonjour vous ! Nouvelle semaine, nouveaux coups de coeur. Cette semaine, j\u2019aime : La Barrette DU\u00a0chocolat des fran\u00e7ais \u00a0\u00a9 Le chocolat des Fran\u00e7ais\u00a0 Et l\u00e0 vous vous dites \u00ab\u00a0c&rsquo;est gagn\u00e9, j&rsquo;ai envie de chocolat maintenant\u00a0\u00bb. Pas taper.\u00a0Mais tout de m\u00eame, admirez ces magnifiques packagings dessin\u00e9s avec amour par les artistes Melody Leblond, Axelle Doppelt et [&hellip;]<\/p>\n","protected":false},"author":26,"featured_media":47969,"comment_status":"open","ping_status":"open","sticky":false,"template":"","format":"standard","meta":{"_acf_changed":false,"footnotes":""},"categories":[8],"tags":[6941,8652,8651,8650,8653,1085],"class_list":["post-47864","post","type-post","status-publish","format-standard","has-post-thumbnail","hentry","category-chroniques-de-paris","tag-idees-diy","tag-isaac-delusion","tag-laetitia-ivanez-x-les-galeries-lafayette","tag-le-chocolat-des-francais","tag-nouveaux-rouges-a-levres-dior","tag-photos-new-york"],"acf":[],"geo":null,"_links":{"self":[{"href":"https:\/\/www.deedeeparis.com\/blog\/wp-json\/wp\/v2\/posts\/47864","targetHints":{"allow":["GET"]}}],"collection":[{"href":"https:\/\/www.deedeeparis.com\/blog\/wp-json\/wp\/v2\/posts"}],"about":[{"href":"https:\/\/www.deedeeparis.com\/blog\/wp-json\/wp\/v2\/types\/post"}],"author":[{"embeddable":true,"href":"https:\/\/www.deedeeparis.com\/blog\/wp-json\/wp\/v2\/users\/26"}],"replies":[{"embeddable":true,"href":"https:\/\/www.deedeeparis.com\/blog\/wp-json\/wp\/v2\/comments?post=47864"}],"version-history":[{"count":39,"href":"https:\/\/www.deedeeparis.com\/blog\/wp-json\/wp\/v2\/posts\/47864\/revisions"}],"predecessor-version":[{"id":48055,"href":"https:\/\/www.deedeeparis.com\/blog\/wp-json\/wp\/v2\/posts\/47864\/revisions\/48055"}],"wp:featuredmedia":[{"embeddable":true,"href":"https:\/\/www.deedeeparis.com\/blog\/wp-json\/wp\/v2\/media\/47969"}],"wp:attachment":[{"href":"https:\/\/www.deedeeparis.com\/blog\/wp-json\/wp\/v2\/media?parent=47864"}],"wp:term":[{"taxonomy":"category","embeddable":true,"href":"https:\/\/www.deedeeparis.com\/blog\/wp-json\/wp\/v2\/categories?post=47864"},{"taxonomy":"post_tag","embeddable":true,"href":"https:\/\/www.deedeeparis.com\/blog\/wp-json\/wp\/v2\/tags?post=47864"}],"curies":[{"name":"wp","href":"https:\/\/api.w.org\/{rel}","templated":true}]}}