{"id":47974,"date":"2017-02-27T07:03:20","date_gmt":"2017-02-27T06:03:20","guid":{"rendered":"https:\/\/www.deedeeparis.com\/blog\/?p=47974"},"modified":"2017-02-26T19:50:59","modified_gmt":"2017-02-26T18:50:59","slug":"ma-week-list-214","status":"publish","type":"post","link":"https:\/\/www.deedeeparis.com\/blog\/ma-week-list-214","title":{"rendered":"Ma Week List #214"},"content":{"rendered":"<p>Hello la compagnie\u00a0! Nouvelle semaine, nouveaux coups de coeur. Cette semaine, j\u2019aime :<\/p>\n<h2 class=\"stabylo\">Les rouleaux \u00e0 peinture cr\u00e9atifs de The painted house<\/h2>\n<p><img loading=\"lazy\" decoding=\"async\" class=\"aligncenter size-full wp-image-47976\" src=\"https:\/\/www.deedeeparis.com\/blog\/wp-content\/uploads\/2017\/02\/WL-214-painted-house.jpg\" alt=\"\" width=\"1024\" height=\"819\" srcset=\"https:\/\/www.deedeeparis.com\/blog\/wp-content\/uploads\/2017\/02\/WL-214-painted-house.jpg 1024w, https:\/\/www.deedeeparis.com\/blog\/wp-content\/uploads\/2017\/02\/WL-214-painted-house-768x614.jpg 768w, https:\/\/www.deedeeparis.com\/blog\/wp-content\/uploads\/2017\/02\/WL-214-painted-house-600x480.jpg 600w\" sizes=\"auto, (max-width: 1024px) 100vw, 1024px\" \/><\/p>\n<p style=\"text-align: center;\"><em>\u00a9 <a href=\"http:\/\/the-painted-house.co.uk\/\" target=\"_blank\">The Painted House\u00a0<\/a><\/em><\/p>\n<p>Pour bien commencer la semaine, pourquoi ne pas ajouter un peu de pep&rsquo;s \u00e0 votre int\u00e9rieur ? Afin de rem\u00e9dier aux murs parfois trop sages, fleurs, oiseaux, biches et autres \u00e9l\u00e9ments de la nature parfaitement r\u00e9jouissants pour les parisiens en manque de nature\u00a0sont propos\u00e9s par <a href=\"http:\/\/the-painted-house.co.uk\/\" target=\"_blank\">The Painted House<\/a>. L&rsquo;inventive Clare Bosanquet \u00e0 l&rsquo;origine de cette initiative nous offre une bien jolie alternative \u00e0 prix mini pour\u00a0ramener vos murs \u00e0 la vie !<\/p>\n<h2 class=\"stabylo\">Le nouveau parfum chanel<\/h2>\n<p><img loading=\"lazy\" decoding=\"async\" class=\"aligncenter size-full wp-image-48090\" src=\"https:\/\/www.deedeeparis.com\/blog\/wp-content\/uploads\/2017\/02\/WL-214-chanel.jpg\" alt=\"\" width=\"1100\" height=\"619\" srcset=\"https:\/\/www.deedeeparis.com\/blog\/wp-content\/uploads\/2017\/02\/WL-214-chanel.jpg 1100w, https:\/\/www.deedeeparis.com\/blog\/wp-content\/uploads\/2017\/02\/WL-214-chanel-768x432.jpg 768w, https:\/\/www.deedeeparis.com\/blog\/wp-content\/uploads\/2017\/02\/WL-214-chanel-600x338.jpg 600w, https:\/\/www.deedeeparis.com\/blog\/wp-content\/uploads\/2017\/02\/WL-214-chanel-1024x576.jpg 1024w\" sizes=\"auto, (max-width: 1100px) 100vw, 1100px\" \/><\/p>\n<p style=\"text-align: center;\">\u00a9 <em>Visuel pr\u00e9sent\u00e9 pour la campagne du parfum, Chanel<\/em><\/p>\n<p>On ne la pr\u00e9sente plus. Celle qui a r\u00e9volutionn\u00e9 la petite robe noire et surtout le monde de la haute couture, Gabrielle Chanel, est \u00e0 l&rsquo;honneur cette ann\u00e9e ! La Maison Chanel a d\u00e9cid\u00e9 cet automne de lancer un parfum d\u00e9di\u00e9 \u00e0 sa cr\u00e9atrice. Le ton de la campagne est donn\u00e9, mettant l&rsquo;accent sur la femme, d\u00e9crite comme \u00ab\u00a0l&rsquo;insoumise, l&rsquo;indocile, l&rsquo;indomptable\u00a0\u00bb. Pour la petite histoire, la Maison Chanel n&rsquo;avait pas lanc\u00e9 de parfum depuis \u00ab\u00a0Chance\u00a0\u00bb en 2003 (et si on exclut la nouvelle interpr\u00e9tation de <a href=\"https:\/\/www.deedeeparis.com\/blog\/chanel-numero-5\" target=\"_blank\">Num\u00e9ro 5<\/a>). Ce nouveau parfum s&rsquo;inscrit dans la lign\u00e9e de fragrances des mythiques parfums \u00ab\u00a0N\u00b05\u00a0\u00bb et \u00ab\u00a0Coco Mademoiselle\u00a0\u00bb, \u00e0 savoir un floral abstrait, une importante cr\u00e9ativit\u00e9 et surtout des senteurs accessibles mais uniques : c&rsquo;est tout ce que je peux vous dire \u00e0 ce jour, les infos filtrant au compte goutte. Un joli retour aux sources, sur l&rsquo;authenticit\u00e9 m\u00eame de la marque tandis que Chanel avait r\u00e9cemment ouvert la voie \u00e0 la g\u00e9n\u00e9ration de ces fameux millennials, vous savez, les p&rsquo;tits jeunes qui n&rsquo;\u00e9taient pas n\u00e9s quand on passait notre bac ! Un voyage dans le temps parfum\u00e9, qui fait rena\u00eetre l&rsquo;histoire de Coco Chanel.<\/p>\n<h2 class=\"stabylo\">Les talons interchangeables de Alegory<\/h2>\n<p><img loading=\"lazy\" decoding=\"async\" class=\"aligncenter size-full wp-image-48078\" src=\"https:\/\/www.deedeeparis.com\/blog\/wp-content\/uploads\/2017\/02\/WL-214-alegory-visu2.jpg\" alt=\"\" width=\"1100\" height=\"748\" srcset=\"https:\/\/www.deedeeparis.com\/blog\/wp-content\/uploads\/2017\/02\/WL-214-alegory-visu2.jpg 1100w, https:\/\/www.deedeeparis.com\/blog\/wp-content\/uploads\/2017\/02\/WL-214-alegory-visu2-768x522.jpg 768w, https:\/\/www.deedeeparis.com\/blog\/wp-content\/uploads\/2017\/02\/WL-214-alegory-visu2-600x408.jpg 600w, https:\/\/www.deedeeparis.com\/blog\/wp-content\/uploads\/2017\/02\/WL-214-alegory-visu2-1024x696.jpg 1024w\" sizes=\"auto, (max-width: 1100px) 100vw, 1100px\" \/><\/p>\n<p style=\"text-align: center;\"><em>\u00a9 Alegory Paris<\/em><\/p>\n<p>Changer de chaussures comme de chemises\u00a0? C&rsquo;est possible et c&rsquo;est la jolie marque de chaussures <a href=\"http:\/\/www.alegory.com\/fr\/\" target=\"_blank\">Alegory Paris<\/a> qui nous offre cette opportunit\u00e9 ! Le principe est simple : pour une paire de chaussures achet\u00e9e vous pouvez l&rsquo;associer \u00e0 autant de talons diff\u00e9rents que vous le souhaitez. Pour r\u00e9sumer, les chaussures et talons sont ind\u00e9pendants les uns des autres. Malin, n&rsquo;est ce pas ? Un atout consid\u00e9rable pour \u00e9viter que ces nouvelles paires nous prennent une place d\u00e9mentielle dans nos placards ! Cette marque <em>Made In France<\/em>, propose des talons vari\u00e9s pour satisfaire toutes nos envies : talons hauts de 4 \u00e0 9 cm, en velours, cuirs, \u00ab\u00a0glitter\u00a0\u00bb ou encore \u00ab\u00a0metallic\u00a0\u00bb, vous ne pourrez trouver que votre bonheur !<\/p>\n<h2 class=\"stabylo\">Le cerf g\u00e9om\u00e9trique de Minimumdesign<\/h2>\n<p><img loading=\"lazy\" decoding=\"async\" class=\"aligncenter size-full wp-image-48040\" src=\"https:\/\/www.deedeeparis.com\/blog\/wp-content\/uploads\/2017\/02\/WL-214-cerf-en-bois-3.jpg\" alt=\"\" width=\"1100\" height=\"879\" srcset=\"https:\/\/www.deedeeparis.com\/blog\/wp-content\/uploads\/2017\/02\/WL-214-cerf-en-bois-3.jpg 1100w, https:\/\/www.deedeeparis.com\/blog\/wp-content\/uploads\/2017\/02\/WL-214-cerf-en-bois-3-768x614.jpg 768w, https:\/\/www.deedeeparis.com\/blog\/wp-content\/uploads\/2017\/02\/WL-214-cerf-en-bois-3-600x479.jpg 600w, https:\/\/www.deedeeparis.com\/blog\/wp-content\/uploads\/2017\/02\/WL-214-cerf-en-bois-3-1024x818.jpg 1024w\" sizes=\"auto, (max-width: 1100px) 100vw, 1100px\" \/><\/p>\n<p style=\"text-align: center;\"><em>\u00a9 <a href=\"http:\/\/bit.ly\/2jQiHry\" target=\"_blank\">MinimumDesign<\/a><\/em><\/p>\n<p>La semaine derni\u00e8re, il s&rsquo;agissait de la jolie affiche \u00ab\u00a0Baleines\u00a0\u00bb, aujourd&rsquo;hui faites place au cerf ! Afin de rester ancr\u00e9 dans le r\u00e8gne animal, cette d\u00e9coration graphique pourrait bien \u00eatre une agr\u00e9able alternative pour embellir votre int\u00e9rieur ! Cette sculpture murale peut-\u00eatre suspendue, coll\u00e9e ou accroch\u00e9e, autant de possibilit\u00e9s qui pourraient vous s\u00e9duire. Le m\u00e9ga bonus : le collectif <a href=\"http:\/\/bit.ly\/2jQiHry\" target=\"_blank\">Minimum Design<\/a>\u00a0s&rsquo;engage \u00e0 confectionner tous ces objets en France et \u00e0 la main ! Cliquez, cliquez, cliquez !<\/p>\n<h2 class=\"stabylo\">LA FRANCE D&rsquo;AVEDON<\/h2>\n<p><img loading=\"lazy\" decoding=\"async\" class=\"aligncenter size-full wp-image-48006\" src=\"https:\/\/www.deedeeparis.com\/blog\/wp-content\/uploads\/2017\/02\/WL-214-Avedon.jpg\" alt=\"\" width=\"1100\" height=\"682\" srcset=\"https:\/\/www.deedeeparis.com\/blog\/wp-content\/uploads\/2017\/02\/WL-214-Avedon.jpg 1100w, https:\/\/www.deedeeparis.com\/blog\/wp-content\/uploads\/2017\/02\/WL-214-Avedon-768x476.jpg 768w, https:\/\/www.deedeeparis.com\/blog\/wp-content\/uploads\/2017\/02\/WL-214-Avedon-600x372.jpg 600w, https:\/\/www.deedeeparis.com\/blog\/wp-content\/uploads\/2017\/02\/WL-214-Avedon-1024x635.jpg 1024w\" sizes=\"auto, (max-width: 1100px) 100vw, 1100px\" \/><\/p>\n<p style=\"text-align: center;\"><em>\u00a9 Samuel Beckett pour Richard Avedon, Paris<\/em><\/p>\n<p>Vous n&rsquo;avez pas eu le temps d&rsquo;aller voir les 200 clich\u00e9s de Richard Avedon \u00e0 la Biblioth\u00e8que nationale de France ? \u00a0Pour les retardataires, je vous offre une petite s\u00e9ance de rattrapage !<\/p>\n<p>En 1947, le d\u00e9fil\u00e9 de Christian Dior venait d&rsquo;ouvrir la voie \u00e0 un nouveau style : le \u00ab\u00a0New Look\u00a0\u00bb (petite histoire en pr\u00e9paration, attention !) . En compagnie du magazine\u00a0<em>Harper&rsquo;s Bazaar<\/em>, Richard Avedon est parti \u00e0 Paris, capturer ces instants afin de retracer cette nouvelle mode en vogue. Dix ans apr\u00e8s, le photographe revient \u00e0 Paris en tant que consultant visuel pour travailler sur le film \u00ab\u00a0Dr\u00f4le de frimousse\u00a0\u00bb, film en partie port\u00e9 par la talentueuse Audrey Hepburn. Autant dire, que ce dernier poss\u00e8de un lien unique avec la France.<\/p>\n<p>R\u00e9ellement intitul\u00e9e \u00ab\u00a0La France d&rsquo;Avedon: Vieux monde, new look\u00a0\u00bb, (d&rsquo;o\u00f9 l&rsquo;histoire du d\u00e9but !) cette exposition nous transporte quelques belles d\u00e9cennies en arri\u00e8re, o\u00f9 Audrey Hepburn, Catherine Deneuve ou encore Coco Chanel se sont pr\u00eat\u00e9es au jeu du photographe. Par cons\u00e9quent, si vous n&rsquo;avez pas pu voir cette exposition, voici quelques photos qui devrait vous faire voyager \u00e0 travers les \u00e9poques et les personnages culturels et artistiques de notre pays. Bonne s\u00e9ance !<\/p>\n<div class=\"vls-gf-album vls-gf-album-metro no-js vls-gf-album-info-none\" data-vls-gf-album-id=\"48009\" data-vls-gf-total-pages=\"1\" data-vls-gf-aspect-ratio=\"1\" data-vls-gf-horizontal-spacing=\"10\" data-vls-gf-vertical-spacing=\"10\" data-vls-gf-column-count=\"6\"><div class=\"vls-gf-thumbnail-container\"><div class=\"vls-gf-page \" data-vls-gf-page-no=\"1\"><div\n            class=\"vls-gf-item\"\n            data-vls-gf-image-aspect=\"1\"\n            data-vls-gf-width=\"3\"\n            data-vls-gf-height=\"3\"\n            data-vls-gf-col=\"0\"\n            data-vls-gf-row=\"0\"\n            style=\"margin-bottom: 10px;\"><a href=\"https:\/\/www.deedeeparis.com\/blog\/wp-content\/gf-uploads\/2017\/02\/WL-214-Deneuve.jpg\" \t\t        \t\t        ><img decoding=\"async\"\n                    class=\"vls-gf-wide\"\n                    src=\"https:\/\/www.deedeeparis.com\/blog\/wp-content\/gf-uploads\/2017\/02\/preview-m\/WL-214-Deneuve.jpg?1487685072\"                     alt=\"\"\/><div class=\"vls-gf-info-back\"><h2 class=\"vls-gf-info-caption\"\n\t\t                >\n\t\t                WL-214-Deneuve\t                <\/h2><h2 class=\"vls-gf-info-description\"\n\t\t                ><\/h2><\/div><\/a><\/div><div\n            class=\"vls-gf-item\"\n            data-vls-gf-image-aspect=\"0.92875\"\n            data-vls-gf-width=\"3\"\n            data-vls-gf-height=\"3\"\n            data-vls-gf-col=\"3\"\n            data-vls-gf-row=\"0\"\n            style=\"margin-bottom: 10px;\"><a href=\"https:\/\/www.deedeeparis.com\/blog\/wp-content\/gf-uploads\/2017\/02\/WL214-avedon-3.jpg\" \t\t        \t\t        ><img decoding=\"async\"\n                    class=\"vls-gf-tall\"\n                    src=\"https:\/\/www.deedeeparis.com\/blog\/wp-content\/gf-uploads\/2017\/02\/preview-m\/WL214-avedon-3.jpg?1487685083\"                     alt=\"\"\/><div class=\"vls-gf-info-back\"><h2 class=\"vls-gf-info-caption\"\n\t\t                >\n\t\t                WL214-avedon-3\t                <\/h2><h2 class=\"vls-gf-info-description\"\n\t\t                ><\/h2><\/div><\/a><\/div><\/div><\/div><\/div>\n<div class=\"vls-gf-album vls-gf-album-metro no-js vls-gf-album-info-none\" data-vls-gf-album-id=\"48015\" data-vls-gf-total-pages=\"1\" data-vls-gf-aspect-ratio=\"1\" data-vls-gf-horizontal-spacing=\"10\" data-vls-gf-vertical-spacing=\"10\" data-vls-gf-column-count=\"6\"><div class=\"vls-gf-thumbnail-container\"><div class=\"vls-gf-page \" data-vls-gf-page-no=\"1\"><div\n            class=\"vls-gf-item\"\n            data-vls-gf-image-aspect=\"0.66875\"\n            data-vls-gf-width=\"3\"\n            data-vls-gf-height=\"4\"\n            data-vls-gf-col=\"0\"\n            data-vls-gf-row=\"0\"\n            style=\"margin-bottom: 10px;\"><a href=\"https:\/\/www.deedeeparis.com\/blog\/wp-content\/gf-uploads\/2017\/02\/wl-214-avedon-gainsbourg.jpg\" \t\t        \t\t        ><img decoding=\"async\"\n                    class=\"vls-gf-tall\"\n                    src=\"https:\/\/www.deedeeparis.com\/blog\/wp-content\/gf-uploads\/2017\/02\/preview-m\/wl-214-avedon-gainsbourg.jpg?1487685346\"                     alt=\"\"\/><div class=\"vls-gf-info-back\"><h2 class=\"vls-gf-info-caption\"\n\t\t                >\n\t\t                wl-214-avedon-gainsbourg\t                <\/h2><h2 class=\"vls-gf-info-description\"\n\t\t                ><\/h2><\/div><\/a><\/div><div\n            class=\"vls-gf-item\"\n            data-vls-gf-image-aspect=\"0.78\"\n            data-vls-gf-width=\"3\"\n            data-vls-gf-height=\"4\"\n            data-vls-gf-col=\"3\"\n            data-vls-gf-row=\"0\"\n            style=\"margin-bottom: 10px;\"><a href=\"https:\/\/www.deedeeparis.com\/blog\/wp-content\/gf-uploads\/2017\/02\/WL-214-hepburn.jpg\" \t\t        \t\t        ><img decoding=\"async\"\n                    class=\"vls-gf-wide\"\n                    src=\"https:\/\/www.deedeeparis.com\/blog\/wp-content\/gf-uploads\/2017\/02\/preview-m\/WL-214-hepburn.jpg?1487685349\"                     alt=\"\"\/><div class=\"vls-gf-info-back\"><h2 class=\"vls-gf-info-caption\"\n\t\t                >\n\t\t                WL-214-hepburn\t                <\/h2><h2 class=\"vls-gf-info-description\"\n\t\t                ><\/h2><\/div><\/a><\/div><\/div><\/div><\/div>\n<div class=\"vls-gf-album vls-gf-album-metro no-js vls-gf-album-info-none\" data-vls-gf-album-id=\"48021\" data-vls-gf-total-pages=\"1\" data-vls-gf-aspect-ratio=\"1\" data-vls-gf-horizontal-spacing=\"10\" data-vls-gf-vertical-spacing=\"10\" data-vls-gf-column-count=\"4\"><div class=\"vls-gf-thumbnail-container\"><div class=\"vls-gf-page \" data-vls-gf-page-no=\"1\"><div\n            class=\"vls-gf-item\"\n            data-vls-gf-image-aspect=\"1\"\n            data-vls-gf-width=\"2\"\n            data-vls-gf-height=\"2\"\n            data-vls-gf-col=\"0\"\n            data-vls-gf-row=\"0\"\n            style=\"margin-bottom: 10px;\"><a href=\"https:\/\/www.deedeeparis.com\/blog\/wp-content\/gf-uploads\/2017\/02\/WL-214-chanel-avedon-2.jpg\" \t\t        \t\t        ><img decoding=\"async\"\n                    class=\"vls-gf-wide\"\n                    src=\"https:\/\/www.deedeeparis.com\/blog\/wp-content\/gf-uploads\/2017\/02\/preview-m\/WL-214-chanel-avedon-2.jpg?1487686160\"                     alt=\"\"\/><div class=\"vls-gf-info-back\"><h2 class=\"vls-gf-info-caption\"\n\t\t                >\n\t\t                WL-214-chanel-avedon-2\t                <\/h2><h2 class=\"vls-gf-info-description\"\n\t\t                ><\/h2><\/div><\/a><\/div><div\n            class=\"vls-gf-item\"\n            data-vls-gf-image-aspect=\"0.97875\"\n            data-vls-gf-width=\"2\"\n            data-vls-gf-height=\"2\"\n            data-vls-gf-col=\"2\"\n            data-vls-gf-row=\"0\"\n            style=\"margin-bottom: 10px;\"><a href=\"https:\/\/www.deedeeparis.com\/blog\/wp-content\/gf-uploads\/2017\/02\/WL-214-jeanne-avedon.jpg\" \t\t        \t\t        ><img decoding=\"async\"\n                    class=\"vls-gf-tall\"\n                    src=\"https:\/\/www.deedeeparis.com\/blog\/wp-content\/gf-uploads\/2017\/02\/preview-m\/WL-214-jeanne-avedon.jpg?1487686602\"                     alt=\"\"\/><div class=\"vls-gf-info-back\"><h2 class=\"vls-gf-info-caption\"\n\t\t                >\n\t\t                WL-214-jeanne-avedon\t                <\/h2><h2 class=\"vls-gf-info-description\"\n\t\t                ><\/h2><\/div><\/a><\/div><div\n            class=\"vls-gf-item\"\n            data-vls-gf-image-aspect=\"0.98947368421053\"\n            data-vls-gf-width=\"2\"\n            data-vls-gf-height=\"2\"\n            data-vls-gf-col=\"0\"\n            data-vls-gf-row=\"2\"\n            style=\"margin-bottom: 10px;\"><a href=\"https:\/\/www.deedeeparis.com\/blog\/wp-content\/gf-uploads\/2017\/02\/WL-214-binoche-avedon.jpg\" \t\t        \t\t        ><img decoding=\"async\"\n                    class=\"vls-gf-tall\"\n                    src=\"https:\/\/www.deedeeparis.com\/blog\/wp-content\/gf-uploads\/2017\/02\/preview-m\/WL-214-binoche-avedon.jpg?1487686159\"                     alt=\"\"\/><div class=\"vls-gf-info-back\"><h2 class=\"vls-gf-info-caption\"\n\t\t                >\n\t\t                WL-214-binoche-avedon\t                <\/h2><h2 class=\"vls-gf-info-description\"\n\t\t                ><\/h2><\/div><\/a><\/div><div\n            class=\"vls-gf-item\"\n            data-vls-gf-image-aspect=\"1\"\n            data-vls-gf-width=\"2\"\n            data-vls-gf-height=\"2\"\n            data-vls-gf-col=\"2\"\n            data-vls-gf-row=\"2\"\n            style=\"margin-bottom: 10px;\"><a href=\"https:\/\/www.deedeeparis.com\/blog\/wp-content\/gf-uploads\/2017\/02\/WL-214-avedon-6.jpg\" \t\t        \t\t        ><img decoding=\"async\"\n                    class=\"vls-gf-wide\"\n                    src=\"https:\/\/www.deedeeparis.com\/blog\/wp-content\/gf-uploads\/2017\/02\/preview-m\/WL-214-avedon-6.jpg?1487686157\"                     alt=\"\"\/><div class=\"vls-gf-info-back\"><h2 class=\"vls-gf-info-caption\"\n\t\t                >\n\t\t                WL-214-avedon-6\t                <\/h2><h2 class=\"vls-gf-info-description\"\n\t\t                ><\/h2><\/div><\/a><\/div><\/div><\/div><\/div>\n<h2 class=\"stabylo\">Faites-le vous-m\u00eame : L&rsquo;\u00e9tag\u00e8re-\u00e9chelle<\/h2>\n<p><img loading=\"lazy\" decoding=\"async\" class=\"aligncenter size-full wp-image-48031\" src=\"https:\/\/www.deedeeparis.com\/blog\/wp-content\/uploads\/2017\/02\/WL-214-etagere.jpg\" alt=\"\" width=\"778\" height=\"542\" srcset=\"https:\/\/www.deedeeparis.com\/blog\/wp-content\/uploads\/2017\/02\/WL-214-etagere.jpg 778w, https:\/\/www.deedeeparis.com\/blog\/wp-content\/uploads\/2017\/02\/WL-214-etagere-768x535.jpg 768w, https:\/\/www.deedeeparis.com\/blog\/wp-content\/uploads\/2017\/02\/WL-214-etagere-600x418.jpg 600w\" sizes=\"auto, (max-width: 778px) 100vw, 778px\" \/><\/p>\n<p style=\"text-align: center;\"><em><a href=\"http:\/\/apairandasparediy.com\/2014\/10\/diy-ladder-shelves\/\" target=\"_blank\">\u00a9 A pair and spare\u00a0<\/a><\/em><\/p>\n<p>Et on continue dans le bois ! Cette semaine, on confectionne avec nos petites mains une \u00e9tag\u00e8re super facilement gr\u00e2ce \u00e0 une \u00e9chelle ! De quoi faire d&rsquo;une pierre deux coups en fabriquant une \u00e9tag\u00e8re solide et utile, tout en utilisant un autre mat\u00e9riel du quotidien (ou presque!). Le blog <a href=\"http:\/\/apairandasparediy.com\/2014\/10\/diy-ladder-shelves\/\" target=\"_blank\">A pair and spare<\/a> prend le pari, qu&rsquo;avec des planches + des attaches, vous pourrez transformer votre univers \ud83d\ude09<br \/>\n<img loading=\"lazy\" decoding=\"async\" class=\"aligncenter size-full wp-image-48033\" src=\"https:\/\/www.deedeeparis.com\/blog\/wp-content\/uploads\/2017\/02\/WL-214-etagere-2-1.jpg\" alt=\"\" width=\"778\" height=\"1104\" srcset=\"https:\/\/www.deedeeparis.com\/blog\/wp-content\/uploads\/2017\/02\/WL-214-etagere-2-1.jpg 778w, https:\/\/www.deedeeparis.com\/blog\/wp-content\/uploads\/2017\/02\/WL-214-etagere-2-1-768x1090.jpg 768w, https:\/\/www.deedeeparis.com\/blog\/wp-content\/uploads\/2017\/02\/WL-214-etagere-2-1-600x851.jpg 600w, https:\/\/www.deedeeparis.com\/blog\/wp-content\/uploads\/2017\/02\/WL-214-etagere-2-1-722x1024.jpg 722w\" sizes=\"auto, (max-width: 778px) 100vw, 778px\" \/><\/p>\n<h2 class=\"stabylo\">Love is mystical de cold war kids<\/h2>\n<p>Si vous ne connaissez pas encore Cold War Kids, c&rsquo;est l&rsquo;occasion parfaite ! Ce groupe am\u00e9ricain cr\u00e9e en 2004 revient avec le titre \u00ab\u00a0Love is Mystical\u00a0\u00bb. Tempo entra\u00eenant, chanteur \u00e0 la voix inoubliable, une forte communaut\u00e9 derri\u00e8re eux, ce groupe est reconnu pour ses chansons m\u00e9morables. D\u00e9j\u00e0 5 albums enregistr\u00e9s et Cold War Kids nous surprend encore dans un clip qui renverse (litt\u00e9ralement) le temps. Bonne \u00e9coute !<\/p>\n<p><iframe loading=\"lazy\" src=\"https:\/\/www.youtube.com\/embed\/Qbe3oSfUG00\" width=\"1020\" height=\"574\" frameborder=\"0\" allowfullscreen=\"allowfullscreen\"><\/iframe><\/p>\n<p>Voil\u00e0, c\u2019est tout pour aujourd\u2019hui. Prenez soin de vous !<\/p>\n","protected":false},"excerpt":{"rendered":"<p>Hello la compagnie\u00a0! Nouvelle semaine, nouveaux coups de coeur. Cette semaine, j\u2019aime : Les rouleaux \u00e0 peinture cr\u00e9atifs de The painted house \u00a9 The Painted House\u00a0 Pour bien commencer la semaine, pourquoi ne pas ajouter un peu de pep&rsquo;s \u00e0 votre int\u00e9rieur ? Afin de rem\u00e9dier aux murs parfois trop sages, fleurs, oiseaux, biches et [&hellip;]<\/p>\n","protected":false},"author":26,"featured_media":48100,"comment_status":"open","ping_status":"open","sticky":false,"template":"","format":"standard","meta":{"_acf_changed":false,"footnotes":""},"categories":[8],"tags":[8667,8669,6941,8670,8668,5113],"class_list":["post-47974","post","type-post","status-publish","format-standard","has-post-thumbnail","hentry","category-chroniques-de-paris","tag-alegory-paris","tag-cold-war-kids","tag-idees-diy","tag-nouvel-album-cold-war-kids","tag-parfum-chanel","tag-richard-avedon"],"acf":[],"geo":null,"_links":{"self":[{"href":"https:\/\/www.deedeeparis.com\/blog\/wp-json\/wp\/v2\/posts\/47974","targetHints":{"allow":["GET"]}}],"collection":[{"href":"https:\/\/www.deedeeparis.com\/blog\/wp-json\/wp\/v2\/posts"}],"about":[{"href":"https:\/\/www.deedeeparis.com\/blog\/wp-json\/wp\/v2\/types\/post"}],"author":[{"embeddable":true,"href":"https:\/\/www.deedeeparis.com\/blog\/wp-json\/wp\/v2\/users\/26"}],"replies":[{"embeddable":true,"href":"https:\/\/www.deedeeparis.com\/blog\/wp-json\/wp\/v2\/comments?post=47974"}],"version-history":[{"count":59,"href":"https:\/\/www.deedeeparis.com\/blog\/wp-json\/wp\/v2\/posts\/47974\/revisions"}],"predecessor-version":[{"id":48108,"href":"https:\/\/www.deedeeparis.com\/blog\/wp-json\/wp\/v2\/posts\/47974\/revisions\/48108"}],"wp:featuredmedia":[{"embeddable":true,"href":"https:\/\/www.deedeeparis.com\/blog\/wp-json\/wp\/v2\/media\/48100"}],"wp:attachment":[{"href":"https:\/\/www.deedeeparis.com\/blog\/wp-json\/wp\/v2\/media?parent=47974"}],"wp:term":[{"taxonomy":"category","embeddable":true,"href":"https:\/\/www.deedeeparis.com\/blog\/wp-json\/wp\/v2\/categories?post=47974"},{"taxonomy":"post_tag","embeddable":true,"href":"https:\/\/www.deedeeparis.com\/blog\/wp-json\/wp\/v2\/tags?post=47974"}],"curies":[{"name":"wp","href":"https:\/\/api.w.org\/{rel}","templated":true}]}}