{"id":48524,"date":"2017-04-03T07:03:08","date_gmt":"2017-04-03T05:03:08","guid":{"rendered":"https:\/\/www.deedeeparis.com\/blog\/?p=48524"},"modified":"2017-04-03T00:51:58","modified_gmt":"2017-04-02T22:51:58","slug":"ma-week-list-219","status":"publish","type":"post","link":"https:\/\/www.deedeeparis.com\/blog\/ma-week-list-219","title":{"rendered":"Ma Week List #219"},"content":{"rendered":"<h2 class=\"stabylo\">La bande annonce de love actually 2<\/h2>\n<p><img loading=\"lazy\" decoding=\"async\" class=\"aligncenter size-full wp-image-48833\" src=\"https:\/\/www.deedeeparis.com\/blog\/wp-content\/uploads\/2017\/03\/WL-219-Love-Actually-.jpg\" alt=\"\" width=\"1098\" height=\"768\" srcset=\"https:\/\/www.deedeeparis.com\/blog\/wp-content\/uploads\/2017\/03\/WL-219-Love-Actually-.jpg 1098w, https:\/\/www.deedeeparis.com\/blog\/wp-content\/uploads\/2017\/03\/WL-219-Love-Actually--768x537.jpg 768w, https:\/\/www.deedeeparis.com\/blog\/wp-content\/uploads\/2017\/03\/WL-219-Love-Actually--600x420.jpg 600w, https:\/\/www.deedeeparis.com\/blog\/wp-content\/uploads\/2017\/03\/WL-219-Love-Actually--1024x716.jpg 1024w\" sizes=\"auto, (max-width: 1098px) 100vw, 1098px\" \/><\/p>\n<p style=\"text-align: center;\"><em>\u00a9 Love Actually 2\u00a0<\/em><\/p>\n<p>C&rsquo;\u00e9tait il y a pratiquement 15 ans d\u00e9j\u00e0 (j&rsquo;\u00e9tais pas n\u00e9e), lorsque Hugh Grant se d\u00e9hanchait et r\u00e9alisait sa danse mythique, interpr\u00e9tant alors le <em>funky<\/em>\u00a0premier ministre britannique dans<em> Love Actually<\/em>. Apr\u00e8s avoir regard\u00e9 le premier opus \u00e0 (litt\u00e9ralement) tous les No\u00ebls,\u00a0on va maintenant pouvoir prolonger la magie ! \u00a0Les acteurs se retrouvent \u00e0 nouveau pour un court-m\u00e9trage de 10 minutes sorti le 24 mars sur BBC One, r\u00e9sumant les aventures romantiques et chass\u00e9s-crois\u00e9s de ces personnages, dont le casting est pratiquement au complet ! En association avec le Red Nose Day, une association caritative britannique, <a href=\"https:\/\/www.youtube.com\/watch?v=AFUrSiaTfDY\" target=\"_blank\">la bande annonce<\/a> reprend avec humour l&rsquo;id\u00e9e originale des pancartes, moment cl\u00e9 du premier film. Petit bonus : il se dit que Hugh Grant nous r\u00e9serve une nouvelle \u00e9dition de son d\u00e9hanch\u00e9 supr\u00eame&#8230; Oh boy.<\/p>\n<h2 class=\"stabylo\">LA Collection hommage \u00e0 sonia Rykiel<\/h2>\n<p><img loading=\"lazy\" decoding=\"async\" class=\"aligncenter size-full wp-image-48815\" src=\"https:\/\/www.deedeeparis.com\/blog\/wp-content\/uploads\/2017\/03\/WL-219-Rykiel-For-Ever.gif\" alt=\"\" width=\"1000\" height=\"667\" srcset=\"https:\/\/www.deedeeparis.com\/blog\/wp-content\/uploads\/2017\/03\/WL-219-Rykiel-For-Ever.gif 1000w, https:\/\/www.deedeeparis.com\/blog\/wp-content\/uploads\/2017\/03\/WL-219-Rykiel-For-Ever-768x512.gif 768w, https:\/\/www.deedeeparis.com\/blog\/wp-content\/uploads\/2017\/03\/WL-219-Rykiel-For-Ever-600x400.gif 600w\" sizes=\"auto, (max-width: 1000px) 100vw, 1000px\" \/><\/p>\n<p style=\"text-align: center;\"><em>\u00a9 Rykiel For Ever<\/em><\/p>\n<p>La cr\u00e9atrice \u00e0 la crini\u00e8re de feu, sp\u00e9cialiste dans l&rsquo;art de la maille est \u00e0 l&rsquo;honneur pour une collection intitul\u00e9e \u00ab\u00a0<a href=\"https:\/\/www.soniarykiel.com\/fr_ue\/rykiel-for-ever-841.html\" target=\"_blank\">Rykiel For Ever<\/a>\u00ab\u00a0, disponible d\u00e8s \u00e0 pr\u00e9sent. Cette collection capsule imagin\u00e9e par Sonia Rykiel\u00a0et r\u00e9alis\u00e9e par Julie de Libran, l&rsquo;actuelle directrice artistique, s&rsquo;inspire des archives de la maison en reprenant les codes tant connus, \u00e0 savoir les rayures color\u00e9es et la maille. Fabriqu\u00e9es en Italie, ces pi\u00e8ces soulignent le sentiment de libert\u00e9, de mouvement et d&rsquo;humour que la cr\u00e9atrice tenait tant \u00e0 partager. Pulls aux manches d\u00e9saccord\u00e9es, marini\u00e8res extravagantes et shorts en jean taille haute affubl\u00e9s de boutons dor\u00e9s, malgr\u00e9 la disparition de la cr\u00e9atrice l&rsquo;\u00e9t\u00e9 dernier, son empreinte et sa vision personnelle reste toujours pr\u00e9sente dans cette collection pleine de malice.<\/p>\n<h2 class=\"stabylo\">Le free cone day de ben &amp; Jerry&rsquo;s<\/h2>\n<p><img loading=\"lazy\" decoding=\"async\" class=\"aligncenter size-full wp-image-48925\" src=\"https:\/\/www.deedeeparis.com\/blog\/wp-content\/uploads\/2017\/03\/WL-219-ben-and-jerrys-.jpg\" alt=\"\" width=\"1100\" height=\"578\" srcset=\"https:\/\/www.deedeeparis.com\/blog\/wp-content\/uploads\/2017\/03\/WL-219-ben-and-jerrys-.jpg 1100w, https:\/\/www.deedeeparis.com\/blog\/wp-content\/uploads\/2017\/03\/WL-219-ben-and-jerrys--768x404.jpg 768w, https:\/\/www.deedeeparis.com\/blog\/wp-content\/uploads\/2017\/03\/WL-219-ben-and-jerrys--600x315.jpg 600w, https:\/\/www.deedeeparis.com\/blog\/wp-content\/uploads\/2017\/03\/WL-219-ben-and-jerrys--1024x538.jpg 1024w\" sizes=\"auto, (max-width: 1100px) 100vw, 1100px\" \/><\/p>\n<p style=\"text-align: center;\"><em>\u00a9 Ben and Jerry&rsquo;s\u00a0<\/em><\/p>\n<p>C&rsquo;est pas une semaine qui commence bien \u00e7a ? Sortir du lit ce matin fut compliqu\u00e9 (apr\u00e8s avoir snooz\u00e9 7 fois votre r\u00e9veil), n\u00e9anmoins demain vous aurez une r\u00e9elle bonne raison de vous lever ! Le mardi 4 avril aura lieu le<em> Free Cone Day<\/em> chez Ben &amp; Jerry&rsquo;s au MK2, le seul moment de l&rsquo;ann\u00e9e o\u00f9 vous pouvez \u00e9lire pour votre saveur pr\u00e9f\u00e9r\u00e9e et au passage d\u00e9guster une bonne glace gratuitement ! Entre Cookie Dough, Choc Fudge Brownie et Chunky Monkey, votez pour le parfum qui vous semble le plus all\u00e9chant&#8230; Comme le dit la marque \u00ab\u00a0Ne laissons pas fondre la d\u00e9mocratie\u00a0\u00bb&#8230; A vot\u00e9 !<\/p>\n<h2 class=\"stabylo\" style=\"text-align: left;\">La lampe en bois de Minimumdesign<\/h2>\n<p style=\"text-align: center;\"><img loading=\"lazy\" decoding=\"async\" class=\"aligncenter size-full wp-image-48421\" src=\"https:\/\/www.deedeeparis.com\/blog\/wp-content\/uploads\/2017\/03\/WL-217-lampe-bois-2.jpg\" alt=\"\" width=\"1100\" height=\"1101\" srcset=\"https:\/\/www.deedeeparis.com\/blog\/wp-content\/uploads\/2017\/03\/WL-217-lampe-bois-2.jpg 1100w, https:\/\/www.deedeeparis.com\/blog\/wp-content\/uploads\/2017\/03\/WL-217-lampe-bois-2-768x769.jpg 768w, https:\/\/www.deedeeparis.com\/blog\/wp-content\/uploads\/2017\/03\/WL-217-lampe-bois-2-150x150.jpg 150w, https:\/\/www.deedeeparis.com\/blog\/wp-content\/uploads\/2017\/03\/WL-217-lampe-bois-2-600x601.jpg 600w, https:\/\/www.deedeeparis.com\/blog\/wp-content\/uploads\/2017\/03\/WL-217-lampe-bois-2-1024x1024.jpg 1024w\" sizes=\"auto, (max-width: 1100px) 100vw, 1100px\" \/><\/p>\n<p style=\"text-align: center;\"><em>\u00a9 MinimumDesign<\/em><\/p>\n<p>Il est vrai qu&rsquo;en ce moment les bougies et les lumi\u00e8res innovantes sont r\u00e9ellement \u00e0 l&rsquo;honneur dans les week-lists &#8230; des id\u00e9es d\u00e9co lumineuses n&rsquo;est-ce-pas ? (le jeu de mot de trop ?). Mais si comme moi, vous \u00eates au nirvana de la d\u00e9coration graphique saupoudr\u00e9e de bois, alors je vous propose cette jolie lampe, confectionn\u00e9e par <a href=\"http:\/\/bit.ly\/2jQ0l9Y\" target=\"_blank\">MinimumDesign<\/a>. (vous vous souvenez du <a href=\"https:\/\/www.deedeeparis.com\/blog\/ma-week-list-214\" target=\"_blank\">cerf en bois<\/a> ? C&rsquo;\u00e9tait eux aussi !) Ces artisans aux neurones cr\u00e9atifs proposent des objets du quotidien esth\u00e9tiques et bien pens\u00e9s, comme cette lampe inspir\u00e9e par l&rsquo;allure d&rsquo;un diamant, qui procure un effet \u00f4 <em>so chic<\/em>\u00a0et \u00f4 <em>so<\/em> brut gr\u00e2ce \u00e0 son apparence bois\u00e9e. Une jolie narration pour vous prouver que cet abat-jour saura remettre clart\u00e9 et \u00e9clat dans vos espaces !<\/p>\n<p><img loading=\"lazy\" decoding=\"async\" class=\"aligncenter size-full wp-image-48422\" src=\"https:\/\/www.deedeeparis.com\/blog\/wp-content\/uploads\/2017\/03\/WL-217-Lampe-bois.jpg\" alt=\"\" width=\"1100\" height=\"825\" srcset=\"https:\/\/www.deedeeparis.com\/blog\/wp-content\/uploads\/2017\/03\/WL-217-Lampe-bois.jpg 1100w, https:\/\/www.deedeeparis.com\/blog\/wp-content\/uploads\/2017\/03\/WL-217-Lampe-bois-768x576.jpg 768w, https:\/\/www.deedeeparis.com\/blog\/wp-content\/uploads\/2017\/03\/WL-217-Lampe-bois-600x450.jpg 600w, https:\/\/www.deedeeparis.com\/blog\/wp-content\/uploads\/2017\/03\/WL-217-Lampe-bois-1024x768.jpg 1024w\" sizes=\"auto, (max-width: 1100px) 100vw, 1100px\" \/><\/p>\n<h2 class=\"stabylo\">Paris, il y a 100 ans<\/h2>\n<p><img loading=\"lazy\" decoding=\"async\" class=\"aligncenter size-full wp-image-48606\" src=\"https:\/\/www.deedeeparis.com\/blog\/wp-content\/uploads\/2017\/03\/WL-217-paris-10.jpg\" alt=\"\" width=\"1100\" height=\"738\" srcset=\"https:\/\/www.deedeeparis.com\/blog\/wp-content\/uploads\/2017\/03\/WL-217-paris-10.jpg 1100w, https:\/\/www.deedeeparis.com\/blog\/wp-content\/uploads\/2017\/03\/WL-217-paris-10-768x515.jpg 768w, https:\/\/www.deedeeparis.com\/blog\/wp-content\/uploads\/2017\/03\/WL-217-paris-10-600x403.jpg 600w, https:\/\/www.deedeeparis.com\/blog\/wp-content\/uploads\/2017\/03\/WL-217-paris-10-1024x687.jpg 1024w\" sizes=\"auto, (max-width: 1100px) 100vw, 1100px\" \/><\/p>\n<p style=\"text-align: center;\"><em>\u00a9 Mus\u00e9e Albert Kahn\u00a0<\/em><\/p>\n<p>PERDU, ces photographies ne sont pas\u00a0photoshop\u00e9es mais bien r\u00e9alis\u00e9es\u00a0il y a un si\u00e8cle par les Fr\u00e8res Lumi\u00e8res\u00a0gr\u00e2ce \u00e0\u00a0l&rsquo;autochrome, un processus pionnier dans l&rsquo;ajout de couleurs sur les photographies qu&rsquo;ils d\u00e9veloppaient \u00e0 l&rsquo;\u00e9poque.\u00a0Conserv\u00e9s au Mus\u00e9e Albert Kahn, ces clich\u00e9s ont \u00e9t\u00e9 pris dans les ann\u00e9es 1910 et\u00a0nous offrent une parenth\u00e8se hors du temps&#8230;<\/p>\n<p><img loading=\"lazy\" decoding=\"async\" class=\"aligncenter size-full wp-image-48603\" src=\"https:\/\/www.deedeeparis.com\/blog\/wp-content\/uploads\/2017\/03\/WL-218-les-invalides-.jpg\" alt=\"\" width=\"880\" height=\"594\" srcset=\"https:\/\/www.deedeeparis.com\/blog\/wp-content\/uploads\/2017\/03\/WL-218-les-invalides-.jpg 880w, https:\/\/www.deedeeparis.com\/blog\/wp-content\/uploads\/2017\/03\/WL-218-les-invalides--768x518.jpg 768w, https:\/\/www.deedeeparis.com\/blog\/wp-content\/uploads\/2017\/03\/WL-218-les-invalides--600x405.jpg 600w\" sizes=\"auto, (max-width: 880px) 100vw, 880px\" \/><\/p>\n<div class=\"vls-gf-album vls-gf-album-metro no-js vls-gf-album-info-none\" data-vls-gf-album-id=\"48594\" data-vls-gf-total-pages=\"1\" data-vls-gf-aspect-ratio=\"1\" data-vls-gf-horizontal-spacing=\"10\" data-vls-gf-vertical-spacing=\"10\" data-vls-gf-column-count=\"6\"><div class=\"vls-gf-thumbnail-container\"><div class=\"vls-gf-page \" data-vls-gf-page-no=\"1\"><div\n            class=\"vls-gf-item\"\n            data-vls-gf-image-aspect=\"0.7265625\"\n            data-vls-gf-width=\"3\"\n            data-vls-gf-height=\"5\"\n            data-vls-gf-col=\"0\"\n            data-vls-gf-row=\"0\"\n            style=\"margin-bottom: 10px;\"><a href=\"https:\/\/www.deedeeparis.com\/blog\/wp-content\/gf-uploads\/2017\/03\/WL-218-paris-3.jpg\" \t\t        \t\t        ><img decoding=\"async\"\n                    class=\"vls-gf-wide\"\n                    src=\"https:\/\/www.deedeeparis.com\/blog\/wp-content\/gf-uploads\/2017\/03\/preview-m\/WL-218-paris-3.jpg?1490026635\"                     alt=\"\"\/><div class=\"vls-gf-info-back\"><h2 class=\"vls-gf-info-caption\"\n\t\t                >\n\t\t                WL-218-paris-3\t                <\/h2><h2 class=\"vls-gf-info-description\"\n\t\t                ><\/h2><\/div><\/a><\/div><div\n            class=\"vls-gf-item\"\n            data-vls-gf-image-aspect=\"1.1535181236674\"\n            data-vls-gf-width=\"3\"\n            data-vls-gf-height=\"4\"\n            data-vls-gf-col=\"3\"\n            data-vls-gf-row=\"0\"\n            style=\"margin-bottom: 10px;\"><a href=\"https:\/\/www.deedeeparis.com\/blog\/wp-content\/gf-uploads\/2017\/03\/WL-218-Paris-9.jpg\" \t\t        \t\t        ><img decoding=\"async\"\n                    class=\"vls-gf-wide\"\n                    src=\"https:\/\/www.deedeeparis.com\/blog\/wp-content\/gf-uploads\/2017\/03\/preview-m\/WL-218-Paris-9.jpg?1490026764\"                     alt=\"\"\/><div class=\"vls-gf-info-back\"><h2 class=\"vls-gf-info-caption\"\n\t\t                >\n\t\t                WL-218-Paris-9\t                <\/h2><h2 class=\"vls-gf-info-description\"\n\t\t                ><\/h2><\/div><\/a><\/div><div\n            class=\"vls-gf-item\"\n            data-vls-gf-image-aspect=\"0.75\"\n            data-vls-gf-width=\"3\"\n            data-vls-gf-height=\"5\"\n            data-vls-gf-col=\"3\"\n            data-vls-gf-row=\"4\"\n            style=\"margin-bottom: 10px;\"><a href=\"https:\/\/www.deedeeparis.com\/blog\/wp-content\/gf-uploads\/2017\/03\/WL-218-Paris-8.jpg\" \t\t        \t\t        ><img decoding=\"async\"\n                    class=\"vls-gf-wide\"\n                    src=\"https:\/\/www.deedeeparis.com\/blog\/wp-content\/gf-uploads\/2017\/03\/preview-m\/WL-218-Paris-8.jpg?1490026641\"                     alt=\"\"\/><div class=\"vls-gf-info-back\"><h2 class=\"vls-gf-info-caption\"\n\t\t                >\n\t\t                WL-218-Paris-8\t                <\/h2><h2 class=\"vls-gf-info-description\"\n\t\t                ><\/h2><\/div><\/a><\/div><div\n            class=\"vls-gf-item\"\n            data-vls-gf-image-aspect=\"0.6984375\"\n            data-vls-gf-width=\"3\"\n            data-vls-gf-height=\"4\"\n            data-vls-gf-col=\"0\"\n            data-vls-gf-row=\"5\"\n            style=\"margin-bottom: 10px;\"><a href=\"https:\/\/www.deedeeparis.com\/blog\/wp-content\/gf-uploads\/2017\/03\/WL-218-Paris-7.jpg\" \t\t        \t\t        ><img decoding=\"async\"\n                    class=\"vls-gf-tall\"\n                    src=\"https:\/\/www.deedeeparis.com\/blog\/wp-content\/gf-uploads\/2017\/03\/preview-m\/WL-218-Paris-7.jpg?1490026637\"                     alt=\"\"\/><div class=\"vls-gf-info-back\"><h2 class=\"vls-gf-info-caption\"\n\t\t                >\n\t\t                WL-218-Paris-7\t                <\/h2><h2 class=\"vls-gf-info-description\"\n\t\t                ><\/h2><\/div><\/a><\/div><\/div><\/div><\/div>\n<p><img loading=\"lazy\" decoding=\"async\" class=\"aligncenter size-full wp-image-48609\" src=\"https:\/\/www.deedeeparis.com\/blog\/wp-content\/uploads\/2017\/03\/WL-218-paris-11.jpg\" alt=\"\" width=\"880\" height=\"650\" srcset=\"https:\/\/www.deedeeparis.com\/blog\/wp-content\/uploads\/2017\/03\/WL-218-paris-11.jpg 880w, https:\/\/www.deedeeparis.com\/blog\/wp-content\/uploads\/2017\/03\/WL-218-paris-11-768x567.jpg 768w, https:\/\/www.deedeeparis.com\/blog\/wp-content\/uploads\/2017\/03\/WL-218-paris-11-600x443.jpg 600w\" sizes=\"auto, (max-width: 880px) 100vw, 880px\" \/><\/p>\n<p><img loading=\"lazy\" decoding=\"async\" class=\"aligncenter size-full wp-image-48610\" src=\"https:\/\/www.deedeeparis.com\/blog\/wp-content\/uploads\/2017\/03\/WL-218-rue-de-la-paix.jpg\" alt=\"\" width=\"880\" height=\"675\" srcset=\"https:\/\/www.deedeeparis.com\/blog\/wp-content\/uploads\/2017\/03\/WL-218-rue-de-la-paix.jpg 880w, https:\/\/www.deedeeparis.com\/blog\/wp-content\/uploads\/2017\/03\/WL-218-rue-de-la-paix-768x589.jpg 768w, https:\/\/www.deedeeparis.com\/blog\/wp-content\/uploads\/2017\/03\/WL-218-rue-de-la-paix-600x460.jpg 600w\" sizes=\"auto, (max-width: 880px) 100vw, 880px\" \/><\/p>\n<h2 class=\"stabylo\">Faites-le vous-m\u00eame : la tablette marbr\u00e9e<\/h2>\n<div class=\"vls-gf-album vls-gf-album-metro no-js vls-gf-album-info-none\" data-vls-gf-album-id=\"48809\" data-vls-gf-total-pages=\"1\" data-vls-gf-aspect-ratio=\"1\" data-vls-gf-horizontal-spacing=\"10\" data-vls-gf-vertical-spacing=\"10\" data-vls-gf-column-count=\"4\"><div class=\"vls-gf-thumbnail-container\"><div class=\"vls-gf-page \" data-vls-gf-page-no=\"1\"><div\n            class=\"vls-gf-item\"\n            data-vls-gf-image-aspect=\"0.66625\"\n            data-vls-gf-width=\"2\"\n            data-vls-gf-height=\"3\"\n            data-vls-gf-col=\"0\"\n            data-vls-gf-row=\"0\"\n            style=\"margin-bottom: 10px;\"><a href=\"https:\/\/www.deedeeparis.com\/blog\/wp-content\/gf-uploads\/2017\/03\/WL-219-DIY-3.jpg\" \t\t        \t\t        ><img decoding=\"async\"\n                    class=\"vls-gf-tall\"\n                    src=\"https:\/\/www.deedeeparis.com\/blog\/wp-content\/gf-uploads\/2017\/03\/preview-m\/WL-219-DIY-3.jpg?1490611361\"                     alt=\"\"\/><div class=\"vls-gf-info-back\"><h2 class=\"vls-gf-info-caption\"\n\t\t                >\n\t\t                WL-219-DIY-3\t                <\/h2><h2 class=\"vls-gf-info-description\"\n\t\t                ><\/h2><\/div><\/a><\/div><div\n            class=\"vls-gf-item\"\n            data-vls-gf-image-aspect=\"0.66625\"\n            data-vls-gf-width=\"2\"\n            data-vls-gf-height=\"3\"\n            data-vls-gf-col=\"2\"\n            data-vls-gf-row=\"0\"\n            style=\"margin-bottom: 10px;\"><a href=\"https:\/\/www.deedeeparis.com\/blog\/wp-content\/gf-uploads\/2017\/03\/WL-219-DIY.jpg\" \t\t        \t\t        ><img decoding=\"async\"\n                    class=\"vls-gf-tall\"\n                    src=\"https:\/\/www.deedeeparis.com\/blog\/wp-content\/gf-uploads\/2017\/03\/preview-m\/WL-219-DIY.jpg?1490611363\"                     alt=\"\"\/><div class=\"vls-gf-info-back\"><h2 class=\"vls-gf-info-caption\"\n\t\t                >\n\t\t                WL-219-DIY\t                <\/h2><h2 class=\"vls-gf-info-description\"\n\t\t                ><\/h2><\/div><\/a><\/div><\/div><\/div><\/div>\n<p style=\"text-align: center;\"><em>\u00a9 Sugar and cloth<\/em><\/p>\n<p>Pourquoi ne pas ajouter un peu de cr\u00e9ativit\u00e9 et de fantaisie \u00e0 votre tablette ou votre liseuse ? Nombre de protections sont offertes pour prot\u00e9ger votre b\u00e9b\u00e9 digital, cependant la rendre quelque peu unique pourrait ajouter un peu de pep&rsquo;s \u00e0 vos lectures ! <a href=\"https:\/\/sugarandcloth.com\/diy-kindle-or-tablet-cover\/\" target=\"_blank\">Sugar and cloth<\/a> s&rsquo;approprie le marbre pour ce DIY, n\u00e9anmoins libre \u00e0 vous de d\u00e9corer votre protection comme vous le souhaitez. Une jolie alternative cr\u00e9ative, un peu comme une couverture de livre personnalis\u00e9e &#8230;<\/p>\n<p>Pour ceux qui se rendent compte maintenant qu&rsquo;ils n&rsquo;ont pas de protection &#8230; c&rsquo;est par ici :<\/p>\n<div class=\"vls-gf-album vls-gf-album-metro no-js vls-gf-album-info-none\" data-vls-gf-album-id=\"48873\" data-vls-gf-total-pages=\"1\" data-vls-gf-aspect-ratio=\"1\" data-vls-gf-horizontal-spacing=\"10\" data-vls-gf-vertical-spacing=\"10\" data-vls-gf-column-count=\"4\"><div class=\"vls-gf-thumbnail-container\"><div class=\"vls-gf-page \" data-vls-gf-page-no=\"1\"><div\n            class=\"vls-gf-item\"\n            data-vls-gf-image-aspect=\"1\"\n            data-vls-gf-width=\"1\"\n            data-vls-gf-height=\"1\"\n            data-vls-gf-col=\"0\"\n            data-vls-gf-row=\"0\"\n            style=\"margin-bottom: 10px;\"><a href=\"http:\/\/bit.ly\/2nvbkaz\" \t\t        target=\"_blank\" \t\t        ><img decoding=\"async\"\n                    class=\"vls-gf-wide\"\n                    src=\"https:\/\/www.deedeeparis.com\/blog\/wp-content\/gf-uploads\/2017\/03\/preview-m\/WL-219-protection-liseuse-target.jpg?1490695126\"                     alt=\"\"\/><div class=\"vls-gf-info-back\"><h2 class=\"vls-gf-info-caption\"\n\t\t                >\n\t\t                WL-219-protection-liseuse-target\t                <\/h2><h2 class=\"vls-gf-info-description\"\n\t\t                ><\/h2><\/div><\/a><\/div><div\n            class=\"vls-gf-item\"\n            data-vls-gf-image-aspect=\"1\"\n            data-vls-gf-width=\"1\"\n            data-vls-gf-height=\"1\"\n            data-vls-gf-col=\"1\"\n            data-vls-gf-row=\"0\"\n            style=\"margin-bottom: 10px;\"><a href=\"http:\/\/bit.ly\/2nvowMq\" \t\t        target=\"_blank\" \t\t        ><img decoding=\"async\"\n                    class=\"vls-gf-wide\"\n                    src=\"https:\/\/www.deedeeparis.com\/blog\/wp-content\/gf-uploads\/2017\/03\/preview-m\/WL-219-protection-tablette-la-redoute.jpg?1490695109\"                     alt=\"\"\/><div class=\"vls-gf-info-back\"><h2 class=\"vls-gf-info-caption\"\n\t\t                >\n\t\t                WL-219-protection-tablette-la-redoute\t                <\/h2><h2 class=\"vls-gf-info-description\"\n\t\t                ><\/h2><\/div><\/a><\/div><div\n            class=\"vls-gf-item\"\n            data-vls-gf-image-aspect=\"1\"\n            data-vls-gf-width=\"1\"\n            data-vls-gf-height=\"1\"\n            data-vls-gf-col=\"2\"\n            data-vls-gf-row=\"0\"\n            style=\"margin-bottom: 10px;\"><a href=\"http:\/\/bit.ly\/2nOEDp7\" \t\t        target=\"_blank\" \t\t        ><img decoding=\"async\"\n                    class=\"vls-gf-wide\"\n                    src=\"https:\/\/www.deedeeparis.com\/blog\/wp-content\/gf-uploads\/2017\/03\/preview-m\/WL-219-protection-etsy.jpg?1490868071\"                     alt=\"\"\/><div class=\"vls-gf-info-back\"><h2 class=\"vls-gf-info-caption\"\n\t\t                >\n\t\t                WL-219-protection-etsy\t                <\/h2><h2 class=\"vls-gf-info-description\"\n\t\t                ><\/h2><\/div><\/a><\/div><div\n            class=\"vls-gf-item\"\n            data-vls-gf-image-aspect=\"1.5841584158416\"\n            data-vls-gf-width=\"1\"\n            data-vls-gf-height=\"1\"\n            data-vls-gf-col=\"3\"\n            data-vls-gf-row=\"0\"\n            style=\"margin-bottom: 10px;\"><a href=\"http:\/\/bit.ly\/2oBMH9w\" \t\t        target=\"_blank\" \t\t        ><img decoding=\"async\"\n                    class=\"vls-gf-wide\"\n                    src=\"https:\/\/www.deedeeparis.com\/blog\/wp-content\/gf-uploads\/2017\/03\/preview-m\/WL-219-DIY-proctetion-kobo.jpg?1490868047\"                     alt=\"\"\/><div class=\"vls-gf-info-back\"><h2 class=\"vls-gf-info-caption\"\n\t\t                >\n\t\t                WL-219-DIY-proctetion-kobo\t                <\/h2><h2 class=\"vls-gf-info-description\"\n\t\t                ><\/h2><\/div><\/a><\/div><\/div><\/div><\/div>\n<p>Pour ceux qui se sentent cr\u00e9atifs cette semaine :<\/p>\n<div class=\"vls-gf-album vls-gf-album-metro no-js vls-gf-album-info-none\" data-vls-gf-album-id=\"48930\" data-vls-gf-total-pages=\"1\" data-vls-gf-aspect-ratio=\"1\" data-vls-gf-horizontal-spacing=\"10\" data-vls-gf-vertical-spacing=\"10\" data-vls-gf-column-count=\"4\"><div class=\"vls-gf-thumbnail-container\"><div class=\"vls-gf-page \" data-vls-gf-page-no=\"1\"><div\n            class=\"vls-gf-item\"\n            data-vls-gf-image-aspect=\"1\"\n            data-vls-gf-width=\"1\"\n            data-vls-gf-height=\"1\"\n            data-vls-gf-col=\"0\"\n            data-vls-gf-row=\"0\"\n            style=\"margin-bottom: 10px;\"><a href=\"http:\/\/bit.ly\/2occTbC\" \t\t        target=\"_blank\" \t\t        ><img decoding=\"async\"\n                    class=\"vls-gf-wide\"\n                    src=\"https:\/\/www.deedeeparis.com\/blog\/wp-content\/gf-uploads\/2017\/03\/preview-m\/WL-219-papier-marbre\u0301-3.jpg?1490695073\"                     alt=\"\"\/><div class=\"vls-gf-info-back\"><h2 class=\"vls-gf-info-caption\"\n\t\t                >\n\t\t                WL-219-papier-marbre\u0301-3\t                <\/h2><h2 class=\"vls-gf-info-description\"\n\t\t                ><\/h2><\/div><\/a><\/div><div\n            class=\"vls-gf-item\"\n            data-vls-gf-image-aspect=\"1.1422845691383\"\n            data-vls-gf-width=\"1\"\n            data-vls-gf-height=\"1\"\n            data-vls-gf-col=\"1\"\n            data-vls-gf-row=\"0\"\n            style=\"margin-bottom: 10px;\"><a href=\"http:\/\/bit.ly\/2ocaRIu\" \t\t        target=\"_blank\" \t\t        ><img decoding=\"async\"\n                    class=\"vls-gf-wide\"\n                    src=\"https:\/\/www.deedeeparis.com\/blog\/wp-content\/gf-uploads\/2017\/03\/preview-m\/WL-219-washi-tape-2.jpg?1490695091\"                     alt=\"\"\/><div class=\"vls-gf-info-back\"><h2 class=\"vls-gf-info-caption\"\n\t\t                >\n\t\t                WL-219-washi-tape-2\t                <\/h2><h2 class=\"vls-gf-info-description\"\n\t\t                ><\/h2><\/div><\/a><\/div><div\n            class=\"vls-gf-item\"\n            data-vls-gf-image-aspect=\"1\"\n            data-vls-gf-width=\"1\"\n            data-vls-gf-height=\"1\"\n            data-vls-gf-col=\"2\"\n            data-vls-gf-row=\"0\"\n            style=\"margin-bottom: 10px;\"><a href=\"http:\/\/bit.ly\/2nOJJlh\" \t\t        target=\"_blank\" \t\t        ><img decoding=\"async\"\n                    class=\"vls-gf-wide\"\n                    src=\"https:\/\/www.deedeeparis.com\/blog\/wp-content\/gf-uploads\/2017\/03\/preview-m\/WL-219-DIY-stickers-cactus.jpg?1490868423\"                     alt=\"\"\/><div class=\"vls-gf-info-back\"><h2 class=\"vls-gf-info-caption\"\n\t\t                >\n\t\t                WL-219-DIY-stickers-cactus\t                <\/h2><h2 class=\"vls-gf-info-description\"\n\t\t                ><\/h2><\/div><\/a><\/div><div\n            class=\"vls-gf-item\"\n            data-vls-gf-image-aspect=\"1.5\"\n            data-vls-gf-width=\"1\"\n            data-vls-gf-height=\"1\"\n            data-vls-gf-col=\"3\"\n            data-vls-gf-row=\"0\"\n            style=\"margin-bottom: 10px;\"><a href=\"http:\/\/bit.ly\/2nOFKVO\" \t\t        target=\"_blank\" \t\t        ><img decoding=\"async\"\n                    class=\"vls-gf-wide\"\n                    src=\"https:\/\/www.deedeeparis.com\/blog\/wp-content\/gf-uploads\/2017\/03\/preview-m\/WL-219-stickers-DIY-pumpkin-.jpg?1490868370\"                     alt=\"\"\/><div class=\"vls-gf-info-back\"><h2 class=\"vls-gf-info-caption\"\n\t\t                >\n\t\t                WL-219-stickers-DIY-pumpkin-\t                <\/h2><h2 class=\"vls-gf-info-description\"\n\t\t                ><\/h2><\/div><\/a><\/div><\/div><\/div><\/div>\n<h2 class=\"stabylo\">Stay alive de\u00a0Jos\u00e9 Gonz\u00e1lez<\/h2>\n<p>Issue du film \u00ab\u00a0La vie r\u00eav\u00e9e de Walter Mitty\u00a0\u00bb dont le personnage principal s&rsquo;imagine alors \u00eatre le h\u00e9ros d&rsquo;aventures imaginaires pour s\u2019\u00e9vader de sa r\u00e9alit\u00e9 angoissante, cette chanson est interpr\u00e9t\u00e9e par Jos\u00e9 Gonzalez, chanteur su\u00e9dois, compositeur de m\u00e9lodies paisibles. Du Groenland, \u00e0 l&rsquo;Islande en passant par l&rsquo;Afghanistan, cette jolie ballade accompagne le film tout en y ajoutant une touche de m\u00e9lancolie et de nostalgie, enrichissant le message principal \u00ab\u00a0Vivez \u00e0 fond!\u00a0\u00bb<\/p>\n<p><iframe loading=\"lazy\" src=\"https:\/\/www.youtube.com\/embed\/NucJk8TxyRg\" width=\"1020\" height=\"574\" frameborder=\"0\" allowfullscreen=\"allowfullscreen\"><\/iframe><\/p>\n<p>Voil\u00e0, c\u2019est tout pour aujourd\u2019hui. Prenez soin de vous !<\/p>\n","protected":false},"excerpt":{"rendered":"<p>La bande annonce de love actually 2 \u00a9 Love Actually 2\u00a0 C&rsquo;\u00e9tait il y a pratiquement 15 ans d\u00e9j\u00e0 (j&rsquo;\u00e9tais pas n\u00e9e), lorsque Hugh Grant se d\u00e9hanchait et r\u00e9alisait sa danse mythique, interpr\u00e9tant alors le funky\u00a0premier ministre britannique dans Love Actually. Apr\u00e8s avoir regard\u00e9 le premier opus \u00e0 (litt\u00e9ralement) tous les No\u00ebls,\u00a0on va maintenant pouvoir [&hellip;]<\/p>\n","protected":false},"author":26,"featured_media":48919,"comment_status":"open","ping_status":"open","sticky":false,"template":"","format":"standard","meta":{"_acf_changed":false,"footnotes":""},"categories":[8],"tags":[8721,3682,8722,8716,8711,8717,1434],"class_list":["post-48524","post","type-post","status-publish","format-standard","has-post-thumbnail","hentry","category-chroniques-de-paris","tag-ben-jerrys","tag-etsy","tag-free-cone-day-2017","tag-love-actually-2","tag-paris-il-y-a-100-ans","tag-rykiel-for-ever","tag-sonia-rykiel"],"acf":[],"geo":null,"_links":{"self":[{"href":"https:\/\/www.deedeeparis.com\/blog\/wp-json\/wp\/v2\/posts\/48524","targetHints":{"allow":["GET"]}}],"collection":[{"href":"https:\/\/www.deedeeparis.com\/blog\/wp-json\/wp\/v2\/posts"}],"about":[{"href":"https:\/\/www.deedeeparis.com\/blog\/wp-json\/wp\/v2\/types\/post"}],"author":[{"embeddable":true,"href":"https:\/\/www.deedeeparis.com\/blog\/wp-json\/wp\/v2\/users\/26"}],"replies":[{"embeddable":true,"href":"https:\/\/www.deedeeparis.com\/blog\/wp-json\/wp\/v2\/comments?post=48524"}],"version-history":[{"count":42,"href":"https:\/\/www.deedeeparis.com\/blog\/wp-json\/wp\/v2\/posts\/48524\/revisions"}],"predecessor-version":[{"id":49045,"href":"https:\/\/www.deedeeparis.com\/blog\/wp-json\/wp\/v2\/posts\/48524\/revisions\/49045"}],"wp:featuredmedia":[{"embeddable":true,"href":"https:\/\/www.deedeeparis.com\/blog\/wp-json\/wp\/v2\/media\/48919"}],"wp:attachment":[{"href":"https:\/\/www.deedeeparis.com\/blog\/wp-json\/wp\/v2\/media?parent=48524"}],"wp:term":[{"taxonomy":"category","embeddable":true,"href":"https:\/\/www.deedeeparis.com\/blog\/wp-json\/wp\/v2\/categories?post=48524"},{"taxonomy":"post_tag","embeddable":true,"href":"https:\/\/www.deedeeparis.com\/blog\/wp-json\/wp\/v2\/tags?post=48524"}],"curies":[{"name":"wp","href":"https:\/\/api.w.org\/{rel}","templated":true}]}}