{"id":49995,"date":"2017-06-19T07:03:51","date_gmt":"2017-06-19T05:03:51","guid":{"rendered":"https:\/\/www.deedeeparis.com\/blog\/?p=49995"},"modified":"2017-06-18T21:57:57","modified_gmt":"2017-06-18T19:57:57","slug":"ma-week-list-228","status":"publish","type":"post","link":"https:\/\/www.deedeeparis.com\/blog\/ma-week-list-228","title":{"rendered":"Ma Week List #228"},"content":{"rendered":"<p>Hello la compagnie ! \u00c7a va aujourd&rsquo;hui ? Vous avez pass\u00e9 un bon week-end ? Pour ma part, c&rsquo;\u00e9tait le dernier avant un tunnel plut\u00f4t du genre intense mais tr\u00e8s chouette&#8230; On dormira quand on sera mort, il para\u00eet \ud83d\ude42<\/p>\n<p>Or donc pour l&rsquo;heure, nouvelle semaine&#8230; Nouveaux coups de coeur ! Cette semaine, j&rsquo;aime :<\/p>\n<h2 class=\"stabylo\">Les bijoux de Sample Concept<\/h2>\n<p><a href=\"https:\/\/www.deedeeparis.com\/blog\/wp-content\/uploads\/2017\/06\/sample-concept-collier-court-bracelet-perle-jaune-branches1-1000x750.jpg\"><img loading=\"lazy\" decoding=\"async\" class=\"aligncenter size-full wp-image-50024\" src=\"https:\/\/www.deedeeparis.com\/blog\/wp-content\/uploads\/2017\/06\/sample-concept-collier-court-bracelet-perle-jaune-branches1-1000x750.jpg\" alt=\"\" width=\"1000\" height=\"750\" srcset=\"https:\/\/www.deedeeparis.com\/blog\/wp-content\/uploads\/2017\/06\/sample-concept-collier-court-bracelet-perle-jaune-branches1-1000x750.jpg 1000w, https:\/\/www.deedeeparis.com\/blog\/wp-content\/uploads\/2017\/06\/sample-concept-collier-court-bracelet-perle-jaune-branches1-1000x750-768x576.jpg 768w, https:\/\/www.deedeeparis.com\/blog\/wp-content\/uploads\/2017\/06\/sample-concept-collier-court-bracelet-perle-jaune-branches1-1000x750-600x450.jpg 600w\" sizes=\"auto, (max-width: 1000px) 100vw, 1000px\" \/><\/a><\/p>\n<p>Simples, \u00e9pur\u00e9s, carr\u00e9ment d\u00e9sirables, je suis fan des colliers et bracelets de <a href=\"http:\/\/sample-concept.com\/\" target=\"_blank\" rel=\"noopener noreferrer\">Sample Concept<\/a> ! On trouve aussi sur le site moult p\u00e9pites d\u00e9co tout aussi d\u00e9sirables&#8230; le tout \u00e0 prix carr\u00e9ment raisonnable. On doit la marque \u00e0 deux soeurs tomb\u00e9es amoureuses du N\u00e9pal et qui ont eu envie de composer ces objets simples, parfaitement ma\u00eetris\u00e9s et avec ce petit suppl\u00e9ment d&rsquo;\u00e2me qui se voit d\u00e9j\u00e0 \u00e0 l&rsquo;\u00e9cran. Chaque collection est \u00e9labor\u00e9e dans la vall\u00e9e de Katmandou, avec des artisans locaux pour les perles et le martelage et une association de femmes pour le tissage.<\/p>\n<div class=\"vls-gf-album vls-gf-album-metro no-js vls-gf-album-info-none\" data-vls-gf-album-id=\"50025\" data-vls-gf-total-pages=\"1\" data-vls-gf-aspect-ratio=\"1.5\" data-vls-gf-horizontal-spacing=\"10\" data-vls-gf-vertical-spacing=\"10\" data-vls-gf-column-count=\"3\"><div class=\"vls-gf-thumbnail-container\"><div class=\"vls-gf-page \" data-vls-gf-page-no=\"1\"><div\n            class=\"vls-gf-item\"\n            data-vls-gf-image-aspect=\"0.62125\"\n            data-vls-gf-width=\"1\"\n            data-vls-gf-height=\"3\"\n            data-vls-gf-col=\"0\"\n            data-vls-gf-row=\"0\"\n            style=\"margin-bottom: 10px;\"><a href=\"https:\/\/www.deedeeparis.com\/blog\/wp-content\/gf-uploads\/2017\/06\/sample-concept-collier-tilhari-top-jaune-glassbeads-handmade-necklace-tradition-nepal-621x1000.jpg\" \t\t        \t\t        ><img decoding=\"async\"\n                    class=\"vls-gf-wide\"\n                    src=\"https:\/\/www.deedeeparis.com\/blog\/wp-content\/gf-uploads\/2017\/06\/preview-m\/sample-concept-collier-tilhari-top-jaune-glassbeads-handmade-necklace-tradition-nepal-621x1000.jpg?1497813364\"                     alt=\"\"\/><div class=\"vls-gf-info-back\"><h2 class=\"vls-gf-info-caption\"\n\t\t                >\n\t\t                sample-concept-collier-tilhari-top-jaune-glassbeads-handmade-necklace-tradition-nepal-621x1000\t                <\/h2><h2 class=\"vls-gf-info-description\"\n\t\t                ><\/h2><\/div><\/a><\/div><div\n            class=\"vls-gf-item\"\n            data-vls-gf-image-aspect=\"0.75\"\n            data-vls-gf-width=\"1\"\n            data-vls-gf-height=\"3\"\n            data-vls-gf-col=\"1\"\n            data-vls-gf-row=\"0\"\n            style=\"margin-bottom: 10px;\"><a href=\"https:\/\/www.deedeeparis.com\/blog\/wp-content\/gf-uploads\/2017\/06\/sample-concept-collier-long-tilhari-design-tube-blanc-jaune-750x1000.jpg\" \t\t        \t\t        ><img decoding=\"async\"\n                    class=\"vls-gf-wide\"\n                    src=\"https:\/\/www.deedeeparis.com\/blog\/wp-content\/gf-uploads\/2017\/06\/preview-m\/sample-concept-collier-long-tilhari-design-tube-blanc-jaune-750x1000.jpg?1497813362\"                     alt=\"\"\/><div class=\"vls-gf-info-back\"><h2 class=\"vls-gf-info-caption\"\n\t\t                >\n\t\t                sample-concept-collier-long-tilhari-design-tube-blanc-jaune-750x1000\t                <\/h2><h2 class=\"vls-gf-info-description\"\n\t\t                ><\/h2><\/div><\/a><\/div><div\n            class=\"vls-gf-item\"\n            data-vls-gf-image-aspect=\"0.5825\"\n            data-vls-gf-width=\"1\"\n            data-vls-gf-height=\"3\"\n            data-vls-gf-col=\"2\"\n            data-vls-gf-row=\"0\"\n            style=\"margin-bottom: 10px;\"><a href=\"https:\/\/www.deedeeparis.com\/blog\/wp-content\/gf-uploads\/2017\/06\/sample-concept-collier-long-potey-greenery-582x1000.gif\" \t\t        \t\t        ><img decoding=\"async\"\n                    class=\"vls-gf-wide\"\n                    src=\"https:\/\/www.deedeeparis.com\/blog\/wp-content\/gf-uploads\/2017\/06\/preview-m\/sample-concept-collier-long-potey-greenery-582x1000.gif?1497813366\"                     alt=\"\"\/><div class=\"vls-gf-info-back\"><h2 class=\"vls-gf-info-caption\"\n\t\t                >\n\t\t                sample-concept-collier-long-potey-greenery-582x1000\t                <\/h2><h2 class=\"vls-gf-info-description\"\n\t\t                ><\/h2><\/div><\/a><\/div><\/div><\/div><\/div>\n<h2 class=\"stabylo\">Les recettes en kit d&rsquo;Ikea<\/h2>\n<p><a href=\"https:\/\/www.deedeeparis.com\/blog\/wp-content\/uploads\/2017\/06\/affiches-recettes-ikea-01.jpg\"><img loading=\"lazy\" decoding=\"async\" class=\"aligncenter size-full wp-image-49997\" src=\"https:\/\/www.deedeeparis.com\/blog\/wp-content\/uploads\/2017\/06\/affiches-recettes-ikea-01.jpg\" alt=\"\" width=\"700\" height=\"389\" srcset=\"https:\/\/www.deedeeparis.com\/blog\/wp-content\/uploads\/2017\/06\/affiches-recettes-ikea-01.jpg 700w, https:\/\/www.deedeeparis.com\/blog\/wp-content\/uploads\/2017\/06\/affiches-recettes-ikea-01-600x333.jpg 600w\" sizes=\"auto, (max-width: 700px) 100vw, 700px\" \/><\/a><\/p>\n<p>Je ne sais pas encore si je trouve l&rsquo;id\u00e9e g\u00e9niale ou compl\u00e8tement gadget&#8230; Mais une chose est s\u00fbre, l&rsquo;id\u00e9e ne me laisse pas indiff\u00e9rente ! L&rsquo;agence de pub\u00a0Leo Burnett a propos\u00e9 \u00e0 la filiale canadienne d\u2019IKEA de\u00a0cr\u00e9er \u00ab Cook This Page \u00bb, une gamme de recettes\u00a0en kit.\u00a0Chaque affiche pr\u00e9sente les ingr\u00e9dients requis sous forme de dessins et le cuisto doit simplement remplir les espaces blancs. Cerise sur le papier, les recettes sont imprim\u00e9es sur du papier avec de l\u2019encre alimentaire qui permet de passer le tout au four sans souci.\u00a0Un b\u00e9mol ? Outre l&rsquo;id\u00e9e s\u00e9duisante mais un peu farfelues peut-\u00eatre, ces fiches ne sont pas en vente&#8230;<br \/>\n<a href=\"https:\/\/www.deedeeparis.com\/blog\/wp-content\/uploads\/2017\/06\/affiches-recettes-ikea-03.jpg\"><img loading=\"lazy\" decoding=\"async\" class=\"aligncenter size-full wp-image-50002\" src=\"https:\/\/www.deedeeparis.com\/blog\/wp-content\/uploads\/2017\/06\/affiches-recettes-ikea-03.jpg\" alt=\"\" width=\"700\" height=\"389\" srcset=\"https:\/\/www.deedeeparis.com\/blog\/wp-content\/uploads\/2017\/06\/affiches-recettes-ikea-03.jpg 700w, https:\/\/www.deedeeparis.com\/blog\/wp-content\/uploads\/2017\/06\/affiches-recettes-ikea-03-600x333.jpg 600w\" sizes=\"auto, (max-width: 700px) 100vw, 700px\" \/><\/a><\/p>\n<p><a href=\"https:\/\/www.deedeeparis.com\/blog\/wp-content\/uploads\/2017\/06\/affiches-recettes-ikea-02.jpg\"><img loading=\"lazy\" decoding=\"async\" class=\"aligncenter size-full wp-image-50003\" src=\"https:\/\/www.deedeeparis.com\/blog\/wp-content\/uploads\/2017\/06\/affiches-recettes-ikea-02.jpg\" alt=\"\" width=\"700\" height=\"389\" srcset=\"https:\/\/www.deedeeparis.com\/blog\/wp-content\/uploads\/2017\/06\/affiches-recettes-ikea-02.jpg 700w, https:\/\/www.deedeeparis.com\/blog\/wp-content\/uploads\/2017\/06\/affiches-recettes-ikea-02-600x333.jpg 600w\" sizes=\"auto, (max-width: 700px) 100vw, 700px\" \/><\/a><\/p>\n<p><a href=\"https:\/\/www.deedeeparis.com\/blog\/wp-content\/uploads\/2017\/06\/affiches-recettes-ikea-04.jpg\"><img loading=\"lazy\" decoding=\"async\" class=\"aligncenter size-full wp-image-50004\" src=\"https:\/\/www.deedeeparis.com\/blog\/wp-content\/uploads\/2017\/06\/affiches-recettes-ikea-04.jpg\" alt=\"\" width=\"700\" height=\"389\" srcset=\"https:\/\/www.deedeeparis.com\/blog\/wp-content\/uploads\/2017\/06\/affiches-recettes-ikea-04.jpg 700w, https:\/\/www.deedeeparis.com\/blog\/wp-content\/uploads\/2017\/06\/affiches-recettes-ikea-04-600x333.jpg 600w\" sizes=\"auto, (max-width: 700px) 100vw, 700px\" \/><\/a><\/p>\n<p><a href=\"https:\/\/www.deedeeparis.com\/blog\/wp-content\/uploads\/2017\/06\/affiches-recettes-ikea-05-new.jpg\"><img loading=\"lazy\" decoding=\"async\" class=\"aligncenter size-full wp-image-50001\" src=\"https:\/\/www.deedeeparis.com\/blog\/wp-content\/uploads\/2017\/06\/affiches-recettes-ikea-05-new.jpg\" alt=\"\" width=\"700\" height=\"389\" srcset=\"https:\/\/www.deedeeparis.com\/blog\/wp-content\/uploads\/2017\/06\/affiches-recettes-ikea-05-new.jpg 700w, https:\/\/www.deedeeparis.com\/blog\/wp-content\/uploads\/2017\/06\/affiches-recettes-ikea-05-new-600x333.jpg 600w\" sizes=\"auto, (max-width: 700px) 100vw, 700px\" \/><\/a><\/p>\n<p><a href=\"https:\/\/www.deedeeparis.com\/blog\/wp-content\/uploads\/2017\/06\/affiches-recettes-ikea-06-new.jpg\"><img loading=\"lazy\" decoding=\"async\" class=\"aligncenter size-full wp-image-50000\" src=\"https:\/\/www.deedeeparis.com\/blog\/wp-content\/uploads\/2017\/06\/affiches-recettes-ikea-06-new.jpg\" alt=\"\" width=\"700\" height=\"391\" srcset=\"https:\/\/www.deedeeparis.com\/blog\/wp-content\/uploads\/2017\/06\/affiches-recettes-ikea-06-new.jpg 700w, https:\/\/www.deedeeparis.com\/blog\/wp-content\/uploads\/2017\/06\/affiches-recettes-ikea-06-new-600x335.jpg 600w\" sizes=\"auto, (max-width: 700px) 100vw, 700px\" \/><\/a><\/p>\n<p><a href=\"https:\/\/www.deedeeparis.com\/blog\/wp-content\/uploads\/2017\/06\/affiches-recettes-ikea-07-new.jpg\"><img loading=\"lazy\" decoding=\"async\" class=\"aligncenter size-full wp-image-49999\" src=\"https:\/\/www.deedeeparis.com\/blog\/wp-content\/uploads\/2017\/06\/affiches-recettes-ikea-07-new.jpg\" alt=\"\" width=\"700\" height=\"391\" srcset=\"https:\/\/www.deedeeparis.com\/blog\/wp-content\/uploads\/2017\/06\/affiches-recettes-ikea-07-new.jpg 700w, https:\/\/www.deedeeparis.com\/blog\/wp-content\/uploads\/2017\/06\/affiches-recettes-ikea-07-new-600x335.jpg 600w\" sizes=\"auto, (max-width: 700px) 100vw, 700px\" \/><\/a><\/p>\n<h2 class=\"stabylo\">La nouvelle collection du Bazar de Lorafolk<\/h2>\n<p><a href=\"https:\/\/www.deedeeparis.com\/blog\/wp-content\/uploads\/2017\/06\/le-bazar-de-lorafolk-2.png\"><img loading=\"lazy\" decoding=\"async\" class=\"aligncenter size-full wp-image-50008\" src=\"https:\/\/www.deedeeparis.com\/blog\/wp-content\/uploads\/2017\/06\/le-bazar-de-lorafolk-2.png\" alt=\"\" width=\"1016\" height=\"662\" srcset=\"https:\/\/www.deedeeparis.com\/blog\/wp-content\/uploads\/2017\/06\/le-bazar-de-lorafolk-2.png 1016w, https:\/\/www.deedeeparis.com\/blog\/wp-content\/uploads\/2017\/06\/le-bazar-de-lorafolk-2-768x500.png 768w, https:\/\/www.deedeeparis.com\/blog\/wp-content\/uploads\/2017\/06\/le-bazar-de-lorafolk-2-600x391.png 600w\" sizes=\"auto, (max-width: 1016px) 100vw, 1016px\" \/><\/a><\/p>\n<p>Toute nouvelle, toute belle, la nouvelle collection de mes chouchous le <a href=\"http:\/\/lebazar.lorafolk.com\/boutique\/\" target=\"_blank\" rel=\"noopener noreferrer\">Bazar de Lorafolk<\/a> ! C&rsquo;est bien simple, je veux tout. Comme \u00e7a, pas de jaloux !<a href=\"https:\/\/www.deedeeparis.com\/blog\/wp-content\/uploads\/2017\/06\/le-bazar-de-lorafolk-1.png\"><img loading=\"lazy\" decoding=\"async\" class=\"aligncenter size-full wp-image-50009\" src=\"https:\/\/www.deedeeparis.com\/blog\/wp-content\/uploads\/2017\/06\/le-bazar-de-lorafolk-1.png\" alt=\"\" width=\"1036\" height=\"687\" srcset=\"https:\/\/www.deedeeparis.com\/blog\/wp-content\/uploads\/2017\/06\/le-bazar-de-lorafolk-1.png 1036w, https:\/\/www.deedeeparis.com\/blog\/wp-content\/uploads\/2017\/06\/le-bazar-de-lorafolk-1-768x509.png 768w, https:\/\/www.deedeeparis.com\/blog\/wp-content\/uploads\/2017\/06\/le-bazar-de-lorafolk-1-600x398.png 600w, https:\/\/www.deedeeparis.com\/blog\/wp-content\/uploads\/2017\/06\/le-bazar-de-lorafolk-1-1024x679.png 1024w\" sizes=\"auto, (max-width: 1036px) 100vw, 1036px\" \/><\/a><\/p>\n<p><a href=\"https:\/\/www.deedeeparis.com\/blog\/wp-content\/uploads\/2017\/06\/le-bazar-de-lorafolk-3.png\"><img loading=\"lazy\" decoding=\"async\" class=\"aligncenter size-full wp-image-50007\" src=\"https:\/\/www.deedeeparis.com\/blog\/wp-content\/uploads\/2017\/06\/le-bazar-de-lorafolk-3.png\" alt=\"\" width=\"1038\" height=\"689\" srcset=\"https:\/\/www.deedeeparis.com\/blog\/wp-content\/uploads\/2017\/06\/le-bazar-de-lorafolk-3.png 1038w, https:\/\/www.deedeeparis.com\/blog\/wp-content\/uploads\/2017\/06\/le-bazar-de-lorafolk-3-768x510.png 768w, https:\/\/www.deedeeparis.com\/blog\/wp-content\/uploads\/2017\/06\/le-bazar-de-lorafolk-3-600x398.png 600w, https:\/\/www.deedeeparis.com\/blog\/wp-content\/uploads\/2017\/06\/le-bazar-de-lorafolk-3-1024x680.png 1024w\" sizes=\"auto, (max-width: 1038px) 100vw, 1038px\" \/><\/a><\/p>\n<p><a href=\"https:\/\/www.deedeeparis.com\/blog\/wp-content\/uploads\/2017\/06\/le-bazar-de-lorafolk-4.png\"><img loading=\"lazy\" decoding=\"async\" class=\"aligncenter size-full wp-image-50006\" src=\"https:\/\/www.deedeeparis.com\/blog\/wp-content\/uploads\/2017\/06\/le-bazar-de-lorafolk-4.png\" alt=\"\" width=\"449\" height=\"669\" \/><\/a><\/p>\n<p><a href=\"https:\/\/www.deedeeparis.com\/blog\/wp-content\/uploads\/2017\/06\/le-bazar-de-lorafolk.png\"><img loading=\"lazy\" decoding=\"async\" class=\"aligncenter size-full wp-image-50010\" src=\"https:\/\/www.deedeeparis.com\/blog\/wp-content\/uploads\/2017\/06\/le-bazar-de-lorafolk.png\" alt=\"\" width=\"1040\" height=\"685\" srcset=\"https:\/\/www.deedeeparis.com\/blog\/wp-content\/uploads\/2017\/06\/le-bazar-de-lorafolk.png 1040w, https:\/\/www.deedeeparis.com\/blog\/wp-content\/uploads\/2017\/06\/le-bazar-de-lorafolk-768x506.png 768w, https:\/\/www.deedeeparis.com\/blog\/wp-content\/uploads\/2017\/06\/le-bazar-de-lorafolk-600x395.png 600w, https:\/\/www.deedeeparis.com\/blog\/wp-content\/uploads\/2017\/06\/le-bazar-de-lorafolk-1024x674.png 1024w\" sizes=\"auto, (max-width: 1040px) 100vw, 1040px\" \/><\/a><\/p>\n<h2 class=\"stabylo\">La coupe Montblanc d&rsquo;Angelina<\/h2>\n<p><a href=\"https:\/\/www.deedeeparis.com\/blog\/wp-content\/uploads\/2017\/06\/coupe-montblanc-angelina.png\"><img loading=\"lazy\" decoding=\"async\" class=\"aligncenter size-full wp-image-50035\" src=\"https:\/\/www.deedeeparis.com\/blog\/wp-content\/uploads\/2017\/06\/coupe-montblanc-angelina.png\" alt=\"\" width=\"456\" height=\"624\" \/><\/a><\/p>\n<p>Rhaaaaa PILE au moment o\u00f9 on se dit qu&rsquo;on est \u00e0 l&rsquo;abri du craquage vu que la cr\u00e8me et les marrons ne sont pas de saison, BIM, Angelina d\u00e9cline 3 de ses p\u00e2tisseries iconique version glac\u00e9e. Dont le Montblanc, donc. Ai-je vraiment besoin d&rsquo;ajouter autre chose ?<\/p>\n<h2 class=\"stabylo\">Beach Therapy, de Martin Parr<\/h2>\n<figure id=\"attachment_50015\" aria-describedby=\"caption-attachment-50015\" style=\"width: 900px\" class=\"wp-caption aligncenter\"><a href=\"https:\/\/www.deedeeparis.com\/blog\/wp-content\/uploads\/2017\/06\/Parr.jpg\"><img loading=\"lazy\" decoding=\"async\" class=\"size-full wp-image-50015\" src=\"https:\/\/www.deedeeparis.com\/blog\/wp-content\/uploads\/2017\/06\/Parr.jpg\" alt=\"\" width=\"900\" height=\"600\" srcset=\"https:\/\/www.deedeeparis.com\/blog\/wp-content\/uploads\/2017\/06\/Parr.jpg 900w, https:\/\/www.deedeeparis.com\/blog\/wp-content\/uploads\/2017\/06\/Parr-768x512.jpg 768w, https:\/\/www.deedeeparis.com\/blog\/wp-content\/uploads\/2017\/06\/Parr-600x400.jpg 600w\" sizes=\"auto, (max-width: 900px) 100vw, 900px\" \/><\/a><figcaption id=\"caption-attachment-50015\" class=\"wp-caption-text\">ARGENTINA. Mar Del Plata. Grand\u00e9 Beach. 2014.<\/figcaption><\/figure>\n<p>En voil\u00e0 une nouvelle qu&rsquo;elle est bonne :\u00a0<a href=\"http:\/\/www.fubiz.net\/?s=martin+parr\">Martin Parr<\/a> pr\u00e9sente sa nouvelle s\u00e9rie \u00e0 la <a href=\"http:\/\/www.rocketgallery.com\/\" target=\"_blank\" rel=\"noopener noreferrer\">Rocket Gallery<\/a>, la galerie\u00a0londonienne avec laquelle il travaille\u00a0depuis pr\u00e8s de 20 ans. Du Pays de Galles \u00e0 l\u2019Argentine, ce sont cette fois-ci les plages du monde que Martin Parr a document\u00e9es \u00e0 travers une s\u00e9rie intitul\u00e9e \u00ab\u00a0Beach Therapy\u00a0\u00bb. A voir \u00e0 la Rocket Gallery, donc, jusqu&rsquo;au 2 juillet, sur rendez-vous.<\/p>\n<figure id=\"attachment_50013\" aria-describedby=\"caption-attachment-50013\" style=\"width: 900px\" class=\"wp-caption aligncenter\"><a href=\"https:\/\/www.deedeeparis.com\/blog\/wp-content\/uploads\/2017\/06\/Parr5.jpg\"><img loading=\"lazy\" decoding=\"async\" class=\"size-full wp-image-50013\" src=\"https:\/\/www.deedeeparis.com\/blog\/wp-content\/uploads\/2017\/06\/Parr5.jpg\" alt=\"\" width=\"900\" height=\"600\" srcset=\"https:\/\/www.deedeeparis.com\/blog\/wp-content\/uploads\/2017\/06\/Parr5.jpg 900w, https:\/\/www.deedeeparis.com\/blog\/wp-content\/uploads\/2017\/06\/Parr5-768x512.jpg 768w, https:\/\/www.deedeeparis.com\/blog\/wp-content\/uploads\/2017\/06\/Parr5-600x400.jpg 600w\" sizes=\"auto, (max-width: 900px) 100vw, 900px\" \/><\/a><figcaption id=\"caption-attachment-50013\" class=\"wp-caption-text\">GB. Wales. Tenby. 2016.<\/figcaption><\/figure>\n<figure id=\"attachment_50014\" aria-describedby=\"caption-attachment-50014\" style=\"width: 900px\" class=\"wp-caption aligncenter\"><a href=\"https:\/\/www.deedeeparis.com\/blog\/wp-content\/uploads\/2017\/06\/Parr2.jpg\"><img loading=\"lazy\" decoding=\"async\" class=\"size-full wp-image-50014\" src=\"https:\/\/www.deedeeparis.com\/blog\/wp-content\/uploads\/2017\/06\/Parr2.jpg\" alt=\"\" width=\"900\" height=\"600\" srcset=\"https:\/\/www.deedeeparis.com\/blog\/wp-content\/uploads\/2017\/06\/Parr2.jpg 900w, https:\/\/www.deedeeparis.com\/blog\/wp-content\/uploads\/2017\/06\/Parr2-768x512.jpg 768w, https:\/\/www.deedeeparis.com\/blog\/wp-content\/uploads\/2017\/06\/Parr2-600x400.jpg 600w\" sizes=\"auto, (max-width: 900px) 100vw, 900px\" \/><\/a><figcaption id=\"caption-attachment-50014\" class=\"wp-caption-text\">ITALY. Sorrento. 2014.<\/figcaption><\/figure>\n<figure id=\"attachment_50016\" aria-describedby=\"caption-attachment-50016\" style=\"width: 900px\" class=\"wp-caption aligncenter\"><a href=\"https:\/\/www.deedeeparis.com\/blog\/wp-content\/uploads\/2017\/06\/Parr3.jpg\"><img loading=\"lazy\" decoding=\"async\" class=\"size-full wp-image-50016\" src=\"https:\/\/www.deedeeparis.com\/blog\/wp-content\/uploads\/2017\/06\/Parr3.jpg\" alt=\"\" width=\"900\" height=\"600\" srcset=\"https:\/\/www.deedeeparis.com\/blog\/wp-content\/uploads\/2017\/06\/Parr3.jpg 900w, https:\/\/www.deedeeparis.com\/blog\/wp-content\/uploads\/2017\/06\/Parr3-768x512.jpg 768w, https:\/\/www.deedeeparis.com\/blog\/wp-content\/uploads\/2017\/06\/Parr3-600x400.jpg 600w\" sizes=\"auto, (max-width: 900px) 100vw, 900px\" \/><\/a><figcaption id=\"caption-attachment-50016\" class=\"wp-caption-text\">ITALY. Sorrento. 2014.<\/figcaption><\/figure>\n<h2 class=\"stabylo\">Fais-le toi-m\u00eame : le porte bagage comme \u00e0 l&rsquo;h\u00f4tel<\/h2>\n<p><a href=\"https:\/\/www.deedeeparis.com\/blog\/wp-content\/uploads\/2017\/06\/DIY-leather-luggage-rack-almost-makes-perfect-2.jpg\"><img loading=\"lazy\" decoding=\"async\" class=\"aligncenter size-full wp-image-50018\" src=\"https:\/\/www.deedeeparis.com\/blog\/wp-content\/uploads\/2017\/06\/DIY-leather-luggage-rack-almost-makes-perfect-2.jpg\" alt=\"\" width=\"650\" height=\"983\" srcset=\"https:\/\/www.deedeeparis.com\/blog\/wp-content\/uploads\/2017\/06\/DIY-leather-luggage-rack-almost-makes-perfect-2.jpg 650w, https:\/\/www.deedeeparis.com\/blog\/wp-content\/uploads\/2017\/06\/DIY-leather-luggage-rack-almost-makes-perfect-2-600x907.jpg 600w\" sizes=\"auto, (max-width: 650px) 100vw, 650px\" \/><\/a><\/p>\n<p>Pas besoin de se courber en 2, pas besoin de mettre la valise sur le lit (oui, c&rsquo;est sale)&#8230; Si comme moi, vous \u00eates FAN de ces porte-bagages que l&rsquo;on trouve dans les h\u00f4tels du monde entier, vous allez adorer le tuto de <a href=\"http:\/\/almostmakesperfect.com\/2016\/12\/06\/diy-leather-luggage-rack\/\" target=\"_blank\" rel=\"noopener noreferrer\">Almost makes perfect<\/a> !<\/p>\n<h2 class=\"stabylo\">Her &#8211; Her<\/h2>\n<p>Je vous ai d\u00e9j\u00e0 parl\u00e9 quelques fois de ce groupe, que ce soit dans les Week-Lists ou les <a href=\"https:\/\/www.deedeeparis.com\/blog\/playlists\" target=\"_blank\" rel=\"noopener noreferrer\">playlists<\/a>, j&rsquo;aime bien le rythme de leur chanson, leur signification. Ce titre l\u00e0 ne d\u00e9roge pas \u00e0 la r\u00e8gle : montez le son, c&rsquo;est bon !<\/p>\n<p><iframe loading=\"lazy\" src=\"https:\/\/www.youtube.com\/embed\/bStM7PfP0jg\" width=\"1020\" height=\"574\" frameborder=\"0\" allowfullscreen=\"allowfullscreen\"><\/iframe><\/p>\n<p>Voil\u00e0, c&rsquo;est tout pour aujourd&rsquo;hui. Prenez soin de vous !<\/p>\n","protected":false},"excerpt":{"rendered":"<p>Hello la compagnie ! \u00c7a va aujourd&rsquo;hui ? Vous avez pass\u00e9 un bon week-end ? Pour ma part, c&rsquo;\u00e9tait le dernier avant un tunnel plut\u00f4t du genre intense mais tr\u00e8s chouette&#8230; On dormira quand on sera mort, il para\u00eet \ud83d\ude42 Or donc pour l&rsquo;heure, nouvelle semaine&#8230; Nouveaux coups de coeur ! Cette semaine, j&rsquo;aime : [&hellip;]<\/p>\n","protected":false},"author":2,"featured_media":50016,"comment_status":"open","ping_status":"open","sticky":false,"template":"","format":"standard","meta":{"_acf_changed":false,"footnotes":""},"categories":[8],"tags":[1378,5051,8830,8829],"class_list":["post-49995","post","type-post","status-publish","format-standard","has-post-thumbnail","hentry","category-chroniques-de-paris","tag-deco","tag-deco-a-paris","tag-inspirations-deco","tag-le-bazar-de-lorafolk"],"acf":[],"geo":null,"_links":{"self":[{"href":"https:\/\/www.deedeeparis.com\/blog\/wp-json\/wp\/v2\/posts\/49995","targetHints":{"allow":["GET"]}}],"collection":[{"href":"https:\/\/www.deedeeparis.com\/blog\/wp-json\/wp\/v2\/posts"}],"about":[{"href":"https:\/\/www.deedeeparis.com\/blog\/wp-json\/wp\/v2\/types\/post"}],"author":[{"embeddable":true,"href":"https:\/\/www.deedeeparis.com\/blog\/wp-json\/wp\/v2\/users\/2"}],"replies":[{"embeddable":true,"href":"https:\/\/www.deedeeparis.com\/blog\/wp-json\/wp\/v2\/comments?post=49995"}],"version-history":[{"count":13,"href":"https:\/\/www.deedeeparis.com\/blog\/wp-json\/wp\/v2\/posts\/49995\/revisions"}],"predecessor-version":[{"id":50036,"href":"https:\/\/www.deedeeparis.com\/blog\/wp-json\/wp\/v2\/posts\/49995\/revisions\/50036"}],"wp:featuredmedia":[{"embeddable":true,"href":"https:\/\/www.deedeeparis.com\/blog\/wp-json\/wp\/v2\/media\/50016"}],"wp:attachment":[{"href":"https:\/\/www.deedeeparis.com\/blog\/wp-json\/wp\/v2\/media?parent=49995"}],"wp:term":[{"taxonomy":"category","embeddable":true,"href":"https:\/\/www.deedeeparis.com\/blog\/wp-json\/wp\/v2\/categories?post=49995"},{"taxonomy":"post_tag","embeddable":true,"href":"https:\/\/www.deedeeparis.com\/blog\/wp-json\/wp\/v2\/tags?post=49995"}],"curies":[{"name":"wp","href":"https:\/\/api.w.org\/{rel}","templated":true}]}}