{"id":512,"date":"2007-12-15T07:52:34","date_gmt":"2007-12-15T07:52:34","guid":{"rendered":"https:\/\/www.deedeeparis.com\/wordpress\/2307-yann-arthus-bertrand"},"modified":"2007-12-15T07:52:34","modified_gmt":"2007-12-15T07:52:34","slug":"yann-arthus-bertrand","status":"publish","type":"post","link":"https:\/\/www.deedeeparis.com\/blog\/yann-arthus-bertrand","title":{"rendered":"6 bonnes raisons d&rsquo;aller voir la derni\u00e8re expo de Yann Arthus Bertrand"},"content":{"rendered":"<p><img decoding=\"async\" src=\"\/blog\/images\/Sortir a Paris\/Tarmacs.jpg\" alt=\"\" \/><\/p>\n<p>Si vous ne savez pas quoi faire ce week-end &#8211; malgr\u00e9 la course aux cadeaux &#8211; et que vous \u00eates sur Paris, rendez-vous ?  la Galerie Louis Carr\u00e9 &amp; cie&nbsp;: vous pourrez y d\u00e9guster ?  petits feux les clich\u00e9s de Yann Arthus Bertrand.<\/p>\n<p>Oui, je vous l&rsquo;accorde, \u00e7a fait beaucoup de si, mais la v\u00e9rit\u00e9, \u00e7a vaut le coup. Pourquoi&nbsp;?<\/p>\n<ol>\n<li>parce qu&rsquo;en vrai, une photo de Yann Arthus Bertrand vous flanque direct une flopp\u00e9e de frissons d&rsquo;\u00e9motion<\/li>\n<li>parce que le th\u00e8me des tarmacs est assez original pour qu&rsquo;on s&rsquo;y int\u00e9resse un tant soit peu<\/li>\n<li>parce qu&rsquo;en p\u00e9n\u00e9trant l\u2019univers des a\u00e9roports et du bitume, le photographe surprend et s\u2019\u00e9loigne un tant soit peu des espaces naturels, des esp\u00e8ces animales et des portraits auxquels il est attach\u00e9. Pas qu&rsquo;on ne les aime pas, ces clich\u00e9s l? . Mais pas de doute, \u00e7a fait du bien de changer un peu d&rsquo;univers<\/li>\n<li>parce que l&rsquo;air de rien, cela fait pr\u00e8s de 15 ans que l&rsquo;artiste travaille autour de cette th\u00e9matique. Cela vous donne un ordre id\u00e9e sur le nombre de clich\u00e9s qu&rsquo;il a pu en tirer&#8230;&nbsp;!<\/li>\n<li>parce que le rendu est tout simplement sublime et \u00e9mouvant&nbsp;: c&rsquo;est bien simple, on a l&rsquo;impression d&rsquo;\u00eatre face ?  de vraies toiles de ma\u00eetre<\/li>\n<li>parce que m\u00eame fig\u00e9es, ses photos traduisent la dynamique de ses sujets, toujours en mouvement. Tout simplement exaltant, en plus d&rsquo;\u00eatre \u00e9mouvant<\/li>\n<\/ol>\n<p><strong>Yann Arthus-Bertrand<\/strong><br \/>\n<strong>\u00ab&nbsp;Tarmacs \u00bb<\/strong><br \/>\n<strong>du 13 d\u00e9cembre 2007 au 26 janvier 2008<\/strong><\/p>\n<p><strong>Galerie Louis Carr\u00e9 &amp; Cie<\/strong><br \/>\n<strong>10, avenue de Messine<\/strong><br \/>\n<strong>75008 Paris<\/strong><br \/>\n<strong>T\u00e9l.&nbsp;: 01 45 62 57 07<\/strong><\/p>\n<p><strong>Horaires d\u2019ouverture<\/strong><br \/>\n<strong>Lundi de 14h ?  18h30<\/strong><br \/>\n<strong>Mardi ?  samedi&nbsp;: 10h-12h30 et 14h-18h30<\/strong><\/p>\n","protected":false},"excerpt":{"rendered":"<p><img decoding=\"async\" src=\"\/blog\/images\/Sortir a Paris\/Tarmacs.jpg\" alt=\"\" \/><\/p>\n<p>Si vous ne savez pas quoi faire ce week-end &#8211; malgr\u00e9 la course aux cadeaux &#8211; et que vous \u00eates sur Paris, rendez-vous ?  la Galerie Louis Carr\u00e9 &amp; cie&nbsp;: vous pourrez y d\u00e9guster ?  petits feux les clich\u00e9s de Yann Arthus Bertrand.<\/p>\n<p>Oui, je vous l&rsquo;accorde, \u00e7a fait beaucoup de si, mais la v\u00e9rit\u00e9, \u00e7a vaut le coup. Pourquoi&nbsp;?<\/p>\n","protected":false},"author":2,"featured_media":0,"comment_status":"open","ping_status":"open","sticky":false,"template":"","format":"standard","meta":{"_acf_changed":false,"footnotes":""},"categories":[1],"tags":[274,271,60,273,272],"class_list":["post-512","post","type-post","status-publish","format-standard","hentry","category-non-classe","tag-aeroport","tag-exposition","tag-paris","tag-tarmacs","tag-yann-arthus-bertrand"],"acf":[],"geo":null,"_links":{"self":[{"href":"https:\/\/www.deedeeparis.com\/blog\/wp-json\/wp\/v2\/posts\/512","targetHints":{"allow":["GET"]}}],"collection":[{"href":"https:\/\/www.deedeeparis.com\/blog\/wp-json\/wp\/v2\/posts"}],"about":[{"href":"https:\/\/www.deedeeparis.com\/blog\/wp-json\/wp\/v2\/types\/post"}],"author":[{"embeddable":true,"href":"https:\/\/www.deedeeparis.com\/blog\/wp-json\/wp\/v2\/users\/2"}],"replies":[{"embeddable":true,"href":"https:\/\/www.deedeeparis.com\/blog\/wp-json\/wp\/v2\/comments?post=512"}],"version-history":[{"count":0,"href":"https:\/\/www.deedeeparis.com\/blog\/wp-json\/wp\/v2\/posts\/512\/revisions"}],"wp:attachment":[{"href":"https:\/\/www.deedeeparis.com\/blog\/wp-json\/wp\/v2\/media?parent=512"}],"wp:term":[{"taxonomy":"category","embeddable":true,"href":"https:\/\/www.deedeeparis.com\/blog\/wp-json\/wp\/v2\/categories?post=512"},{"taxonomy":"post_tag","embeddable":true,"href":"https:\/\/www.deedeeparis.com\/blog\/wp-json\/wp\/v2\/tags?post=512"}],"curies":[{"name":"wp","href":"https:\/\/api.w.org\/{rel}","templated":true}]}}