{"id":52052,"date":"2017-10-17T17:50:10","date_gmt":"2017-10-17T15:50:10","guid":{"rendered":"https:\/\/www.deedeeparis.com\/blog\/?p=52052"},"modified":"2017-10-19T10:59:04","modified_gmt":"2017-10-19T08:59:04","slug":"metoo-balancetonporc","status":"publish","type":"post","link":"https:\/\/www.deedeeparis.com\/blog\/metoo-balancetonporc","title":{"rendered":"#metoo #balancetonporc"},"content":{"rendered":"<p><a href=\"https:\/\/www.deedeeparis.com\/blog\/wp-content\/uploads\/2017\/10\/balancetonporc.jpg\"><img loading=\"lazy\" decoding=\"async\" src=\"https:\/\/www.deedeeparis.com\/blog\/wp-content\/uploads\/2017\/10\/balancetonporc.jpg\" alt=\"\" width=\"1100\" height=\"733\" class=\"aligncenter size-full wp-image-52063\" srcset=\"https:\/\/www.deedeeparis.com\/blog\/wp-content\/uploads\/2017\/10\/balancetonporc.jpg 1100w, https:\/\/www.deedeeparis.com\/blog\/wp-content\/uploads\/2017\/10\/balancetonporc-768x512.jpg 768w, https:\/\/www.deedeeparis.com\/blog\/wp-content\/uploads\/2017\/10\/balancetonporc-600x400.jpg 600w, https:\/\/www.deedeeparis.com\/blog\/wp-content\/uploads\/2017\/10\/balancetonporc-1024x682.jpg 1024w\" sizes=\"auto, (max-width: 1100px) 100vw, 1100px\" \/><\/a><\/p>\n<p>Depuis quelques jours, je vois ces statuts d\u00e9ferler sur Facebook, sur Twitter, sur Instagram. Je vois les #metoo, les #balancetonporc, les #weinsteinscandal. Je vois les coupures de presse, les articles et les Unes, m\u00eame, de certains journaux. Alors, j&rsquo;ai voulu apporter ma pierre \u00e0 l&rsquo;\u00e9difice, moi aussi : le sujet est bien trop important pour que je le passe sous silence ! <\/p>\n<p>Pourtant, j&rsquo;ai eu beau chercher, je ne voyais pas comment. Parce que ces sifflements et ces remarques d\u00e9plac\u00e9es, dans la rue, c&rsquo;est tellement commun, c&rsquo;est juste de la drague maladroite, pas de quoi en faire un #metoo, on est d&rsquo;accord ! Ce mec qui s&rsquo;\u00e9tait masturb\u00e9 en me regardant droit dans les yeux, dans le m\u00e9tro, \u00e7a n&rsquo;est pas si grave au fond, hein ? Les exhibis qui venaient se branler sous nos yeux incr\u00e9dules de toutes jeunes coll\u00e9giennes, ces mecs qui se frottent l&rsquo;air de rien dans le m\u00e9tro, \u00e0 un concert, en bo\u00eete, \u00e7a va, c&rsquo;est vrai que \u00e7a fiche un peu les foies mais on ne va pas en faire un drame, non plus ! Tous ces connards avec leurs regards libidineux et leurs \u00ab\u00a0invitations\u00a0\u00bb \u00e0 boire un caf\u00e9 quand j&rsquo;\u00e9tais h\u00f4tesse d&rsquo;accueil pour payer mes \u00e9tudes, ce mec, samedi soir chez des amis, qui m&rsquo;a mis la main aux fesses une premi\u00e8re fois puis une seconde, au cas o\u00f9 j&rsquo;aurais eu un doute, mais \u00e7a n&rsquo;est pas de sa faute, son couple est en crise, il \u00e9tait bourr\u00e9 et puis c&rsquo;\u00e9tait s\u00fbrement pour rigoler, hein ? Ce blogueur qui se croyait influent et qui m&rsquo;a soumise \u00e0 une drague passive \/ agressive pendant des ann\u00e9es sous les yeux de son \u00e9pouse et de ses enfants, j&rsquo;ai du me faire des films&#8230; (que les flics ont cru, quand m\u00eame). Et cet autre mec que j&rsquo;avais crois\u00e9 ce jour l\u00e0 dans la rue, en plein jour dans le tr\u00e8s chic 6\u00e8me et qui m&rsquo;avait mis la main au panier en rigolant, sans s&rsquo;arr\u00eater, \u00e7a arrive \u00e0 tout le monde, pas vrai ? Pas de quoi en faire toute une histoire ! \u00c7a n&rsquo;est pas comme cette gamine qui s&rsquo;est fait viol\u00e9e. Comme mon amie M. qui s&rsquo;est fait tripoter par son fr\u00e8re, ado. Comme&#8230;. <\/p>\n<p>Voil\u00e0. Tout \u00e0 coup, j&rsquo;ai eu comme une descente d&rsquo;organes : toutes. Nous avons toutes \u00e9t\u00e9 victimes d&rsquo;un harc\u00e8lement et dans le pire des cas, d&rsquo;une agression sexuelle. Pas une seule de mes amies n&rsquo;a \u00e9t\u00e9 \u00e9pargn\u00e9e, \u00e0 des degr\u00e9s plus ou moins dramatiques. Pas une seule de mes contacts sur Facebook, qu&rsquo;elle l&rsquo;avoue publiquement ou qu&rsquo;elle pr\u00e9f\u00e8re le taire, la honte \u00e9tant encore trop souvent bien trop grande pour se lib\u00e9rer d&rsquo;un tel fardeau. \u00c7a m&rsquo;a coll\u00e9 une douleur et une col\u00e8re sourdes de r\u00e9aliser que le sujet est devenu si commun qu&rsquo;on, que JE puisse croire qu&rsquo;<strong>une main sur le sexe en pleine journ\u00e9e, \u00e7a n&rsquo;est pas une agression qui m\u00e9rite que je la relate<\/strong>. Que les victimes se taisent pendant que les harceleurs font les malins sur Twitter. <\/p>\n<p>Alors voil\u00e0. Je souhaite ardemment que cette lame de fond (car oui, c&rsquo;en est une, soyons-en certains !) d\u00e9cille les yeux les plus coll\u00e9s et les mentalit\u00e9s les plus r\u00e9fractaires. J&rsquo;esp\u00e8re que celles qui ont subi une agression, si minime soit-elle (une agression peut-elle par d\u00e9finition \u00eatre minime ?), trouveront le courage ou comprendront, comme moi, que c&rsquo;est utile de le dire haut et fort, port\u00e9es par ce mouvement que je veux croire lib\u00e9rateur. Pour que ces agressions quotidiennes ne soient plus jamais banalis\u00e9es et qu&rsquo;elles finissent par ne plus \u00eatre du tout. <\/p>\n","protected":false},"excerpt":{"rendered":"<p>Depuis quelques jours, je vois ces statuts d\u00e9ferler sur Facebook, sur Twitter, sur Instagram. Je vois les #metoo, les #balancetonporc, les #weinsteinscandal. Je vois les coupures de presse, les articles et les Unes, m\u00eame, de certains journaux. Alors, j&rsquo;ai voulu apporter ma pierre \u00e0 l&rsquo;\u00e9difice, moi aussi : le sujet est bien trop important pour [&hellip;]<\/p>\n","protected":false},"author":2,"featured_media":52063,"comment_status":"open","ping_status":"open","sticky":false,"template":"","format":"standard","meta":{"_acf_changed":false,"footnotes":""},"categories":[8],"tags":[8956,7056,8957,8954,8955],"class_list":["post-52052","post","type-post","status-publish","format-standard","has-post-thumbnail","hentry","category-chroniques-de-paris","tag-balance-ton-porc","tag-harcelement-de-rue","tag-me-too","tag-paye-ta-shnek","tag-projet-crocodile"],"acf":[],"geo":null,"_links":{"self":[{"href":"https:\/\/www.deedeeparis.com\/blog\/wp-json\/wp\/v2\/posts\/52052","targetHints":{"allow":["GET"]}}],"collection":[{"href":"https:\/\/www.deedeeparis.com\/blog\/wp-json\/wp\/v2\/posts"}],"about":[{"href":"https:\/\/www.deedeeparis.com\/blog\/wp-json\/wp\/v2\/types\/post"}],"author":[{"embeddable":true,"href":"https:\/\/www.deedeeparis.com\/blog\/wp-json\/wp\/v2\/users\/2"}],"replies":[{"embeddable":true,"href":"https:\/\/www.deedeeparis.com\/blog\/wp-json\/wp\/v2\/comments?post=52052"}],"version-history":[{"count":19,"href":"https:\/\/www.deedeeparis.com\/blog\/wp-json\/wp\/v2\/posts\/52052\/revisions"}],"predecessor-version":[{"id":52127,"href":"https:\/\/www.deedeeparis.com\/blog\/wp-json\/wp\/v2\/posts\/52052\/revisions\/52127"}],"wp:featuredmedia":[{"embeddable":true,"href":"https:\/\/www.deedeeparis.com\/blog\/wp-json\/wp\/v2\/media\/52063"}],"wp:attachment":[{"href":"https:\/\/www.deedeeparis.com\/blog\/wp-json\/wp\/v2\/media?parent=52052"}],"wp:term":[{"taxonomy":"category","embeddable":true,"href":"https:\/\/www.deedeeparis.com\/blog\/wp-json\/wp\/v2\/categories?post=52052"},{"taxonomy":"post_tag","embeddable":true,"href":"https:\/\/www.deedeeparis.com\/blog\/wp-json\/wp\/v2\/tags?post=52052"}],"curies":[{"name":"wp","href":"https:\/\/api.w.org\/{rel}","templated":true}]}}