{"id":52751,"date":"2017-11-13T12:06:49","date_gmt":"2017-11-13T11:06:49","guid":{"rendered":"https:\/\/www.deedeeparis.com\/blog\/?p=52751"},"modified":"2017-11-20T14:40:07","modified_gmt":"2017-11-20T13:40:07","slug":"ma-week-list-243","status":"publish","type":"post","link":"https:\/\/www.deedeeparis.com\/blog\/ma-week-list-243","title":{"rendered":"Ma Week List #243"},"content":{"rendered":"<p>Hello la compagnie ! Je ne sais pas vous mais je me caille s\u00e9v\u00e8rement les miches&#8230; Je ne suis psychologiquement pas vraiment pr\u00eate \u00e0 entrer dans l&rsquo;hiver. Allez chiche, on se booke un billet d&rsquo;avion n&rsquo;importe o\u00f9 au soleil ? (oui bon, laissez-moi r\u00eaver, un peu&#8230;!). Pour l&rsquo;heure&#8230; Nouvelle semaine, nouveaux coups de coeur. Cette semaine, j&rsquo;aime : <\/p>\n<h2 class=\"stabylo\">Les vernis green et naturels Manucurist  <\/h2>\n<p><a href=\"https:\/\/www.deedeeparis.com\/blog\/wp-content\/uploads\/2017\/11\/green-manucurist.jpg\"><img loading=\"lazy\" decoding=\"async\" src=\"https:\/\/www.deedeeparis.com\/blog\/wp-content\/uploads\/2017\/11\/green-manucurist.jpg\" alt=\"\" width=\"1100\" height=\"690\" class=\"aligncenter size-full wp-image-52777\" srcset=\"https:\/\/www.deedeeparis.com\/blog\/wp-content\/uploads\/2017\/11\/green-manucurist.jpg 1100w, https:\/\/www.deedeeparis.com\/blog\/wp-content\/uploads\/2017\/11\/green-manucurist-768x482.jpg 768w, https:\/\/www.deedeeparis.com\/blog\/wp-content\/uploads\/2017\/11\/green-manucurist-600x376.jpg 600w, https:\/\/www.deedeeparis.com\/blog\/wp-content\/uploads\/2017\/11\/green-manucurist-1024x642.jpg 1024w\" sizes=\"auto, (max-width: 1100px) 100vw, 1100px\" \/><\/a><\/p>\n<p>Longtemps, le march\u00e9 des vernis \u00e0 ongles naturels n&rsquo;a pas vraiment envoy\u00e9 de la paillette. Et puis, il y a eu Kure Bazar, qui a \u00e9t\u00e9 un des pionniers en la mati\u00e8re. R\u00e9jouissons-nous : Manucurist lance \u00e0 son tour sa <a href=\"https:\/\/www.manucurist.com\/fr\/48-green\" rel=\"noopener\" target=\"_blank\">gamme de vernis clean<\/a> ! D\u00e9clin\u00e9s dans une vingtaine de coloris, ils sont formul\u00e9s pour \u00eatre les plus naturels possible (compos\u00e9s jusqu\u2019\u00e0 84 % d\u2019ingr\u00e9dients naturels) et les plus respectueux environnementalement parlant. Ils sont garantis sans ingr\u00e9dients toxiques comme le formald\u00e9hyde, le tolu\u00e8ne, le DBP, le camphre, le xyl\u00e8ne, le formald\u00e9hyde r\u00e9sine et la colophane. Ils sont \u00e9videmment cruelty free et cerise sur le g\u00e2teau, ils sont fabriqu\u00e9s en France. Oui, on peut dire qu&rsquo;ils ont tout bon !<\/p>\n<h2 class=\"stabylo\">\u00ab\u00a0J&rsquo;adore la mode mais c&rsquo;est tout ce que je d\u00e9teste\u00a0\u00bb de Lo\u00efc Prigent en format poche ! <\/h2>\n<p><a href=\"https:\/\/www.deedeeparis.com\/blog\/wp-content\/uploads\/2017\/11\/J-adore-la-mode-mais-c-est-tout-ce-que-je-deteste.jpg\"><img loading=\"lazy\" decoding=\"async\" src=\"https:\/\/www.deedeeparis.com\/blog\/wp-content\/uploads\/2017\/11\/J-adore-la-mode-mais-c-est-tout-ce-que-je-deteste.jpg\" alt=\"\" width=\"200\" height=\"462\" class=\"aligncenter size-full wp-image-52768\" \/><\/a><\/p>\n<p>Je vous en ai parl\u00e9 maintes fois d\u00e9j\u00e0, mais l&rsquo;id\u00e9e que cette p\u00e9pite de livre r\u00e9dig\u00e9 par Lo\u00efc Prigent sorte en poche est une joie assez incommensurable pour que j&rsquo;ai envie de vous en parler encore ! Personne ne se moque aussi bien du milieu de la mode, aussi subtilement, aussi finement. Preuve, s&rsquo;il en fallait, gr\u00e2ce \u00e0 ces quelques morceaux choisis pour ceux et celles qui ne connaitraient pas encore : <\/p>\n<blockquote><p>\u00ab Ne pleure pas. Pense \u00e0 ton maquillage. \u00bb<\/p>\n<p>\u00ab &#8211; C&rsquo;\u00e9tait bien ton d\u00eener?<br \/>\n&#8211; J&rsquo;ai dit que des trucs que j&rsquo;avais d\u00e9j\u00e0 dits et \u00e9cout\u00e9 que des conversations que j&rsquo;avais d\u00e9j\u00e0 entendues. \u00bb<\/p>\n<p>\u00ab &#8211; Quel jour on est ?<br \/>\n&#8211; Mais comment veux tu que je le sache ? \u00bb<\/p>\n<p>\u00ab J&rsquo;ai tellement faim, je pourrais manger. \u00bb<\/p><\/blockquote>\n<h2 class=\"stabylo\">Les plaids et coussins LOUISE ROE COPENHAGEN  <\/h2>\n<p><a href=\"https:\/\/www.deedeeparis.com\/blog\/wp-content\/uploads\/2017\/11\/Image_17_main_redigeret.jpg\"><img loading=\"lazy\" decoding=\"async\" src=\"https:\/\/www.deedeeparis.com\/blog\/wp-content\/uploads\/2017\/11\/Image_17_main_redigeret.jpg\" alt=\"\" width=\"933\" height=\"1400\" class=\"aligncenter size-full wp-image-52757\" srcset=\"https:\/\/www.deedeeparis.com\/blog\/wp-content\/uploads\/2017\/11\/Image_17_main_redigeret.jpg 933w, https:\/\/www.deedeeparis.com\/blog\/wp-content\/uploads\/2017\/11\/Image_17_main_redigeret-768x1152.jpg 768w, https:\/\/www.deedeeparis.com\/blog\/wp-content\/uploads\/2017\/11\/Image_17_main_redigeret-600x900.jpg 600w, https:\/\/www.deedeeparis.com\/blog\/wp-content\/uploads\/2017\/11\/Image_17_main_redigeret-682x1024.jpg 682w\" sizes=\"auto, (max-width: 933px) 100vw, 933px\" \/><\/a><\/p>\n<p>Ils sont beaux, ils sont doux, ils sont fabriqu\u00e9s au Danemark : maintenant que winter is carr\u00e9ment coming, je louche s\u00e9v\u00e8rement sur tout ce qui peut m&rsquo;apporter un peu de chaud chez moi. Bonne pioche, donc, avec ces plaids et coussins dinguos sign\u00e9s <a href=\"https:\/\/louiseroe.dk\" rel=\"noopener\" target=\"_blank\">LOUISE ROE COPENHAGEN<\/a> ! <\/p>\n<p><a href=\"https:\/\/www.deedeeparis.com\/blog\/wp-content\/uploads\/2017\/11\/Image_19_Main_redigeret.jpg\"><img loading=\"lazy\" decoding=\"async\" src=\"https:\/\/www.deedeeparis.com\/blog\/wp-content\/uploads\/2017\/11\/Image_19_Main_redigeret.jpg\" alt=\"\" width=\"933\" height=\"1400\" class=\"aligncenter size-full wp-image-52754\" srcset=\"https:\/\/www.deedeeparis.com\/blog\/wp-content\/uploads\/2017\/11\/Image_19_Main_redigeret.jpg 933w, https:\/\/www.deedeeparis.com\/blog\/wp-content\/uploads\/2017\/11\/Image_19_Main_redigeret-768x1152.jpg 768w, https:\/\/www.deedeeparis.com\/blog\/wp-content\/uploads\/2017\/11\/Image_19_Main_redigeret-600x900.jpg 600w, https:\/\/www.deedeeparis.com\/blog\/wp-content\/uploads\/2017\/11\/Image_19_Main_redigeret-682x1024.jpg 682w\" sizes=\"auto, (max-width: 933px) 100vw, 933px\" \/><\/a><\/p>\n<p><a href=\"https:\/\/www.deedeeparis.com\/blog\/wp-content\/uploads\/2017\/11\/Softpacks_20_main.jpg\"><img loading=\"lazy\" decoding=\"async\" src=\"https:\/\/www.deedeeparis.com\/blog\/wp-content\/uploads\/2017\/11\/Softpacks_20_main.jpg\" alt=\"\" width=\"933\" height=\"1400\" class=\"aligncenter size-full wp-image-52755\" srcset=\"https:\/\/www.deedeeparis.com\/blog\/wp-content\/uploads\/2017\/11\/Softpacks_20_main.jpg 933w, https:\/\/www.deedeeparis.com\/blog\/wp-content\/uploads\/2017\/11\/Softpacks_20_main-768x1152.jpg 768w, https:\/\/www.deedeeparis.com\/blog\/wp-content\/uploads\/2017\/11\/Softpacks_20_main-600x900.jpg 600w, https:\/\/www.deedeeparis.com\/blog\/wp-content\/uploads\/2017\/11\/Softpacks_20_main-682x1024.jpg 682w\" sizes=\"auto, (max-width: 933px) 100vw, 933px\" \/><\/a><\/p>\n<p><a href=\"https:\/\/www.deedeeparis.com\/blog\/wp-content\/uploads\/2017\/11\/161221_LOUISE_ROE_0143.jpg\"><img loading=\"lazy\" decoding=\"async\" src=\"https:\/\/www.deedeeparis.com\/blog\/wp-content\/uploads\/2017\/11\/161221_LOUISE_ROE_0143.jpg\" alt=\"\" width=\"1100\" height=\"849\" class=\"aligncenter size-full wp-image-52753\" srcset=\"https:\/\/www.deedeeparis.com\/blog\/wp-content\/uploads\/2017\/11\/161221_LOUISE_ROE_0143.jpg 1100w, https:\/\/www.deedeeparis.com\/blog\/wp-content\/uploads\/2017\/11\/161221_LOUISE_ROE_0143-768x593.jpg 768w, https:\/\/www.deedeeparis.com\/blog\/wp-content\/uploads\/2017\/11\/161221_LOUISE_ROE_0143-600x463.jpg 600w, https:\/\/www.deedeeparis.com\/blog\/wp-content\/uploads\/2017\/11\/161221_LOUISE_ROE_0143-1024x790.jpg 1024w\" sizes=\"auto, (max-width: 1100px) 100vw, 1100px\" \/><\/a><\/p>\n<h2 class=\"stabylo\">La boule de No\u00ebl Dyptique  <\/h2>\n<p><a href=\"https:\/\/www.deedeeparis.com\/blog\/wp-content\/uploads\/2017\/11\/diptyque-BOULE-DE-VERRE.jpg\"><img loading=\"lazy\" decoding=\"async\" src=\"https:\/\/www.deedeeparis.com\/blog\/wp-content\/uploads\/2017\/11\/diptyque-BOULE-DE-VERRE.jpg\" alt=\"\" width=\"1100\" height=\"1100\" class=\"aligncenter size-full wp-image-52760\" srcset=\"https:\/\/www.deedeeparis.com\/blog\/wp-content\/uploads\/2017\/11\/diptyque-BOULE-DE-VERRE.jpg 1100w, https:\/\/www.deedeeparis.com\/blog\/wp-content\/uploads\/2017\/11\/diptyque-BOULE-DE-VERRE-768x768.jpg 768w, https:\/\/www.deedeeparis.com\/blog\/wp-content\/uploads\/2017\/11\/diptyque-BOULE-DE-VERRE-150x150.jpg 150w, https:\/\/www.deedeeparis.com\/blog\/wp-content\/uploads\/2017\/11\/diptyque-BOULE-DE-VERRE-600x600.jpg 600w, https:\/\/www.deedeeparis.com\/blog\/wp-content\/uploads\/2017\/11\/diptyque-BOULE-DE-VERRE-1024x1024.jpg 1024w\" sizes=\"auto, (max-width: 1100px) 100vw, 1100px\" \/><\/a><\/p>\n<p>So chic, Diptyque a confi\u00e9 cette ann\u00e9e au maitre verrier lyonnais Vincent Breed la r\u00e9alisation d&rsquo;une boule de verre aux effets iris\u00e9s et solaires. Chacune de ces d\u00e9corations est r\u00e9alis\u00e9e \u00e0 la main, en France, \u00e9videmment. Il para\u00eet que dans la p\u00e9nombre, la lumi\u00e8re du jour ou le reflet d\u2019une guirlande, la sph\u00e8re de verre prend l\u2019\u00e9clat d\u2019un feu de chemin\u00e9e Et le prix ? A-t-on vraiment besoin de le mentionner&#8230;! <\/p>\n<h2 class=\"stabylo\">Les photos de Shed Mojahid <\/h2>\n<p><a href=\"https:\/\/www.deedeeparis.com\/blog\/wp-content\/uploads\/2017\/11\/1-1.jpg\"><img loading=\"lazy\" decoding=\"async\" src=\"https:\/\/www.deedeeparis.com\/blog\/wp-content\/uploads\/2017\/11\/1-1.jpg\" alt=\"\" width=\"640\" height=\"427\" class=\"aligncenter size-full wp-image-52773\" srcset=\"https:\/\/www.deedeeparis.com\/blog\/wp-content\/uploads\/2017\/11\/1-1.jpg 640w, https:\/\/www.deedeeparis.com\/blog\/wp-content\/uploads\/2017\/11\/1-1-600x400.jpg 600w\" sizes=\"auto, (max-width: 640px) 100vw, 640px\" \/><\/a><\/p>\n<p>Coup de coeur de la semaine pour Forgotten Island, la s\u00e9rie de <a href=\"http:\/\/www.shedmojahid.com\/nomad\" rel=\"noopener\" target=\"_blank\">Shed Mojahid<\/a>, un photographe Belge : r\u00e9alis\u00e9e en Islande, elle montre de corps de danseurs dans des paysages \u00e0 la beaut\u00e9 intrigante. <\/p>\n<p><a href=\"https:\/\/www.deedeeparis.com\/blog\/wp-content\/uploads\/2017\/11\/7.jpg\"><img loading=\"lazy\" decoding=\"async\" src=\"https:\/\/www.deedeeparis.com\/blog\/wp-content\/uploads\/2017\/11\/7.jpg\" alt=\"\" width=\"640\" height=\"427\" class=\"aligncenter size-full wp-image-52772\" srcset=\"https:\/\/www.deedeeparis.com\/blog\/wp-content\/uploads\/2017\/11\/7.jpg 640w, https:\/\/www.deedeeparis.com\/blog\/wp-content\/uploads\/2017\/11\/7-600x400.jpg 600w\" sizes=\"auto, (max-width: 640px) 100vw, 640px\" \/><\/a><\/p>\n<p><a href=\"https:\/\/www.deedeeparis.com\/blog\/wp-content\/uploads\/2017\/11\/3.jpg\"><img loading=\"lazy\" decoding=\"async\" src=\"https:\/\/www.deedeeparis.com\/blog\/wp-content\/uploads\/2017\/11\/3.jpg\" alt=\"\" width=\"640\" height=\"427\" class=\"aligncenter size-full wp-image-52771\" srcset=\"https:\/\/www.deedeeparis.com\/blog\/wp-content\/uploads\/2017\/11\/3.jpg 640w, https:\/\/www.deedeeparis.com\/blog\/wp-content\/uploads\/2017\/11\/3-600x400.jpg 600w\" sizes=\"auto, (max-width: 640px) 100vw, 640px\" \/><\/a><\/p>\n<p><a href=\"https:\/\/www.deedeeparis.com\/blog\/wp-content\/uploads\/2017\/11\/5.jpg\"><img loading=\"lazy\" decoding=\"async\" src=\"https:\/\/www.deedeeparis.com\/blog\/wp-content\/uploads\/2017\/11\/5.jpg\" alt=\"\" width=\"640\" height=\"427\" class=\"aligncenter size-full wp-image-52774\" srcset=\"https:\/\/www.deedeeparis.com\/blog\/wp-content\/uploads\/2017\/11\/5.jpg 640w, https:\/\/www.deedeeparis.com\/blog\/wp-content\/uploads\/2017\/11\/5-600x400.jpg 600w\" sizes=\"auto, (max-width: 640px) 100vw, 640px\" \/><\/a><\/p>\n<h2 class=\"stabylo\">Fais-le toi-m\u00eame : une table \u00ab\u00a0terrazzo\u00a0\u00bb  <\/h2>\n<p><a href=\"https:\/\/www.deedeeparis.com\/blog\/wp-content\/uploads\/2017\/11\/diy-table-terrazzo-heju-11.jpg\"><img loading=\"lazy\" decoding=\"async\" src=\"https:\/\/www.deedeeparis.com\/blog\/wp-content\/uploads\/2017\/11\/diy-table-terrazzo-heju-11.jpg\" alt=\"\" width=\"933\" height=\"1400\" class=\"aligncenter size-full wp-image-52763\" srcset=\"https:\/\/www.deedeeparis.com\/blog\/wp-content\/uploads\/2017\/11\/diy-table-terrazzo-heju-11.jpg 933w, https:\/\/www.deedeeparis.com\/blog\/wp-content\/uploads\/2017\/11\/diy-table-terrazzo-heju-11-768x1152.jpg 768w, https:\/\/www.deedeeparis.com\/blog\/wp-content\/uploads\/2017\/11\/diy-table-terrazzo-heju-11-600x900.jpg 600w, https:\/\/www.deedeeparis.com\/blog\/wp-content\/uploads\/2017\/11\/diy-table-terrazzo-heju-11-682x1024.jpg 682w\" sizes=\"auto, (max-width: 933px) 100vw, 933px\" \/><\/a><\/p>\n<p>Elle est affreusement d\u00e9sirable et \u00e0 port\u00e9e de main : suivez le tuto de <a href=\"http:\/\/heju.fr\/diy-table-terrazzo\/\" rel=\"noopener\" target=\"_blank\">Heju<\/a> pour fabriquer la v\u00f4tre !<\/p>\n<h2 class=\"stabylo\">Jeanie J <\/h2>\n<p>Je ne me console pas du d\u00e9c\u00e8s de Simon Carpentier, le chanteur de ce groupe que j&rsquo;aime tant et que j&rsquo;avais eu la chance d&rsquo;\u00e9couter \u00e0 une soir\u00e9e organis\u00e9e l&rsquo;an dernier. Ce Jeanie J, tout empreint de d\u00e9licatesse, me semble parfait pour bien commencer la semaine ! <\/p>\n<p><iframe loading=\"lazy\" width=\"100%\" height=\"166\" scrolling=\"no\" frameborder=\"no\" src=\"https:\/\/w.soundcloud.com\/player\/?url=https%3A\/\/api.soundcloud.com\/tracks\/315232485&amp;color=%23ff5500&amp;auto_play=false&amp;hide_related=false&amp;show_comments=true&amp;show_user=true&amp;show_reposts=false&amp;show_teaser=true\"><\/iframe><\/p>\n<p>Voil\u00e0, c&rsquo;est presque tout pour aujourd&rsquo;hui. Je voulais juste envoyer une pens\u00e9e toute sp\u00e9ciale \u00e0 ceux qui sont partis, il y a deux ans. Et \u00e0 ceux qui restent. <\/p>\n<p>Je vous embrasse, prenez soin de vous !<\/p>\n","protected":false},"excerpt":{"rendered":"<p>Hello la compagnie ! Je ne sais pas vous mais je me caille s\u00e9v\u00e8rement les miches&#8230; Je ne suis psychologiquement pas vraiment pr\u00eate \u00e0 entrer dans l&rsquo;hiver. Allez chiche, on se booke un billet d&rsquo;avion n&rsquo;importe o\u00f9 au soleil ? (oui bon, laissez-moi r\u00eaver, un peu&#8230;!). Pour l&rsquo;heure&#8230; Nouvelle semaine, nouveaux coups de coeur. Cette [&hellip;]<\/p>\n","protected":false},"author":2,"featured_media":52777,"comment_status":"open","ping_status":"open","sticky":false,"template":"","format":"standard","meta":{"_acf_changed":false,"footnotes":""},"categories":[8],"tags":[3608,8459,8997,8994,2671,8995,8996],"class_list":["post-52751","post","type-post","status-publish","format-standard","has-post-thumbnail","hentry","category-chroniques-de-paris","tag-diptyque","tag-je-suis-en-terrasse","tag-loic-prigent","tag-louise-roe-copenhagen","tag-manucurist","tag-plaids-deco","tag-vernis-bio"],"acf":[],"geo":null,"_links":{"self":[{"href":"https:\/\/www.deedeeparis.com\/blog\/wp-json\/wp\/v2\/posts\/52751","targetHints":{"allow":["GET"]}}],"collection":[{"href":"https:\/\/www.deedeeparis.com\/blog\/wp-json\/wp\/v2\/posts"}],"about":[{"href":"https:\/\/www.deedeeparis.com\/blog\/wp-json\/wp\/v2\/types\/post"}],"author":[{"embeddable":true,"href":"https:\/\/www.deedeeparis.com\/blog\/wp-json\/wp\/v2\/users\/2"}],"replies":[{"embeddable":true,"href":"https:\/\/www.deedeeparis.com\/blog\/wp-json\/wp\/v2\/comments?post=52751"}],"version-history":[{"count":16,"href":"https:\/\/www.deedeeparis.com\/blog\/wp-json\/wp\/v2\/posts\/52751\/revisions"}],"predecessor-version":[{"id":52979,"href":"https:\/\/www.deedeeparis.com\/blog\/wp-json\/wp\/v2\/posts\/52751\/revisions\/52979"}],"wp:featuredmedia":[{"embeddable":true,"href":"https:\/\/www.deedeeparis.com\/blog\/wp-json\/wp\/v2\/media\/52777"}],"wp:attachment":[{"href":"https:\/\/www.deedeeparis.com\/blog\/wp-json\/wp\/v2\/media?parent=52751"}],"wp:term":[{"taxonomy":"category","embeddable":true,"href":"https:\/\/www.deedeeparis.com\/blog\/wp-json\/wp\/v2\/categories?post=52751"},{"taxonomy":"post_tag","embeddable":true,"href":"https:\/\/www.deedeeparis.com\/blog\/wp-json\/wp\/v2\/tags?post=52751"}],"curies":[{"name":"wp","href":"https:\/\/api.w.org\/{rel}","templated":true}]}}