{"id":54693,"date":"2018-02-05T07:03:33","date_gmt":"2018-02-05T06:03:33","guid":{"rendered":"https:\/\/www.deedeeparis.com\/blog\/?p=54693"},"modified":"2018-02-04T19:07:39","modified_gmt":"2018-02-04T18:07:39","slug":"ma-week-list-252","status":"publish","type":"post","link":"https:\/\/www.deedeeparis.com\/blog\/ma-week-list-252","title":{"rendered":"Ma Week List #252"},"content":{"rendered":"<p>Hello la compagnie ! J&rsquo;esp\u00e8re que votre week-end a \u00e9t\u00e9 bon. Nouvelle semaine, nouveaux coups de coeur ! Cette semaine, j&rsquo;aime :<\/p>\n<h2 class=\"stabylo\"> Les bougies Anya Smells<\/h2>\n<p><a href=\"https:\/\/www.deedeeparis.com\/blog\/wp-content\/uploads\/2018\/02\/candle_mix_large_landscape.jpg\"><img loading=\"lazy\" decoding=\"async\" src=\"https:\/\/www.deedeeparis.com\/blog\/wp-content\/uploads\/2018\/02\/candle_mix_large_landscape.jpg\" alt=\"\" width=\"1100\" height=\"763\" class=\"aligncenter size-full wp-image-54712\" srcset=\"https:\/\/www.deedeeparis.com\/blog\/wp-content\/uploads\/2018\/02\/candle_mix_large_landscape.jpg 1100w, https:\/\/www.deedeeparis.com\/blog\/wp-content\/uploads\/2018\/02\/candle_mix_large_landscape-768x533.jpg 768w, https:\/\/www.deedeeparis.com\/blog\/wp-content\/uploads\/2018\/02\/candle_mix_large_landscape-600x416.jpg 600w, https:\/\/www.deedeeparis.com\/blog\/wp-content\/uploads\/2018\/02\/candle_mix_large_landscape-1024x710.jpg 1024w\" sizes=\"auto, (max-width: 1100px) 100vw, 1100px\" \/><\/a><\/p>\n<p>Odeur du linge s\u00e9ch\u00e9 au soleil, parfum des b\u00e9b\u00e9s et dentifrice : la cr\u00e9atrice londonnienne Anya Hindmarch lance 3 bougies \u00e0 la cire naturelle et coul\u00e9e \u00e0 la main en Angleterre. On pourra les trouver \u00e0 partir du 15 mars aux Galeries Lafayette et au Bon March\u00e9. Bonne pioche ! <\/p>\n<h2 class=\"stabylo\"> Le body Blue Velvet de Noo Underwear <\/h2>\n<p><a href=\"https:\/\/www.deedeeparis.com\/blog\/wp-content\/uploads\/2018\/02\/BODY-blue-velvet-devant-pantalon-900x1100.jpg\"><img loading=\"lazy\" decoding=\"async\" src=\"https:\/\/www.deedeeparis.com\/blog\/wp-content\/uploads\/2018\/02\/BODY-blue-velvet-devant-pantalon-900x1100-838x1024.jpg\" alt=\"\" width=\"640\" height=\"782\" class=\"aligncenter size-large wp-image-54710\" srcset=\"https:\/\/www.deedeeparis.com\/blog\/wp-content\/uploads\/2018\/02\/BODY-blue-velvet-devant-pantalon-900x1100-838x1024.jpg 838w, https:\/\/www.deedeeparis.com\/blog\/wp-content\/uploads\/2018\/02\/BODY-blue-velvet-devant-pantalon-900x1100-768x939.jpg 768w, https:\/\/www.deedeeparis.com\/blog\/wp-content\/uploads\/2018\/02\/BODY-blue-velvet-devant-pantalon-900x1100-600x733.jpg 600w, https:\/\/www.deedeeparis.com\/blog\/wp-content\/uploads\/2018\/02\/BODY-blue-velvet-devant-pantalon-900x1100.jpg 900w\" sizes=\"auto, (max-width: 640px) 100vw, 640px\" \/><\/a><\/p>\n<p>Oui bon, ok, c&rsquo;est s\u00fbr que je le remplirais un peu moins. Mais il me fait bien de l&rsquo;oeil ce body de la jolie marque <a href=\"http:\/\/noounderwear.fr\/produit\/body-blue-velvet\/\" rel=\"noopener\" target=\"_blank\">Noo Underwear<\/a> dont je vous parle r\u00e9guli\u00e8rement, pas vous ? <\/p>\n<p><a href=\"https:\/\/www.deedeeparis.com\/blog\/wp-content\/uploads\/2018\/02\/body-blue-dos-900x1100.jpg\"><img loading=\"lazy\" decoding=\"async\" src=\"https:\/\/www.deedeeparis.com\/blog\/wp-content\/uploads\/2018\/02\/body-blue-dos-900x1100-838x1024.jpg\" alt=\"\" width=\"640\" height=\"782\" class=\"aligncenter size-large wp-image-54709\" srcset=\"https:\/\/www.deedeeparis.com\/blog\/wp-content\/uploads\/2018\/02\/body-blue-dos-900x1100-838x1024.jpg 838w, https:\/\/www.deedeeparis.com\/blog\/wp-content\/uploads\/2018\/02\/body-blue-dos-900x1100-768x939.jpg 768w, https:\/\/www.deedeeparis.com\/blog\/wp-content\/uploads\/2018\/02\/body-blue-dos-900x1100-600x733.jpg 600w, https:\/\/www.deedeeparis.com\/blog\/wp-content\/uploads\/2018\/02\/body-blue-dos-900x1100.jpg 900w\" sizes=\"auto, (max-width: 640px) 100vw, 640px\" \/><\/a><\/p>\n<h2 class=\"stabylo\"> Insolente Veggie<\/h2>\n<p><a href=\"https:\/\/www.deedeeparis.com\/blog\/wp-content\/uploads\/2018\/02\/insolente-veggie.jpg\"><img loading=\"lazy\" decoding=\"async\" src=\"https:\/\/www.deedeeparis.com\/blog\/wp-content\/uploads\/2018\/02\/insolente-veggie-1024x1024.jpg\" alt=\"\" width=\"640\" height=\"640\" class=\"aligncenter size-large wp-image-54696\" srcset=\"https:\/\/www.deedeeparis.com\/blog\/wp-content\/uploads\/2018\/02\/insolente-veggie-1024x1024.jpg 1024w, https:\/\/www.deedeeparis.com\/blog\/wp-content\/uploads\/2018\/02\/insolente-veggie-768x768.jpg 768w, https:\/\/www.deedeeparis.com\/blog\/wp-content\/uploads\/2018\/02\/insolente-veggie-150x150.jpg 150w, https:\/\/www.deedeeparis.com\/blog\/wp-content\/uploads\/2018\/02\/insolente-veggie-600x600.jpg 600w, https:\/\/www.deedeeparis.com\/blog\/wp-content\/uploads\/2018\/02\/insolente-veggie.jpg 1100w\" sizes=\"auto, (max-width: 640px) 100vw, 640px\" \/><\/a><\/p>\n<p>Je ne connaissais absolument pas du tout <a href=\"http:\/\/www.insolente-veggie.com\/\" rel=\"noopener\" target=\"_blank\">Insolente Veggie<\/a>. Comme souvent lorsque j&rsquo;entre dans une librairie, je d\u00e9ambule au milieu des rayons sans trop d&rsquo;attentes pr\u00e9cises. Je me laisse guider par mon oeil et mon instinct et je fais parfois main basse que quelques p\u00e9pites. C&rsquo;est le cas de celle-ci, d\u00e9got\u00e9e dans une librairie du Mans samedi. <\/p>\n<p>La cause animale m&rsquo;interpelle, comme vous le savez si vous me suivez un peu. En fast forward (parce qu&rsquo;il s&rsquo;agit d&rsquo;une br\u00e8ve, \u00e0 la base&#8230;!), tout a commenc\u00e9 en 2011 quand j&rsquo;ai (enfin) os\u00e9 lire <a href=\"https:\/\/www.deedeeparis.com\/blog\/faut-il-manger-les-animaux-de-jonathan-safran-foer\" rel=\"noopener\" target=\"_blank\">Faut-il manger les animaux de Jonathan Safran Foer<\/a>, un livre qui m&rsquo;a ouvert les yeux sur la r\u00e9alit\u00e9 de l&rsquo;industrie de la viande. Certes, le livre avait pour terrain les US&#8230; Mais il m&rsquo;a permis d&rsquo;ouvrir un premier oeil sur le sujet. Depuis, je me documente, je lis, regarde&#8230; J&rsquo;essaye de comprendre : je crois qu&rsquo;on a \u00e9t\u00e9 coup\u00e9s trop longtemps de la r\u00e9alit\u00e9 de la production, au sens large. \u00c7a marche pour la viande mais aussi pour l&rsquo;industrie alimentaire globale, pour l&rsquo;industrie alimentaire etc. \u00c7a nous a longtemps arrang\u00e9s de ne pas chercher \u00e0 savoir comment cette bavette avait atterri dans notre assiette, ou pourquoi ce Tee Shirt co\u00fbtait seulement 2 euros quand \u00ab\u00a0les m\u00eames\u00a0\u00bb pouvaient couter 20 fois plus cher lorsqu&rsquo;ils \u00e9taient estampill\u00e9s \u00ab\u00a0made in France\u00a0\u00bb. <\/p>\n<p><strong>Tout \u00e7a pour dire<\/strong> que j&rsquo;essaye de sortir de mon ignorance en mati\u00e8re de consommation, et que pour la viande en particulier, ce livre m&rsquo;y a aid\u00e9e, sans me culpabiliser : je ne suis ni maso, ni pros\u00e9lyte : au fond, chacun fait bien ce qui lui plait ! Je vous le signale \u00e0 toute fin utile si toutefois c&rsquo;est un sujet qui vous int\u00e9resse. <\/p>\n<h2 class=\"stabylo\">Le Masque Nuit R\u00e9parateur L\u00e8vres Pep Start de Clinique <\/h2>\n<p><a href=\"https:\/\/www.deedeeparis.com\/blog\/wp-content\/uploads\/2018\/02\/CLINIQUE-Pep-Start-Masque-Nuit-Re\u0301parateur-Le\u0300vres.jpg\"><img loading=\"lazy\" decoding=\"async\" src=\"https:\/\/www.deedeeparis.com\/blog\/wp-content\/uploads\/2018\/02\/CLINIQUE-Pep-Start-Masque-Nuit-Re\u0301parateur-Le\u0300vres-1024x710.jpg\" alt=\"\" width=\"640\" height=\"444\" class=\"aligncenter size-large wp-image-54706\" srcset=\"https:\/\/www.deedeeparis.com\/blog\/wp-content\/uploads\/2018\/02\/CLINIQUE-Pep-Start-Masque-Nuit-Re\u0301parateur-Le\u0300vres-1024x710.jpg 1024w, https:\/\/www.deedeeparis.com\/blog\/wp-content\/uploads\/2018\/02\/CLINIQUE-Pep-Start-Masque-Nuit-Re\u0301parateur-Le\u0300vres-768x533.jpg 768w, https:\/\/www.deedeeparis.com\/blog\/wp-content\/uploads\/2018\/02\/CLINIQUE-Pep-Start-Masque-Nuit-Re\u0301parateur-Le\u0300vres-600x416.jpg 600w, https:\/\/www.deedeeparis.com\/blog\/wp-content\/uploads\/2018\/02\/CLINIQUE-Pep-Start-Masque-Nuit-Re\u0301parateur-Le\u0300vres.jpg 1100w\" sizes=\"auto, (max-width: 640px) 100vw, 640px\" \/><\/a><\/p>\n<p>En mati\u00e8re de baume \u00e0 l\u00e8vres, rares sont ceux qui trouvent gr\u00e2ce \u00e0 mes yeux. Je les trouve souvent pas assez hydratants, parfois collants, trop brillants&#8230; <a href=\"http:\/\/bit.ly\/2nGJN4F\" rel=\"noopener\" target=\"_blank\">Celui-ci<\/a> est une bonne pioche : c&rsquo;est un masque qu&rsquo;on applique sur les l\u00e8vres avant de se coucher pour les repulper un max, ou en journ\u00e9e pour hydrater et faire briller gentiment sans en faire trop. Tiens, \u00e7a vous dit que je vous pr\u00e9pare un r\u00e9cap sur mes baumes \u00e0 l\u00e8vres pr\u00e9f\u00e9r\u00e9s ? <\/p>\n<h2 class=\"stabylo\"> Les photos \u00ab\u00a0miroir\u00a0\u00bb de Ma\u0142gorzata Sajur<\/h2>\n<p><a href=\"https:\/\/www.deedeeparis.com\/blog\/wp-content\/uploads\/2018\/02\/I-look-at-the-mirror1.jpg\"><img loading=\"lazy\" decoding=\"async\" src=\"https:\/\/www.deedeeparis.com\/blog\/wp-content\/uploads\/2018\/02\/I-look-at-the-mirror1.jpg\" alt=\"\" width=\"1024\" height=\"680\" class=\"aligncenter size-full wp-image-54704\" srcset=\"https:\/\/www.deedeeparis.com\/blog\/wp-content\/uploads\/2018\/02\/I-look-at-the-mirror1.jpg 1024w, https:\/\/www.deedeeparis.com\/blog\/wp-content\/uploads\/2018\/02\/I-look-at-the-mirror1-768x510.jpg 768w, https:\/\/www.deedeeparis.com\/blog\/wp-content\/uploads\/2018\/02\/I-look-at-the-mirror1-600x398.jpg 600w\" sizes=\"auto, (max-width: 1024px) 100vw, 1024px\" \/><\/a><\/p>\n<p>D\u00e9nich\u00e9es gr\u00e2ce au site de Fubiz, ces photos de <a href=\"https:\/\/www.behance.net\/malsajuref23\" rel=\"noopener\" target=\"_blank\">Ma\u0142gorzata Sajur<\/a>, une artiste polonaise. J&rsquo;aime beaucoup ! <\/p>\n<p><a href=\"https:\/\/www.deedeeparis.com\/blog\/wp-content\/uploads\/2018\/02\/I-look-at-the-mirror2.jpg\"><img loading=\"lazy\" decoding=\"async\" src=\"https:\/\/www.deedeeparis.com\/blog\/wp-content\/uploads\/2018\/02\/I-look-at-the-mirror2.jpg\" alt=\"\" width=\"1024\" height=\"768\" class=\"aligncenter size-full wp-image-54703\" srcset=\"https:\/\/www.deedeeparis.com\/blog\/wp-content\/uploads\/2018\/02\/I-look-at-the-mirror2.jpg 1024w, https:\/\/www.deedeeparis.com\/blog\/wp-content\/uploads\/2018\/02\/I-look-at-the-mirror2-768x576.jpg 768w, https:\/\/www.deedeeparis.com\/blog\/wp-content\/uploads\/2018\/02\/I-look-at-the-mirror2-600x450.jpg 600w\" sizes=\"auto, (max-width: 1024px) 100vw, 1024px\" \/><\/a><\/p>\n<p><a href=\"https:\/\/www.deedeeparis.com\/blog\/wp-content\/uploads\/2018\/02\/I-look-at-the-mirror3.jpg\"><img loading=\"lazy\" decoding=\"async\" src=\"https:\/\/www.deedeeparis.com\/blog\/wp-content\/uploads\/2018\/02\/I-look-at-the-mirror3.jpg\" alt=\"\" width=\"1024\" height=\"680\" class=\"aligncenter size-full wp-image-54702\" srcset=\"https:\/\/www.deedeeparis.com\/blog\/wp-content\/uploads\/2018\/02\/I-look-at-the-mirror3.jpg 1024w, https:\/\/www.deedeeparis.com\/blog\/wp-content\/uploads\/2018\/02\/I-look-at-the-mirror3-768x510.jpg 768w, https:\/\/www.deedeeparis.com\/blog\/wp-content\/uploads\/2018\/02\/I-look-at-the-mirror3-600x398.jpg 600w\" sizes=\"auto, (max-width: 1024px) 100vw, 1024px\" \/><\/a><\/p>\n<p><a href=\"https:\/\/www.deedeeparis.com\/blog\/wp-content\/uploads\/2018\/02\/I-look-at-the-mirror4.jpg\"><img loading=\"lazy\" decoding=\"async\" src=\"https:\/\/www.deedeeparis.com\/blog\/wp-content\/uploads\/2018\/02\/I-look-at-the-mirror4.jpg\" alt=\"\" width=\"1024\" height=\"768\" class=\"aligncenter size-full wp-image-54701\" srcset=\"https:\/\/www.deedeeparis.com\/blog\/wp-content\/uploads\/2018\/02\/I-look-at-the-mirror4.jpg 1024w, https:\/\/www.deedeeparis.com\/blog\/wp-content\/uploads\/2018\/02\/I-look-at-the-mirror4-768x576.jpg 768w, https:\/\/www.deedeeparis.com\/blog\/wp-content\/uploads\/2018\/02\/I-look-at-the-mirror4-600x450.jpg 600w\" sizes=\"auto, (max-width: 1024px) 100vw, 1024px\" \/><\/a><\/p>\n<h2 class=\"stabylo\"> Fais-le toi-m\u00eame : un porte manteau design<\/h2>\n<p><a href=\"https:\/\/www.deedeeparis.com\/blog\/wp-content\/uploads\/2018\/02\/Tuto.jpg\"><img loading=\"lazy\" decoding=\"async\" src=\"https:\/\/www.deedeeparis.com\/blog\/wp-content\/uploads\/2018\/02\/Tuto.jpg\" alt=\"\" width=\"564\" height=\"767\" class=\"aligncenter size-full wp-image-54699\" \/><\/a><br \/>\n<em>Source photo ? <\/em><\/p>\n<p>Simple, beau, efficace, cette tringle o\u00f9 accrocher nos pi\u00e8ces pr\u00e9f\u00e9r\u00e9es. Je me garde l&rsquo;id\u00e9e pour quand j&rsquo;aurais une chambre \u00e0 la taille assez honorable pour h\u00e9berger cette petite merveille ! <\/p>\n<h2 class=\"stabylo\"> Bon pied, bon oeil<\/h2>\n<p>Eh hop, cette semaine, vous avez droit non pas \u00e0 un titre mais \u00e0 15 ! Ils sont rassembl\u00e9s dans la Playlist Bon pied bon oeil que j&rsquo;ai concoct\u00e9e dans le cadre de mon (tr\u00e8s long !) partenariat avec Libratone : je travaille avec la marque depuis plus de 2 ans et je vous en ai d\u00e9j\u00e0 r\u00e9guli\u00e8rement parl\u00e9 ici et l\u00e0. J&rsquo;insisterais bien pour \u00e9piloguer mais quand on parle de collaboration et de travail, les lecteurs ont toujours peur que les avis ne soient pas francs ni int\u00e8gres. Vous savez pourtant bien que je refuse plus d&rsquo;\u00e9changes avec des marques que je n&rsquo;en accepte&#8230; Les happy few sont donc des partenaires de qualit\u00e9, vous pouvez me croire ! (On me souffle dans l&rsquo;oreillette que je divague) (vague). La playlist, donc : <\/p>\n<p><iframe loading=\"lazy\" src=\"https:\/\/open.spotify.com\/embed\/user\/11936208\/playlist\/3B9ekuatFL89neKjiJZjiP\" width=\"300\" height=\"380\" frameborder=\"0\" allowtransparency=\"true\"><\/iframe> <\/p>\n<p>Voil\u00e0, c&rsquo;est tout pour aujourd&rsquo;hui. Bonne semaine, prenez soin de vous ! <\/p>\n","protected":false},"excerpt":{"rendered":"<p>Hello la compagnie ! J&rsquo;esp\u00e8re que votre week-end a \u00e9t\u00e9 bon. Nouvelle semaine, nouveaux coups de coeur ! Cette semaine, j&rsquo;aime : Les bougies Anya Smells Odeur du linge s\u00e9ch\u00e9 au soleil, parfum des b\u00e9b\u00e9s et dentifrice : la cr\u00e9atrice londonnienne Anya Hindmarch lance 3 bougies \u00e0 la cire naturelle et coul\u00e9e \u00e0 la main [&hellip;]<\/p>\n","protected":false},"author":2,"featured_media":54704,"comment_status":"open","ping_status":"open","sticky":false,"template":"","format":"standard","meta":{"_acf_changed":false,"footnotes":""},"categories":[8],"tags":[8950,9044,9045],"class_list":["post-54693","post","type-post","status-publish","format-standard","has-post-thumbnail","hentry","category-chroniques-de-paris","tag-bougies","tag-faut-il-manger-les-animaux-de-jonathan-safran-foer","tag-meilleurs-baumes-a-levres-hydratants"],"acf":[],"geo":null,"_links":{"self":[{"href":"https:\/\/www.deedeeparis.com\/blog\/wp-json\/wp\/v2\/posts\/54693","targetHints":{"allow":["GET"]}}],"collection":[{"href":"https:\/\/www.deedeeparis.com\/blog\/wp-json\/wp\/v2\/posts"}],"about":[{"href":"https:\/\/www.deedeeparis.com\/blog\/wp-json\/wp\/v2\/types\/post"}],"author":[{"embeddable":true,"href":"https:\/\/www.deedeeparis.com\/blog\/wp-json\/wp\/v2\/users\/2"}],"replies":[{"embeddable":true,"href":"https:\/\/www.deedeeparis.com\/blog\/wp-json\/wp\/v2\/comments?post=54693"}],"version-history":[{"count":13,"href":"https:\/\/www.deedeeparis.com\/blog\/wp-json\/wp\/v2\/posts\/54693\/revisions"}],"predecessor-version":[{"id":54716,"href":"https:\/\/www.deedeeparis.com\/blog\/wp-json\/wp\/v2\/posts\/54693\/revisions\/54716"}],"wp:featuredmedia":[{"embeddable":true,"href":"https:\/\/www.deedeeparis.com\/blog\/wp-json\/wp\/v2\/media\/54704"}],"wp:attachment":[{"href":"https:\/\/www.deedeeparis.com\/blog\/wp-json\/wp\/v2\/media?parent=54693"}],"wp:term":[{"taxonomy":"category","embeddable":true,"href":"https:\/\/www.deedeeparis.com\/blog\/wp-json\/wp\/v2\/categories?post=54693"},{"taxonomy":"post_tag","embeddable":true,"href":"https:\/\/www.deedeeparis.com\/blog\/wp-json\/wp\/v2\/tags?post=54693"}],"curies":[{"name":"wp","href":"https:\/\/api.w.org\/{rel}","templated":true}]}}