{"id":55343,"date":"2018-02-26T07:03:20","date_gmt":"2018-02-26T06:03:20","guid":{"rendered":"https:\/\/www.deedeeparis.com\/blog\/?p=55343"},"modified":"2018-02-26T16:50:53","modified_gmt":"2018-02-26T15:50:53","slug":"ma-week-list-255","status":"publish","type":"post","link":"https:\/\/www.deedeeparis.com\/blog\/ma-week-list-255","title":{"rendered":"Ma Week List #255"},"content":{"rendered":"<p>Hello la compagnie ! J&rsquo;esp\u00e8re que votre week-end a \u00e9t\u00e9 bon. On a beau dire mais pour ma part, je pr\u00e9f\u00e8re un bon froid sec \u00e0 fendre les pierres MAIS avec un ciel d&rsquo;un bleu \u00e9blouissant plut\u00f4t que cette grisaille qu&rsquo;on a subie pendant des semaines&#8230; Non ? Enfin bref, tout \u00e7a pour dire : nouvelle semaine, nouveaux coups de coeur ! Cette semaine, j&rsquo;aime :<\/p>\n<h2 class=\"stabylo\">St\u00e9phanie Vaill\u00e9<\/h2>\n<p><a href=\"https:\/\/www.deedeeparis.com\/blog\/wp-content\/uploads\/2018\/02\/Stephanie-Vaille-0355.jpeg\"><img loading=\"lazy\" decoding=\"async\" class=\"aligncenter size-full wp-image-55345\" src=\"https:\/\/www.deedeeparis.com\/blog\/wp-content\/uploads\/2018\/02\/Stephanie-Vaille-0355.jpeg\" alt=\"\" width=\"1100\" height=\"1100\" srcset=\"https:\/\/www.deedeeparis.com\/blog\/wp-content\/uploads\/2018\/02\/Stephanie-Vaille-0355.jpeg 1100w, https:\/\/www.deedeeparis.com\/blog\/wp-content\/uploads\/2018\/02\/Stephanie-Vaille-0355-768x768.jpeg 768w, https:\/\/www.deedeeparis.com\/blog\/wp-content\/uploads\/2018\/02\/Stephanie-Vaille-0355-150x150.jpg 150w, https:\/\/www.deedeeparis.com\/blog\/wp-content\/uploads\/2018\/02\/Stephanie-Vaille-0355-600x600.jpg 600w, https:\/\/www.deedeeparis.com\/blog\/wp-content\/uploads\/2018\/02\/Stephanie-Vaille-0355-1024x1024.jpg 1024w\" sizes=\"auto, (max-width: 1100px) 100vw, 1100px\" \/><\/a><\/p>\n<p>Peut-\u00eatre avez vous connu cette cr\u00e9atrice ou du moins, ses v\u00eatements fabuleux, dans une autre vie ? St\u00e9phanie Vaill\u00e9 revient et nous livre une fois encore une partition l\u00e9g\u00e8re, envo\u00fbtante et parfaitement d\u00e9sirable. Cette fois-ci, il ne s&rsquo;agit pas uniquement de v\u00eatements mais aussi de d\u00e9coration. Allez faire un tour sur <a href=\"https:\/\/www.stephanievaille.com\" target=\"_blank\" rel=\"noopener\">son site<\/a>, vous ne serez pas d\u00e9\u00e7ue !<\/p>\n<h2 class=\"stabylo\">S\u00e9zane on the road<\/h2>\n<p><a href=\"https:\/\/www.deedeeparis.com\/blog\/wp-content\/uploads\/2018\/02\/2747_1.jpg\"><img loading=\"lazy\" decoding=\"async\" class=\"aligncenter size-full wp-image-55349\" src=\"https:\/\/www.deedeeparis.com\/blog\/wp-content\/uploads\/2018\/02\/2747_1.jpg\" alt=\"\" width=\"826\" height=\"598\" srcset=\"https:\/\/www.deedeeparis.com\/blog\/wp-content\/uploads\/2018\/02\/2747_1.jpg 826w, https:\/\/www.deedeeparis.com\/blog\/wp-content\/uploads\/2018\/02\/2747_1-768x556.jpg 768w, https:\/\/www.deedeeparis.com\/blog\/wp-content\/uploads\/2018\/02\/2747_1-600x434.jpg 600w\" sizes=\"auto, (max-width: 826px) 100vw, 826px\" \/><\/a><\/p>\n<p>Vous pestez souvent contre ces \u00ab\u00a0connasses\u00a0\u00bb de parisiennes qui ont tout \u00e0 port\u00e9e de main ? R\u00e9jouissez-vous : <a href=\"http:\/\/bit.ly\/2F78XEx\" target=\"_blank\" rel=\"noopener\">S\u00e9zane<\/a> se lance dans un tour de France avec les Galeries Lafayette ! La tourn\u00e9e comprend six escales et d\u00e9butera du 1er au 19 mars \u00e0 Marseille. Ce sera ensuite le tour de Nantes, Biarritz, Bordeaux, Toulouse et enfin Strasbourg.<\/p>\n<h2 class=\"stabylo\">Aqua Nail, la gamme de vernis sans solvants chimiques de Nailmatic<\/h2>\n<p><a href=\"https:\/\/www.deedeeparis.com\/blog\/wp-content\/uploads\/2018\/02\/aqua-nail-nailmatic.jpg\"><img loading=\"lazy\" decoding=\"async\" class=\"aligncenter size-medium wp-image-55361\" src=\"https:\/\/www.deedeeparis.com\/blog\/wp-content\/uploads\/2018\/02\/aqua-nail-nailmatic-600x400.jpg\" alt=\"\" width=\"600\" height=\"400\" srcset=\"https:\/\/www.deedeeparis.com\/blog\/wp-content\/uploads\/2018\/02\/aqua-nail-nailmatic-600x400.jpg 600w, https:\/\/www.deedeeparis.com\/blog\/wp-content\/uploads\/2018\/02\/aqua-nail-nailmatic.jpg 650w\" sizes=\"auto, (max-width: 600px) 100vw, 600px\" \/><\/a><\/p>\n<p>C&rsquo;est nouveau, \u00e7a sort en mars et c&rsquo;est dr\u00f4lement s\u00e9duisant : Nailmatic lance Aqua Nail, une nouvelle\u00a0gamme de vernis \u00e0 ongles o\u00f9 les solvants chimiques sont \u00e9limin\u00e9s au profit&#8230; de l\u2019eau.\u00a0D\u00e9clin\u00e9e en 24 coloris, la gamme est formul\u00e9e \u00e0 55 % d\u2019eau, \u00e0 laquelle s\u2019ajoutent une r\u00e9sine pour la tenue et des pigments pour la couleur. Elle n&rsquo;a pas d&rsquo;odeur, ce qu&rsquo;on appr\u00e9ciera, plus que sa tenue qui parait-il, est un peu moins bonne qu\u2019un vernis classique. Moi je dis, \u00e0 voir !<\/p>\n<h2 class=\"stabylo\">L&rsquo;\u00e9tag\u00e8re&#8230; \u00e0 v\u00e9lo<\/h2>\n<p><a href=\"https:\/\/www.deedeeparis.com\/blog\/wp-content\/uploads\/2018\/02\/il_fullxfull.1054607801_iz3l.jpg\"><img loading=\"lazy\" decoding=\"async\" class=\"aligncenter size-full wp-image-55363\" src=\"https:\/\/www.deedeeparis.com\/blog\/wp-content\/uploads\/2018\/02\/il_fullxfull.1054607801_iz3l.jpg\" alt=\"\" width=\"900\" height=\"600\" srcset=\"https:\/\/www.deedeeparis.com\/blog\/wp-content\/uploads\/2018\/02\/il_fullxfull.1054607801_iz3l.jpg 900w, https:\/\/www.deedeeparis.com\/blog\/wp-content\/uploads\/2018\/02\/il_fullxfull.1054607801_iz3l-768x512.jpg 768w, https:\/\/www.deedeeparis.com\/blog\/wp-content\/uploads\/2018\/02\/il_fullxfull.1054607801_iz3l-600x400.jpg 600w\" sizes=\"auto, (max-width: 900px) 100vw, 900px\" \/><\/a><\/p>\n<p>Marre de vous faire tirer ou d&rsquo;avoir peur que votre v\u00e9lo ne disparaisse ? Et si vous en faisiez un \u00e9l\u00e9ment de d\u00e9co ? Cette <a href=\"http:\/\/bit.ly\/2F3ETcz\" target=\"_blank\" rel=\"noopener\">petite \u00e9tag\u00e8re<\/a> en acajou ou en \u00e9rable est bien jolie, qu&rsquo;elle supporte ou non un v\u00e9lo. Il n&rsquo;y a pas de probl\u00e8mes, que des solutions.. !<\/p>\n<h2 class=\"stabylo\">Le Los Angeles de Franck Bohbot<\/h2>\n<p><a href=\"https:\/\/www.deedeeparis.com\/blog\/wp-content\/uploads\/2018\/02\/Beach_walks_-_From_Angels_Series_FB.jpg\"><img loading=\"lazy\" decoding=\"async\" class=\"aligncenter size-full wp-image-55354\" src=\"https:\/\/www.deedeeparis.com\/blog\/wp-content\/uploads\/2018\/02\/Beach_walks_-_From_Angels_Series_FB.jpg\" alt=\"\" width=\"667\" height=\"1000\" srcset=\"https:\/\/www.deedeeparis.com\/blog\/wp-content\/uploads\/2018\/02\/Beach_walks_-_From_Angels_Series_FB.jpg 667w, https:\/\/www.deedeeparis.com\/blog\/wp-content\/uploads\/2018\/02\/Beach_walks_-_From_Angels_Series_FB-600x900.jpg 600w\" sizes=\"auto, (max-width: 667px) 100vw, 667px\" \/><\/a><\/p>\n<p>Los Angeles fait partie de ces villes que tout le monde connait m\u00eame sans y avoir mis un seul orteil.\u00a0<a href=\"http:\/\/www.franckbohbot.com\/angels\" target=\"_blank\" rel=\"noopener\">Franck Bohbot<\/a>, un photographe New Yorkais,\u00a0a voulu rendre hommage \u00e0 sa mani\u00e8re aux mythes qui nourrissent l&rsquo;imaginaire autour de la ville et a r\u00e9alis\u00e9 Angels. La s\u00e9rie compl\u00e8te est \u00e0 retrouver sur son site.<\/p>\n<p><a href=\"https:\/\/www.deedeeparis.com\/blog\/wp-content\/uploads\/2018\/02\/Beach_Handball_-_From_Angels_Series_FB.jpg\"><img loading=\"lazy\" decoding=\"async\" class=\"size-full wp-image-55358 aligncenter\" src=\"https:\/\/www.deedeeparis.com\/blog\/wp-content\/uploads\/2018\/02\/Beach_Handball_-_From_Angels_Series_FB.jpg\" alt=\"\" width=\"667\" height=\"1000\" srcset=\"https:\/\/www.deedeeparis.com\/blog\/wp-content\/uploads\/2018\/02\/Beach_Handball_-_From_Angels_Series_FB.jpg 667w, https:\/\/www.deedeeparis.com\/blog\/wp-content\/uploads\/2018\/02\/Beach_Handball_-_From_Angels_Series_FB-600x900.jpg 600w\" sizes=\"auto, (max-width: 667px) 100vw, 667px\" \/><\/a><\/p>\n<p><a href=\"https:\/\/www.deedeeparis.com\/blog\/wp-content\/uploads\/2018\/02\/Arizona_-_From_Angels_Series_FB.jpg\"><img loading=\"lazy\" decoding=\"async\" class=\"size-full wp-image-55356 aligncenter\" src=\"https:\/\/www.deedeeparis.com\/blog\/wp-content\/uploads\/2018\/02\/Arizona_-_From_Angels_Series_FB.jpg\" alt=\"\" width=\"667\" height=\"1000\" srcset=\"https:\/\/www.deedeeparis.com\/blog\/wp-content\/uploads\/2018\/02\/Arizona_-_From_Angels_Series_FB.jpg 667w, https:\/\/www.deedeeparis.com\/blog\/wp-content\/uploads\/2018\/02\/Arizona_-_From_Angels_Series_FB-600x900.jpg 600w\" sizes=\"auto, (max-width: 667px) 100vw, 667px\" \/><\/a><\/p>\n<p><a href=\"https:\/\/www.deedeeparis.com\/blog\/wp-content\/uploads\/2018\/02\/El_Vendedor_-_From_Angels_Series_FB.jpg\"><img loading=\"lazy\" decoding=\"async\" class=\"size-full wp-image-55355 aligncenter\" src=\"https:\/\/www.deedeeparis.com\/blog\/wp-content\/uploads\/2018\/02\/El_Vendedor_-_From_Angels_Series_FB.jpg\" alt=\"\" width=\"667\" height=\"1000\" srcset=\"https:\/\/www.deedeeparis.com\/blog\/wp-content\/uploads\/2018\/02\/El_Vendedor_-_From_Angels_Series_FB.jpg 667w, https:\/\/www.deedeeparis.com\/blog\/wp-content\/uploads\/2018\/02\/El_Vendedor_-_From_Angels_Series_FB-600x900.jpg 600w\" sizes=\"auto, (max-width: 667px) 100vw, 667px\" \/><\/a><\/p>\n<p><a href=\"https:\/\/www.deedeeparis.com\/blog\/wp-content\/uploads\/2018\/02\/Conversation_-_From_Angels_Series_FB.jpg\"><img loading=\"lazy\" decoding=\"async\" class=\"size-full wp-image-55357 aligncenter\" src=\"https:\/\/www.deedeeparis.com\/blog\/wp-content\/uploads\/2018\/02\/Conversation_-_From_Angels_Series_FB.jpg\" alt=\"\" width=\"667\" height=\"1000\" srcset=\"https:\/\/www.deedeeparis.com\/blog\/wp-content\/uploads\/2018\/02\/Conversation_-_From_Angels_Series_FB.jpg 667w, https:\/\/www.deedeeparis.com\/blog\/wp-content\/uploads\/2018\/02\/Conversation_-_From_Angels_Series_FB-600x900.jpg 600w\" sizes=\"auto, (max-width: 667px) 100vw, 667px\" \/><\/a><\/p>\n<h2 class=\"stabylo\">Fais-le toi-m\u00eame : une table de nuit graphique<\/h2>\n<p><a href=\"https:\/\/www.deedeeparis.com\/blog\/wp-content\/uploads\/2018\/02\/DIY-Table-de-nuit-graphique-13.jpg\"><img loading=\"lazy\" decoding=\"async\" class=\"aligncenter wp-image-55351\" src=\"https:\/\/www.deedeeparis.com\/blog\/wp-content\/uploads\/2018\/02\/DIY-Table-de-nuit-graphique-13.jpg\" alt=\"\" width=\"564\" height=\"845\" srcset=\"https:\/\/www.deedeeparis.com\/blog\/wp-content\/uploads\/2018\/02\/DIY-Table-de-nuit-graphique-13.jpg 934w, https:\/\/www.deedeeparis.com\/blog\/wp-content\/uploads\/2018\/02\/DIY-Table-de-nuit-graphique-13-768x1151.jpg 768w, https:\/\/www.deedeeparis.com\/blog\/wp-content\/uploads\/2018\/02\/DIY-Table-de-nuit-graphique-13-600x899.jpg 600w, https:\/\/www.deedeeparis.com\/blog\/wp-content\/uploads\/2018\/02\/DIY-Table-de-nuit-graphique-13-683x1024.jpg 683w\" sizes=\"auto, (max-width: 564px) 100vw, 564px\" \/><\/a><\/p>\n<p>Une caisse en bois (mon conseil, allez chez un caviste et demandez-lui une caisse \u00e0 vin, \u00e7a aura plus de gueule et \u00e7a vous co\u00fbtera encore moins cher !) + un peu de peinture = \u00e0 vous le chevet dr\u00f4lement pratique ! Le tuto est \u00e0 retrouver sur le blog <a href=\"http:\/\/paris-lareunion.blogspot.fr\/2015\/03\/table-de-nuit-graphique.html?spref=pi\" target=\"_blank\" rel=\"noopener\">Paris &#8211; La R\u00e9union<\/a>.<\/p>\n<h2 class=\"stabylo\">L&rsquo;oiseau de Feu Chatterton<\/h2>\n<p>Le groupe fran\u00e7ais revient le 9 mars avec l&rsquo;Oiseleur, son nouvel album. L&rsquo;oiseau, le premier extrait, est une sorte d&rsquo;ode au temps b\u00e9ni de l\u2019amour perdu. Envo\u00fbtant juste ce qu&rsquo;on aime pour un lundi !<\/p>\n<p><iframe loading=\"lazy\" src=\"https:\/\/open.spotify.com\/embed\/track\/2UdpLKa5AZ0F6SuCN0uHKT\" width=\"300\" height=\"380\" frameborder=\"0\"><\/iframe><\/p>\n<p>Voil\u00e0, c&rsquo;est tout pour aujourd&rsquo;hui. Prenez soin de vous et bonne semaine !<\/p>\n","protected":false},"excerpt":{"rendered":"<p>Hello la compagnie ! J&rsquo;esp\u00e8re que votre week-end a \u00e9t\u00e9 bon. On a beau dire mais pour ma part, je pr\u00e9f\u00e8re un bon froid sec \u00e0 fendre les pierres MAIS avec un ciel d&rsquo;un bleu \u00e9blouissant plut\u00f4t que cette grisaille qu&rsquo;on a subie pendant des semaines&#8230; Non ? Enfin bref, tout \u00e7a pour dire : [&hellip;]<\/p>\n","protected":false},"author":2,"featured_media":55365,"comment_status":"open","ping_status":"open","sticky":false,"template":"","format":"standard","meta":{"_acf_changed":false,"footnotes":""},"categories":[8],"tags":[5051,9058,6941,5359,4425],"class_list":["post-55343","post","type-post","status-publish","format-standard","has-post-thumbnail","hentry","category-chroniques-de-paris","tag-deco-a-paris","tag-idees-deco","tag-idees-diy","tag-sezane","tag-stephanie-vaille"],"acf":[],"geo":null,"_links":{"self":[{"href":"https:\/\/www.deedeeparis.com\/blog\/wp-json\/wp\/v2\/posts\/55343","targetHints":{"allow":["GET"]}}],"collection":[{"href":"https:\/\/www.deedeeparis.com\/blog\/wp-json\/wp\/v2\/posts"}],"about":[{"href":"https:\/\/www.deedeeparis.com\/blog\/wp-json\/wp\/v2\/types\/post"}],"author":[{"embeddable":true,"href":"https:\/\/www.deedeeparis.com\/blog\/wp-json\/wp\/v2\/users\/2"}],"replies":[{"embeddable":true,"href":"https:\/\/www.deedeeparis.com\/blog\/wp-json\/wp\/v2\/comments?post=55343"}],"version-history":[{"count":11,"href":"https:\/\/www.deedeeparis.com\/blog\/wp-json\/wp\/v2\/posts\/55343\/revisions"}],"predecessor-version":[{"id":55366,"href":"https:\/\/www.deedeeparis.com\/blog\/wp-json\/wp\/v2\/posts\/55343\/revisions\/55366"}],"wp:featuredmedia":[{"embeddable":true,"href":"https:\/\/www.deedeeparis.com\/blog\/wp-json\/wp\/v2\/media\/55365"}],"wp:attachment":[{"href":"https:\/\/www.deedeeparis.com\/blog\/wp-json\/wp\/v2\/media?parent=55343"}],"wp:term":[{"taxonomy":"category","embeddable":true,"href":"https:\/\/www.deedeeparis.com\/blog\/wp-json\/wp\/v2\/categories?post=55343"},{"taxonomy":"post_tag","embeddable":true,"href":"https:\/\/www.deedeeparis.com\/blog\/wp-json\/wp\/v2\/tags?post=55343"}],"curies":[{"name":"wp","href":"https:\/\/api.w.org\/{rel}","templated":true}]}}