{"id":55403,"date":"2018-03-08T07:03:02","date_gmt":"2018-03-08T06:03:02","guid":{"rendered":"https:\/\/www.deedeeparis.com\/blog\/?p=55403"},"modified":"2018-03-08T09:18:40","modified_gmt":"2018-03-08T08:18:40","slug":"8-actions-pour-le-8-mars","status":"publish","type":"post","link":"https:\/\/www.deedeeparis.com\/blog\/8-actions-pour-le-8-mars","title":{"rendered":"8 actions pour le 8 mars"},"content":{"rendered":"<p><img loading=\"lazy\" decoding=\"async\" class=\"aligncenter size-full wp-image-55493\" src=\"https:\/\/www.deedeeparis.com\/blog\/wp-content\/uploads\/2018\/03\/Facetune.jpg\" alt=\"\" width=\"1100\" height=\"733\" srcset=\"https:\/\/www.deedeeparis.com\/blog\/wp-content\/uploads\/2018\/03\/Facetune.jpg 1100w, https:\/\/www.deedeeparis.com\/blog\/wp-content\/uploads\/2018\/03\/Facetune-768x512.jpg 768w, https:\/\/www.deedeeparis.com\/blog\/wp-content\/uploads\/2018\/03\/Facetune-600x400.jpg 600w, https:\/\/www.deedeeparis.com\/blog\/wp-content\/uploads\/2018\/03\/Facetune-1024x682.jpg 1024w\" sizes=\"auto, (max-width: 1100px) 100vw, 1100px\" \/><\/p>\n<p style=\"text-align: justify;\">Vous l&rsquo;attendiez tous, le voici : l&rsquo;article qui r\u00e9capitule toutes les promotions et autres offres marketing pour la \u00ab\u00a0f\u00eate de la femme\u00a0\u00bb.<\/p>\n<p style=\"text-align: justify;\">Non, je plaisante, \u00e9videmment ! Pour la Journ\u00e9e des Droits des Femmes, on ne veut ni fleurs ni chocolats mais des droits \u00e9gaux pour tous.\u00a0<span style=\"text-align: justify;\">Cette journ\u00e9e est l&rsquo;occasion de faire le point sur tout ce qui a \u00e9t\u00e9 r\u00e9alis\u00e9 et tout ce qui reste \u00e0 faire pour les droits des femmes. Et il y en a beaucoup dans les deux cas !<\/span><\/p>\n<p style=\"text-align: justify;\">L&rsquo;ann\u00e9e 2017 a \u00e9t\u00e9 riche pour le f\u00e9minisme et pour ce 8 mars, j&rsquo;avais envie de vous proposer 8 actions que vous pouvez mener pour faire avancer le d\u00e9bat.<\/p>\n<h2 class=\"p1 stabylo\"><span class=\"s1\">Lisez <\/span><\/h2>\n<p>Quelques livres que j&rsquo;affectionne et qui traitent du f\u00e9minisme ou des femmes en g\u00e9n\u00e9ral :<\/p>\n<div class=\"vls-gf-album vls-gf-album-grid vls-gf-album-info-none\" data-vls-gf-album-id=\"55408\" data-vls-gf-total-pages=\"1\" style=\"margin-right:-10px;\"><div class=\"vls-gf-thumbnail-container\"><div class=\"vls-gf-page \" data-vls-gf-page-no=\"1\"><div class=\"vls-gf-row\"><div class=\"vls-gf-item vls-gf-item-5\"><div style=\"margin-right:10px; margin-bottom:10px; \"><a href=\"http:\/\/bit.ly\/2EYXe7D\" \t\t\t\t\t\t\ttarget=\"_blank\" \t\t\t\t\t\t\t\t\t\t\t\t\t\tstyle=\"padding-top:142.8571%\"><img\n\t\t\t\t\t\t\t\tclass=\"vls-gf-wide\"\n\t\t\t\t\t\t\t\tsrc=\"https:\/\/www.deedeeparis.com\/blog\/wp-content\/gf-uploads\/2018\/02\/preview-m\/Culottees.jpg?1519746715\" \t\t\t\t\t\t\t\talt=\"\"\/><div class=\"vls-gf-info-back\"><h2 class=\"vls-gf-info-caption\"\n\t\t\t\t\t\t\t\t\t>\n\t\t\t\t\t\t\t\t\tCulottees\t\t\t\t\t\t\t\t<\/h2><h2 class=\"vls-gf-info-description\"\n\t\t\t\t\t\t\t\t\t><\/h2><\/div><\/a><\/div><\/div><div class=\"vls-gf-item vls-gf-item-5\"><div style=\"margin-right:10px; margin-bottom:10px; \"><a href=\"http:\/\/bit.ly\/2oBPrFF\" \t\t\t\t\t\t\ttarget=\"_blank\" \t\t\t\t\t\t\t\t\t\t\t\t\t\tstyle=\"padding-top:142.8571%\"><img\n\t\t\t\t\t\t\t\tclass=\"vls-gf-tall\"\n\t\t\t\t\t\t\t\tsrc=\"https:\/\/www.deedeeparis.com\/blog\/wp-content\/gf-uploads\/2018\/02\/preview-m\/La-domination-masculine-2.jpg?1519746671\" \t\t\t\t\t\t\t\talt=\"\"\/><div class=\"vls-gf-info-back\"><h2 class=\"vls-gf-info-caption\"\n\t\t\t\t\t\t\t\t\t>\n\t\t\t\t\t\t\t\t\tLa-domination-masculine-2\t\t\t\t\t\t\t\t<\/h2><h2 class=\"vls-gf-info-description\"\n\t\t\t\t\t\t\t\t\t><\/h2><\/div><\/a><\/div><\/div><div class=\"vls-gf-item vls-gf-item-5\"><div style=\"margin-right:10px; margin-bottom:10px; \"><a href=\"http:\/\/bit.ly\/2GQLG6X\" \t\t\t\t\t\t\ttarget=\"_blank\" \t\t\t\t\t\t\t\t\t\t\t\t\t\tstyle=\"padding-top:142.8571%\"><img\n\t\t\t\t\t\t\t\tclass=\"vls-gf-wide\"\n\t\t\t\t\t\t\t\tsrc=\"https:\/\/www.deedeeparis.com\/blog\/wp-content\/gf-uploads\/2018\/02\/preview-m\/Comprendre-le-feminisme.jpg?1519746692\" \t\t\t\t\t\t\t\talt=\"\"\/><div class=\"vls-gf-info-back\"><h2 class=\"vls-gf-info-caption\"\n\t\t\t\t\t\t\t\t\t>\n\t\t\t\t\t\t\t\t\tComprendre-le-feminisme\t\t\t\t\t\t\t\t<\/h2><h2 class=\"vls-gf-info-description\"\n\t\t\t\t\t\t\t\t\t><\/h2><\/div><\/a><\/div><\/div><div class=\"vls-gf-item vls-gf-item-5\"><div style=\"margin-right:10px; margin-bottom:10px; \"><a href=\"http:\/\/bit.ly\/2t2EBOu\" \t\t\t\t\t\t\ttarget=\"_blank\" \t\t\t\t\t\t\t\t\t\t\t\t\t\tstyle=\"padding-top:142.8571%\"><img\n\t\t\t\t\t\t\t\tclass=\"vls-gf-wide\"\n\t\t\t\t\t\t\t\tsrc=\"https:\/\/www.deedeeparis.com\/blog\/wp-content\/gf-uploads\/2018\/02\/preview-m\/Le-feminisme.jpg?1519746619\" \t\t\t\t\t\t\t\talt=\"\"\/><div class=\"vls-gf-info-back\"><h2 class=\"vls-gf-info-caption\"\n\t\t\t\t\t\t\t\t\t>\n\t\t\t\t\t\t\t\t\tLe-feminisme\t\t\t\t\t\t\t\t<\/h2><h2 class=\"vls-gf-info-description\"\n\t\t\t\t\t\t\t\t\t><\/h2><\/div><\/a><\/div><\/div><div class=\"vls-gf-item vls-gf-item-5\"><div style=\"margin-right:10px; margin-bottom:10px; \"><a href=\"http:\/\/bit.ly\/2owj2kA\" \t\t\t\t\t\t\ttarget=\"_blank\" \t\t\t\t\t\t\t\t\t\t\t\t\t\tstyle=\"padding-top:142.8571%\"><img\n\t\t\t\t\t\t\t\tclass=\"vls-gf-wide\"\n\t\t\t\t\t\t\t\tsrc=\"https:\/\/www.deedeeparis.com\/blog\/wp-content\/gf-uploads\/2018\/02\/preview-m\/Les-gros-mots.jpg?1519746637\" \t\t\t\t\t\t\t\talt=\"\"\/><div class=\"vls-gf-info-back\"><h2 class=\"vls-gf-info-caption\"\n\t\t\t\t\t\t\t\t\t>\n\t\t\t\t\t\t\t\t\tLes-gros-mots\t\t\t\t\t\t\t\t<\/h2><h2 class=\"vls-gf-info-description\"\n\t\t\t\t\t\t\t\t\t><\/h2><\/div><\/a><\/div><\/div><\/div><\/div>\n<\/div><div class=\"vls-gf-clear\"><\/div><\/div>\n<p>De gauche \u00e0 droite :<\/p>\n<p><em><a href=\"http:\/\/bit.ly\/2EYXe7D\">Les Culott\u00e9es<\/a>\u00a0<\/em>de P\u00e9n\u00e9lope Bagieu<\/p>\n<p><em><a href=\"http:\/\/bit.ly\/2oBPrFF\">La Domination masculine<\/a>\u00a0<\/em>de Pierre Bourdieu<\/p>\n<p><a href=\"http:\/\/bit.ly\/2GQLG6X\"><em>Comprendre le f\u00e9minisme<\/em><\/a> de Marie-H\u00e9l\u00e8ne Bourcier et Alice Moliner<\/p>\n<p><em><a href=\"http:\/\/bit.ly\/2t2EBOu\">La petite b\u00e9d\u00e9th\u00e8que des savoir : Le F\u00e9minisme<\/a>\u00a0<\/em>de Thomas Mathieu et Anne-Charlotte Husson<\/p>\n<p><em><a href=\"http:\/\/bit.ly\/2owj2kA\">Les gros mots : ab\u00e9c\u00e9daire joyeusement moderne du f\u00e9minisme<\/a>\u00a0<\/em>de Clarence Edgar-Rosa<\/p>\n<h2 class=\"p1 stabylo\"><span class=\"s1\">Regardez <\/span><\/h2>\n<p style=\"text-align: center;\"><div class=\"vls-gf-album vls-gf-album-grid vls-gf-album-info-none\" data-vls-gf-album-id=\"55433\" data-vls-gf-total-pages=\"1\" style=\"margin-right:-10px;\"><div class=\"vls-gf-thumbnail-container\"><div class=\"vls-gf-page \" data-vls-gf-page-no=\"1\"><div class=\"vls-gf-row\"><div class=\"vls-gf-item vls-gf-item-2\"><div style=\"margin-right:10px; margin-bottom:10px; \"><a href=\"https:\/\/www.deedeeparis.com\/blog\/wp-content\/gf-uploads\/2018\/03\/bouclemag-5-documentaires-feministes-a-ecouter-sur-netflix-04-e1467573214592.jpg\" \t\t\t\t\t\t\t\t\t\t\t\t\t\t\t\t\t\t\t\t\tstyle=\"padding-top:142.8571%\"><img\n\t\t\t\t\t\t\t\tclass=\"vls-gf-tall\"\n\t\t\t\t\t\t\t\tsrc=\"https:\/\/www.deedeeparis.com\/blog\/wp-content\/gf-uploads\/2018\/03\/preview-m\/bouclemag-5-documentaires-feministes-a-ecouter-sur-netflix-04-e1467573214592.jpg?1519985170\" \t\t\t\t\t\t\t\talt=\"\"\/><div class=\"vls-gf-info-back\"><h2 class=\"vls-gf-info-caption\"\n\t\t\t\t\t\t\t\t\t>\n\t\t\t\t\t\t\t\t\tbouclemag-5-documentaires-feministes-a-ecouter-sur-netflix-04-e1467573214592\t\t\t\t\t\t\t\t<\/h2><h2 class=\"vls-gf-info-description\"\n\t\t\t\t\t\t\t\t\t><\/h2><\/div><\/a><\/div><\/div><div class=\"vls-gf-item vls-gf-item-2\"><div style=\"margin-right:10px; margin-bottom:10px; \"><a href=\"https:\/\/www.deedeeparis.com\/blog\/wp-content\/gf-uploads\/2018\/03\/bouclemag-5-documentaires-feministes-a-ecouter-sur-netflix-03-e1467573221260.jpg\" \t\t\t\t\t\t\t\t\t\t\t\t\t\t\t\t\t\t\t\t\tstyle=\"padding-top:142.8571%\"><img\n\t\t\t\t\t\t\t\tclass=\"vls-gf-tall\"\n\t\t\t\t\t\t\t\tsrc=\"https:\/\/www.deedeeparis.com\/blog\/wp-content\/gf-uploads\/2018\/03\/preview-m\/bouclemag-5-documentaires-feministes-a-ecouter-sur-netflix-03-e1467573221260.jpg?1519985172\" \t\t\t\t\t\t\t\talt=\"\"\/><div class=\"vls-gf-info-back\"><h2 class=\"vls-gf-info-caption\"\n\t\t\t\t\t\t\t\t\t>\n\t\t\t\t\t\t\t\t\tbouclemag-5-documentaires-feministes-a-ecouter-sur-netflix-03-e1467573221260\t\t\t\t\t\t\t\t<\/h2><h2 class=\"vls-gf-info-description\"\n\t\t\t\t\t\t\t\t\t><\/h2><\/div><\/a><\/div><\/div><\/div><\/div>\n<\/div><div class=\"vls-gf-clear\"><\/div><\/div><\/p>\n<p class=\"uppercase\" style=\"text-align: center;\">Miss representation<\/p>\n<p style=\"text-align: justify;\">Ecrit et r\u00e9alis\u00e9 par Jennifer Siebel Newsom, <em>Miss Representation<\/em> r\u00e9v\u00e8le comment l&rsquo;image de la femme v\u00e9hicul\u00e9e par les media continue \u00e0 la sous-repr\u00e9sentation des femmes aux postes de pouvoir et d&rsquo;influence. Le film veut montrer que les jeunes femmes veulent et ont besoin de mod\u00e8les et qu&rsquo;elles ne peuvent pas devenir ce qu&rsquo;elles ne voient pas dans les media. Ce documentaire vous remuera surement mais il vous laissera aussi avec de nouvelles perspectives&#8230; \u00e0 voir !<\/p>\n<div class=\"after-more\">\n<p>&nbsp;<\/p>\n<\/div>\n<p class=\"uppercase\" style=\"text-align: center;\">She&rsquo;s beautiful when she&rsquo;s angry<\/p>\n<p style=\"text-align: justify;\">C&rsquo;est Mary Dore qui a produit et dirig\u00e9 ce documentaire exaltant. Il dresse le portrait des femmes scandaleuses et brillantes engag\u00e9es dans la seconde vague du mouvement f\u00e9ministe aux Etats-Unis dans les ann\u00e9es 1960. Le film n&rsquo;essaie pas d&rsquo;id\u00e9aliser les combats et retrace m\u00eame les diff\u00e9rentes controverses qu&rsquo;a pu affronter le mouvement f\u00e9ministe \u00e0 l&rsquo;\u00e9poque. <a href=\"http:\/\/www.shesbeautifulwhenshesangry.com\"><em>She&rsquo;s beautiful when she&rsquo;s angry<\/em><\/a> est un film sur les activistes fait pour inspirer les femmes et les hommes \u00e0 se battre pour le f\u00e9minisme et les droits de l&rsquo;Homme.<\/p>\n<p><em>Ces deux documentaires sont notamment disponibles sur Netflix !<\/em><\/p>\n<h2 class=\"p1 stabylo\"><span class=\"s1\">Engagez-vous<\/span><\/h2>\n<p style=\"text-align: justify;\"><a href=\"http:\/\/josephinebeaute.fr\" target=\"_blank\" rel=\"noopener\"><img loading=\"lazy\" decoding=\"async\" class=\"alignleft wp-image-55425\" src=\"https:\/\/www.deedeeparis.com\/blog\/wp-content\/uploads\/2018\/02\/josephine-pour-la-beaute-des-femmes-600x600.png\" alt=\"\" width=\"275\" height=\"275\" srcset=\"https:\/\/www.deedeeparis.com\/blog\/wp-content\/uploads\/2018\/02\/josephine-pour-la-beaute-des-femmes-600x600.png 600w, https:\/\/www.deedeeparis.com\/blog\/wp-content\/uploads\/2018\/02\/josephine-pour-la-beaute-des-femmes-768x768.png 768w, https:\/\/www.deedeeparis.com\/blog\/wp-content\/uploads\/2018\/02\/josephine-pour-la-beaute-des-femmes-150x150.png 150w, https:\/\/www.deedeeparis.com\/blog\/wp-content\/uploads\/2018\/02\/josephine-pour-la-beaute-des-femmes-1024x1024.png 1024w, https:\/\/www.deedeeparis.com\/blog\/wp-content\/uploads\/2018\/02\/josephine-pour-la-beaute-des-femmes.png 1080w\" sizes=\"auto, (max-width: 275px) 100vw, 275px\" \/><\/a>Parce que la perte de confiance en soi est l&rsquo;un des plus lourds handicap dans la recherche d&rsquo;un emploi, l&rsquo;association\u00a0<a href=\"http:\/\/josephinebeaute.fr\"><b><i>Jos\u00e9phine pour la beaut\u00e9 des femmes,<\/i><\/b><\/a>\u00a0cr\u00e9\u00e9e en 2006 par Lucia Iraci, propose d&rsquo;aider les femmes \u00e0 se r\u00e9ins\u00e9rer en leur offrant des soins sp\u00e9cifiques (coiffures, maquillage&#8230;) ou en leur pr\u00eatant des v\u00eatements pour des entretiens d&#8217;embauche. Le but de l&rsquo;association est donc de r\u00e9concilier les femmes avec leur image et de leur redonner confiance en elles afin de les aider dans leur r\u00e9insertion. Vous pouvez aider l&rsquo;association en faisant un don, en parrainant une femme ou encore carr\u00e9ment en donnant de votre temps en tant que b\u00e9n\u00e9vole si vous \u00eates un professionnel de la beaut\u00e9.<\/p>\n<p>&nbsp;<\/p>\n<h2 class=\"p1 stabylo\"><span class=\"s1\">Soutenez<\/span><\/h2>\n<p style=\"text-align: justify;\">Vous savez comme l&rsquo;entreprenariat est un sujet qui me tient \u00e0 coeur. Pour cette journ\u00e9e, je trouvais donc important de vous proposer de soutenir des femmes qui entreprennent. Voici deux projets canons \u00e0 financer via Ulule.<\/p>\n<p style=\"text-align: center;\"><div class=\"vls-gf-album vls-gf-album-metro no-js vls-gf-album-info-none\" data-vls-gf-album-id=\"55431\" data-vls-gf-total-pages=\"1\" data-vls-gf-aspect-ratio=\"1\" data-vls-gf-horizontal-spacing=\"10\" data-vls-gf-vertical-spacing=\"10\" data-vls-gf-column-count=\"2\"><div class=\"vls-gf-thumbnail-container\"><div class=\"vls-gf-page \" data-vls-gf-page-no=\"1\"><div\n            class=\"vls-gf-item\"\n            data-vls-gf-image-aspect=\"1.7699115044248\"\n            data-vls-gf-width=\"1\"\n            data-vls-gf-height=\"1\"\n            data-vls-gf-col=\"0\"\n            data-vls-gf-row=\"0\"\n            style=\"margin-bottom: 10px;\"><a href=\"https:\/\/fr.ulule.com\/soror\/\" \t\t        target=\"_blank\" \t\t        ><img decoding=\"async\"\n                    class=\"vls-gf-wide\"\n                    src=\"https:\/\/www.deedeeparis.com\/blog\/wp-content\/gf-uploads\/2018\/02\/preview-m\/Capture-d\u2019\u00e9cran-2018-02-27-\u00e0-17.51.47.png?1519750471\"                     alt=\"\"\/><div class=\"vls-gf-info-back\"><h2 class=\"vls-gf-info-caption\"\n\t\t                >\n\t\t                Capture-d\u2019\u00e9cran-2018-02-27-\u00e0-17.51.47\t                <\/h2><h2 class=\"vls-gf-info-description\"\n\t\t                ><\/h2><\/div><\/a><\/div><div\n            class=\"vls-gf-item\"\n            data-vls-gf-image-aspect=\"1.25\"\n            data-vls-gf-width=\"1\"\n            data-vls-gf-height=\"1\"\n            data-vls-gf-col=\"1\"\n            data-vls-gf-row=\"0\"\n            style=\"margin-bottom: 10px;\"><a href=\"https:\/\/fr.ulule.com\/dame-studio\/\" \t\t        target=\"_blank\" \t\t        ><img decoding=\"async\"\n                    class=\"vls-gf-wide\"\n                    src=\"https:\/\/www.deedeeparis.com\/blog\/wp-content\/gf-uploads\/2018\/02\/preview-m\/4506018ffc7829178d52fe1ccc6162f0.png?1519750428\"                     alt=\"\"\/><div class=\"vls-gf-info-back\"><h2 class=\"vls-gf-info-caption\"\n\t\t                >\n\t\t                4506018ffc7829178d52fe1ccc6162f0\t                <\/h2><h2 class=\"vls-gf-info-description\"\n\t\t                ><\/h2><\/div><\/a><\/div><\/div><\/div><\/div><\/p>\n<p class=\"uppercase\" style=\"text-align: center;\">Soror<\/p>\n<p style=\"text-align: justify;\">C&rsquo;est le projet de Vanina qui veut \u00e9diter une nouvelle revue ind\u00e9pendante de portraits et d&rsquo;entretiens au f\u00e9minin.\u00a0Sur 96 pages, vous pourrez faire la connaissance de huit femmes qui apportent une bouff\u00e9e de courage et d&rsquo;optimisme \u00e0 travers leur histoire et leurs inspirant parcour de vie. Un beau projet pr\u00f4ne la solidarit\u00e9 et la sonorit\u00e9 !<\/p>\n<p class=\"uppercase\" style=\"text-align: center;\">Dame !<\/p>\n<p style=\"text-align: justify;\">C&rsquo;est le projet de\u00a0Morgane,\u00a0Charlotte et Estelle qui ont fond\u00e9 l&rsquo;association Dame!\u00a0Elles veulent financer le lancement d&rsquo;un programme de e-learning en vid\u00e9o 100% au f\u00e9minin qui a pour but de prouver aux femmes qu\u2019elles peuvent faire exactement ce qu&rsquo;elles veulent et \u00eatre fid\u00e8les \u00e0 elles-m\u00eames !\u00a0Pousser les femmes \u00e0 entreprendre, on aime !<\/p>\n<h2 class=\"p1 stabylo\"><span class=\"s1\">Ecoutez<\/span><\/h2>\n<p style=\"text-align: center;\"><div class=\"vls-gf-album vls-gf-album-grid vls-gf-album-info-none\" data-vls-gf-album-id=\"55432\" data-vls-gf-total-pages=\"1\" style=\"margin-right:-10px;\"><div class=\"vls-gf-thumbnail-container\"><div class=\"vls-gf-page \" data-vls-gf-page-no=\"1\"><div class=\"vls-gf-row\"><div class=\"vls-gf-item vls-gf-item-2\"><div style=\"margin-right:10px; margin-bottom:10px; \"><a href=\"https:\/\/www.binge.audio\/category\/les-couilles-sur-la-table\/\" \t\t\t\t\t\t\ttarget=\"_blank\" \t\t\t\t\t\t\t\t\t\t\t\t\t\tstyle=\"padding-top:100%\"><img\n\t\t\t\t\t\t\t\tclass=\"vls-gf-wide\"\n\t\t\t\t\t\t\t\tsrc=\"https:\/\/www.deedeeparis.com\/blog\/wp-content\/gf-uploads\/2018\/02\/preview-m\/sub-buzz-11383-1516271604-10.jpg?1519819533\" \t\t\t\t\t\t\t\talt=\"\"\/><div class=\"vls-gf-info-back\"><h2 class=\"vls-gf-info-caption\"\n\t\t\t\t\t\t\t\t\t>\n\t\t\t\t\t\t\t\t\tsub-buzz-11383-1516271604-10\t\t\t\t\t\t\t\t<\/h2><h2 class=\"vls-gf-info-description\"\n\t\t\t\t\t\t\t\t\t><\/h2><\/div><\/a><\/div><\/div><div class=\"vls-gf-item vls-gf-item-2\"><div style=\"margin-right:10px; margin-bottom:10px; \"><a href=\"http:\/\/www.nouvellesecoutes.fr\/quoi-de-meuf\/\" \t\t\t\t\t\t\ttarget=\"_blank\" \t\t\t\t\t\t\t\t\t\t\t\t\t\tstyle=\"padding-top:100%\"><img\n\t\t\t\t\t\t\t\tclass=\"vls-gf-wide\"\n\t\t\t\t\t\t\t\tsrc=\"https:\/\/www.deedeeparis.com\/blog\/wp-content\/gf-uploads\/2018\/02\/preview-m\/sub-buzz-11507-1516272947-1.jpg?1519819568\" \t\t\t\t\t\t\t\talt=\"\"\/><div class=\"vls-gf-info-back\"><h2 class=\"vls-gf-info-caption\"\n\t\t\t\t\t\t\t\t\t>\n\t\t\t\t\t\t\t\t\tsub-buzz-11507-1516272947-1\t\t\t\t\t\t\t\t<\/h2><h2 class=\"vls-gf-info-description\"\n\t\t\t\t\t\t\t\t\t><\/h2><\/div><\/a><\/div><\/div><\/div><\/div>\n<\/div><div class=\"vls-gf-clear\"><\/div><\/div><\/p>\n<p class=\"uppercase\" style=\"text-align: center;\">Les couilles sur la table<\/p>\n<p style=\"text-align: justify;\">Un jeudi sur deux, Victoire Tuaillon et ses invit\u00e9s abordent le th\u00e8me de la masculinit\u00e9. Ils font le point sur les id\u00e9es re\u00e7ues sur les hommes et leur virilit\u00e9 et d\u00e9construisent le mythe de la masculinit\u00e9.<\/p>\n<p class=\"uppercase\" style=\"text-align: center;\">Quoi de meuf ?<\/p>\n<p style=\"text-align: justify;\">\u00c0 chaque \u00e9pisode, Cl\u00e9mentine et M\u00e9lanie nous parlent d&rsquo;une question d\u2019actualit\u00e9, d&rsquo;une th\u00e9matique culturelle et des dizaines de s\u00e9ries \u00e0 binger, de liens \u00e0 cliquer, de film \u00e0 voir ou \u00e0 revoir, et de livres, manifestes et BD \u00e0 d\u00e9couvrir.<\/p>\n<p style=\"text-align: center;\"><div class=\"vls-gf-album vls-gf-album-grid vls-gf-album-info-none\" data-vls-gf-album-id=\"55461\" data-vls-gf-total-pages=\"1\" style=\"margin-right:-10px;\"><div class=\"vls-gf-thumbnail-container\"><div class=\"vls-gf-page \" data-vls-gf-page-no=\"1\"><div class=\"vls-gf-row\"><div class=\"vls-gf-item vls-gf-item-2\"><div style=\"margin-right:10px; margin-bottom:10px; \"><a href=\"https:\/\/www.generationxx.fr\" \t\t\t\t\t\t\ttarget=\"_blank\" \t\t\t\t\t\t\t\t\t\t\t\t\t\tstyle=\"padding-top:100%\"><img\n\t\t\t\t\t\t\t\tclass=\"vls-gf-wide\"\n\t\t\t\t\t\t\t\tsrc=\"https:\/\/www.deedeeparis.com\/blog\/wp-content\/gf-uploads\/2018\/02\/preview-m\/cover_art_generationxx_1600x1600-1.png?1519819879\" \t\t\t\t\t\t\t\talt=\"\"\/><div class=\"vls-gf-info-back\"><h2 class=\"vls-gf-info-caption\"\n\t\t\t\t\t\t\t\t\t>\n\t\t\t\t\t\t\t\t\tcover_art_generationxx_1600x1600-1\t\t\t\t\t\t\t\t<\/h2><h2 class=\"vls-gf-info-description\"\n\t\t\t\t\t\t\t\t\t><\/h2><\/div><\/a><\/div><\/div><div class=\"vls-gf-item vls-gf-item-2\"><div style=\"margin-right:10px; margin-bottom:10px; \"><a href=\"https:\/\/www.arteradio.com\/serie\/un_podcast_soi\" \t\t\t\t\t\t\ttarget=\"_blank\" \t\t\t\t\t\t\t\t\t\t\t\t\t\tstyle=\"padding-top:100%\"><img\n\t\t\t\t\t\t\t\tclass=\"vls-gf-wide\"\n\t\t\t\t\t\t\t\tsrc=\"https:\/\/www.deedeeparis.com\/blog\/wp-content\/gf-uploads\/2018\/02\/preview-m\/sub-buzz-18860-1516284018-3-1.jpg?1519819865\" \t\t\t\t\t\t\t\talt=\"\"\/><div class=\"vls-gf-info-back\"><h2 class=\"vls-gf-info-caption\"\n\t\t\t\t\t\t\t\t\t>\n\t\t\t\t\t\t\t\t\tsub-buzz-18860-1516284018-3-1\t\t\t\t\t\t\t\t<\/h2><h2 class=\"vls-gf-info-description\"\n\t\t\t\t\t\t\t\t\t><\/h2><\/div><\/a><\/div><\/div><\/div><\/div>\n<\/div><div class=\"vls-gf-clear\"><\/div><\/div><\/p>\n<p class=\"uppercase\" style=\"text-align: center;\">Generation XX<\/p>\n<p style=\"text-align: justify;\">Podcast de conversations avec des femmes qui entreprennent. Les femmes que vous entendrez ont toutes des parcours diff\u00e9rents, viennent de milieux divers mais elles sont toutes passionn\u00e9es, inspir\u00e9es et inspirantes.<\/p>\n<p class=\"uppercase\" style=\"text-align: center;\">Un Podcast \u00e0 soi<\/p>\n<p style=\"text-align: justify;\">Chaque premier mercredi du mois, Charlotte Bienaim\u00e9 invite \u00e0 la r\u00e9flexion sur un sujet de soci\u00e9t\u00e9 majeur tel que l&rsquo;\u00e9ducation, le sport ou la discrimination pour \u00e9voquer les questions li\u00e9es \u00e0 l&rsquo;\u00e9galit\u00e9 entre les femmes et les hommes.<\/p>\n<h2 class=\"p1 stabylo\"><span class=\"s1\">Parlez et collez<\/span><\/h2>\n<p><img loading=\"lazy\" decoding=\"async\" class=\"wp-image-55486 alignleft\" src=\"https:\/\/www.deedeeparis.com\/blog\/wp-content\/uploads\/2018\/02\/e43cc65ca2cc2fd01176d7e3abfb5001.gif\" alt=\"\" width=\"396\" height=\"255\" srcset=\"https:\/\/www.deedeeparis.com\/blog\/wp-content\/uploads\/2018\/02\/e43cc65ca2cc2fd01176d7e3abfb5001.gif 640w, https:\/\/www.deedeeparis.com\/blog\/wp-content\/uploads\/2018\/02\/e43cc65ca2cc2fd01176d7e3abfb5001-600x386.gif 600w\" sizes=\"auto, (max-width: 396px) 100vw, 396px\" \/><\/p>\n<p style=\"text-align: justify;\">Le 8 mars est une l&rsquo;occasion encore plus q&rsquo;un autre jour de faire entendre la voix des femmes pour faire reconna\u00eetre nos droits. Il faut donc parler, se montrer et se faire entendre !<\/p>\n<p style=\"text-align: justify;\">Le collectif <a href=\"http:\/\/mercisimone.eu\">Merci Simone<\/a> vous propose d&rsquo;aller coller des affiches de\u00a0<span style=\"font-weight: 400;\">Simone Veil sur les murs de vos villes afin de lui rendre hommage ainsi qu\u2019\u00e0 son combat pour les droits des femmes. Vous pouvez t\u00e9l\u00e9charger les visuels sur leur <a href=\"http:\/\/mercisimone.eu\">site<\/a> et les afficher partout dans votre quartier ou sur la machine \u00e0 caf\u00e9 au bureau !<\/span><\/p>\n<h2 class=\"p1 stabylo\"><span class=\"s1\">Suivez<\/span><\/h2>\n<p style=\"text-align: justify;\"><a href=\"http:\/\/jelislesintelloes.com\"><img loading=\"lazy\" decoding=\"async\" class=\"alignleft wp-image-55601\" src=\"https:\/\/www.deedeeparis.com\/blog\/wp-content\/uploads\/2018\/03\/19436498_288543451610349_1337877171628146688_a.jpg\" alt=\"\" width=\"109\" height=\"109\" srcset=\"https:\/\/www.deedeeparis.com\/blog\/wp-content\/uploads\/2018\/03\/19436498_288543451610349_1337877171628146688_a.jpg 320w, https:\/\/www.deedeeparis.com\/blog\/wp-content\/uploads\/2018\/03\/19436498_288543451610349_1337877171628146688_a-150x150.jpg 150w\" sizes=\"auto, (max-width: 109px) 100vw, 109px\" \/><\/a>Je vous propose aussi d&rsquo;aller faire un tour sur <a href=\"http:\/\/jelislesintelloes.com\">Les Intelloes<\/a> : magazine f\u00e9minin en ligne cr\u00e9\u00e9 par Ann-Laure Bourgeois en 2016. Elle l&rsquo;a cr\u00e9\u00e9 suite \u00e0 une \u00ab\u00a0petite\u00a0\u00bb histoire que je vous laisserais aller d\u00e9couvrir sur le site. Les sept r\u00e9dactrices \u00e9crivent\u00a0des articles qui parlent de parit\u00e9, de sexualit\u00e9, de culture, de femmes qui osent, le tout avec beaucoup d&rsquo;impertinence !<\/p>\n<h2 class=\"p1 stabylo\"><span class=\"s1\">Arr\u00eatez&#8230;<\/span><\/h2>\n<p style=\"text-align: justify;\"><span style=\"font-weight: 400;\">&#8230; de travailler ! Le collectif 8 mars 15h40 propose aux femmes d&rsquo;arr\u00eater de travailler \u00e0 15h40. Pourquoi 15h40? Parce que c\u2019est l\u2019heure \u00e0 laquelle les femmes arr\u00eatent d\u2019\u00eatre pay\u00e9es pour leur travail. En 2018, les femmes sont toujours pay\u00e9es 26% de moins que les hommes parce que beaucoup occupent des emplois \u00e0 temps partiel ou parce qu&rsquo;elles sont confront\u00e9es au \u201cfameux\u201d plafond de verre.<\/span><\/p>\n<p>&nbsp;<\/p>\n<p style=\"text-align: justify;\"><em>Sur la photo : Monoprix lance l&rsquo;op\u00e9ration \u00ab\u00a0La Femme \u00e0 l&rsquo;Honneur\u00a0\u00bb \u00e0 l&rsquo;occasion de la Journ\u00e9e Internationale des droits de la femme : il s&rsquo;agit d&rsquo;une collection capsule compos\u00e9e de t-shirts, d&rsquo;un mug et de deux tote bags \u00e0 messages pour femmes, hommes et enfants. 20% des recettes de cette collection seront revers\u00e9s \u00e0 l&rsquo;institut Curie en faveur de la recherche contre le cancer du sein.<\/em><\/p>\n","protected":false},"excerpt":{"rendered":"<p>Vous l&rsquo;attendiez tous, le voici : l&rsquo;article qui r\u00e9capitule toutes les promotions et autres offres marketing pour la \u00ab\u00a0f\u00eate de la femme\u00a0\u00bb. Non, je plaisante, \u00e9videmment ! Pour la Journ\u00e9e des Droits des Femmes, on ne veut ni fleurs ni chocolats mais des droits \u00e9gaux pour tous.\u00a0Cette journ\u00e9e est l&rsquo;occasion de faire le point sur [&hellip;]<\/p>\n","protected":false},"author":29,"featured_media":55493,"comment_status":"open","ping_status":"open","sticky":false,"template":"","format":"standard","meta":{"_acf_changed":false,"footnotes":""},"categories":[8],"tags":[9081,261,1718,8679,9082],"class_list":["post-55403","post","type-post","status-publish","format-standard","has-post-thumbnail","hentry","category-chroniques-de-paris","tag-8-mars-2018","tag-feminisme","tag-journee-de-la-femme","tag-journee-des-droits-des-femmes","tag-journee-internationale-des-femmes"],"acf":[],"geo":null,"_links":{"self":[{"href":"https:\/\/www.deedeeparis.com\/blog\/wp-json\/wp\/v2\/posts\/55403","targetHints":{"allow":["GET"]}}],"collection":[{"href":"https:\/\/www.deedeeparis.com\/blog\/wp-json\/wp\/v2\/posts"}],"about":[{"href":"https:\/\/www.deedeeparis.com\/blog\/wp-json\/wp\/v2\/types\/post"}],"author":[{"embeddable":true,"href":"https:\/\/www.deedeeparis.com\/blog\/wp-json\/wp\/v2\/users\/29"}],"replies":[{"embeddable":true,"href":"https:\/\/www.deedeeparis.com\/blog\/wp-json\/wp\/v2\/comments?post=55403"}],"version-history":[{"count":56,"href":"https:\/\/www.deedeeparis.com\/blog\/wp-json\/wp\/v2\/posts\/55403\/revisions"}],"predecessor-version":[{"id":55840,"href":"https:\/\/www.deedeeparis.com\/blog\/wp-json\/wp\/v2\/posts\/55403\/revisions\/55840"}],"wp:featuredmedia":[{"embeddable":true,"href":"https:\/\/www.deedeeparis.com\/blog\/wp-json\/wp\/v2\/media\/55493"}],"wp:attachment":[{"href":"https:\/\/www.deedeeparis.com\/blog\/wp-json\/wp\/v2\/media?parent=55403"}],"wp:term":[{"taxonomy":"category","embeddable":true,"href":"https:\/\/www.deedeeparis.com\/blog\/wp-json\/wp\/v2\/categories?post=55403"},{"taxonomy":"post_tag","embeddable":true,"href":"https:\/\/www.deedeeparis.com\/blog\/wp-json\/wp\/v2\/tags?post=55403"}],"curies":[{"name":"wp","href":"https:\/\/api.w.org\/{rel}","templated":true}]}}