{"id":55707,"date":"2018-03-05T07:03:29","date_gmt":"2018-03-05T06:03:29","guid":{"rendered":"https:\/\/www.deedeeparis.com\/blog\/?p=55707"},"modified":"2018-03-02T15:59:16","modified_gmt":"2018-03-02T14:59:16","slug":"ma-week-list-256","status":"publish","type":"post","link":"https:\/\/www.deedeeparis.com\/blog\/ma-week-list-256","title":{"rendered":"Ma Week List #256"},"content":{"rendered":"<p>Hello la compagnie ! Nouvelle semaine, nouveaux coups de coeur. Cette semaine, j&rsquo;aime :<\/p>\n<h2 class=\"stabylo\">La box des Chefs<\/h2>\n<p><a href=\"https:\/\/www.deedeeparis.com\/blog\/wp-content\/uploads\/2018\/03\/la-box-des-chefs.jpg\"><img loading=\"lazy\" decoding=\"async\" class=\"aligncenter size-full wp-image-55716\" src=\"https:\/\/www.deedeeparis.com\/blog\/wp-content\/uploads\/2018\/03\/la-box-des-chefs.jpg\" alt=\"\" width=\"1100\" height=\"733\" srcset=\"https:\/\/www.deedeeparis.com\/blog\/wp-content\/uploads\/2018\/03\/la-box-des-chefs.jpg 1100w, https:\/\/www.deedeeparis.com\/blog\/wp-content\/uploads\/2018\/03\/la-box-des-chefs-768x512.jpg 768w, https:\/\/www.deedeeparis.com\/blog\/wp-content\/uploads\/2018\/03\/la-box-des-chefs-600x400.jpg 600w, https:\/\/www.deedeeparis.com\/blog\/wp-content\/uploads\/2018\/03\/la-box-des-chefs-1024x682.jpg 1024w\" sizes=\"auto, (max-width: 1100px) 100vw, 1100px\" \/><\/a><\/p>\n<p>Vous le savez, je ne suis pas tr\u00e8s box, dans l&rsquo;absolu. Quand j&rsquo;en aime une, c&rsquo;est donc bien qu&rsquo;elle est particuli\u00e8rement s\u00e9duisante ! Gros coups de coeur pour <a href=\"https:\/\/www.laboxdeschefs.com\" target=\"_blank\" rel=\"noopener\">La box des Chefs<\/a>, un abonnement mensuel qui permet de d\u00e9couvrir l&rsquo;univers d&rsquo;un chef, que ce soit via une s\u00e9lection de sp\u00e9cialit\u00e9s r\u00e9alis\u00e9es ou cautionn\u00e9es par ledit chef. Ce sont ainsi 5 \u00e0 7 produits\u00a0d\u2019exception qui sont rassembl\u00e9s dans chaque box comme dans celle labellis\u00e9e par Christophe Adam que j&rsquo;ai d\u00e9couverte il y a quelques jours. Tout est extr\u00eamement l\u00e9ch\u00e9 et soign\u00e9, de la box elle m\u00eame aux produits qu&rsquo;elle contient. On doit l&rsquo;initiative \u00e0 Clotilde Roux, une passionn\u00e9e de food dont je vous ai d\u00e9j\u00e0 parl\u00e9 quelques fois ici : bravo Clotilde !\u00a0\u00a0En r\u00e9sum\u00e9, on tient l\u00e0 une box pour les gourmets passionn\u00e9s et les gourmands curieux de d\u00e9couvertes raffin\u00e9es.<\/p>\n<p><strong>BON PLAN<\/strong> <strong>:<\/strong>\u00a0si vous avez envie de tester, Clotilde a accept\u00e9 de vous offrir 10\u20ac de r\u00e9duction imm\u00e9diate sur tout abonnement ou commande sur le site avec le code DEEDEEBOX, valable jusqu\u2019au 31 mars 2018. Bon app\u00e9tit bien s\u00fbr !<\/p>\n<p><a href=\"https:\/\/www.deedeeparis.com\/blog\/wp-content\/uploads\/2018\/03\/la-box-des-chefs-1.jpg\"><img loading=\"lazy\" decoding=\"async\" class=\"aligncenter size-full wp-image-55715\" src=\"https:\/\/www.deedeeparis.com\/blog\/wp-content\/uploads\/2018\/03\/la-box-des-chefs-1.jpg\" alt=\"\" width=\"1100\" height=\"733\" srcset=\"https:\/\/www.deedeeparis.com\/blog\/wp-content\/uploads\/2018\/03\/la-box-des-chefs-1.jpg 1100w, https:\/\/www.deedeeparis.com\/blog\/wp-content\/uploads\/2018\/03\/la-box-des-chefs-1-768x512.jpg 768w, https:\/\/www.deedeeparis.com\/blog\/wp-content\/uploads\/2018\/03\/la-box-des-chefs-1-600x400.jpg 600w, https:\/\/www.deedeeparis.com\/blog\/wp-content\/uploads\/2018\/03\/la-box-des-chefs-1-1024x682.jpg 1024w\" sizes=\"auto, (max-width: 1100px) 100vw, 1100px\" \/><\/a><\/p>\n<h2 class=\"stabylo\">Balance ton compliment<\/h2>\n<p><a href=\"https:\/\/www.deedeeparis.com\/blog\/wp-content\/uploads\/2018\/03\/balance-ton-compliment.png\"><img loading=\"lazy\" decoding=\"async\" class=\"aligncenter size-full wp-image-55722\" src=\"https:\/\/www.deedeeparis.com\/blog\/wp-content\/uploads\/2018\/03\/balance-ton-compliment.png\" alt=\"\" width=\"1100\" height=\"561\" srcset=\"https:\/\/www.deedeeparis.com\/blog\/wp-content\/uploads\/2018\/03\/balance-ton-compliment.png 1100w, https:\/\/www.deedeeparis.com\/blog\/wp-content\/uploads\/2018\/03\/balance-ton-compliment-768x392.png 768w, https:\/\/www.deedeeparis.com\/blog\/wp-content\/uploads\/2018\/03\/balance-ton-compliment-600x306.png 600w, https:\/\/www.deedeeparis.com\/blog\/wp-content\/uploads\/2018\/03\/balance-ton-compliment-1024x522.png 1024w\" sizes=\"auto, (max-width: 1100px) 100vw, 1100px\" \/><\/a><\/p>\n<p><a href=\"http:\/\/onoci.net\/balance-ton-compliment\/index.php\" target=\"_blank\" rel=\"noopener\">Balance ton compliment<\/a>, c&rsquo;est un site archi simple. On entre son pr\u00e9nom, un compliment et surtout, un destinataire (son ch\u00e9ri, sa tata, maman, le livreur ou qui vous voulez) eh hop, le compliment s&rsquo;affiche sur l&rsquo;\u00e9cran. On peut le laisser vivre sa vie virtuelle tranquillou ou bien envoyer une copie du compliment par mail. \u00c7a fait du bien, non, de voir la vie du c\u00f4t\u00e9 bienveillant ?!<\/p>\n<h2 class=\"mcontent-strate-h2 stabylo\">Lacoste x Save Our Species<\/h2>\n<p><a href=\"https:\/\/www.deedeeparis.com\/blog\/wp-content\/uploads\/2018\/03\/lacoste-x-save-our-species-00.jpg\"><img loading=\"lazy\" decoding=\"async\" class=\"aligncenter size-full wp-image-55720\" src=\"https:\/\/www.deedeeparis.com\/blog\/wp-content\/uploads\/2018\/03\/lacoste-x-save-our-species-00.jpg\" alt=\"\" width=\"1100\" height=\"733\" srcset=\"https:\/\/www.deedeeparis.com\/blog\/wp-content\/uploads\/2018\/03\/lacoste-x-save-our-species-00.jpg 1100w, https:\/\/www.deedeeparis.com\/blog\/wp-content\/uploads\/2018\/03\/lacoste-x-save-our-species-00-768x512.jpg 768w, https:\/\/www.deedeeparis.com\/blog\/wp-content\/uploads\/2018\/03\/lacoste-x-save-our-species-00-600x400.jpg 600w, https:\/\/www.deedeeparis.com\/blog\/wp-content\/uploads\/2018\/03\/lacoste-x-save-our-species-00-1024x682.jpg 1024w\" sizes=\"auto, (max-width: 1100px) 100vw, 1100px\" \/><\/a><\/p>\n<p>Vous l&rsquo;avez peut-\u00eatre vu passer sur les Internets cette semaine : Lacoste a lanc\u00e9 une ligne exclusive en partenariat avec l\u2019<a href=\"https:\/\/www.iucn.org\/fr\"><strong>Union Internationale pour la Conservation de la Nature\u00a0<\/strong><\/a>pour aider\u00a0\u00e0 la sauvegarde des esp\u00e8ces en voie de disparition. Save our Species est une collection de polos tout ce qu&rsquo;il y a de plus classiques, \u00e0 la diff\u00e9rence pr\u00e8s que les \u00e9cussons de\u00a010 animaux en voie de disparition ont \u00e9t\u00e9 brod\u00e9s sur les polos \u00e0 la place du fameux croco. Chaque mod\u00e8le est d\u00e9clin\u00e9 en fonction du nombre d\u2019animaux encore en vie : il y a par exemple 30 polos avec le logo du marsouin, puisqu\u2019il n\u2019y en a que 30 recens\u00e9s dans la nature. Une op\u00e9 de com parfaitement r\u00e9ussie puisque les polos sont d\u00e9j\u00e0 \u00e9puis\u00e9s ! Ce qui ne nous emp\u00eache pas de <a href=\"https:\/\/www.lacoste.com\/fr\/saveourspecies.html\" target=\"_blank\" rel=\"noopener\">soutenir le projet<\/a>, si on le souhaite.<\/p>\n<h2 class=\"stabylo\">La boutique \u00e9ph\u00e9m\u00e8re de Flolove<\/h2>\n<p><a href=\"https:\/\/www.deedeeparis.com\/blog\/wp-content\/uploads\/2018\/03\/Flolove.jpg\"><img loading=\"lazy\" decoding=\"async\" class=\"aligncenter size-full wp-image-55711\" src=\"https:\/\/www.deedeeparis.com\/blog\/wp-content\/uploads\/2018\/03\/Flolove.jpg\" alt=\"\" width=\"1100\" height=\"655\" srcset=\"https:\/\/www.deedeeparis.com\/blog\/wp-content\/uploads\/2018\/03\/Flolove.jpg 1100w, https:\/\/www.deedeeparis.com\/blog\/wp-content\/uploads\/2018\/03\/Flolove-768x457.jpg 768w, https:\/\/www.deedeeparis.com\/blog\/wp-content\/uploads\/2018\/03\/Flolove-600x357.jpg 600w, https:\/\/www.deedeeparis.com\/blog\/wp-content\/uploads\/2018\/03\/Flolove-1024x610.jpg 1024w\" sizes=\"auto, (max-width: 1100px) 100vw, 1100px\" \/><\/a><\/p>\n<p>Je vous en parle souvent et \u00e7a n&rsquo;est pas pr\u00eat d&rsquo;\u00eatre diff\u00e9rent : la jolie marque cr\u00e9ateur Flolove propose une boutique \u00e9ph\u00e9m\u00e8re du 5 au 10 mars. <a href=\"https:\/\/doodle.com\/poll\/u8wrmbnppkz7ex39\" target=\"_blank\" rel=\"noopener\">Inscrivez-vous<\/a> si vous voulez voir de plus pr\u00e8s de quoi il retourne !<\/p>\n<h2 class=\"stabylo\">Les photos pleines de po\u00e9sie de Laurent Rosset<\/h2>\n<p><a href=\"https:\/\/www.deedeeparis.com\/blog\/wp-content\/uploads\/2018\/03\/Colorful-clouds.jpg\"><img loading=\"lazy\" decoding=\"async\" class=\"size-large wp-image-55726 aligncenter\" src=\"https:\/\/www.deedeeparis.com\/blog\/wp-content\/uploads\/2018\/03\/Colorful-clouds-819x1024.jpg\" alt=\"\" width=\"640\" height=\"800\" srcset=\"https:\/\/www.deedeeparis.com\/blog\/wp-content\/uploads\/2018\/03\/Colorful-clouds-819x1024.jpg 819w, https:\/\/www.deedeeparis.com\/blog\/wp-content\/uploads\/2018\/03\/Colorful-clouds-768x960.jpg 768w, https:\/\/www.deedeeparis.com\/blog\/wp-content\/uploads\/2018\/03\/Colorful-clouds-600x750.jpg 600w, https:\/\/www.deedeeparis.com\/blog\/wp-content\/uploads\/2018\/03\/Colorful-clouds.jpg 900w\" sizes=\"auto, (max-width: 640px) 100vw, 640px\" \/><\/a><\/p>\n<p>Quand la mer rencontre le ciel&#8230; Le directeur artistique danois\u00a0<a href=\"https:\/\/laurentrosset.com\/photomanipulation1\" target=\"_blank\" rel=\"noopener\">Laurent Rosset<\/a>\u00a0propose cette s\u00e9rie de photos certes mont\u00e9es mais tellement inspirantes ! De quoi laisser encore un peu le week-end s&rsquo;\u00e9tirer aujourd&rsquo;hui&#8230;.<\/p>\n<p><a href=\"https:\/\/www.deedeeparis.com\/blog\/wp-content\/uploads\/2018\/03\/Tourist-1.jpg\"><img loading=\"lazy\" decoding=\"async\" class=\"aligncenter size-large wp-image-55727\" src=\"https:\/\/www.deedeeparis.com\/blog\/wp-content\/uploads\/2018\/03\/Tourist-1-819x1024.jpg\" alt=\"\" width=\"640\" height=\"800\" srcset=\"https:\/\/www.deedeeparis.com\/blog\/wp-content\/uploads\/2018\/03\/Tourist-1-819x1024.jpg 819w, https:\/\/www.deedeeparis.com\/blog\/wp-content\/uploads\/2018\/03\/Tourist-1-768x960.jpg 768w, https:\/\/www.deedeeparis.com\/blog\/wp-content\/uploads\/2018\/03\/Tourist-1-600x750.jpg 600w, https:\/\/www.deedeeparis.com\/blog\/wp-content\/uploads\/2018\/03\/Tourist-1.jpg 900w\" sizes=\"auto, (max-width: 640px) 100vw, 640px\" \/><\/a><\/p>\n<p><a href=\"https:\/\/www.deedeeparis.com\/blog\/wp-content\/uploads\/2018\/03\/Deep-blue.jpg\"><img loading=\"lazy\" decoding=\"async\" class=\"aligncenter size-large wp-image-55729\" src=\"https:\/\/www.deedeeparis.com\/blog\/wp-content\/uploads\/2018\/03\/Deep-blue-819x1024.jpg\" alt=\"\" width=\"640\" height=\"800\" srcset=\"https:\/\/www.deedeeparis.com\/blog\/wp-content\/uploads\/2018\/03\/Deep-blue-819x1024.jpg 819w, https:\/\/www.deedeeparis.com\/blog\/wp-content\/uploads\/2018\/03\/Deep-blue-768x960.jpg 768w, https:\/\/www.deedeeparis.com\/blog\/wp-content\/uploads\/2018\/03\/Deep-blue-600x750.jpg 600w, https:\/\/www.deedeeparis.com\/blog\/wp-content\/uploads\/2018\/03\/Deep-blue.jpg 900w\" sizes=\"auto, (max-width: 640px) 100vw, 640px\" \/><\/a><\/p>\n<p><a href=\"https:\/\/www.deedeeparis.com\/blog\/wp-content\/uploads\/2018\/03\/Laurent-Rosset.jpg\"><img loading=\"lazy\" decoding=\"async\" class=\"size-medium wp-image-55728 aligncenter\" src=\"https:\/\/www.deedeeparis.com\/blog\/wp-content\/uploads\/2018\/03\/Laurent-Rosset-600x599.jpg\" alt=\"\" width=\"600\" height=\"599\" srcset=\"https:\/\/www.deedeeparis.com\/blog\/wp-content\/uploads\/2018\/03\/Laurent-Rosset-600x599.jpg 600w, https:\/\/www.deedeeparis.com\/blog\/wp-content\/uploads\/2018\/03\/Laurent-Rosset-768x767.jpg 768w, https:\/\/www.deedeeparis.com\/blog\/wp-content\/uploads\/2018\/03\/Laurent-Rosset-150x150.jpg 150w, https:\/\/www.deedeeparis.com\/blog\/wp-content\/uploads\/2018\/03\/Laurent-Rosset.jpg 900w\" sizes=\"auto, (max-width: 600px) 100vw, 600px\" \/><\/a><\/p>\n<h2 class=\"stabylo\">Fais-le toi-m\u00eame : un coussin rond<\/h2>\n<p><a href=\"https:\/\/www.deedeeparis.com\/blog\/wp-content\/uploads\/2018\/03\/diy-circle-pillow-yellow-on-midcentiry-chair-corner-2.jpg\"><img loading=\"lazy\" decoding=\"async\" class=\"aligncenter size-full wp-image-55724\" src=\"https:\/\/www.deedeeparis.com\/blog\/wp-content\/uploads\/2018\/03\/diy-circle-pillow-yellow-on-midcentiry-chair-corner-2.jpg\" alt=\"\" width=\"600\" height=\"905\" \/><\/a><\/p>\n<p>On aime le coussin rond ! Et quand on peut le faire soi-m\u00eame, c&rsquo;est encore mieux. Le tuto est \u00e0 retrouver sur le blog de <a href=\"https:\/\/www.papernstitchblog.com\/2018\/02\/27\/diy-circle-pillow\/\" target=\"_blank\" rel=\"noopener\">Paper &amp; Stich<\/a>.<\/p>\n<h2 class=\"title style-scope ytd-video-primary-info-renderer stabylo\">L&rsquo;Imp\u00e9ratrice \u2014 PARIS<\/h2>\n<div>\n<p>L&rsquo;imp\u00e9ratrice, je vous en ai d\u00e9j\u00e0 parl\u00e9 quelques fois ici ou vous avez peut \u00eatre d\u00e9couvert les titres de cet artiste dans les Playlists : en quelques EP, ses sons envo\u00fbtant sont devenu un des piliers du renouveau pop \u00e0 la fran\u00e7aise. L&rsquo;Imp\u00e9ratrice sort donc Matahari, sont tout premier album, r\u00e9alis\u00e9 par Renaud\u00a0<span class=\"il\">L<\/span>\u00e9tang (Feist, Gonzales&#8230;)&#8230; excusez du peu et montez le son, c&rsquo;est bon !<\/p>\n<p><iframe loading=\"lazy\" src=\"https:\/\/www.youtube.com\/embed\/bCIHj0kkhDQ\" width=\"1020\" height=\"415\" frameborder=\"0\" allowfullscreen=\"allowfullscreen\"><\/iframe><\/p>\n<\/div>\n<h2 class=\"stabylo\">Bonux<\/h2>\n<p><a href=\"https:\/\/www.deedeeparis.com\/blog\/wp-content\/uploads\/2018\/03\/VD0318-petit.jpg\"><img loading=\"lazy\" decoding=\"async\" class=\"aligncenter size-medium wp-image-55713\" src=\"https:\/\/www.deedeeparis.com\/blog\/wp-content\/uploads\/2018\/03\/VD0318-petit-600x495.jpg\" alt=\"\" width=\"600\" height=\"495\" srcset=\"https:\/\/www.deedeeparis.com\/blog\/wp-content\/uploads\/2018\/03\/VD0318-petit-600x495.jpg 600w, https:\/\/www.deedeeparis.com\/blog\/wp-content\/uploads\/2018\/03\/VD0318-petit-768x634.jpg 768w, https:\/\/www.deedeeparis.com\/blog\/wp-content\/uploads\/2018\/03\/VD0318-petit.jpg 1020w\" sizes=\"auto, (max-width: 600px) 100vw, 600px\" \/><\/a><\/p>\n<p>Vous en r\u00eaviez, ON LE SAIT et c&rsquo;est bien la raison pour laquelle on revient Nadia et moi !\u00a0Au programme : <strong>des v\u00eatements, accessoires, sacs, bijoux, chaussures \u00e0 prix brad\u00e9s.<\/strong><\/p>\n<p><strong>Pointures<\/strong> : 38, 39 et 40<\/p>\n<p><strong>Taille des v\u00eatements :<\/strong> du 36 au 42<\/p>\n<p>On esp\u00e8re vous voir mercredi !<\/p>\n<p>D&rsquo;ici l\u00e0, prenez soin de vous et joyeux lundi ! (Oh ouiiii).<\/p>\n","protected":false},"excerpt":{"rendered":"<p>Hello la compagnie ! Nouvelle semaine, nouveaux coups de coeur. Cette semaine, j&rsquo;aime : La box des Chefs Vous le savez, je ne suis pas tr\u00e8s box, dans l&rsquo;absolu. Quand j&rsquo;en aime une, c&rsquo;est donc bien qu&rsquo;elle est particuli\u00e8rement s\u00e9duisante ! Gros coups de coeur pour La box des Chefs, un abonnement mensuel qui permet [&hellip;]<\/p>\n","protected":false},"author":2,"featured_media":55734,"comment_status":"open","ping_status":"open","sticky":false,"template":"","format":"standard","meta":{"_acf_changed":false,"footnotes":""},"categories":[8],"tags":[9077,6288,6941,7551],"class_list":["post-55707","post","type-post","status-publish","format-standard","has-post-thumbnail","hentry","category-chroniques-de-paris","tag-avis-box-des-chefs","tag-best-of-box","tag-idees-diy","tag-idees-tutos"],"acf":[],"geo":null,"_links":{"self":[{"href":"https:\/\/www.deedeeparis.com\/blog\/wp-json\/wp\/v2\/posts\/55707","targetHints":{"allow":["GET"]}}],"collection":[{"href":"https:\/\/www.deedeeparis.com\/blog\/wp-json\/wp\/v2\/posts"}],"about":[{"href":"https:\/\/www.deedeeparis.com\/blog\/wp-json\/wp\/v2\/types\/post"}],"author":[{"embeddable":true,"href":"https:\/\/www.deedeeparis.com\/blog\/wp-json\/wp\/v2\/users\/2"}],"replies":[{"embeddable":true,"href":"https:\/\/www.deedeeparis.com\/blog\/wp-json\/wp\/v2\/comments?post=55707"}],"version-history":[{"count":14,"href":"https:\/\/www.deedeeparis.com\/blog\/wp-json\/wp\/v2\/posts\/55707\/revisions"}],"predecessor-version":[{"id":55738,"href":"https:\/\/www.deedeeparis.com\/blog\/wp-json\/wp\/v2\/posts\/55707\/revisions\/55738"}],"wp:featuredmedia":[{"embeddable":true,"href":"https:\/\/www.deedeeparis.com\/blog\/wp-json\/wp\/v2\/media\/55734"}],"wp:attachment":[{"href":"https:\/\/www.deedeeparis.com\/blog\/wp-json\/wp\/v2\/media?parent=55707"}],"wp:term":[{"taxonomy":"category","embeddable":true,"href":"https:\/\/www.deedeeparis.com\/blog\/wp-json\/wp\/v2\/categories?post=55707"},{"taxonomy":"post_tag","embeddable":true,"href":"https:\/\/www.deedeeparis.com\/blog\/wp-json\/wp\/v2\/tags?post=55707"}],"curies":[{"name":"wp","href":"https:\/\/api.w.org\/{rel}","templated":true}]}}