{"id":56401,"date":"2018-04-03T07:03:36","date_gmt":"2018-04-03T05:03:36","guid":{"rendered":"https:\/\/www.deedeeparis.com\/blog\/?p=56401"},"modified":"2018-04-02T16:37:03","modified_gmt":"2018-04-02T14:37:03","slug":"ma-week-list-260","status":"publish","type":"post","link":"https:\/\/www.deedeeparis.com\/blog\/ma-week-list-260","title":{"rendered":"Ma Week List #260"},"content":{"rendered":"<p>Hello la compagnie ! Oui, je publie la Week List un jour plus tard : une fois n&rsquo;est pas coutume, je d\u00e9cid\u00e9 de ne pas plancher sur le sujet dimanche. J&rsquo;adore la Week List et j&rsquo;aime l&rsquo;id\u00e9e de ce rendez-vous hebdomadaire avec vous mais comme pour tout ce que j&rsquo;entreprends, le blog ne d\u00e9roge pas \u00e0 la r\u00e8gle : si \u00e7a me gonfle, je ne le fais pas&#8230;! C&rsquo;est un bon d\u00e9but pour apprendre \u00e0 poser des limites, je crois \ud83d\ude42<\/p>\n<p>Or donc, nouvelle (courte) semaine, nouveaux coups de coeur ! Cette semaine, j&rsquo;aime :<\/p>\n<h2 class=\"stabylo\">Le Ciseau<\/h2>\n<p><a href=\"https:\/\/www.deedeeparis.com\/blog\/wp-content\/uploads\/2018\/04\/le-ciseau.jpeg\"><img loading=\"lazy\" decoding=\"async\" class=\"aligncenter size-full wp-image-56431\" src=\"https:\/\/www.deedeeparis.com\/blog\/wp-content\/uploads\/2018\/04\/le-ciseau.jpeg\" alt=\"\" width=\"1053\" height=\"699\" srcset=\"https:\/\/www.deedeeparis.com\/blog\/wp-content\/uploads\/2018\/04\/le-ciseau.jpeg 1053w, https:\/\/www.deedeeparis.com\/blog\/wp-content\/uploads\/2018\/04\/le-ciseau-768x510.jpeg 768w, https:\/\/www.deedeeparis.com\/blog\/wp-content\/uploads\/2018\/04\/le-ciseau-600x398.jpg 600w, https:\/\/www.deedeeparis.com\/blog\/wp-content\/uploads\/2018\/04\/le-ciseau-1024x680.jpg 1024w\" sizes=\"auto, (max-width: 1053px) 100vw, 1053px\" \/><\/a><\/p>\n<p><em>\u00a9photo Cassidy Kelley<\/em><\/p>\n<p>Vous cherchez votre futur coiffeur pr\u00e9f\u00e9r\u00e9 ? <a href=\"https:\/\/www.leciseau.fr\/\" target=\"_blank\" rel=\"noopener\">T\u00e9l\u00e9chargez Le Ciseau<\/a> ! Cette appli dr\u00f4lement maligne recense plus de 400 salons de coiffure dans 9 grandes villes en France (Toulouse, Bordeaux, Montpellier, Lyon, Saint-Etienne, N\u00eemes, Paris, Strasbourg et Marse ille) et permet qui plus est d&rsquo;obtenir les meilleurs prix : les salons r\u00e9f\u00e9renc\u00e9s proposent ainsi des cr\u00e9neaux heures creuses ou disponibles \u00e0 la derni\u00e8re minute \u00e0 50% de r\u00e9duction. Malin !<\/p>\n<p>Cerise sur le g\u00e2teau, pendant tout le mois d&rsquo;avril, 1 euros sera revers\u00e9 \u00e0 <a href=\"http:\/\/josephinebeaute.fr\/\" target=\"_blank\" rel=\"noopener\">Jos\u00e9phine<\/a>, une association cr\u00e9\u00e9e en 2006 qui a pour ambition de faire de la beaut\u00e9 un levier pour que\u00a0chaque femme prenne sa place au sein de la soci\u00e9t\u00e9. Si on peut joindre l&rsquo;utile \u00e0 l&rsquo;agr\u00e9able&#8230;<\/p>\n<h2 class=\"stabylo\">Nabila pour Am\u00e9lie Pichard<\/h2>\n<p><a href=\"https:\/\/www.deedeeparis.com\/blog\/wp-content\/uploads\/2018\/04\/amelie-pichard-nabila.jpg\"><img loading=\"lazy\" decoding=\"async\" class=\"aligncenter size-full wp-image-56423\" src=\"https:\/\/www.deedeeparis.com\/blog\/wp-content\/uploads\/2018\/04\/amelie-pichard-nabila.jpg\" alt=\"\" width=\"500\" height=\"706\" \/><\/a><\/p>\n<p>Une fois de plus, je salue l&rsquo;audace d&rsquo;<a href=\"https:\/\/ameliepichard.com\/fr\/shopping\/chaussures\/\" target=\"_blank\" rel=\"noopener\">Am\u00e9lie Pichard<\/a> qui, non contente de nous faire saliver \u00e0 chaque nouvelle collection, est la SEULE qui puisse mettre en avant Pamela Anderson, Nabila, Corine ou bien encore Steph de Monac. Voil\u00e0, je n&rsquo;ai pas grande chose de plus \u00e0 ajouter.. L&rsquo;image est assez parlante en soi !<\/p>\n<h2 class=\"stabylo\">O\u00f9 est Charlie sur Google<\/h2>\n<p><a href=\"https:\/\/www.deedeeparis.com\/blog\/wp-content\/uploads\/2018\/04\/ou-est-charlie-3.png\"><img loading=\"lazy\" decoding=\"async\" class=\"aligncenter size-full wp-image-56404\" src=\"https:\/\/www.deedeeparis.com\/blog\/wp-content\/uploads\/2018\/04\/ou-est-charlie-3.png\" alt=\"\" width=\"1100\" height=\"531\" srcset=\"https:\/\/www.deedeeparis.com\/blog\/wp-content\/uploads\/2018\/04\/ou-est-charlie-3.png 1100w, https:\/\/www.deedeeparis.com\/blog\/wp-content\/uploads\/2018\/04\/ou-est-charlie-3-768x371.png 768w, https:\/\/www.deedeeparis.com\/blog\/wp-content\/uploads\/2018\/04\/ou-est-charlie-3-600x290.png 600w, https:\/\/www.deedeeparis.com\/blog\/wp-content\/uploads\/2018\/04\/ou-est-charlie-3-1024x494.png 1024w\" sizes=\"auto, (max-width: 1100px) 100vw, 1100px\" \/><\/a><\/p>\n<p>Je ne sais pas si la fonction sera encore live au moment o\u00f9 la Week List sera publi\u00e9e mais j&rsquo;ai ador\u00e9 retrouver Charlie sur Google Maps : imagin\u00e9e comme une blague pour le 1er Avril, l\u2019id\u00e9e \u00e9tait de nous faire voyager nous autres utilisateurs gr\u00e2ce \u00e0 Charlie. Evidemment et comme je suis rest\u00e9e coinc\u00e9e \u00e0 Paris ce week-end, j&rsquo;ai pass\u00e9 quelques heures \u00e0 scroller pour d\u00e9busquer l&rsquo;animal et toute sa clique. Y&rsquo;a pas \u00e0 dire, c&rsquo;est bon de glander un peu !<\/p>\n<p><a href=\"https:\/\/www.deedeeparis.com\/blog\/wp-content\/uploads\/2018\/04\/ou-est-charlie.png\"><img loading=\"lazy\" decoding=\"async\" class=\"aligncenter size-full wp-image-56405\" src=\"https:\/\/www.deedeeparis.com\/blog\/wp-content\/uploads\/2018\/04\/ou-est-charlie.png\" alt=\"\" width=\"1100\" height=\"532\" srcset=\"https:\/\/www.deedeeparis.com\/blog\/wp-content\/uploads\/2018\/04\/ou-est-charlie.png 1100w, https:\/\/www.deedeeparis.com\/blog\/wp-content\/uploads\/2018\/04\/ou-est-charlie-768x371.png 768w, https:\/\/www.deedeeparis.com\/blog\/wp-content\/uploads\/2018\/04\/ou-est-charlie-600x290.png 600w, https:\/\/www.deedeeparis.com\/blog\/wp-content\/uploads\/2018\/04\/ou-est-charlie-1024x495.png 1024w\" sizes=\"auto, (max-width: 1100px) 100vw, 1100px\" \/><\/a><\/p>\n<p><a href=\"https:\/\/www.deedeeparis.com\/blog\/wp-content\/uploads\/2018\/04\/ou-est-charlie-2.png\"><img loading=\"lazy\" decoding=\"async\" class=\"aligncenter size-full wp-image-56403\" src=\"https:\/\/www.deedeeparis.com\/blog\/wp-content\/uploads\/2018\/04\/ou-est-charlie-2.png\" alt=\"\" width=\"1100\" height=\"530\" srcset=\"https:\/\/www.deedeeparis.com\/blog\/wp-content\/uploads\/2018\/04\/ou-est-charlie-2.png 1100w, https:\/\/www.deedeeparis.com\/blog\/wp-content\/uploads\/2018\/04\/ou-est-charlie-2-768x370.png 768w, https:\/\/www.deedeeparis.com\/blog\/wp-content\/uploads\/2018\/04\/ou-est-charlie-2-600x289.png 600w, https:\/\/www.deedeeparis.com\/blog\/wp-content\/uploads\/2018\/04\/ou-est-charlie-2-1024x493.png 1024w\" sizes=\"auto, (max-width: 1100px) 100vw, 1100px\" \/><\/a><\/p>\n<h2 class=\"stabylo\">Les aimants personnalis\u00e9s de\u00a0Jordan Grace Owens<\/h2>\n<p><a href=\"https:\/\/www.deedeeparis.com\/blog\/wp-content\/uploads\/2018\/04\/aimants-personnalises.jpg\"><img loading=\"lazy\" decoding=\"async\" class=\"aligncenter size-full wp-image-56421\" src=\"https:\/\/www.deedeeparis.com\/blog\/wp-content\/uploads\/2018\/04\/aimants-personnalises.jpg\" alt=\"\" width=\"570\" height=\"570\" srcset=\"https:\/\/www.deedeeparis.com\/blog\/wp-content\/uploads\/2018\/04\/aimants-personnalises.jpg 570w, https:\/\/www.deedeeparis.com\/blog\/wp-content\/uploads\/2018\/04\/aimants-personnalises-150x150.jpg 150w\" sizes=\"auto, (max-width: 570px) 100vw, 570px\" \/><\/a><\/p>\n<p>Vous avez toujours r\u00eav\u00e9 d&rsquo;avoir votre enfant ou votre chien sur un magnet ? C&rsquo;est possible gr\u00e2ce au travail de\u00a0<a href=\"http:\/\/bit.ly\/2ImWrym\">Jordan Grace Owens<\/a>\u00a0une am\u00e9ricaine qui r\u00e9alise ces magnets personnalis\u00e9s\u00a0!<\/p>\n<p><a href=\"https:\/\/www.deedeeparis.com\/blog\/wp-content\/uploads\/2018\/04\/aimants-personnalises-1.jpg\"><img loading=\"lazy\" decoding=\"async\" class=\"aligncenter size-full wp-image-56420\" src=\"https:\/\/www.deedeeparis.com\/blog\/wp-content\/uploads\/2018\/04\/aimants-personnalises-1.jpg\" alt=\"\" width=\"570\" height=\"570\" srcset=\"https:\/\/www.deedeeparis.com\/blog\/wp-content\/uploads\/2018\/04\/aimants-personnalises-1.jpg 570w, https:\/\/www.deedeeparis.com\/blog\/wp-content\/uploads\/2018\/04\/aimants-personnalises-1-150x150.jpg 150w\" sizes=\"auto, (max-width: 570px) 100vw, 570px\" \/><\/a><\/p>\n<p><a href=\"https:\/\/www.deedeeparis.com\/blog\/wp-content\/uploads\/2018\/04\/aimants-personnalises-2.jpg\"><img loading=\"lazy\" decoding=\"async\" class=\"aligncenter size-full wp-image-56419\" src=\"https:\/\/www.deedeeparis.com\/blog\/wp-content\/uploads\/2018\/04\/aimants-personnalises-2.jpg\" alt=\"\" width=\"570\" height=\"570\" srcset=\"https:\/\/www.deedeeparis.com\/blog\/wp-content\/uploads\/2018\/04\/aimants-personnalises-2.jpg 570w, https:\/\/www.deedeeparis.com\/blog\/wp-content\/uploads\/2018\/04\/aimants-personnalises-2-150x150.jpg 150w\" sizes=\"auto, (max-width: 570px) 100vw, 570px\" \/><\/a><\/p>\n<p>&nbsp;<\/p>\n<h2 class=\"stabylo\">La s\u00e9rie \u00ab\u00a0Architectures\u00a0\u00bb de\u00a0Emilie M\u00f6ri<\/h2>\n<p><a href=\"https:\/\/www.deedeeparis.com\/blog\/wp-content\/uploads\/2018\/04\/Emilie-Mori-2-1.jpg\"><img loading=\"lazy\" decoding=\"async\" class=\"aligncenter size-full wp-image-56415\" src=\"https:\/\/www.deedeeparis.com\/blog\/wp-content\/uploads\/2018\/04\/Emilie-Mori-2-1.jpg\" alt=\"\" width=\"1100\" height=\"1100\" srcset=\"https:\/\/www.deedeeparis.com\/blog\/wp-content\/uploads\/2018\/04\/Emilie-Mori-2-1.jpg 1100w, https:\/\/www.deedeeparis.com\/blog\/wp-content\/uploads\/2018\/04\/Emilie-Mori-2-1-768x768.jpg 768w, https:\/\/www.deedeeparis.com\/blog\/wp-content\/uploads\/2018\/04\/Emilie-Mori-2-1-150x150.jpg 150w, https:\/\/www.deedeeparis.com\/blog\/wp-content\/uploads\/2018\/04\/Emilie-Mori-2-1-600x600.jpg 600w, https:\/\/www.deedeeparis.com\/blog\/wp-content\/uploads\/2018\/04\/Emilie-Mori-2-1-1024x1024.jpg 1024w\" sizes=\"auto, (max-width: 1100px) 100vw, 1100px\" \/><\/a><\/p>\n<p>Je suis fan des photos d&rsquo;<a href=\"https:\/\/www.instagram.com\/emiliemori\/\" target=\"_blank\" rel=\"noopener\">Emilie M\u00f6ri<\/a>,\u00a0une photographe fran\u00e7aise. Cette s\u00e9rie a \u00e9t\u00e9 prise.. dans le sud de la France. De quoi mettre un peu de soleil dans ces jours charg\u00e9s de pluie !<\/p>\n<p><a href=\"https:\/\/www.deedeeparis.com\/blog\/wp-content\/uploads\/2018\/04\/Emilie-Mori-18.jpg\"><img loading=\"lazy\" decoding=\"async\" class=\"aligncenter size-full wp-image-56417\" src=\"https:\/\/www.deedeeparis.com\/blog\/wp-content\/uploads\/2018\/04\/Emilie-Mori-18.jpg\" alt=\"\" width=\"1100\" height=\"1100\" srcset=\"https:\/\/www.deedeeparis.com\/blog\/wp-content\/uploads\/2018\/04\/Emilie-Mori-18.jpg 1100w, https:\/\/www.deedeeparis.com\/blog\/wp-content\/uploads\/2018\/04\/Emilie-Mori-18-768x768.jpg 768w, https:\/\/www.deedeeparis.com\/blog\/wp-content\/uploads\/2018\/04\/Emilie-Mori-18-150x150.jpg 150w, https:\/\/www.deedeeparis.com\/blog\/wp-content\/uploads\/2018\/04\/Emilie-Mori-18-600x600.jpg 600w, https:\/\/www.deedeeparis.com\/blog\/wp-content\/uploads\/2018\/04\/Emilie-Mori-18-1024x1024.jpg 1024w\" sizes=\"auto, (max-width: 1100px) 100vw, 1100px\" \/><\/a><\/p>\n<p><a href=\"https:\/\/www.deedeeparis.com\/blog\/wp-content\/uploads\/2018\/04\/Emilie-Mori-20.jpg\"><img loading=\"lazy\" decoding=\"async\" class=\"aligncenter size-full wp-image-56416\" src=\"https:\/\/www.deedeeparis.com\/blog\/wp-content\/uploads\/2018\/04\/Emilie-Mori-20.jpg\" alt=\"\" width=\"1100\" height=\"1100\" srcset=\"https:\/\/www.deedeeparis.com\/blog\/wp-content\/uploads\/2018\/04\/Emilie-Mori-20.jpg 1100w, https:\/\/www.deedeeparis.com\/blog\/wp-content\/uploads\/2018\/04\/Emilie-Mori-20-768x768.jpg 768w, https:\/\/www.deedeeparis.com\/blog\/wp-content\/uploads\/2018\/04\/Emilie-Mori-20-150x150.jpg 150w, https:\/\/www.deedeeparis.com\/blog\/wp-content\/uploads\/2018\/04\/Emilie-Mori-20-600x600.jpg 600w, https:\/\/www.deedeeparis.com\/blog\/wp-content\/uploads\/2018\/04\/Emilie-Mori-20-1024x1024.jpg 1024w\" sizes=\"auto, (max-width: 1100px) 100vw, 1100px\" \/><\/a><\/p>\n<p><a href=\"https:\/\/www.deedeeparis.com\/blog\/wp-content\/uploads\/2018\/04\/Emilie-Mori-6.jpg\"><img loading=\"lazy\" decoding=\"async\" class=\"aligncenter size-full wp-image-56414\" src=\"https:\/\/www.deedeeparis.com\/blog\/wp-content\/uploads\/2018\/04\/Emilie-Mori-6.jpg\" alt=\"\" width=\"1100\" height=\"1100\" srcset=\"https:\/\/www.deedeeparis.com\/blog\/wp-content\/uploads\/2018\/04\/Emilie-Mori-6.jpg 1100w, https:\/\/www.deedeeparis.com\/blog\/wp-content\/uploads\/2018\/04\/Emilie-Mori-6-768x768.jpg 768w, https:\/\/www.deedeeparis.com\/blog\/wp-content\/uploads\/2018\/04\/Emilie-Mori-6-150x150.jpg 150w, https:\/\/www.deedeeparis.com\/blog\/wp-content\/uploads\/2018\/04\/Emilie-Mori-6-600x600.jpg 600w, https:\/\/www.deedeeparis.com\/blog\/wp-content\/uploads\/2018\/04\/Emilie-Mori-6-1024x1024.jpg 1024w\" sizes=\"auto, (max-width: 1100px) 100vw, 1100px\" \/><\/a><\/p>\n<p><a href=\"https:\/\/www.deedeeparis.com\/blog\/wp-content\/uploads\/2018\/04\/Emilie-Mori-9.jpg\"><img loading=\"lazy\" decoding=\"async\" class=\"aligncenter size-full wp-image-56411\" src=\"https:\/\/www.deedeeparis.com\/blog\/wp-content\/uploads\/2018\/04\/Emilie-Mori-9.jpg\" alt=\"\" width=\"1100\" height=\"1100\" srcset=\"https:\/\/www.deedeeparis.com\/blog\/wp-content\/uploads\/2018\/04\/Emilie-Mori-9.jpg 1100w, https:\/\/www.deedeeparis.com\/blog\/wp-content\/uploads\/2018\/04\/Emilie-Mori-9-768x768.jpg 768w, https:\/\/www.deedeeparis.com\/blog\/wp-content\/uploads\/2018\/04\/Emilie-Mori-9-150x150.jpg 150w, https:\/\/www.deedeeparis.com\/blog\/wp-content\/uploads\/2018\/04\/Emilie-Mori-9-600x600.jpg 600w, https:\/\/www.deedeeparis.com\/blog\/wp-content\/uploads\/2018\/04\/Emilie-Mori-9-1024x1024.jpg 1024w\" sizes=\"auto, (max-width: 1100px) 100vw, 1100px\" \/><\/a><\/p>\n<p><a href=\"https:\/\/www.deedeeparis.com\/blog\/wp-content\/uploads\/2018\/04\/Emilie-Mori-1-1.jpg\"><img loading=\"lazy\" decoding=\"async\" class=\"aligncenter size-full wp-image-56413\" src=\"https:\/\/www.deedeeparis.com\/blog\/wp-content\/uploads\/2018\/04\/Emilie-Mori-1-1.jpg\" alt=\"\" width=\"1100\" height=\"1100\" srcset=\"https:\/\/www.deedeeparis.com\/blog\/wp-content\/uploads\/2018\/04\/Emilie-Mori-1-1.jpg 1100w, https:\/\/www.deedeeparis.com\/blog\/wp-content\/uploads\/2018\/04\/Emilie-Mori-1-1-768x768.jpg 768w, https:\/\/www.deedeeparis.com\/blog\/wp-content\/uploads\/2018\/04\/Emilie-Mori-1-1-150x150.jpg 150w, https:\/\/www.deedeeparis.com\/blog\/wp-content\/uploads\/2018\/04\/Emilie-Mori-1-1-600x600.jpg 600w, https:\/\/www.deedeeparis.com\/blog\/wp-content\/uploads\/2018\/04\/Emilie-Mori-1-1-1024x1024.jpg 1024w\" sizes=\"auto, (max-width: 1100px) 100vw, 1100px\" \/><\/a><\/p>\n<p><a href=\"https:\/\/www.deedeeparis.com\/blog\/wp-content\/uploads\/2018\/04\/Emilie-Mori-17.jpg\"><img loading=\"lazy\" decoding=\"async\" class=\"aligncenter size-full wp-image-56412\" src=\"https:\/\/www.deedeeparis.com\/blog\/wp-content\/uploads\/2018\/04\/Emilie-Mori-17.jpg\" alt=\"\" width=\"1100\" height=\"1100\" srcset=\"https:\/\/www.deedeeparis.com\/blog\/wp-content\/uploads\/2018\/04\/Emilie-Mori-17.jpg 1100w, https:\/\/www.deedeeparis.com\/blog\/wp-content\/uploads\/2018\/04\/Emilie-Mori-17-768x768.jpg 768w, https:\/\/www.deedeeparis.com\/blog\/wp-content\/uploads\/2018\/04\/Emilie-Mori-17-150x150.jpg 150w, https:\/\/www.deedeeparis.com\/blog\/wp-content\/uploads\/2018\/04\/Emilie-Mori-17-600x600.jpg 600w, https:\/\/www.deedeeparis.com\/blog\/wp-content\/uploads\/2018\/04\/Emilie-Mori-17-1024x1024.jpg 1024w\" sizes=\"auto, (max-width: 1100px) 100vw, 1100px\" \/><\/a><\/p>\n<p>&nbsp;<\/p>\n<h2 class=\"uppercase stabylo\">Fais-le toi-m\u00eame : une tenture murale<\/h2>\n<p><a href=\"https:\/\/www.deedeeparis.com\/blog\/wp-content\/uploads\/2018\/04\/DIY-Wall-Hang-color-fabric-9.jpg\"><img loading=\"lazy\" decoding=\"async\" class=\"aligncenter size-full wp-image-56409\" src=\"https:\/\/www.deedeeparis.com\/blog\/wp-content\/uploads\/2018\/04\/DIY-Wall-Hang-color-fabric-9.jpg\" alt=\"\" width=\"933\" height=\"1400\" srcset=\"https:\/\/www.deedeeparis.com\/blog\/wp-content\/uploads\/2018\/04\/DIY-Wall-Hang-color-fabric-9.jpg 933w, https:\/\/www.deedeeparis.com\/blog\/wp-content\/uploads\/2018\/04\/DIY-Wall-Hang-color-fabric-9-768x1152.jpg 768w, https:\/\/www.deedeeparis.com\/blog\/wp-content\/uploads\/2018\/04\/DIY-Wall-Hang-color-fabric-9-600x900.jpg 600w, https:\/\/www.deedeeparis.com\/blog\/wp-content\/uploads\/2018\/04\/DIY-Wall-Hang-color-fabric-9-682x1024.jpg 682w\" sizes=\"auto, (max-width: 933px) 100vw, 933px\" \/><\/a><\/p>\n<p>Ras-le-bol des trucs en laine ? Optez plut\u00f4t pour cette tenture largement plus originale et archi facile \u00e0 r\u00e9aliser ! Le tuto est \u00e0 retrouver sur <a href=\"https:\/\/sugarandcloth.com\/colorful-diy-fabric-wall-hanging\/\" target=\"_blank\" rel=\"noopener\">Sugar and Cloth<\/a>.<\/p>\n<h2 class=\"stabylo\">DU PRINTEMPS DANS LES OREILLES<\/h2>\n<p>A d\u00e9faut d\u2019une m\u00e9t\u00e9o cl\u00e9mente, 17 titres avec du printemps dedans dans cette derni\u00e8re playlist concoct\u00e9e dans le cadre de mon partenariat avec Libratone, cette jolie marque danoise que j&rsquo;aime toujours autant \ud83d\ude42 Montez le son, c&rsquo;est bon !<\/p>\n<p><iframe loading=\"lazy\" src=\"https:\/\/open.spotify.com\/embed\/user\/11936208\/playlist\/5ipCG7zNGUCZIEfaK2hvQh\" width=\"1020\" height=\"380\" frameborder=\"0\"><span data-mce-type=\"bookmark\" style=\"display: inline-block; width: 0px; overflow: hidden; line-height: 0;\" class=\"mce_SELRES_start\">\ufeff<\/span><\/iframe><\/p>\n<p>Voil\u00e0, c&rsquo;est tout pour aujourd&rsquo;hui. Merci pour vos messages la semaine derni\u00e8re, c&rsquo;est bon de vous lire aussi ! On est en train de mettre en place un petit syst\u00e8me de like pour les articles histoire de renforcer un peu l&rsquo;interactivit\u00e9 et nos \u00e9changes \ud83d\ude42 Stay tuned !<\/p>\n<p>Joyeux mardi, prenez soin de vous et bonne d\u00e9tox (je ne sais pas vous mais P\u00e2ques m&rsquo;a tu\u00e9e&#8230;).<\/p>\n","protected":false},"excerpt":{"rendered":"<p>Hello la compagnie ! Oui, je publie la Week List un jour plus tard : une fois n&rsquo;est pas coutume, je d\u00e9cid\u00e9 de ne pas plancher sur le sujet dimanche. J&rsquo;adore la Week List et j&rsquo;aime l&rsquo;id\u00e9e de ce rendez-vous hebdomadaire avec vous mais comme pour tout ce que j&rsquo;entreprends, le blog ne d\u00e9roge pas [&hellip;]<\/p>\n","protected":false},"author":2,"featured_media":56430,"comment_status":"open","ping_status":"open","sticky":false,"template":"","format":"standard","meta":{"_acf_changed":false,"footnotes":""},"categories":[8],"tags":[7114,6941],"class_list":["post-56401","post","type-post","status-publish","format-standard","has-post-thumbnail","hentry","category-chroniques-de-paris","tag-amelie-pichard","tag-idees-diy"],"acf":[],"geo":null,"_links":{"self":[{"href":"https:\/\/www.deedeeparis.com\/blog\/wp-json\/wp\/v2\/posts\/56401","targetHints":{"allow":["GET"]}}],"collection":[{"href":"https:\/\/www.deedeeparis.com\/blog\/wp-json\/wp\/v2\/posts"}],"about":[{"href":"https:\/\/www.deedeeparis.com\/blog\/wp-json\/wp\/v2\/types\/post"}],"author":[{"embeddable":true,"href":"https:\/\/www.deedeeparis.com\/blog\/wp-json\/wp\/v2\/users\/2"}],"replies":[{"embeddable":true,"href":"https:\/\/www.deedeeparis.com\/blog\/wp-json\/wp\/v2\/comments?post=56401"}],"version-history":[{"count":12,"href":"https:\/\/www.deedeeparis.com\/blog\/wp-json\/wp\/v2\/posts\/56401\/revisions"}],"predecessor-version":[{"id":56433,"href":"https:\/\/www.deedeeparis.com\/blog\/wp-json\/wp\/v2\/posts\/56401\/revisions\/56433"}],"wp:featuredmedia":[{"embeddable":true,"href":"https:\/\/www.deedeeparis.com\/blog\/wp-json\/wp\/v2\/media\/56430"}],"wp:attachment":[{"href":"https:\/\/www.deedeeparis.com\/blog\/wp-json\/wp\/v2\/media?parent=56401"}],"wp:term":[{"taxonomy":"category","embeddable":true,"href":"https:\/\/www.deedeeparis.com\/blog\/wp-json\/wp\/v2\/categories?post=56401"},{"taxonomy":"post_tag","embeddable":true,"href":"https:\/\/www.deedeeparis.com\/blog\/wp-json\/wp\/v2\/tags?post=56401"}],"curies":[{"name":"wp","href":"https:\/\/api.w.org\/{rel}","templated":true}]}}