{"id":57201,"date":"2018-05-14T07:03:21","date_gmt":"2018-05-14T05:03:21","guid":{"rendered":"https:\/\/www.deedeeparis.com\/blog\/?p=57201"},"modified":"2018-05-15T11:43:27","modified_gmt":"2018-05-15T09:43:27","slug":"ma-week-list-266","status":"publish","type":"post","link":"https:\/\/www.deedeeparis.com\/blog\/ma-week-list-266","title":{"rendered":"Ma week list #266"},"content":{"rendered":"<p style=\"text-align: justify;\">Hello la compagnie, j&rsquo;esp\u00e8re que vous avez pass\u00e9 un bon week-end et que vous \u00eates d&rsquo;attaque pour cette nouvelle semaine ! Gr\u00e2ce \u00e0 Charlotte, qui travaille avec moi (et que je vous pr\u00e9senterai bient\u00f4t, cf. vos r\u00e9ponses \u00e0 la question pos\u00e9e dans la Week List de la semaine derni\u00e8re !), voici quelques coups de coeur pour bien la commencer ! Cette semaine j&rsquo;aime :<\/p>\n<h2 class=\"uppercase stabylo\">La collab BENSIMON X KULTe<\/h2>\n<p><img loading=\"lazy\" decoding=\"async\" class=\"aligncenter size-full wp-image-57282\" src=\"https:\/\/www.deedeeparis.com\/blog\/wp-content\/uploads\/2018\/05\/Shoot_Friche_Kulte_1.jpg\" alt=\"\" width=\"933\" height=\"1400\" srcset=\"https:\/\/www.deedeeparis.com\/blog\/wp-content\/uploads\/2018\/05\/Shoot_Friche_Kulte_1.jpg 933w, https:\/\/www.deedeeparis.com\/blog\/wp-content\/uploads\/2018\/05\/Shoot_Friche_Kulte_1-768x1152.jpg 768w, https:\/\/www.deedeeparis.com\/blog\/wp-content\/uploads\/2018\/05\/Shoot_Friche_Kulte_1-600x900.jpg 600w, https:\/\/www.deedeeparis.com\/blog\/wp-content\/uploads\/2018\/05\/Shoot_Friche_Kulte_1-682x1024.jpg 682w\" sizes=\"auto, (max-width: 933px) 100vw, 933px\" \/><\/p>\n<p style=\"text-align: justify;\">Une des plus belles collaborations de l&rsquo;\u00e9t\u00e9 : Bensimon x Kulte. Au menu pour ces deux marques fran\u00e7aises mythiques : une paire de tennis, un d\u00e9bardeur, un t-shirt et une pochette ; une collection color\u00e9e en hommage \u00e0\u00a0l&rsquo;<i>Arizona\u00a0Dream. <\/i>Elle me donne follement envie d&rsquo;\u00e9t\u00e9 et de vacances \u00e0 fl\u00e2ner de la piscine \u00e0 la plage et inversement tant elle d\u00e9gage des ondes positives. Et aussi de r\u00e9\u00e9couter la BO du film \u00e9ponyme que je n&rsquo;ai JAMAIS trouv\u00e9e dans les backs, \u00e0 l&rsquo;\u00e9poque (d&rsquo;apr\u00e8s ce que j&rsquo;avais compris, les exploitants du film n&rsquo;avaient pas eu les droits d&rsquo;exploitation pour la musique \u00e0 l&rsquo;exception d&rsquo;un ou deux titres). La collab sera disponible sur les sites marchands des deux marques : <a href=\"http:\/\/www.bensimon.com\" target=\"_blank\" rel=\"noopener\">Bensimon<\/a> et <a href=\"http:\/\/www.kulte.com\" target=\"_blank\" rel=\"noopener\">Kulte<\/a> et dans une s\u00e9lection de points de vente Bensimon.<\/p>\n<p><img loading=\"lazy\" decoding=\"async\" class=\"aligncenter size-full wp-image-57284\" src=\"https:\/\/www.deedeeparis.com\/blog\/wp-content\/uploads\/2018\/05\/ShootProvence_Kulte_13.jpg\" alt=\"\" width=\"1100\" height=\"1100\" srcset=\"https:\/\/www.deedeeparis.com\/blog\/wp-content\/uploads\/2018\/05\/ShootProvence_Kulte_13.jpg 1100w, https:\/\/www.deedeeparis.com\/blog\/wp-content\/uploads\/2018\/05\/ShootProvence_Kulte_13-768x768.jpg 768w, https:\/\/www.deedeeparis.com\/blog\/wp-content\/uploads\/2018\/05\/ShootProvence_Kulte_13-150x150.jpg 150w, https:\/\/www.deedeeparis.com\/blog\/wp-content\/uploads\/2018\/05\/ShootProvence_Kulte_13-600x600.jpg 600w, https:\/\/www.deedeeparis.com\/blog\/wp-content\/uploads\/2018\/05\/ShootProvence_Kulte_13-1024x1024.jpg 1024w\" sizes=\"auto, (max-width: 1100px) 100vw, 1100px\" \/><\/p>\n<p><img loading=\"lazy\" decoding=\"async\" class=\"aligncenter size-full wp-image-57283\" src=\"https:\/\/www.deedeeparis.com\/blog\/wp-content\/uploads\/2018\/05\/ShootProvence_Kulte_10bis.jpg\" alt=\"\" width=\"933\" height=\"1400\" srcset=\"https:\/\/www.deedeeparis.com\/blog\/wp-content\/uploads\/2018\/05\/ShootProvence_Kulte_10bis.jpg 933w, https:\/\/www.deedeeparis.com\/blog\/wp-content\/uploads\/2018\/05\/ShootProvence_Kulte_10bis-768x1152.jpg 768w, https:\/\/www.deedeeparis.com\/blog\/wp-content\/uploads\/2018\/05\/ShootProvence_Kulte_10bis-600x900.jpg 600w, https:\/\/www.deedeeparis.com\/blog\/wp-content\/uploads\/2018\/05\/ShootProvence_Kulte_10bis-682x1024.jpg 682w\" sizes=\"auto, (max-width: 933px) 100vw, 933px\" \/><\/p>\n<h2 class=\"uppercase stabylo\">L&rsquo;op\u00e9ration recyclage solidaire de Jimmy Fairly<\/h2>\n<p><a href=\"https:\/\/www.deedeeparis.com\/blog\/wp-content\/uploads\/2018\/05\/Jimmy-Fairly.jpg\"><img loading=\"lazy\" decoding=\"async\" class=\"aligncenter size-full wp-image-57339\" src=\"https:\/\/www.deedeeparis.com\/blog\/wp-content\/uploads\/2018\/05\/Jimmy-Fairly.jpg\" alt=\"\" width=\"1100\" height=\"825\" srcset=\"https:\/\/www.deedeeparis.com\/blog\/wp-content\/uploads\/2018\/05\/Jimmy-Fairly.jpg 1100w, https:\/\/www.deedeeparis.com\/blog\/wp-content\/uploads\/2018\/05\/Jimmy-Fairly-768x576.jpg 768w, https:\/\/www.deedeeparis.com\/blog\/wp-content\/uploads\/2018\/05\/Jimmy-Fairly-600x450.jpg 600w, https:\/\/www.deedeeparis.com\/blog\/wp-content\/uploads\/2018\/05\/Jimmy-Fairly-1024x768.jpg 1024w\" sizes=\"auto, (max-width: 1100px) 100vw, 1100px\" \/><\/a><\/p>\n<p>Envie de faire une bonne action et de gagner un bon d&rsquo;achat au passage ? L&rsquo;info est un peu last minute, mais il n&rsquo;est jamais trop tard pour bien faire et profiter d&rsquo;un bon plan ! Jusqu&rsquo;au 31 mai, vous pouvez rapporter votre vieille paire de solaire ou d&rsquo;optique (toutes marques, en bon \u00e9tat) dans n&rsquo;importe quelle boutique Jimmy Fairly. En \u00e9change, vous recevrez un bon d&rsquo;achat de 10\u20ac \u00e0 utiliser pour votre prochain achat. Vos vieilles montures seront donn\u00e9es \u00e0 une personne dans le besoin via le programme \u00ab\u00a0Buy one give one\u00a0\u00bb de la marque et gr\u00e2ce aux associations partenaires. Pour la petite histoire, plus de 156 000 paires de lunettes ont ainsi \u00e9t\u00e9 donn\u00e9es depuis 2011, partout dans le monde.<\/p>\n<h2 class=\"stabylo\">La nouvelle collection ATELIER MOUTI<\/h2>\n<p><img loading=\"lazy\" decoding=\"async\" class=\"aligncenter size-full wp-image-57290\" src=\"https:\/\/www.deedeeparis.com\/blog\/wp-content\/uploads\/2018\/05\/A544.jpg\" alt=\"\" width=\"1000\" height=\"1000\" srcset=\"https:\/\/www.deedeeparis.com\/blog\/wp-content\/uploads\/2018\/05\/A544.jpg 1000w, https:\/\/www.deedeeparis.com\/blog\/wp-content\/uploads\/2018\/05\/A544-768x768.jpg 768w, https:\/\/www.deedeeparis.com\/blog\/wp-content\/uploads\/2018\/05\/A544-150x150.jpg 150w, https:\/\/www.deedeeparis.com\/blog\/wp-content\/uploads\/2018\/05\/A544-600x600.jpg 600w\" sizes=\"auto, (max-width: 1000px) 100vw, 1000px\" \/><\/p>\n<p>Quand j&rsquo;ai vu la nouvelle collection de <a href=\"http:\/\/www.atelier-mouti.com\" target=\"_blank\" rel=\"noopener\">Atelier Mouti<\/a> j&rsquo;ai du me rappeler tr\u00e8s fort que, non, je n&rsquo;avais pas besoin d&rsquo;un \u00e9ni\u00e8me carnet et que, non, je n&rsquo;ai pas 300m\u00b2 \u00e0 redorer toutes les deux semaines. Il ne me reste plus qu&rsquo;\u00e0 admirer ces cr\u00e9ations sur le site et \u00e0 r\u00eaver ! Les articles sont tous fabriqu\u00e9s en France et portent le Label de qualit\u00e9 et savoir-faire Fran\u00e7ais, comme on aime.<\/p>\n<p><img loading=\"lazy\" decoding=\"async\" class=\"aligncenter size-full wp-image-57285\" src=\"https:\/\/www.deedeeparis.com\/blog\/wp-content\/uploads\/2018\/05\/31.jpg\" alt=\"\" width=\"1000\" height=\"1000\" srcset=\"https:\/\/www.deedeeparis.com\/blog\/wp-content\/uploads\/2018\/05\/31.jpg 1000w, https:\/\/www.deedeeparis.com\/blog\/wp-content\/uploads\/2018\/05\/31-768x768.jpg 768w, https:\/\/www.deedeeparis.com\/blog\/wp-content\/uploads\/2018\/05\/31-150x150.jpg 150w, https:\/\/www.deedeeparis.com\/blog\/wp-content\/uploads\/2018\/05\/31-600x600.jpg 600w\" sizes=\"auto, (max-width: 1000px) 100vw, 1000px\" \/><\/p>\n<p><img loading=\"lazy\" decoding=\"async\" class=\"aligncenter size-full wp-image-57286\" src=\"https:\/\/www.deedeeparis.com\/blog\/wp-content\/uploads\/2018\/05\/24-03.jpg\" alt=\"\" width=\"1000\" height=\"1000\" srcset=\"https:\/\/www.deedeeparis.com\/blog\/wp-content\/uploads\/2018\/05\/24-03.jpg 1000w, https:\/\/www.deedeeparis.com\/blog\/wp-content\/uploads\/2018\/05\/24-03-768x768.jpg 768w, https:\/\/www.deedeeparis.com\/blog\/wp-content\/uploads\/2018\/05\/24-03-150x150.jpg 150w, https:\/\/www.deedeeparis.com\/blog\/wp-content\/uploads\/2018\/05\/24-03-600x600.jpg 600w\" sizes=\"auto, (max-width: 1000px) 100vw, 1000px\" \/><\/p>\n<p><img loading=\"lazy\" decoding=\"async\" class=\"aligncenter size-full wp-image-57287\" src=\"https:\/\/www.deedeeparis.com\/blog\/wp-content\/uploads\/2018\/05\/38-pink_blue.jpg\" alt=\"\" width=\"1000\" height=\"1000\" srcset=\"https:\/\/www.deedeeparis.com\/blog\/wp-content\/uploads\/2018\/05\/38-pink_blue.jpg 1000w, https:\/\/www.deedeeparis.com\/blog\/wp-content\/uploads\/2018\/05\/38-pink_blue-768x768.jpg 768w, https:\/\/www.deedeeparis.com\/blog\/wp-content\/uploads\/2018\/05\/38-pink_blue-150x150.jpg 150w, https:\/\/www.deedeeparis.com\/blog\/wp-content\/uploads\/2018\/05\/38-pink_blue-600x600.jpg 600w\" sizes=\"auto, (max-width: 1000px) 100vw, 1000px\" \/><\/p>\n<p><img loading=\"lazy\" decoding=\"async\" class=\"aligncenter size-full wp-image-57288\" src=\"https:\/\/www.deedeeparis.com\/blog\/wp-content\/uploads\/2018\/05\/42-coloris1-noiretblanc-carre.jpg\" alt=\"\" width=\"1000\" height=\"1000\" srcset=\"https:\/\/www.deedeeparis.com\/blog\/wp-content\/uploads\/2018\/05\/42-coloris1-noiretblanc-carre.jpg 1000w, https:\/\/www.deedeeparis.com\/blog\/wp-content\/uploads\/2018\/05\/42-coloris1-noiretblanc-carre-768x768.jpg 768w, https:\/\/www.deedeeparis.com\/blog\/wp-content\/uploads\/2018\/05\/42-coloris1-noiretblanc-carre-150x150.jpg 150w, https:\/\/www.deedeeparis.com\/blog\/wp-content\/uploads\/2018\/05\/42-coloris1-noiretblanc-carre-600x600.jpg 600w\" sizes=\"auto, (max-width: 1000px) 100vw, 1000px\" \/><\/p>\n<p><img loading=\"lazy\" decoding=\"async\" class=\"aligncenter size-full wp-image-57289\" src=\"https:\/\/www.deedeeparis.com\/blog\/wp-content\/uploads\/2018\/05\/A5_47-02.jpg\" alt=\"\" width=\"1000\" height=\"1000\" srcset=\"https:\/\/www.deedeeparis.com\/blog\/wp-content\/uploads\/2018\/05\/A5_47-02.jpg 1000w, https:\/\/www.deedeeparis.com\/blog\/wp-content\/uploads\/2018\/05\/A5_47-02-768x768.jpg 768w, https:\/\/www.deedeeparis.com\/blog\/wp-content\/uploads\/2018\/05\/A5_47-02-150x150.jpg 150w, https:\/\/www.deedeeparis.com\/blog\/wp-content\/uploads\/2018\/05\/A5_47-02-600x600.jpg 600w\" sizes=\"auto, (max-width: 1000px) 100vw, 1000px\" \/><\/p>\n<h2 class=\"stabylo\">Les nouveaux t-shirt Elise Chalmain<\/h2>\n<p><img loading=\"lazy\" decoding=\"async\" class=\"aligncenter size-full wp-image-57291\" src=\"https:\/\/www.deedeeparis.com\/blog\/wp-content\/uploads\/2018\/05\/plan_coeur_simulation_2_grande.jpg\" alt=\"\" width=\"405\" height=\"600\" \/><\/p>\n<p style=\"text-align: justify;\">La jolie marque <a href=\"https:\/\/elisechalmin.com\/\">Elise Chalmin<\/a> aux c\u00e9l\u00e8bres t-shirts \u00e0 coeurs (<a href=\"https:\/\/www.deedeeparis.com\/blog\/au-marche-de-saint-quentin\" target=\"_blank\" rel=\"noopener\">spotted<\/a> !) \u00e0 lanc\u00e9 r\u00e9cemment deux nouveaux t-shirt totalement HAN, une fois de plus. Entre \u00ab\u00a0Mon Coeur\u00a0\u00bb et \u00ab\u00a0Plan Coeurs\u00a0\u00bb ils ont tous les deux cette dose d&rsquo;impertinence et d&rsquo;audace que l&rsquo;on aime tant. Tous les t-shirts sont fabriqu\u00e9s dans un coton 100% biologique et issu du commerce \u00e9quitable. C&rsquo;est quand l&rsquo;\u00e9t\u00e9 d\u00e9j\u00e0 ?!<img loading=\"lazy\" decoding=\"async\" class=\"aligncenter size-full wp-image-57292\" src=\"https:\/\/www.deedeeparis.com\/blog\/wp-content\/uploads\/2018\/05\/mon_coeur_simulation_grande.jpg\" alt=\"\" width=\"400\" height=\"599\" \/><\/p>\n<h2 class=\"stabylo\">Les photos de JImmy marble<\/h2>\n<p><img loading=\"lazy\" decoding=\"async\" class=\"aligncenter size-full wp-image-57297\" src=\"https:\/\/www.deedeeparis.com\/blog\/wp-content\/uploads\/2018\/05\/POOR_CHERRIES_STILL_5_1024x1024.jpg\" alt=\"\" width=\"1024\" height=\"620\" srcset=\"https:\/\/www.deedeeparis.com\/blog\/wp-content\/uploads\/2018\/05\/POOR_CHERRIES_STILL_5_1024x1024.jpg 1024w, https:\/\/www.deedeeparis.com\/blog\/wp-content\/uploads\/2018\/05\/POOR_CHERRIES_STILL_5_1024x1024-768x465.jpg 768w, https:\/\/www.deedeeparis.com\/blog\/wp-content\/uploads\/2018\/05\/POOR_CHERRIES_STILL_5_1024x1024-600x363.jpg 600w\" sizes=\"auto, (max-width: 1024px) 100vw, 1024px\" \/><\/p>\n<p>Jimmy Marble a son univers bien a lui. R\u00e9alisateur, photographe, designer et peintre muraliste, il a plusieurs co(r)des \u00e0 son arc. Anamorphoses, angles de vue originaux, ses photos sont d\u00e9cal\u00e9es et son univers graphique aux couleurs pastels, pop nous font faire le plein d&rsquo;\u00e9nergie.<\/p>\n<p>Vous pouvez voir ses cr\u00e9ations sur son <a href=\"http:\/\/www.jimmymarble.com\" target=\"_blank\" rel=\"noopener\">site<\/a>, les acheter <a href=\"https:\/\/shopjimjam.com\/collections\/all\" target=\"_blank\" rel=\"noopener\">ici<\/a> et le suivre sur son compte Instagram <a href=\"https:\/\/www.instagram.com\/jimmymarble\/\" target=\"_blank\" rel=\"noopener\">@jimmymarble.<\/a> Un avant go\u00fbt ici !<\/p>\n<p>&nbsp;<\/p>\n<p><img loading=\"lazy\" decoding=\"async\" class=\"aligncenter size-full wp-image-57298\" src=\"https:\/\/www.deedeeparis.com\/blog\/wp-content\/uploads\/2018\/05\/Screen_Shot_2017-12-08_at_9.36.52_AM_1024x1024.png\" alt=\"\" width=\"1024\" height=\"1000\" srcset=\"https:\/\/www.deedeeparis.com\/blog\/wp-content\/uploads\/2018\/05\/Screen_Shot_2017-12-08_at_9.36.52_AM_1024x1024.png 1024w, https:\/\/www.deedeeparis.com\/blog\/wp-content\/uploads\/2018\/05\/Screen_Shot_2017-12-08_at_9.36.52_AM_1024x1024-768x750.png 768w, https:\/\/www.deedeeparis.com\/blog\/wp-content\/uploads\/2018\/05\/Screen_Shot_2017-12-08_at_9.36.52_AM_1024x1024-600x586.png 600w\" sizes=\"auto, (max-width: 1024px) 100vw, 1024px\" \/><\/p>\n<p><img loading=\"lazy\" decoding=\"async\" class=\"aligncenter size-full wp-image-57304\" src=\"https:\/\/www.deedeeparis.com\/blog\/wp-content\/uploads\/2018\/05\/PERSPECTIVE-HIGH-RES-SELECTS-13_2048x2048.jpg\" alt=\"\" width=\"738\" height=\"1000\" srcset=\"https:\/\/www.deedeeparis.com\/blog\/wp-content\/uploads\/2018\/05\/PERSPECTIVE-HIGH-RES-SELECTS-13_2048x2048.jpg 738w, https:\/\/www.deedeeparis.com\/blog\/wp-content\/uploads\/2018\/05\/PERSPECTIVE-HIGH-RES-SELECTS-13_2048x2048-600x813.jpg 600w\" sizes=\"auto, (max-width: 738px) 100vw, 738px\" \/><\/p>\n<p><img loading=\"lazy\" decoding=\"async\" class=\"aligncenter size-full wp-image-57301\" src=\"https:\/\/www.deedeeparis.com\/blog\/wp-content\/uploads\/2018\/05\/SWIMTEAM-8_copy_2048x2048.jpg\" alt=\"\" width=\"1038\" height=\"1400\" srcset=\"https:\/\/www.deedeeparis.com\/blog\/wp-content\/uploads\/2018\/05\/SWIMTEAM-8_copy_2048x2048.jpg 1038w, https:\/\/www.deedeeparis.com\/blog\/wp-content\/uploads\/2018\/05\/SWIMTEAM-8_copy_2048x2048-768x1036.jpg 768w, https:\/\/www.deedeeparis.com\/blog\/wp-content\/uploads\/2018\/05\/SWIMTEAM-8_copy_2048x2048-600x809.jpg 600w, https:\/\/www.deedeeparis.com\/blog\/wp-content\/uploads\/2018\/05\/SWIMTEAM-8_copy_2048x2048-759x1024.jpg 759w\" sizes=\"auto, (max-width: 1038px) 100vw, 1038px\" \/><\/p>\n<p><img loading=\"lazy\" decoding=\"async\" class=\"aligncenter size-full wp-image-57303\" src=\"https:\/\/www.deedeeparis.com\/blog\/wp-content\/uploads\/2018\/05\/tumblr_odrm3r0u1J1r8j5kwo1_540_2048x2048.jpg\" alt=\"\" width=\"540\" height=\"810\" \/><\/p>\n<h2 class=\"stabylo\">Fais-le toi-m\u00eame : Un Organiseur d&rsquo;entr\u00e9e<\/h2>\n<p><img loading=\"lazy\" decoding=\"async\" class=\"aligncenter size-full wp-image-57309\" src=\"https:\/\/www.deedeeparis.com\/blog\/wp-content\/uploads\/2018\/05\/diy-entryway-organizer-almost-makes-perfect1.jpg\" alt=\"\" width=\"570\" height=\"855\" \/><\/p>\n<p>Encore une fois, une id\u00e9e toute simple qui fait son effet et qui est ma foi tr\u00e8s pratique !<\/p>\n<p>Un DIY de chez\u00a0<a href=\"http:\/\/almostmakesperfect.com\/2014\/05\/14\/diy-entryway-organizer\/\" target=\"_blank\" rel=\"noopener\"><em>Almost Makes Perfect<\/em><\/a><\/p>\n<h2 class=\"uppercase stabylo\">Iggy Pop, in the Death Car<\/h2>\n<p>Puisqu&rsquo;on en parlait en d\u00e9but de Week List, j&rsquo;ai eu envie d&rsquo;\u00e9couter \u00e0 nouveau un des seuls titres qui avait filtr\u00e9 du film Arizona Dream. Magie des internets, en faisant quelques menues recherches pour l&rsquo;ins\u00e9rer ici, j&rsquo;ai m\u00eame vu que ladite BO, impossible \u00e0 trouver \u00e0 l&rsquo;\u00e9poque, donc, \u00e9tait en ligne <a href=\"https:\/\/www.youtube.com\/watch?v=tok05zfNyL4\" target=\"_blank\" rel=\"noopener\">ici m\u00eame<\/a>, avec notamment ma chanson pr\u00e9f\u00e9r\u00e9e de presque tous les temps qui commence \u00e0 8&rsquo;47\u00a0\u00bb. JOIE !<\/p>\n<p><iframe loading=\"lazy\" src=\"https:\/\/www.youtube.com\/embed\/vmFAwzpLbGw\" width=\"1020\" height=\"435\" frameborder=\"0\" allowfullscreen=\"allowfullscreen\"><span data-mce-type=\"bookmark\" style=\"display: inline-block; width: 0px; overflow: hidden; line-height: 0;\" class=\"mce_SELRES_start\">\ufeff<\/span><\/iframe><\/p>\n<p>Ce sera tout pour aujourd&rsquo;hui, passez une bonne semaine, prenez soin de vous et \u00e0 lundi prochain !<\/p>\n","protected":false},"excerpt":{"rendered":"<p>Hello la compagnie, j&rsquo;esp\u00e8re que vous avez pass\u00e9 un bon week-end et que vous \u00eates d&rsquo;attaque pour cette nouvelle semaine ! Gr\u00e2ce \u00e0 Charlotte, qui travaille avec moi (et que je vous pr\u00e9senterai bient\u00f4t, cf. vos r\u00e9ponses \u00e0 la question pos\u00e9e dans la Week List de la semaine derni\u00e8re !), voici quelques coups de coeur [&hellip;]<\/p>\n","protected":false},"author":29,"featured_media":57302,"comment_status":"open","ping_status":"open","sticky":false,"template":"","format":"standard","meta":{"_acf_changed":false,"footnotes":""},"categories":[8],"tags":[9144,9134,6941,6682,8906],"class_list":["post-57201","post","type-post","status-publish","format-standard","has-post-thumbnail","hentry","category-chroniques-de-paris","tag-arizona-dream","tag-elise-chalmin","tag-idees-diy","tag-jimmy-fairly","tag-series-photos"],"acf":[],"geo":null,"_links":{"self":[{"href":"https:\/\/www.deedeeparis.com\/blog\/wp-json\/wp\/v2\/posts\/57201","targetHints":{"allow":["GET"]}}],"collection":[{"href":"https:\/\/www.deedeeparis.com\/blog\/wp-json\/wp\/v2\/posts"}],"about":[{"href":"https:\/\/www.deedeeparis.com\/blog\/wp-json\/wp\/v2\/types\/post"}],"author":[{"embeddable":true,"href":"https:\/\/www.deedeeparis.com\/blog\/wp-json\/wp\/v2\/users\/29"}],"replies":[{"embeddable":true,"href":"https:\/\/www.deedeeparis.com\/blog\/wp-json\/wp\/v2\/comments?post=57201"}],"version-history":[{"count":18,"href":"https:\/\/www.deedeeparis.com\/blog\/wp-json\/wp\/v2\/posts\/57201\/revisions"}],"predecessor-version":[{"id":57357,"href":"https:\/\/www.deedeeparis.com\/blog\/wp-json\/wp\/v2\/posts\/57201\/revisions\/57357"}],"wp:featuredmedia":[{"embeddable":true,"href":"https:\/\/www.deedeeparis.com\/blog\/wp-json\/wp\/v2\/media\/57302"}],"wp:attachment":[{"href":"https:\/\/www.deedeeparis.com\/blog\/wp-json\/wp\/v2\/media?parent=57201"}],"wp:term":[{"taxonomy":"category","embeddable":true,"href":"https:\/\/www.deedeeparis.com\/blog\/wp-json\/wp\/v2\/categories?post=57201"},{"taxonomy":"post_tag","embeddable":true,"href":"https:\/\/www.deedeeparis.com\/blog\/wp-json\/wp\/v2\/tags?post=57201"}],"curies":[{"name":"wp","href":"https:\/\/api.w.org\/{rel}","templated":true}]}}