{"id":5841814,"date":"2023-01-18T18:18:10","date_gmt":"2023-01-18T17:18:10","guid":{"rendered":"https:\/\/www.deedeeparis.com\/blog\/?p=5841814"},"modified":"2023-01-18T18:25:43","modified_gmt":"2023-01-18T17:25:43","slug":"mon-bilan-mode-2022","status":"publish","type":"post","link":"https:\/\/www.deedeeparis.com\/blog\/mon-bilan-mode-2022","title":{"rendered":"Mon bilan mode 2022"},"content":{"rendered":"<p><a href=\"https:\/\/www.deedeeparis.com\/blog\/wp-content\/uploads\/2023\/01\/0V1A9971-scaled.jpg\"><img loading=\"lazy\" decoding=\"async\" class=\"aligncenter size-medium wp-image-5863507\" src=\"https:\/\/www.deedeeparis.com\/blog\/wp-content\/uploads\/2023\/01\/0V1A9971-600x800.jpg\" alt=\"\" width=\"600\" height=\"800\" srcset=\"https:\/\/www.deedeeparis.com\/blog\/wp-content\/uploads\/2023\/01\/0V1A9971-600x800.jpg 600w, https:\/\/www.deedeeparis.com\/blog\/wp-content\/uploads\/2023\/01\/0V1A9971-768x1024.jpg 768w, https:\/\/www.deedeeparis.com\/blog\/wp-content\/uploads\/2023\/01\/0V1A9971-1152x1536.jpg 1152w, https:\/\/www.deedeeparis.com\/blog\/wp-content\/uploads\/2023\/01\/0V1A9971-1536x2048.jpg 1536w, https:\/\/www.deedeeparis.com\/blog\/wp-content\/uploads\/2023\/01\/0V1A9971-scaled.jpg 1921w\" sizes=\"auto, (max-width: 600px) 100vw, 600px\" \/><\/a><\/p>\n<p style=\"text-align: center;\"><em>\u00a9Photo <a href=\"https:\/\/www.instagram.com\/ana_in_green\/\" target=\"_blank\" rel=\"noopener\">Ana in Green<\/a><\/em><\/p>\n<p>Tout avait pourtant bien commenc\u00e9 : mue par les fameuses bonnes r\u00e9solutions de d\u00e9but d&rsquo;ann\u00e9e, j&rsquo;avais ouvert une note d\u00e8s janvier dernier sur mon smartphone pour consigner chaque achat. La pi\u00e8ce achet\u00e9e, quand, son montant et m\u00eame, la raison de mon achat. Et puis j&rsquo;ai commenc\u00e9 \u00e0 remplir le tableaux. Tr\u00e8s, trop vite. Et j&rsquo;ai eu une forme de honte doubl\u00e9e d&rsquo;une lassitude, d&rsquo;autant plus que j&rsquo;avais zapp\u00e9 ce qui m&rsquo;apparut alors comme une info capitale \u00e0 agr\u00e9ger au tableau : pour avoir une vision vraiment claire du volume globale, il eut fallu que je consigne aussi les pi\u00e8ces qui <span style=\"text-decoration: underline;\">sortaient<\/span> de mon dressing. Et vous pouvez me croire, il y en a eu un sacr\u00e9 paquet en 2022 : je trie d\u00e9j\u00e0 tr\u00e8s r\u00e9guli\u00e8rement en vendant ou en donnant les pi\u00e8ces que je n&rsquo;utilise plus, mais avec le d\u00e9m\u00e9nagement, je n&rsquo;ai pas fait de quartier !<\/p>\n<p><a href=\"https:\/\/www.deedeeparis.com\/blog\/wp-content\/uploads\/2023\/01\/IMG_E388BD784101-1.jpg\"><img loading=\"lazy\" decoding=\"async\" class=\" wp-image-5863359 aligncenter\" src=\"https:\/\/www.deedeeparis.com\/blog\/wp-content\/uploads\/2023\/01\/IMG_E388BD784101-1-556x1024.jpg\" alt=\"\" width=\"241\" height=\"444\" srcset=\"https:\/\/www.deedeeparis.com\/blog\/wp-content\/uploads\/2023\/01\/IMG_E388BD784101-1-556x1024.jpg 556w, https:\/\/www.deedeeparis.com\/blog\/wp-content\/uploads\/2023\/01\/IMG_E388BD784101-1-768x1415.jpg 768w, https:\/\/www.deedeeparis.com\/blog\/wp-content\/uploads\/2023\/01\/IMG_E388BD784101-1-834x1536.jpg 834w, https:\/\/www.deedeeparis.com\/blog\/wp-content\/uploads\/2023\/01\/IMG_E388BD784101-1-1111x2048.jpg 1111w, https:\/\/www.deedeeparis.com\/blog\/wp-content\/uploads\/2023\/01\/IMG_E388BD784101-1-600x1106.jpg 600w, https:\/\/www.deedeeparis.com\/blog\/wp-content\/uploads\/2023\/01\/IMG_E388BD784101-1.jpg 1284w\" sizes=\"auto, (max-width: 241px) 100vw, 241px\" \/><\/a><\/p>\n<p>Tout \u00e7a pour dire que j&rsquo;ai arr\u00eat\u00e9 de remplir le tableau en mai.<\/p>\n<p>Je peux n\u00e9anmoins, \u00e9videmment et sans mauvaise foi !, dresser plusieurs constats.<\/p>\n<h2 class=\"stabylo\">Mon bilan mode 2022 : encore trop d&rsquo;envies et d&rsquo;achats<\/h2>\n<p><a href=\"https:\/\/www.deedeeparis.com\/blog\/wp-content\/uploads\/2023\/01\/IMG_8A6529310365-1.jpg\"><img loading=\"lazy\" decoding=\"async\" class=\"aligncenter size-medium wp-image-5863602\" src=\"https:\/\/www.deedeeparis.com\/blog\/wp-content\/uploads\/2023\/01\/IMG_8A6529310365-1-600x788.jpg\" alt=\"\" width=\"600\" height=\"788\" srcset=\"https:\/\/www.deedeeparis.com\/blog\/wp-content\/uploads\/2023\/01\/IMG_8A6529310365-1-600x788.jpg 600w, https:\/\/www.deedeeparis.com\/blog\/wp-content\/uploads\/2023\/01\/IMG_8A6529310365-1-768x1008.jpg 768w, https:\/\/www.deedeeparis.com\/blog\/wp-content\/uploads\/2023\/01\/IMG_8A6529310365-1-1170x1536.jpg 1170w, https:\/\/www.deedeeparis.com\/blog\/wp-content\/uploads\/2023\/01\/IMG_8A6529310365-1-780x1024.jpg 780w, https:\/\/www.deedeeparis.com\/blog\/wp-content\/uploads\/2023\/01\/IMG_8A6529310365-1.jpg 1284w\" sizes=\"auto, (max-width: 600px) 100vw, 600px\" \/><\/a><\/p>\n<p style=\"text-align: center;\"><em>\u00a9Photo <a href=\"https:\/\/www.instagram.com\/virginie_mespetitespaillettes\/\">Mes Petites Paillettes<\/a> &lt;3<\/em><\/p>\n<p>J&rsquo;aimerais me satisfaire de moins, vraiment. Mais je suis encore trop sensible \u00e0 ce que je consid\u00e8re comme de belles choses, ou des pi\u00e8ces que j&rsquo;estime n\u00e9cessaires \u00e0 un moment ou \u00e0 un autre. Deux constats majeurs et qui expliquent le nombre de pi\u00e8ces que j&rsquo;estime encore trop important :<\/p>\n<p style=\"padding-left: 40px;\"><strong>1\/ En 2022, j&rsquo;\u00e9tais de nouveau enceinte.<\/strong> Mon corps, une fois de plus, s&rsquo;est modifi\u00e9. Et si j&rsquo;ai pu r\u00e9utiliser la plupart des quelques v\u00eatements de grossesse que j&rsquo;avais acquis pour ma premi\u00e8re grossesse en 2020, j&rsquo;ai rachet\u00e9 ou accept\u00e9 de recevoir quelques pi\u00e8ces plus adapt\u00e9es \u00e0 cette seconde grossesse qui n&rsquo;a pas eu lieu \u00e0 la m\u00eame saison&#8230; sinon c&rsquo;est trop facile.<\/p>\n<p style=\"padding-left: 40px;\">En <em>post partum<\/em>, j&rsquo;ai aussi eu envie d&rsquo;acheter quelques pi\u00e8ces&#8230; J&rsquo;ai eu beau ne pas prendre trop de poids, la silhouette se modifie&#8230; comme les envies. J&rsquo;ai eu envie de confort et de v\u00eatements que j&rsquo;estimais \u00eatre valorisants.<\/p>\n<p style=\"padding-left: 40px;\"><strong>2\/ En 2022, j&rsquo;ai aussi accept\u00e9 plus de partenariats avec des marques que j&rsquo;ai envie de soutenir.<\/strong> C&rsquo;est un peu le paradoxe de mon activit\u00e9 puisque je sais que l&rsquo;influence peut aider les marques. Je n&rsquo;ai pas envie de pousser \u00e0 la consommation, mais \u00e0 la fois, j&rsquo;ai envie de valoriser les gens qui font des choses bien et qui sont soumis \u00e0 un march\u00e9 sur lequel il est de plus en plus difficile de survivre en tant que petite marque ind\u00e9pendante. Je sais que vous avez un cerveau et que vous \u00eates capables de ne pas craquer sur la premi\u00e8re nippe que je montre, mais voil\u00e0, parfois, je culpabilise de montrer du neuf. J&rsquo;essaye donc de ruser, de mixer du neuf et de la seconde main, de miser sur de bons basiques qu&rsquo;on pourra r\u00e9utiliser. Mais c&rsquo;est un fait, je mets en avant des nouveaut\u00e9s. Pour \u00eatre parfaitement honn\u00eate avec vous, je n&rsquo;ai pas encore r\u00e9ussi \u00e0 r\u00e9soudre cette \u00e9quation&#8230; !<\/p>\n<p style=\"padding-left: 40px;\">C\u00f4t\u00e9 positif, quand m\u00eame ! :<\/p>\n<p style=\"padding-left: 40px;\">1\/ je suis heureuse de m&rsquo;\u00eatre encore plus tourn\u00e9e vers des <strong>achats en seconde main<\/strong>, et de ne pas avoir craqu\u00e9 pour quasi <strong>aucun v\u00eatement de fast fashion<\/strong>, m\u00eame d&rsquo;occasion&#8230;! (Exception faite de 3 pi\u00e8ces pour la grossesse).<\/p>\n<p style=\"padding-left: 40px;\">2\/ J&rsquo;ai vraiment pris plaisir \u00e0 <strong>porter et reporter des pi\u00e8ces que j&rsquo;avais oubli\u00e9es<\/strong> ou que j&rsquo;ai red\u00e9couvertes \u00e0 mesure que je triais pour le d\u00e9m\u00e9nagement. Une \u00e9vidence, mais avoir ses v\u00eatements \u00e0 port\u00e9e de main (et surtout d&rsquo;oeil !) aide \u00e0 les utiliser vraiment.<\/p>\n<p>Passons maintenant aux choses s\u00e9rieuses&#8230;<\/p>\n<h2 class=\"stabylo\">MON BILAN MODE 2022<\/h2>\n<p>Comme pour le <a href=\"https:\/\/www.deedeeparis.com\/blog\/mon-bilan-mode-2021\">bilan mode 2021<\/a>, impossible de dresser ici une liste exhaustive qui serait imbitable, mais voici l\u2019int\u00e9gralit\u00e9 de ce qui a rejoint mes placards :<\/p>\n<h4>41 v\u00eatements :<\/h4>\n<ul>\n<li>30 v\u00eatements neufs dont 15 offerts<\/li>\n<li>11 v\u00eatements en seconde main<\/li>\n<\/ul>\n<h4>16 ACCESSOIRES :<\/h4>\n<ul>\n<li>14 accessoires neufs dont 3 offerts<\/li>\n<li>1 accessoires en seconde main<\/li>\n<\/ul>\n<p>En 2022, j&rsquo;avais acquis 38 v\u00eatements et 19 accessoires. On est donc peu ou prou sur le m\u00eame volume.<\/p>\n<p>Et comme l&rsquo;ann\u00e9e derni\u00e8re, j&rsquo;ai toujours<strong> plus d\u2019affaires qui ne sortent vs qui ne rentrent.\u00a0<\/strong><\/p>\n<p>&nbsp;<\/p>\n<h2 class=\"stabylo\">BONNE PIOCHE : TOP 5 DES ACHATS \u00ab\u00a0VALID\u00c9S\u00a0\u00bb !<\/h2>\n<h3>Mes deux pantalons Coco chez Contrejour<\/h3>\n<p><a href=\"https:\/\/www.deedeeparis.com\/blog\/wp-content\/uploads\/2023\/01\/IMG_9250-scaled.jpg\"><img loading=\"lazy\" decoding=\"async\" class=\"size-medium wp-image-5863371 aligncenter\" src=\"https:\/\/www.deedeeparis.com\/blog\/wp-content\/uploads\/2023\/01\/IMG_9250-600x900.jpg\" alt=\"\" width=\"600\" height=\"900\" srcset=\"https:\/\/www.deedeeparis.com\/blog\/wp-content\/uploads\/2023\/01\/IMG_9250-600x900.jpg 600w, https:\/\/www.deedeeparis.com\/blog\/wp-content\/uploads\/2023\/01\/IMG_9250-768x1152.jpg 768w, https:\/\/www.deedeeparis.com\/blog\/wp-content\/uploads\/2023\/01\/IMG_9250-1024x1536.jpg 1024w, https:\/\/www.deedeeparis.com\/blog\/wp-content\/uploads\/2023\/01\/IMG_9250-1365x2048.jpg 1365w, https:\/\/www.deedeeparis.com\/blog\/wp-content\/uploads\/2023\/01\/IMG_9250-683x1024.jpg 683w, https:\/\/www.deedeeparis.com\/blog\/wp-content\/uploads\/2023\/01\/IMG_9250-scaled.jpg 1707w\" sizes=\"auto, (max-width: 600px) 100vw, 600px\" \/><\/a><\/p>\n<p style=\"text-align: center;\"><em>\u00a9Photo <a href=\"https:\/\/www.instagram.com\/yleniacuellar\/\" target=\"_blank\" rel=\"noopener\">Ylenia Cuellar<\/a><\/em><\/p>\n<p><em><strong>Date d\u2019acquisition<\/strong><\/em> : mars 2022 (le marine) et juin 2022 (le blanc)<\/p>\n<p>Un<a href=\"https:\/\/contrejourparis.com\/products\/pantalon-coco?variant=41125573853363&amp;ae=5\"> marine<\/a>*, un <a href=\"https:\/\/contrejourparis.com\/products\/pantalon-coco-blanc?variant=41573977882803&amp;ae=5\">blanc<\/a>*, que j&rsquo;ai achet\u00e9s tous les deux. Et je les porte tr\u00e8s souvent ! Ils ont pour moi la forme parfaite : bien coup\u00e9s, tissu agr\u00e9able, tomb\u00e9 irr\u00e9prochable. Le blanc est \u00e9videmment salissant mais pour le moment, il encaisse bien les lavages successifs. Je songe \u00e0 faire l&rsquo;aquisition d&rsquo;une troisi\u00e8me couleur tant il est devenu pour moi incontournable !<\/p>\n<p><a href=\"https:\/\/www.deedeeparis.com\/blog\/wp-content\/uploads\/2023\/01\/Deedee-9165-scaled.jpg\"><img loading=\"lazy\" decoding=\"async\" class=\"size-medium wp-image-5863365 aligncenter\" src=\"https:\/\/www.deedeeparis.com\/blog\/wp-content\/uploads\/2023\/01\/Deedee-9165-600x900.jpg\" alt=\"\" width=\"600\" height=\"900\" srcset=\"https:\/\/www.deedeeparis.com\/blog\/wp-content\/uploads\/2023\/01\/Deedee-9165-600x900.jpg 600w, https:\/\/www.deedeeparis.com\/blog\/wp-content\/uploads\/2023\/01\/Deedee-9165-768x1152.jpg 768w, https:\/\/www.deedeeparis.com\/blog\/wp-content\/uploads\/2023\/01\/Deedee-9165-1024x1536.jpg 1024w, https:\/\/www.deedeeparis.com\/blog\/wp-content\/uploads\/2023\/01\/Deedee-9165-1365x2048.jpg 1365w, https:\/\/www.deedeeparis.com\/blog\/wp-content\/uploads\/2023\/01\/Deedee-9165-683x1024.jpg 683w, https:\/\/www.deedeeparis.com\/blog\/wp-content\/uploads\/2023\/01\/Deedee-9165-scaled.jpg 1707w\" sizes=\"auto, (max-width: 600px) 100vw, 600px\" \/><\/a><\/p>\n<p style=\"text-align: center;\"><em>\u00a9Photo <a href=\"https:\/\/www.instagram.com\/laurienavarro_photographe\/\">Laurie Navarro<\/a><\/em><\/p>\n<p>&nbsp;<\/p>\n<h3>Mon legging l\u00e9opard Jolibump<\/h3>\n<p><a href=\"https:\/\/www.deedeeparis.com\/blog\/wp-content\/uploads\/2023\/01\/IMG_B18C099D5287-1.jpg\"><img loading=\"lazy\" decoding=\"async\" class=\"size-medium wp-image-5863361 aligncenter\" src=\"https:\/\/www.deedeeparis.com\/blog\/wp-content\/uploads\/2023\/01\/IMG_B18C099D5287-1-600x731.jpg\" alt=\"\" width=\"600\" height=\"731\" srcset=\"https:\/\/www.deedeeparis.com\/blog\/wp-content\/uploads\/2023\/01\/IMG_B18C099D5287-1-600x731.jpg 600w, https:\/\/www.deedeeparis.com\/blog\/wp-content\/uploads\/2023\/01\/IMG_B18C099D5287-1-768x936.jpg 768w, https:\/\/www.deedeeparis.com\/blog\/wp-content\/uploads\/2023\/01\/IMG_B18C099D5287-1-1260x1536.jpg 1260w, https:\/\/www.deedeeparis.com\/blog\/wp-content\/uploads\/2023\/01\/IMG_B18C099D5287-1-840x1024.jpg 840w, https:\/\/www.deedeeparis.com\/blog\/wp-content\/uploads\/2023\/01\/IMG_B18C099D5287-1.jpg 1284w\" sizes=\"auto, (max-width: 600px) 100vw, 600px\" \/><\/a><\/p>\n<p style=\"text-align: center;\"><em>\u00a9Photo <a href=\"https:\/\/www.instagram.com\/yleniacuellar\/\" target=\"_blank\" rel=\"noopener\">Ylenia Cuellar<\/a><\/em><\/p>\n<p><em><strong>Date d\u2019acquisition<\/strong><\/em> : avril 2022<\/p>\n<p>J&rsquo;ai accept\u00e9 que la marque me l&rsquo;offre quand j&rsquo;\u00e9tais enceinte. Je ne le regrette pas : non seulement il m&rsquo;a \u00e9t\u00e9 plus qu&rsquo;utile jusqu&rsquo;\u00e0 la naissance de ma fille, mais en plus, je n&rsquo;ai de cesse de le porter depuis. Bonne pioche !<\/p>\n<h3>Mon bandana Herm\u00e8s<\/h3>\n<p><a href=\"https:\/\/www.deedeeparis.com\/blog\/wp-content\/uploads\/2023\/01\/IMG_D539978AB048-1.jpg\"><img loading=\"lazy\" decoding=\"async\" class=\"aligncenter size-medium wp-image-5863363\" src=\"https:\/\/www.deedeeparis.com\/blog\/wp-content\/uploads\/2023\/01\/IMG_D539978AB048-1-600x980.jpg\" alt=\"\" width=\"600\" height=\"980\" srcset=\"https:\/\/www.deedeeparis.com\/blog\/wp-content\/uploads\/2023\/01\/IMG_D539978AB048-1-600x980.jpg 600w, https:\/\/www.deedeeparis.com\/blog\/wp-content\/uploads\/2023\/01\/IMG_D539978AB048-1-768x1254.jpg 768w, https:\/\/www.deedeeparis.com\/blog\/wp-content\/uploads\/2023\/01\/IMG_D539978AB048-1-940x1536.jpg 940w, https:\/\/www.deedeeparis.com\/blog\/wp-content\/uploads\/2023\/01\/IMG_D539978AB048-1-1254x2048.jpg 1254w, https:\/\/www.deedeeparis.com\/blog\/wp-content\/uploads\/2023\/01\/IMG_D539978AB048-1-627x1024.jpg 627w, https:\/\/www.deedeeparis.com\/blog\/wp-content\/uploads\/2023\/01\/IMG_D539978AB048-1.jpg 1284w\" sizes=\"auto, (max-width: 600px) 100vw, 600px\" \/><\/a><\/p>\n<p><em><strong>Date d\u2019acquisition<\/strong><\/em> : novembre 2022<\/p>\n<p>Il faut que je vous fasse une plue jolie photo, mais je suis bien contente de m&rsquo;\u00eatre offert ce carr\u00e9 que je ne quitte pas. Moi qui ai tendance \u00e0 porter de plus en plus de pi\u00e8ces basiques et sobres, il apporte une touche un peu plus fun \u00e0 l&rsquo;ensemble en plus de prot\u00e9ger efficacement le cou des frimas. Je sais aussi qu&rsquo;il m&rsquo;accompagnera longtemps et que si daventure je m&rsquo;en lasse (ce qui m&rsquo;\u00e9tonnerait !), je pourrais bien le revendre.<\/p>\n<h3>Mon jean de bonnasse Elise Chalmin<\/h3>\n<p><a href=\"https:\/\/www.deedeeparis.com\/blog\/wp-content\/uploads\/2023\/01\/IMG_2740A4A74BF5-1.jpg\"><img loading=\"lazy\" decoding=\"async\" class=\"aligncenter size-medium wp-image-5863362\" src=\"https:\/\/www.deedeeparis.com\/blog\/wp-content\/uploads\/2023\/01\/IMG_2740A4A74BF5-1-600x741.jpg\" alt=\"\" width=\"600\" height=\"741\" srcset=\"https:\/\/www.deedeeparis.com\/blog\/wp-content\/uploads\/2023\/01\/IMG_2740A4A74BF5-1-600x741.jpg 600w, https:\/\/www.deedeeparis.com\/blog\/wp-content\/uploads\/2023\/01\/IMG_2740A4A74BF5-1-768x949.jpg 768w, https:\/\/www.deedeeparis.com\/blog\/wp-content\/uploads\/2023\/01\/IMG_2740A4A74BF5-1-1244x1536.jpg 1244w, https:\/\/www.deedeeparis.com\/blog\/wp-content\/uploads\/2023\/01\/IMG_2740A4A74BF5-1-829x1024.jpg 829w, https:\/\/www.deedeeparis.com\/blog\/wp-content\/uploads\/2023\/01\/IMG_2740A4A74BF5-1.jpg 1284w\" sizes=\"auto, (max-width: 600px) 100vw, 600px\" \/><\/a><\/p>\n<p style=\"text-align: center;\"><em>\u00a9Photo <a href=\"https:\/\/www.instagram.com\/laurienavarro_photographe\/\">Laurie Navarro<\/a><\/em><\/p>\n<p><em><strong>Date d\u2019acquisition<\/strong><\/em> : novembre 2022<\/p>\n<p>Elise m&rsquo;a propos\u00e9 de me l&rsquo;offrir et j&rsquo;ai dit oui : je soutiens sa marque que je trouve vraiment diff\u00e9rente avec ses pi\u00e8ces joyeuses, color\u00e9es et parfaitement coup\u00e9es, sans compromis sur la production et les tissus utilis\u00e9s. La coupe est diff\u00e9rente de celles que je porte habituellement mais \u00e7a bouscule gentiment mes habitudes et comme je me sens super bien dedans, inutile de vous dire que je rebats les cartes avec plaisir !<\/p>\n<h3>Mes chaussures Carel<\/h3>\n<p><a href=\"https:\/\/www.deedeeparis.com\/blog\/wp-content\/uploads\/2023\/01\/IMG_5147-scaled.jpg\"><img loading=\"lazy\" decoding=\"async\" class=\"aligncenter size-medium wp-image-5863364\" src=\"https:\/\/www.deedeeparis.com\/blog\/wp-content\/uploads\/2023\/01\/IMG_5147-600x450.jpg\" alt=\"\" width=\"600\" height=\"450\" srcset=\"https:\/\/www.deedeeparis.com\/blog\/wp-content\/uploads\/2023\/01\/IMG_5147-600x450.jpg 600w, https:\/\/www.deedeeparis.com\/blog\/wp-content\/uploads\/2023\/01\/IMG_5147-1024x768.jpg 1024w\" sizes=\"auto, (max-width: 600px) 100vw, 600px\" \/><\/a><\/p>\n<p><em><strong>Date d\u2019acquisition<\/strong><\/em> : d\u00e9cembre 2022<\/p>\n<p>Un peu honteuse d&rsquo;avoir c\u00e9d\u00e9 aux sir\u00e8nes de la moderie du moment et largement influenc\u00e9e par ma Petite Paillette, je suis n\u00e9anmoins ravie d&rsquo;avoir fait main basse sur ces p\u00e9pites&#8230; Sur Vinted ! Je les ai pay\u00e9es 100 euros moins cher que le mod\u00e8le neuf alors qu&rsquo;elles le sont quasiment, neuves. Et j&rsquo;ai ainsi moins l&rsquo;impression d&rsquo;\u00eatre une victime de la mode (quoique&#8230;).<\/p>\n<p>&nbsp;<\/p>\n<h2 class=\"stabylo\">MAUVAISE PIOCHE : LES ACHATS QUE J\u2019AURAIS DU \u00c9VITER OU QUE JE N\u2019ASSUME PAS !<\/h2>\n<p>\u00c9tonnamment, je me suis assez peu plant\u00e9e en 2022. Je peux citer un ensemble chemise \/ pantalon S\u00e9zane que je trouvais parfait mais que je n&rsquo;ai r\u00e9ussi \u00e0 porter qu&rsquo;une seule fois. Je l&rsquo;ai donc revendu avant de quitter Paris. Mais en dehors de ce faux pas, rien \u00e0 signaler.<\/p>\n<p>En revanche, 2022 aura \u00e9t\u00e9<strong> l&rsquo;ann\u00e9e des foirages<\/strong> : j&rsquo;ai perdu mes lunettes C\u00e9line ador\u00e9es que j&rsquo;avais en sus trouv\u00e9es en vide dressing pour 30 euros et fait r\u00e9tr\u00e9cir mon pull pr\u00e9f\u00e9r\u00e9 de tous les temps trouv\u00e9 lui aussi en seconde main, sur Vinted&#8230;<\/p>\n<p>Voil\u00e0, c&rsquo;est tout pour ce bilan. Pour l&rsquo;ann\u00e9e prochaine, je tente de consigner aussi ce qui sort de mes placards, histoire d&rsquo;avoir une vision plus juste des choses !<\/p>\n<p>Et vous alors, combien de pi\u00e8ces ont rejoint vos placards ? Vous \u00eates plut\u00f4t satisfaites ou effar\u00e9es ?!<\/p>\n","protected":false},"excerpt":{"rendered":"<p>\u00a9Photo Ana in Green Tout avait pourtant bien commenc\u00e9 : mue par les fameuses bonnes r\u00e9solutions de d\u00e9but d&rsquo;ann\u00e9e, j&rsquo;avais ouvert une note d\u00e8s janvier dernier sur mon smartphone pour consigner chaque achat. La pi\u00e8ce achet\u00e9e, quand, son montant et m\u00eame, la raison de mon achat. Et puis j&rsquo;ai commenc\u00e9 \u00e0 remplir le tableaux. Tr\u00e8s, [&hellip;]<\/p>\n","protected":false},"author":2,"featured_media":5863507,"comment_status":"open","ping_status":"open","sticky":false,"template":"","format":"standard","meta":{"_acf_changed":false,"footnotes":""},"categories":[7937],"tags":[9512,9957,9956,9917,8748,4636,8747],"class_list":["post-5841814","post","type-post","status-publish","format-standard","has-post-thumbnail","hentry","category-mode-a-paris","tag-annuaire-mode-responsable","tag-bien-acheter-sur-vinted","tag-bien-vendre-sur-vinted","tag-bilan-mode","tag-mode-ethique","tag-mode-paris","tag-mode-responsable"],"acf":[],"geo":null,"_links":{"self":[{"href":"https:\/\/www.deedeeparis.com\/blog\/wp-json\/wp\/v2\/posts\/5841814","targetHints":{"allow":["GET"]}}],"collection":[{"href":"https:\/\/www.deedeeparis.com\/blog\/wp-json\/wp\/v2\/posts"}],"about":[{"href":"https:\/\/www.deedeeparis.com\/blog\/wp-json\/wp\/v2\/types\/post"}],"author":[{"embeddable":true,"href":"https:\/\/www.deedeeparis.com\/blog\/wp-json\/wp\/v2\/users\/2"}],"replies":[{"embeddable":true,"href":"https:\/\/www.deedeeparis.com\/blog\/wp-json\/wp\/v2\/comments?post=5841814"}],"version-history":[{"count":12,"href":"https:\/\/www.deedeeparis.com\/blog\/wp-json\/wp\/v2\/posts\/5841814\/revisions"}],"predecessor-version":[{"id":5863862,"href":"https:\/\/www.deedeeparis.com\/blog\/wp-json\/wp\/v2\/posts\/5841814\/revisions\/5863862"}],"wp:featuredmedia":[{"embeddable":true,"href":"https:\/\/www.deedeeparis.com\/blog\/wp-json\/wp\/v2\/media\/5863507"}],"wp:attachment":[{"href":"https:\/\/www.deedeeparis.com\/blog\/wp-json\/wp\/v2\/media?parent=5841814"}],"wp:term":[{"taxonomy":"category","embeddable":true,"href":"https:\/\/www.deedeeparis.com\/blog\/wp-json\/wp\/v2\/categories?post=5841814"},{"taxonomy":"post_tag","embeddable":true,"href":"https:\/\/www.deedeeparis.com\/blog\/wp-json\/wp\/v2\/tags?post=5841814"}],"curies":[{"name":"wp","href":"https:\/\/api.w.org\/{rel}","templated":true}]}}