{"id":58464,"date":"2018-07-02T07:03:01","date_gmt":"2018-07-02T05:03:01","guid":{"rendered":"https:\/\/www.deedeeparis.com\/blog\/?p=58464"},"modified":"2018-07-02T09:06:14","modified_gmt":"2018-07-02T07:06:14","slug":"ma-week-list-273","status":"publish","type":"post","link":"https:\/\/www.deedeeparis.com\/blog\/ma-week-list-273","title":{"rendered":"Ma Week List #273"},"content":{"rendered":"<p>Hello la compagnie ! J&rsquo;esp\u00e8re que vous avez pass\u00e9 un bon week-end. Je reviens pour ma part d&rsquo;une parenth\u00e8se au Festival Isla sur l&rsquo;\u00eele des Embiez, invit\u00e9e par Prescription Lab : c&rsquo;\u00e9tait d\u00e9tente \u00e0 tous les niveaux, j&rsquo;ai h\u00e2te de vous raconter ! Pour l&rsquo;heure, nouvelle semaine&#8230; nouveaux coups de coeur. Cette semaine, j&rsquo;aime :<\/p>\n<h2 class=\"stabylo\">La collection d&rsquo;accessoires sign\u00e9s Oh My Cream<\/h2>\n<p><a href=\"https:\/\/www.deedeeparis.com\/blog\/wp-content\/uploads\/2018\/06\/2018_06_Categorie-selection-accessoires_410x260@2x.jpg\"><img loading=\"lazy\" decoding=\"async\" class=\"aligncenter size-full wp-image-58467\" src=\"https:\/\/www.deedeeparis.com\/blog\/wp-content\/uploads\/2018\/06\/2018_06_Categorie-selection-accessoires_410x260@2x.jpg\" alt=\"\" width=\"820\" height=\"520\" srcset=\"https:\/\/www.deedeeparis.com\/blog\/wp-content\/uploads\/2018\/06\/2018_06_Categorie-selection-accessoires_410x260@2x.jpg 820w, https:\/\/www.deedeeparis.com\/blog\/wp-content\/uploads\/2018\/06\/2018_06_Categorie-selection-accessoires_410x260@2x-768x487.jpg 768w, https:\/\/www.deedeeparis.com\/blog\/wp-content\/uploads\/2018\/06\/2018_06_Categorie-selection-accessoires_410x260@2x-600x380.jpg 600w\" sizes=\"auto, (max-width: 820px) 100vw, 820px\" \/><\/a><\/p>\n<p><a href=\"https:\/\/bit.ly\/2MxYVMB\" target=\"_blank\" rel=\"noopener\">Oh My Cream<\/a>, le shop beaut\u00e9 pointu et sans concession sur la qualit\u00e9 des produits a 5 ans ! A cette occasion, la marque lance une collection de 5 accessoires d\u00e9velopp\u00e9s avec une autre de mes marques chouchou, Rive Droite. On trouve ainsi 3 trousses 100% \u00e9co-con\u00e7ues, fabriqu\u00e9es au Maroc par des couturiers entrepreneurs \u00e0 partir de coton recycl\u00e9. Autre rayon, autre accessoire \u00e0 retrouver pour les 5 ans de la marque, une \u00e9ponge Konjac 100% fibres v\u00e9g\u00e9tales qui exfolie en douceur. Je n&rsquo;ai jamais utilis\u00e9 ces \u00e9ponges dont on parle tant, \u00e7a va peut \u00eatre \u00eatre l&rsquo;occasion ! Dernier objet et non des moindres, une bougie parfum\u00e9e enti\u00e8rement compos\u00e9e de cire v\u00e9g\u00e9tale et made in France. Des anniversaires comme celui-ci, on en redemande !<\/p>\n<p>&nbsp;<\/p>\n<h2 class=\"uppercase stabylo\">La vid\u00e9o de Plastic Change<\/h2>\n<p><iframe loading=\"lazy\" src=\"https:\/\/www.youtube.com\/embed\/1ZvoiEtO3Go\" width=\"1020\" height=\"425\" frameborder=\"0\" allowfullscreen=\"allowfullscreen\"><\/iframe><\/p>\n<p><a href=\"https:\/\/plasticchange.org\/about-plastic-change\/who-we-are\/\" target=\"_blank\" rel=\"noopener\">Plastic Change<\/a> est une association danoise qui lutte contre la pollution \u00e0 l&rsquo;\u00e9chelle mondiale. Avant l&rsquo;\u00e9t\u00e9, l&rsquo;organisme lance cette vid\u00e9o que j&rsquo;ai trouv\u00e9e dr\u00f4lement bien ficel\u00e9e pour sensibiliser l&rsquo;opinion publique aux d\u00e9chets sur la plage&#8230;! La vid\u00e9o a \u00e9t\u00e9 r\u00e9alis\u00e9e par\u00a0TAW Denmark et j&rsquo;avoue, je me suis prise deux secondes \u00e0 l&rsquo;envie de voir ce sc\u00e9nario se r\u00e9aliser dans la vraie vie pour stopper les osthrogoths de tout poil qui prennent leur environnement pour une poubelle \u00e0 ciel ouvert&#8230; !<\/p>\n<h2 class=\"stabylo\">Les paniers roses de la marque Rice<\/h2>\n<p><a href=\"https:\/\/www.deedeeparis.com\/blog\/wp-content\/uploads\/2018\/06\/paniers.jpg\"><img loading=\"lazy\" decoding=\"async\" class=\"aligncenter size-full wp-image-58469\" src=\"https:\/\/www.deedeeparis.com\/blog\/wp-content\/uploads\/2018\/06\/paniers.jpg\" alt=\"\" width=\"933\" height=\"1400\" srcset=\"https:\/\/www.deedeeparis.com\/blog\/wp-content\/uploads\/2018\/06\/paniers.jpg 933w, https:\/\/www.deedeeparis.com\/blog\/wp-content\/uploads\/2018\/06\/paniers-768x1152.jpg 768w, https:\/\/www.deedeeparis.com\/blog\/wp-content\/uploads\/2018\/06\/paniers-600x900.jpg 600w, https:\/\/www.deedeeparis.com\/blog\/wp-content\/uploads\/2018\/06\/paniers-682x1024.jpg 682w\" sizes=\"auto, (max-width: 933px) 100vw, 933px\" \/><\/a><\/p>\n<p>Parce qu&rsquo;on a jamais assez de paniers (la preuve !), on s&rsquo;offre ces <a href=\"http:\/\/bit.ly\/2KtNlS6\" target=\"_blank\" rel=\"noopener\">paniers roses Rice<\/a> propos\u00e9s \u00e0 50% de r\u00e9duction&#8230; Merci les soldes ! Si celui-ci n&rsquo;a pas vos faveurs, vous pouvez encore consulter la <a href=\"https:\/\/www.deedeeparis.com\/blog\/20-paniers-que-vous-ne-verrez-pas-partout\" target=\"_blank\" rel=\"noopener\">s\u00e9lection de paniers<\/a> que j&rsquo;avais faite il y a quelques jours.<\/p>\n<p><a href=\"https:\/\/www.deedeeparis.com\/blog\/wp-content\/uploads\/2018\/06\/paniersnroses.jpg\"><img loading=\"lazy\" decoding=\"async\" class=\"aligncenter size-medium wp-image-58470\" src=\"https:\/\/www.deedeeparis.com\/blog\/wp-content\/uploads\/2018\/06\/paniersnroses-600x900.jpg\" alt=\"\" width=\"600\" height=\"900\" srcset=\"https:\/\/www.deedeeparis.com\/blog\/wp-content\/uploads\/2018\/06\/paniersnroses-600x900.jpg 600w, https:\/\/www.deedeeparis.com\/blog\/wp-content\/uploads\/2018\/06\/paniersnroses-768x1152.jpg 768w, https:\/\/www.deedeeparis.com\/blog\/wp-content\/uploads\/2018\/06\/paniersnroses-682x1024.jpg 682w, https:\/\/www.deedeeparis.com\/blog\/wp-content\/uploads\/2018\/06\/paniersnroses.jpg 933w\" sizes=\"auto, (max-width: 600px) 100vw, 600px\" \/><\/a><\/p>\n<h2 class=\"stabylo\">\u00ab\u00a0Des hommes styl\u00e9s\u00a0\u00bb, le nouveau documentaire de Lo\u00efc Prigent<\/h2>\n<div><a href=\"https:\/\/www.deedeeparis.com\/blog\/wp-content\/uploads\/2018\/06\/4cce.jpg\"><img loading=\"lazy\" decoding=\"async\" class=\"aligncenter size-full wp-image-58483\" src=\"https:\/\/www.deedeeparis.com\/blog\/wp-content\/uploads\/2018\/06\/4cce.jpg\" alt=\"\" width=\"600\" height=\"400\" \/><\/a><\/div>\n<div><\/div>\n<div class=\"fg-article__meta\">\n<div class=\"actions fg-article__actions\" style=\"text-align: left;\">Si je trouve parfois qu&rsquo;il semble manquer d&rsquo;humilit\u00e9, je confesse \u00eatre toujours aussi fan des stories et statuts Instagram incisives et des tweets sans concession de Lo\u00efc Prigent. Le\u00a0r\u00e9alisateur s\u2019appr\u00eate cette fois-ci \u00e0 d\u00e9voiler son prochain opus intitul\u00e9 \u00ab\u00a0Des hommes styl\u00e9s\u00a0\u00bb, un documentaire dans lequel il d\u00e9crypte la garde-robe masculine. Rendez-vous sur Arte le dimanche 8 juillet \u00e0 22h30 ou en replay les 60 jours suivants !<\/div>\n<div><\/div>\n<div><em>Sur la photo : extrait du documentaire, Virgil Abloh, cr\u00e9ateur am\u00e9ricain architecte de formation, styliste, DJ et bras droit de Kanye West. Et accessoirement Directeur Artistique Homme de la Maison Vuitton. Rien que \u00e7a.\u00a0<\/em><\/div>\n<\/div>\n<h2 class=\"stabylo\">Les photos de piscines de\u00a0Stephan Zirwes<\/h2>\n<p><a href=\"https:\/\/www.deedeeparis.com\/blog\/wp-content\/uploads\/2018\/06\/POOLS11.jpg\"><img loading=\"lazy\" decoding=\"async\" class=\"aligncenter size-medium wp-image-58478\" src=\"https:\/\/www.deedeeparis.com\/blog\/wp-content\/uploads\/2018\/06\/POOLS11-600x600.jpg\" alt=\"\" width=\"600\" height=\"600\" srcset=\"https:\/\/www.deedeeparis.com\/blog\/wp-content\/uploads\/2018\/06\/POOLS11-600x600.jpg 600w, https:\/\/www.deedeeparis.com\/blog\/wp-content\/uploads\/2018\/06\/POOLS11-768x768.jpg 768w, https:\/\/www.deedeeparis.com\/blog\/wp-content\/uploads\/2018\/06\/POOLS11-150x150.jpg 150w, https:\/\/www.deedeeparis.com\/blog\/wp-content\/uploads\/2018\/06\/POOLS11.jpg 1000w\" sizes=\"auto, (max-width: 600px) 100vw, 600px\" \/><\/a><\/p>\n<p><a href=\"https:\/\/stephanzirwes.com\/start\/\" target=\"_blank\" rel=\"noopener\">Stephan Zirwes<\/a> est un photographe allemand. Il a publi\u00e9 deux s\u00e9ries intitul\u00e9es \u00abPools\u00bb et \u00abPools Cut Outs\u00bb et livre des photos incroyables de piscines&#8230; parce que c&rsquo;est d&rsquo;actualit\u00e9 et qu&rsquo;on se verrait bien au bord de l&rsquo;une d&rsquo;entre elles, non ?!<\/p>\n<p><a href=\"https:\/\/www.deedeeparis.com\/blog\/wp-content\/uploads\/2018\/06\/POOLS14.jpg\"><img loading=\"lazy\" decoding=\"async\" class=\"aligncenter size-medium wp-image-58479\" src=\"https:\/\/www.deedeeparis.com\/blog\/wp-content\/uploads\/2018\/06\/POOLS14-600x600.jpg\" alt=\"\" width=\"600\" height=\"600\" srcset=\"https:\/\/www.deedeeparis.com\/blog\/wp-content\/uploads\/2018\/06\/POOLS14-600x600.jpg 600w, https:\/\/www.deedeeparis.com\/blog\/wp-content\/uploads\/2018\/06\/POOLS14-768x768.jpg 768w, https:\/\/www.deedeeparis.com\/blog\/wp-content\/uploads\/2018\/06\/POOLS14-150x150.jpg 150w, https:\/\/www.deedeeparis.com\/blog\/wp-content\/uploads\/2018\/06\/POOLS14.jpg 1000w\" sizes=\"auto, (max-width: 600px) 100vw, 600px\" \/><\/a><\/p>\n<p><a href=\"https:\/\/www.deedeeparis.com\/blog\/wp-content\/uploads\/2018\/06\/POOLS10.jpg\"><img loading=\"lazy\" decoding=\"async\" class=\"aligncenter size-medium wp-image-58477\" src=\"https:\/\/www.deedeeparis.com\/blog\/wp-content\/uploads\/2018\/06\/POOLS10-600x600.jpg\" alt=\"\" width=\"600\" height=\"600\" srcset=\"https:\/\/www.deedeeparis.com\/blog\/wp-content\/uploads\/2018\/06\/POOLS10-600x600.jpg 600w, https:\/\/www.deedeeparis.com\/blog\/wp-content\/uploads\/2018\/06\/POOLS10-768x768.jpg 768w, https:\/\/www.deedeeparis.com\/blog\/wp-content\/uploads\/2018\/06\/POOLS10-150x150.jpg 150w, https:\/\/www.deedeeparis.com\/blog\/wp-content\/uploads\/2018\/06\/POOLS10.jpg 1000w\" sizes=\"auto, (max-width: 600px) 100vw, 600px\" \/><\/a><\/p>\n<p><a href=\"https:\/\/www.deedeeparis.com\/blog\/wp-content\/uploads\/2018\/06\/POOLS7.jpg\"><img loading=\"lazy\" decoding=\"async\" class=\"aligncenter size-medium wp-image-58476\" src=\"https:\/\/www.deedeeparis.com\/blog\/wp-content\/uploads\/2018\/06\/POOLS7-600x600.jpg\" alt=\"\" width=\"600\" height=\"600\" srcset=\"https:\/\/www.deedeeparis.com\/blog\/wp-content\/uploads\/2018\/06\/POOLS7-600x600.jpg 600w, https:\/\/www.deedeeparis.com\/blog\/wp-content\/uploads\/2018\/06\/POOLS7-768x768.jpg 768w, https:\/\/www.deedeeparis.com\/blog\/wp-content\/uploads\/2018\/06\/POOLS7-150x150.jpg 150w, https:\/\/www.deedeeparis.com\/blog\/wp-content\/uploads\/2018\/06\/POOLS7.jpg 1000w\" sizes=\"auto, (max-width: 600px) 100vw, 600px\" \/><\/a><\/p>\n<p><a href=\"https:\/\/www.deedeeparis.com\/blog\/wp-content\/uploads\/2018\/06\/POOLS1-1.jpg\"><img loading=\"lazy\" decoding=\"async\" class=\"aligncenter size-medium wp-image-58475\" src=\"https:\/\/www.deedeeparis.com\/blog\/wp-content\/uploads\/2018\/06\/POOLS1-1-600x600.jpg\" alt=\"\" width=\"600\" height=\"600\" srcset=\"https:\/\/www.deedeeparis.com\/blog\/wp-content\/uploads\/2018\/06\/POOLS1-1-600x600.jpg 600w, https:\/\/www.deedeeparis.com\/blog\/wp-content\/uploads\/2018\/06\/POOLS1-1-768x768.jpg 768w, https:\/\/www.deedeeparis.com\/blog\/wp-content\/uploads\/2018\/06\/POOLS1-1-150x150.jpg 150w, https:\/\/www.deedeeparis.com\/blog\/wp-content\/uploads\/2018\/06\/POOLS1-1.jpg 1000w\" sizes=\"auto, (max-width: 600px) 100vw, 600px\" \/><\/a><\/p>\n<h2 class=\"stabylo\">Fais-le toi-m\u00eame : une lampe en papier ajour\u00e9<\/h2>\n<p><a href=\"https:\/\/www.deedeeparis.com\/blog\/wp-content\/uploads\/2018\/06\/DIY-Cut-Out-Detail-Lampshade-@fallfordiy-10.jpg\"><img loading=\"lazy\" decoding=\"async\" class=\"aligncenter size-full wp-image-58486\" src=\"https:\/\/www.deedeeparis.com\/blog\/wp-content\/uploads\/2018\/06\/DIY-Cut-Out-Detail-Lampshade-@fallfordiy-10.jpg\" alt=\"\" width=\"700\" height=\"467\" srcset=\"https:\/\/www.deedeeparis.com\/blog\/wp-content\/uploads\/2018\/06\/DIY-Cut-Out-Detail-Lampshade-@fallfordiy-10.jpg 700w, https:\/\/www.deedeeparis.com\/blog\/wp-content\/uploads\/2018\/06\/DIY-Cut-Out-Detail-Lampshade-@fallfordiy-10-600x400.jpg 600w\" sizes=\"auto, (max-width: 700px) 100vw, 700px\" \/><\/a><\/p>\n<p>Parfaitement d\u00e9sirable et visiblement plut\u00f4t simple \u00e0 r\u00e9aliser, cette lampe en papier d\u00e9coup\u00e9 \/ ajour\u00e9. Le tuto est \u00e0 retrouver sur le blog de <a href=\"http:\/\/fallfordiy.com\/blog\/2018\/05\/15\/diy-cut-out-lampshade\/\" target=\"_blank\" rel=\"noopener\">Fall for DIY<\/a> !<\/p>\n<p><a href=\"https:\/\/www.deedeeparis.com\/blog\/wp-content\/uploads\/2018\/06\/DIY-Cut-Out-Detail-Lampshade-@fallfordiy-12.jpg\"><img loading=\"lazy\" decoding=\"async\" class=\"aligncenter size-full wp-image-58487\" src=\"https:\/\/www.deedeeparis.com\/blog\/wp-content\/uploads\/2018\/06\/DIY-Cut-Out-Detail-Lampshade-@fallfordiy-12.jpg\" alt=\"\" width=\"700\" height=\"1050\" srcset=\"https:\/\/www.deedeeparis.com\/blog\/wp-content\/uploads\/2018\/06\/DIY-Cut-Out-Detail-Lampshade-@fallfordiy-12.jpg 700w, https:\/\/www.deedeeparis.com\/blog\/wp-content\/uploads\/2018\/06\/DIY-Cut-Out-Detail-Lampshade-@fallfordiy-12-600x900.jpg 600w, https:\/\/www.deedeeparis.com\/blog\/wp-content\/uploads\/2018\/06\/DIY-Cut-Out-Detail-Lampshade-@fallfordiy-12-683x1024.jpg 683w\" sizes=\"auto, (max-width: 700px) 100vw, 700px\" \/><\/a><\/p>\n<h2 class=\"stabylo\">Niagara &#8211; L&rsquo;Amour A La Plage<\/h2>\n<p>Evidemment. Parce que l&rsquo;\u00e9t\u00e9, parce que l&rsquo;insouciance, m\u00eame sans vacances, parce que Ah ouh Tcha tcha tcha !<\/p>\n<p><iframe loading=\"lazy\" src=\"https:\/\/www.youtube.com\/embed\/WkPV51HtLfw\" width=\"1020\" height=\"465\" frameborder=\"0\" allowfullscreen=\"allowfullscreen\"><\/iframe><\/p>\n<p>Voil\u00e0, c&rsquo;est tout pour aujourd&rsquo;hui. Prenez soin de vous !<\/p>\n","protected":false},"excerpt":{"rendered":"<p>Hello la compagnie ! J&rsquo;esp\u00e8re que vous avez pass\u00e9 un bon week-end. Je reviens pour ma part d&rsquo;une parenth\u00e8se au Festival Isla sur l&rsquo;\u00eele des Embiez, invit\u00e9e par Prescription Lab : c&rsquo;\u00e9tait d\u00e9tente \u00e0 tous les niveaux, j&rsquo;ai h\u00e2te de vous raconter ! Pour l&rsquo;heure, nouvelle semaine&#8230; nouveaux coups de coeur. Cette semaine, j&rsquo;aime : [&hellip;]<\/p>\n","protected":false},"author":2,"featured_media":58486,"comment_status":"open","ping_status":"open","sticky":false,"template":"","format":"standard","meta":{"_acf_changed":false,"footnotes":""},"categories":[8],"tags":[9213,7627,8941,8820,8825],"class_list":["post-58464","post","type-post","status-publish","format-standard","has-post-thumbnail","hentry","category-chroniques-de-paris","tag-5-ans-oh-my-cream","tag-decouverte-musicale","tag-oh-my-cream","tag-paniers","tag-selection-paniers"],"acf":[],"geo":null,"_links":{"self":[{"href":"https:\/\/www.deedeeparis.com\/blog\/wp-json\/wp\/v2\/posts\/58464","targetHints":{"allow":["GET"]}}],"collection":[{"href":"https:\/\/www.deedeeparis.com\/blog\/wp-json\/wp\/v2\/posts"}],"about":[{"href":"https:\/\/www.deedeeparis.com\/blog\/wp-json\/wp\/v2\/types\/post"}],"author":[{"embeddable":true,"href":"https:\/\/www.deedeeparis.com\/blog\/wp-json\/wp\/v2\/users\/2"}],"replies":[{"embeddable":true,"href":"https:\/\/www.deedeeparis.com\/blog\/wp-json\/wp\/v2\/comments?post=58464"}],"version-history":[{"count":14,"href":"https:\/\/www.deedeeparis.com\/blog\/wp-json\/wp\/v2\/posts\/58464\/revisions"}],"predecessor-version":[{"id":58492,"href":"https:\/\/www.deedeeparis.com\/blog\/wp-json\/wp\/v2\/posts\/58464\/revisions\/58492"}],"wp:featuredmedia":[{"embeddable":true,"href":"https:\/\/www.deedeeparis.com\/blog\/wp-json\/wp\/v2\/media\/58486"}],"wp:attachment":[{"href":"https:\/\/www.deedeeparis.com\/blog\/wp-json\/wp\/v2\/media?parent=58464"}],"wp:term":[{"taxonomy":"category","embeddable":true,"href":"https:\/\/www.deedeeparis.com\/blog\/wp-json\/wp\/v2\/categories?post=58464"},{"taxonomy":"post_tag","embeddable":true,"href":"https:\/\/www.deedeeparis.com\/blog\/wp-json\/wp\/v2\/tags?post=58464"}],"curies":[{"name":"wp","href":"https:\/\/api.w.org\/{rel}","templated":true}]}}