{"id":59187,"date":"2018-07-30T13:08:34","date_gmt":"2018-07-30T11:08:34","guid":{"rendered":"https:\/\/www.deedeeparis.com\/blog\/?p=59187"},"modified":"2018-07-30T13:20:55","modified_gmt":"2018-07-30T11:20:55","slug":"ma-week-list-277","status":"publish","type":"post","link":"https:\/\/www.deedeeparis.com\/blog\/ma-week-list-277","title":{"rendered":"Ma week list #277"},"content":{"rendered":"<p>Hello la compagnie ! J&rsquo;esp\u00e8re que vous passez de bonnes vacances pour les chanceux et que vous tenez bon pour ceux qui sont toujours au travail ! Pour ma part, je tire s\u00e9v\u00e8rement la langue mais l&rsquo;heure des vacances a bient\u00f4t sonn\u00e9 et \u00e7a, c&rsquo;est de la bombe b\u00e9b\u00e9. Evidemment, \u00ab\u00a0elle a free, elle a tout compris\u00a0\u00bb et je ne couperai donc pas enti\u00e8rement. J&rsquo;avais d\u00e9j\u00e0 fait le test de ne pas lire mes mails pendant 15 jours, je l&rsquo;ai pay\u00e9 au retour&#8230; je pr\u00e9f\u00e8re mille fois me coltiner une petite heure de mail par-ci par-l\u00e0 que de g\u00e9rer le tsunami de la rentr\u00e9e !<\/p>\n<p>En r\u00e9alit\u00e9, je ne suis pas excessivement POUR la d\u00e9connexion totale plus pris\u00e9e sous le terme qui fait largement plus genre de <a href=\"https:\/\/www.deedeeparis.com\/blog\/deconnexion-internet-vacances\" target=\"_blank\" rel=\"noopener\">detox digitale<\/a>. J&rsquo;ai envie de continuer \u00e0 poster des stories, par exemple, parce que j&rsquo;aime cette relation qu&rsquo;on entretient l\u00e0 bas. J&rsquo;ai envie de poster des photos sur Instagram parce que j&rsquo;ai toujours aim\u00e9 \u00e7a, faire des photos et les partager. Et puis, je n&rsquo;exclus pas de publier un article ici de temps en temps, \u00e9crire pour le plaisir, sans aucune autre contrainte que mon envie est encore ce qui me plait le plus&#8230; Et quoi de mieux que les vacances pour avoir ce luxe des heures que l&rsquo;on peut employer comme bon nous semble, ou presque !<\/p>\n<p>Bref, comme disais qui vous savez.\u00a0Pour l&rsquo;heure, voici mes coups de coeur de la semaine, les derniers avant la rentr\u00e9e, pour le coup : la Week List, c&rsquo;est un sacr\u00e9 boulot et tout comme les mantras du dimanche soir post\u00e9s sur Instagram, eux seront clairement en stand by pendant les vacances ! Cette semaine j&rsquo;aime :<\/p>\n<h2 class=\"stabylo\">la collection capsule claudie PierLot x Juliette Armanet<\/h2>\n<p><img loading=\"lazy\" decoding=\"async\" class=\"aligncenter size-full wp-image-59199\" src=\"https:\/\/www.deedeeparis.com\/blog\/wp-content\/uploads\/2018\/07\/claudie-pierlot-x-juliette-armanet.jpg\" alt=\"\" width=\"1338\" height=\"1004\" srcset=\"https:\/\/www.deedeeparis.com\/blog\/wp-content\/uploads\/2018\/07\/claudie-pierlot-x-juliette-armanet.jpg 1338w, https:\/\/www.deedeeparis.com\/blog\/wp-content\/uploads\/2018\/07\/claudie-pierlot-x-juliette-armanet-768x576.jpg 768w, https:\/\/www.deedeeparis.com\/blog\/wp-content\/uploads\/2018\/07\/claudie-pierlot-x-juliette-armanet-600x450.jpg 600w, https:\/\/www.deedeeparis.com\/blog\/wp-content\/uploads\/2018\/07\/claudie-pierlot-x-juliette-armanet-1024x768.jpg 1024w\" sizes=\"auto, (max-width: 1338px) 100vw, 1338px\" \/><\/p>\n<p style=\"text-align: justify;\">Pour la rentr\u00e9e, Claudie Pierlot a eu l&rsquo;excellente id\u00e9e de nous concocter une tr\u00e8s chouette collaboration avec Juliette Armanet, qu&rsquo;on ne pr\u00e9sente plus. La sortie de la collection est pr\u00e9vue pour septembre : date \u00e0 laquelle nous pourrons nous jeter sur le t-shirt imagin\u00e9 par la chanteuse ou encore sur la tr\u00e8s d\u00e9sirable salopette en cuir. Il y a une petite dizaine de pi\u00e8ces en tout, toutes assez simple mais parfaitement ma\u00eetris\u00e9es&#8230; LIKE (et want !)<\/p>\n<h2 class=\"stabylo\">Le nouveau Packaging du mascara Hypn\u00f4se de lanc\u00f4me<\/h2>\n<p><img loading=\"lazy\" decoding=\"async\" class=\"aligncenter size-full wp-image-59300\" src=\"https:\/\/www.deedeeparis.com\/blog\/wp-content\/uploads\/2018\/07\/hypnose.jpg\" alt=\"\" width=\"2000\" height=\"1188\" srcset=\"https:\/\/www.deedeeparis.com\/blog\/wp-content\/uploads\/2018\/07\/hypnose.jpg 2000w, https:\/\/www.deedeeparis.com\/blog\/wp-content\/uploads\/2018\/07\/hypnose-768x456.jpg 768w, https:\/\/www.deedeeparis.com\/blog\/wp-content\/uploads\/2018\/07\/hypnose-600x356.jpg 600w, https:\/\/www.deedeeparis.com\/blog\/wp-content\/uploads\/2018\/07\/hypnose-1024x608.jpg 1024w\" sizes=\"auto, (max-width: 2000px) 100vw, 2000px\" \/><\/p>\n<p style=\"text-align: justify;\">R\u00e9cemment, l&rsquo;iconique mascara <a href=\"http:\/\/bit.ly\/2NQVaT3\" target=\"_blank\" rel=\"noopener\">Hypn\u00f4se<\/a> de Lanc\u00f4me s&rsquo;est refait une beaut\u00e9. Le produit, lui, n&rsquo;a pas chang\u00e9&#8230; et pour une fois, j&rsquo;aime assez l&rsquo;id\u00e9e : les marques changent souvent leurs produits, m\u00eame phare, au nom du sacro saint marketing. Combien de produits j&rsquo;adorais et je n&rsquo;ai plus pu racheter ! Ici, donc, m\u00eame formule d&rsquo;excellence et nouveau packaging : le nouveau tube de ce\u00a0produit iconique est simple, d&rsquo;un noir profond, sans superflu et beaucoup plus fin ce qui facilite la prise en main. Quand on sait qu&rsquo;il s&rsquo;en vend un toutes les 13 minutes quelque part dans le monde, on applaudit ! Nouveau packaging aussi pour son alli\u00e9 \u00e0 la base, <a href=\"http:\/\/bit.ly\/2LM6F0x\" target=\"_blank\" rel=\"noopener\">Cils Booste<\/a>r. Vous savez ce qu&rsquo;il vous reste \u00e0 faire pour cr\u00e9er le regard dont vous r\u00eavez&#8230; !<\/p>\n<h2 class=\"stabylo\">l&rsquo;Application EXTREMA Paris<\/h2>\n<div class=\"vls-gf-album vls-gf-album-metro no-js vls-gf-album-info-none\" data-vls-gf-album-id=\"59288\" data-vls-gf-total-pages=\"1\" data-vls-gf-aspect-ratio=\"1\" data-vls-gf-horizontal-spacing=\"10\" data-vls-gf-vertical-spacing=\"10\" data-vls-gf-column-count=\"8\"><div class=\"vls-gf-thumbnail-container\"><div class=\"vls-gf-page \" data-vls-gf-page-no=\"1\"><div\n            class=\"vls-gf-item\"\n            data-vls-gf-image-aspect=\"0.5\"\n            data-vls-gf-width=\"2\"\n            data-vls-gf-height=\"4\"\n            data-vls-gf-col=\"0\"\n            data-vls-gf-row=\"0\"\n            style=\"margin-bottom: 10px;\"><a href=\"https:\/\/www.deedeeparis.com\/blog\/wp-content\/gf-uploads\/2018\/07\/unnamed-3.png\" \t\t        \t\t        ><img decoding=\"async\"\n                    class=\"vls-gf-wide\"\n                    src=\"https:\/\/www.deedeeparis.com\/blog\/wp-content\/gf-uploads\/2018\/07\/preview-m\/unnamed-3.png?1532704372\"                     alt=\"\"\/><div class=\"vls-gf-info-back\"><h2 class=\"vls-gf-info-caption\"\n\t\t                >\n\t\t                unnamed-3\t                <\/h2><h2 class=\"vls-gf-info-description\"\n\t\t                ><\/h2><\/div><\/a><\/div><div\n            class=\"vls-gf-item\"\n            data-vls-gf-image-aspect=\"0.5\"\n            data-vls-gf-width=\"2\"\n            data-vls-gf-height=\"4\"\n            data-vls-gf-col=\"2\"\n            data-vls-gf-row=\"0\"\n            style=\"margin-bottom: 10px;\"><a href=\"https:\/\/www.deedeeparis.com\/blog\/wp-content\/gf-uploads\/2018\/07\/unnamed-4.png\" \t\t        \t\t        ><img decoding=\"async\"\n                    class=\"vls-gf-wide\"\n                    src=\"https:\/\/www.deedeeparis.com\/blog\/wp-content\/gf-uploads\/2018\/07\/preview-m\/unnamed-4.png?1532704373\"                     alt=\"\"\/><div class=\"vls-gf-info-back\"><h2 class=\"vls-gf-info-caption\"\n\t\t                >\n\t\t                unnamed-4\t                <\/h2><h2 class=\"vls-gf-info-description\"\n\t\t                ><\/h2><\/div><\/a><\/div><div\n            class=\"vls-gf-item\"\n            data-vls-gf-image-aspect=\"0.5\"\n            data-vls-gf-width=\"2\"\n            data-vls-gf-height=\"4\"\n            data-vls-gf-col=\"4\"\n            data-vls-gf-row=\"0\"\n            style=\"margin-bottom: 10px;\"><a href=\"https:\/\/www.deedeeparis.com\/blog\/wp-content\/gf-uploads\/2018\/07\/unnamed-5.png\" \t\t        \t\t        ><img decoding=\"async\"\n                    class=\"vls-gf-wide\"\n                    src=\"https:\/\/www.deedeeparis.com\/blog\/wp-content\/gf-uploads\/2018\/07\/preview-m\/unnamed-5.png?1532704375\"                     alt=\"\"\/><div class=\"vls-gf-info-back\"><h2 class=\"vls-gf-info-caption\"\n\t\t                >\n\t\t                unnamed-5\t                <\/h2><h2 class=\"vls-gf-info-description\"\n\t\t                ><\/h2><\/div><\/a><\/div><div\n            class=\"vls-gf-item\"\n            data-vls-gf-image-aspect=\"0.5\"\n            data-vls-gf-width=\"2\"\n            data-vls-gf-height=\"4\"\n            data-vls-gf-col=\"6\"\n            data-vls-gf-row=\"0\"\n            style=\"margin-bottom: 10px;\"><a href=\"https:\/\/www.deedeeparis.com\/blog\/wp-content\/gf-uploads\/2018\/07\/unnamed-6.png\" \t\t        \t\t        ><img decoding=\"async\"\n                    class=\"vls-gf-wide\"\n                    src=\"https:\/\/www.deedeeparis.com\/blog\/wp-content\/gf-uploads\/2018\/07\/preview-m\/unnamed-6.png?1532704399\"                     alt=\"\"\/><div class=\"vls-gf-info-back\"><h2 class=\"vls-gf-info-caption\"\n\t\t                >\n\t\t                unnamed-6\t                <\/h2><h2 class=\"vls-gf-info-description\"\n\t\t                ><\/h2><\/div><\/a><\/div><\/div><\/div><\/div>\n<p style=\"text-align: justify;\">Alors oui, nous avons v\u00e9cu un moment d&rsquo;accalmie ce week-end mais les grosses chaleurs reviennent, tenons-nous pr\u00eats ! Lanc\u00e9e par la ville de Paris, l&rsquo;application Extrema est l\u00e0 pour nous aider \u00e0 trouver les \u00eelots de fraicheur dans notre ch\u00e8re capitale qui devient, disons le clairement, irrespirable et insupportable pendant les grosses chaleurs. L&rsquo;application r\u00e9pertorie ainsi 700 points frais : des lieux climatis\u00e9s, des plans d&rsquo;eau ou encore des parcs. Elle a le m\u00e9rite de donner \u00e9galement des conseils et consignes aux populations les plus \u00e0 risque. Nous vaincrons la chaleur&#8230; mais avant je retourne me coller \u00e0 mon ventilateur&#8230;<\/p>\n<p>&gt; D&rsquo;autres conseils pour <a href=\"https:\/\/www.deedeeparis.com\/blog\/lutter-contre-la-canicule\" target=\"_blank\" rel=\"noopener\">lutter contre la canicule<\/a> !<\/p>\n<h2 class=\"stabylo\">Les chopes \u00e0 bi\u00e8re en cuivre<\/h2>\n<p><img loading=\"lazy\" decoding=\"async\" class=\"aligncenter size-full wp-image-59299\" src=\"https:\/\/www.deedeeparis.com\/blog\/wp-content\/uploads\/2018\/07\/il_570xN.1267505274_bn06.jpg\" alt=\"\" width=\"570\" height=\"380\" \/><\/p>\n<p style=\"text-align: justify;\">Qui a dit que la bi\u00e8re ne pouvait pas \u00eatre raffin\u00e9e ?! Je fonds devant ces magnifiques <a href=\"http:\/\/bit.ly\/2LFrpHs\" target=\"_blank\" rel=\"noopener\">chopes \u00e0 bi\u00e8re<\/a> en cuivre faites \u00e0 la main en Inde. Elles sont vendues par <a href=\"http:\/\/bit.ly\/2M0s5Ee\" target=\"_blank\" rel=\"noopener\">DanaeSupplyCo<\/a>\u00a0sur Etsy, \u00e9videmment !<\/p>\n<h2 class=\"stabylo\">THE SALT SERIES DE TOM HEGEN<\/h2>\n<p><img loading=\"lazy\" decoding=\"async\" class=\"aligncenter size-full wp-image-59192\" src=\"https:\/\/www.deedeeparis.com\/blog\/wp-content\/uploads\/2018\/07\/The_Salt_Series_2.jpg\" alt=\"\" width=\"799\" height=\"1200\" srcset=\"https:\/\/www.deedeeparis.com\/blog\/wp-content\/uploads\/2018\/07\/The_Salt_Series_2.jpg 799w, https:\/\/www.deedeeparis.com\/blog\/wp-content\/uploads\/2018\/07\/The_Salt_Series_2-768x1153.jpg 768w, https:\/\/www.deedeeparis.com\/blog\/wp-content\/uploads\/2018\/07\/The_Salt_Series_2-600x901.jpg 600w, https:\/\/www.deedeeparis.com\/blog\/wp-content\/uploads\/2018\/07\/The_Salt_Series_2-682x1024.jpg 682w\" sizes=\"auto, (max-width: 799px) 100vw, 799px\" \/><\/p>\n<p style=\"text-align: justify;\">Tom Hegen est un designer allemand qui, sur son temps libre, se consacre a la photo a\u00e9rienne et veut montrer avec ses diff\u00e9rents projets l&rsquo;impact de l&rsquo;activit\u00e9 humaine sur les paysages terrestres. Les couleurs sont dues \u00e0 la concentration de sel dans l&rsquo;eau mais elles formes, elles, sont le r\u00e9sultat de l&rsquo;intervention humaine. Tout ceci fait que l&rsquo;on a l&rsquo;impression de se retrouver face \u00e0 une s\u00e9rie de tableaux d&rsquo;art abstrait.\u00a0<a href=\"http:\/\/tomhegen.de\/fotodesign\/\" target=\"_blank\" rel=\"noopener\">Hegen<\/a> a plusieurs s\u00e9ries de ce genre a son actif et m\u00eame si tout le monde sera d&rsquo;accord pour dit qu&rsquo;elles sont magnifiques elle doivent nous amener \u00e0 nous interroger sur notre mode de vie et ses cons\u00e9quences.<\/p>\n<p><img loading=\"lazy\" decoding=\"async\" class=\"aligncenter size-full wp-image-59189\" src=\"https:\/\/www.deedeeparis.com\/blog\/wp-content\/uploads\/2018\/07\/The_Salt_Series_14.jpg\" alt=\"\" width=\"799\" height=\"1200\" srcset=\"https:\/\/www.deedeeparis.com\/blog\/wp-content\/uploads\/2018\/07\/The_Salt_Series_14.jpg 799w, https:\/\/www.deedeeparis.com\/blog\/wp-content\/uploads\/2018\/07\/The_Salt_Series_14-768x1153.jpg 768w, https:\/\/www.deedeeparis.com\/blog\/wp-content\/uploads\/2018\/07\/The_Salt_Series_14-600x901.jpg 600w, https:\/\/www.deedeeparis.com\/blog\/wp-content\/uploads\/2018\/07\/The_Salt_Series_14-682x1024.jpg 682w\" sizes=\"auto, (max-width: 799px) 100vw, 799px\" \/><\/p>\n<p><img loading=\"lazy\" decoding=\"async\" class=\"aligncenter size-full wp-image-59190\" src=\"https:\/\/www.deedeeparis.com\/blog\/wp-content\/uploads\/2018\/07\/The_Salt_Series_9.jpg\" alt=\"\" width=\"799\" height=\"1200\" srcset=\"https:\/\/www.deedeeparis.com\/blog\/wp-content\/uploads\/2018\/07\/The_Salt_Series_9.jpg 799w, https:\/\/www.deedeeparis.com\/blog\/wp-content\/uploads\/2018\/07\/The_Salt_Series_9-768x1153.jpg 768w, https:\/\/www.deedeeparis.com\/blog\/wp-content\/uploads\/2018\/07\/The_Salt_Series_9-600x901.jpg 600w, https:\/\/www.deedeeparis.com\/blog\/wp-content\/uploads\/2018\/07\/The_Salt_Series_9-682x1024.jpg 682w\" sizes=\"auto, (max-width: 799px) 100vw, 799px\" \/><\/p>\n<p><img loading=\"lazy\" decoding=\"async\" class=\"aligncenter size-full wp-image-59191\" src=\"https:\/\/www.deedeeparis.com\/blog\/wp-content\/uploads\/2018\/07\/The_Salt_Series_4.jpg\" alt=\"\" width=\"800\" height=\"1200\" srcset=\"https:\/\/www.deedeeparis.com\/blog\/wp-content\/uploads\/2018\/07\/The_Salt_Series_4.jpg 800w, https:\/\/www.deedeeparis.com\/blog\/wp-content\/uploads\/2018\/07\/The_Salt_Series_4-768x1152.jpg 768w, https:\/\/www.deedeeparis.com\/blog\/wp-content\/uploads\/2018\/07\/The_Salt_Series_4-600x900.jpg 600w, https:\/\/www.deedeeparis.com\/blog\/wp-content\/uploads\/2018\/07\/The_Salt_Series_4-683x1024.jpg 683w\" sizes=\"auto, (max-width: 800px) 100vw, 800px\" \/><\/p>\n<p><img loading=\"lazy\" decoding=\"async\" class=\"aligncenter size-full wp-image-59193\" src=\"https:\/\/www.deedeeparis.com\/blog\/wp-content\/uploads\/2018\/07\/The_Salt_Series_1.jpg\" alt=\"\" width=\"799\" height=\"1200\" srcset=\"https:\/\/www.deedeeparis.com\/blog\/wp-content\/uploads\/2018\/07\/The_Salt_Series_1.jpg 799w, https:\/\/www.deedeeparis.com\/blog\/wp-content\/uploads\/2018\/07\/The_Salt_Series_1-768x1153.jpg 768w, https:\/\/www.deedeeparis.com\/blog\/wp-content\/uploads\/2018\/07\/The_Salt_Series_1-600x901.jpg 600w, https:\/\/www.deedeeparis.com\/blog\/wp-content\/uploads\/2018\/07\/The_Salt_Series_1-682x1024.jpg 682w\" sizes=\"auto, (max-width: 799px) 100vw, 799px\" \/><\/p>\n<p><img loading=\"lazy\" decoding=\"async\" class=\"aligncenter size-full wp-image-59188\" src=\"https:\/\/www.deedeeparis.com\/blog\/wp-content\/uploads\/2018\/07\/The_Salt_Series_20.jpg\" alt=\"\" width=\"799\" height=\"1200\" srcset=\"https:\/\/www.deedeeparis.com\/blog\/wp-content\/uploads\/2018\/07\/The_Salt_Series_20.jpg 799w, https:\/\/www.deedeeparis.com\/blog\/wp-content\/uploads\/2018\/07\/The_Salt_Series_20-768x1153.jpg 768w, https:\/\/www.deedeeparis.com\/blog\/wp-content\/uploads\/2018\/07\/The_Salt_Series_20-600x901.jpg 600w, https:\/\/www.deedeeparis.com\/blog\/wp-content\/uploads\/2018\/07\/The_Salt_Series_20-682x1024.jpg 682w\" sizes=\"auto, (max-width: 799px) 100vw, 799px\" \/><\/p>\n<h2 class=\"stabylo\">FAIS-LE TOI-M\u00caME : UN ORGANISEUR DE SALLE DE BAIN<\/h2>\n<p><img loading=\"lazy\" decoding=\"async\" class=\"aligncenter size-full wp-image-59298\" src=\"https:\/\/www.deedeeparis.com\/blog\/wp-content\/uploads\/2018\/07\/how-to-make-modern-bathroom-organizer.jpg\" alt=\"\" width=\"600\" height=\"886\" \/><\/p>\n<p>Voici le DIY parfait pour donner un coup de jeune \u00e0 sa salle de bain ou alors pour gagner de la place dans un petite pi\u00e8ce&#8230; En plus d&rsquo;\u00eatre parfaitement instagramable ! Il est propos\u00e9 par\u00a0<a href=\"https:\/\/www.papernstitchblog.com\/2018\/06\/18\/diy-bathroom-organizer\/\" target=\"_blank\" rel=\"noopener\"><i>Paper &amp;\u00a0<\/i><\/a><span style=\"color: #0000ee;\"><span style=\"caret-color: #0000ee;\"><i><u>Snitch<\/u><\/i><\/span><\/span>.<\/p>\n<p>&nbsp;<\/p>\n<h2 class=\"title style-scope ytd-video-primary-info-renderer stabylo\">Tribulations by LCD Soundsystem<\/h2>\n<div id=\"info\" class=\"style-scope ytd-video-primary-info-renderer\">Un titre loin d&rsquo;\u00eatre nouveau mais toujours parfaitement r\u00e9jouissant ! Il fera \u00e9videmment partie de la Playlist de l&rsquo;\u00e9t\u00e9 que je suis en train de vous concocter.<\/div>\n<p><iframe loading=\"lazy\" src=\"https:\/\/www.youtube.com\/embed\/A7NapIkIiIk\" width=\"1020\" height=\"495\" frameborder=\"0\" allowfullscreen=\"allowfullscreen\"><span data-mce-type=\"bookmark\" style=\"display: inline-block; width: 0px; overflow: hidden; line-height: 0;\" class=\"mce_SELRES_start\">\ufeff<\/span><\/iframe><\/p>\n<div><\/div>\n<div>Voil\u00e0, c&rsquo;est tout pour aujourd&rsquo;hui, prenez soin de vous, passez de bonnes vacances, levez le pied si vous travailler, reposez-vous un max et profitez de l&rsquo;\u00e9t\u00e9 ! On se voit vite ici ou ailleurs \ud83d\ude42<\/div>\n<div><\/div>\n<h2 class=\"stabylo\">Bonus track<\/h2>\n<div>Si vous voulez rire un peu, abonnez-vous au compte Twitter <a href=\"https:\/\/twitter.com\/trapadvisor_\" target=\"_blank\" rel=\"noopener\">Trapadvisor_<\/a> qui recense le meilleur des pires avis laiss\u00e9s sur TripAdvisor !<\/div>\n","protected":false},"excerpt":{"rendered":"<p>Hello la compagnie ! J&rsquo;esp\u00e8re que vous passez de bonnes vacances pour les chanceux et que vous tenez bon pour ceux qui sont toujours au travail ! Pour ma part, je tire s\u00e9v\u00e8rement la langue mais l&rsquo;heure des vacances a bient\u00f4t sonn\u00e9 et \u00e7a, c&rsquo;est de la bombe b\u00e9b\u00e9. Evidemment, \u00ab\u00a0elle a free, elle a [&hellip;]<\/p>\n","protected":false},"author":29,"featured_media":59302,"comment_status":"open","ping_status":"open","sticky":false,"template":"","format":"standard","meta":{"_acf_changed":false,"footnotes":""},"categories":[8],"tags":[2549,9248,2214,644,9249,9160],"class_list":["post-59187","post","type-post","status-publish","format-standard","has-post-thumbnail","hentry","category-chroniques-de-paris","tag-claudie-pierlot","tag-claudie-pierrot-x-juliette-armanet","tag-do-it-yourself","tag-environnement","tag-lancome","tag-serie-photo"],"acf":[],"geo":null,"_links":{"self":[{"href":"https:\/\/www.deedeeparis.com\/blog\/wp-json\/wp\/v2\/posts\/59187","targetHints":{"allow":["GET"]}}],"collection":[{"href":"https:\/\/www.deedeeparis.com\/blog\/wp-json\/wp\/v2\/posts"}],"about":[{"href":"https:\/\/www.deedeeparis.com\/blog\/wp-json\/wp\/v2\/types\/post"}],"author":[{"embeddable":true,"href":"https:\/\/www.deedeeparis.com\/blog\/wp-json\/wp\/v2\/users\/29"}],"replies":[{"embeddable":true,"href":"https:\/\/www.deedeeparis.com\/blog\/wp-json\/wp\/v2\/comments?post=59187"}],"version-history":[{"count":18,"href":"https:\/\/www.deedeeparis.com\/blog\/wp-json\/wp\/v2\/posts\/59187\/revisions"}],"predecessor-version":[{"id":59311,"href":"https:\/\/www.deedeeparis.com\/blog\/wp-json\/wp\/v2\/posts\/59187\/revisions\/59311"}],"wp:featuredmedia":[{"embeddable":true,"href":"https:\/\/www.deedeeparis.com\/blog\/wp-json\/wp\/v2\/media\/59302"}],"wp:attachment":[{"href":"https:\/\/www.deedeeparis.com\/blog\/wp-json\/wp\/v2\/media?parent=59187"}],"wp:term":[{"taxonomy":"category","embeddable":true,"href":"https:\/\/www.deedeeparis.com\/blog\/wp-json\/wp\/v2\/categories?post=59187"},{"taxonomy":"post_tag","embeddable":true,"href":"https:\/\/www.deedeeparis.com\/blog\/wp-json\/wp\/v2\/tags?post=59187"}],"curies":[{"name":"wp","href":"https:\/\/api.w.org\/{rel}","templated":true}]}}