{"id":59402,"date":"2018-09-10T07:03:40","date_gmt":"2018-09-10T05:03:40","guid":{"rendered":"https:\/\/www.deedeeparis.com\/blog\/?p=59402"},"modified":"2018-09-17T09:52:39","modified_gmt":"2018-09-17T07:52:39","slug":"ma-week-list-278","status":"publish","type":"post","link":"https:\/\/www.deedeeparis.com\/blog\/ma-week-list-278","title":{"rendered":"Ma Week List #278"},"content":{"rendered":"<p>Hello la compagnie ! Oui, \u00e7a y est, je suis bel et bien de retour et la Week List avec moi. Qui l&rsquo;eut cru, que cet \u00e9t\u00e9 passerait si vite, comme un souffle&#8230; Appuyez sur pause quelques minutes et pffft, c&rsquo;est d\u00e9j\u00e0 reparti !<\/p>\n<p>J&rsquo;esp\u00e8re que vos vacances ont \u00e9t\u00e9 \u00e0 la hauteur de vos attentes et que la rentr\u00e9e se profile sous les meilleurs auspices. Ici, elle a \u00e9t\u00e9 si intense que j&rsquo;ai l&rsquo;impression d&rsquo;\u00eatre rentr\u00e9e depuis trois semaines, d\u00e9j\u00e0. Nan mais s\u00e9rieusement, pas vous ? C&rsquo;est quoi la blague, l\u00e0 ?! Allez, on prend une grande inspiration, et on y retourne sans plus attendre&#8230; Je vois bien que vous tr\u00e9pignez d&rsquo;impatience, va ! Voici donc mes sept premiers coups de coeur de la rentr\u00e9e ! Cette semaine j&rsquo;aime :<\/p>\n<h2 class=\"stabylo\">La collection capsule Monoprix x MilK Magazine<\/h2>\n<p><img loading=\"lazy\" decoding=\"async\" class=\"aligncenter size-full wp-image-59585\" src=\"https:\/\/www.deedeeparis.com\/blog\/wp-content\/uploads\/2018\/09\/milk-x-monoprix-photo-17.jpg\" alt=\"\" width=\"1024\" height=\"485\" srcset=\"https:\/\/www.deedeeparis.com\/blog\/wp-content\/uploads\/2018\/09\/milk-x-monoprix-photo-17.jpg 1024w, https:\/\/www.deedeeparis.com\/blog\/wp-content\/uploads\/2018\/09\/milk-x-monoprix-photo-17-768x364.jpg 768w, https:\/\/www.deedeeparis.com\/blog\/wp-content\/uploads\/2018\/09\/milk-x-monoprix-photo-17-600x284.jpg 600w\" sizes=\"auto, (max-width: 1024px) 100vw, 1024px\" \/><\/p>\n<p style=\"text-align: justify;\">Pour ses 15 ans, le magazine collabore avec Monoprix et propose pour une collection de la rentr\u00e9e qui envoie s\u00e9v\u00e8rement de la paillette. La capsule \u00ab\u00a0Back to work\u00a0\u00bb s&rsquo;adresse \u00e0 toute la famille : un kimono en denim, des sweats, de la vaisselle, des ballerines ou encore des boomers pour les plus petits. Femmes, hommes et enfants, tout le monde y trouvera son bonheur&#8230; C&rsquo;est pas comme \u00e7a qu&rsquo;on va arr\u00eater de faire chauffer la CB !<\/p>\n<div class=\"vls-gf-album vls-gf-album-metro no-js vls-gf-album-info-none\" data-vls-gf-album-id=\"59563\" data-vls-gf-total-pages=\"1\" data-vls-gf-aspect-ratio=\"1\" data-vls-gf-horizontal-spacing=\"10\" data-vls-gf-vertical-spacing=\"10\" data-vls-gf-column-count=\"6\"><div class=\"vls-gf-thumbnail-container\"><div class=\"vls-gf-page \" data-vls-gf-page-no=\"1\"><div\n            class=\"vls-gf-item\"\n            data-vls-gf-image-aspect=\"1.5444015444015\"\n            data-vls-gf-width=\"3\"\n            data-vls-gf-height=\"2\"\n            data-vls-gf-col=\"0\"\n            data-vls-gf-row=\"0\"\n            style=\"margin-bottom: 10px;\"><a href=\"https:\/\/www.deedeeparis.com\/blog\/wp-content\/gf-uploads\/2018\/09\/37a6636-810x524.jpg\" \t\t        \t\t        ><img decoding=\"async\"\n                    class=\"vls-gf-wide\"\n                    src=\"https:\/\/www.deedeeparis.com\/blog\/wp-content\/gf-uploads\/2018\/09\/preview-m\/37a6636-810x524.jpg?1536332729\"                     alt=\"\"\/><div class=\"vls-gf-info-back\"><h2 class=\"vls-gf-info-caption\"\n\t\t                >\n\t\t                37a6636-810x524\t                <\/h2><h2 class=\"vls-gf-info-description\"\n\t\t                ><\/h2><\/div><\/a><\/div><div\n            class=\"vls-gf-item\"\n            data-vls-gf-image-aspect=\"0.75\"\n            data-vls-gf-width=\"3\"\n            data-vls-gf-height=\"3\"\n            data-vls-gf-col=\"3\"\n            data-vls-gf-row=\"0\"\n            style=\"margin-bottom: 10px;\"><a href=\"https:\/\/www.deedeeparis.com\/blog\/wp-content\/gf-uploads\/2018\/09\/37a5471-390x520.jpg\" \t\t        \t\t        ><img decoding=\"async\"\n                    class=\"vls-gf-tall\"\n                    src=\"https:\/\/www.deedeeparis.com\/blog\/wp-content\/gf-uploads\/2018\/09\/preview-m\/37a5471-390x520.jpg?1536332731\"                     alt=\"\"\/><div class=\"vls-gf-info-back\"><h2 class=\"vls-gf-info-caption\"\n\t\t                >\n\t\t                37a5471-390x520\t                <\/h2><h2 class=\"vls-gf-info-description\"\n\t\t                ><\/h2><\/div><\/a><\/div><div\n            class=\"vls-gf-item\"\n            data-vls-gf-image-aspect=\"0.75\"\n            data-vls-gf-width=\"3\"\n            data-vls-gf-height=\"4\"\n            data-vls-gf-col=\"0\"\n            data-vls-gf-row=\"2\"\n            style=\"margin-bottom: 10px;\"><a href=\"https:\/\/www.deedeeparis.com\/blog\/wp-content\/gf-uploads\/2018\/09\/37a5409-390x520.jpg\" \t\t        \t\t        ><img decoding=\"async\"\n                    class=\"vls-gf-wide\"\n                    src=\"https:\/\/www.deedeeparis.com\/blog\/wp-content\/gf-uploads\/2018\/09\/preview-m\/37a5409-390x520.jpg?1536332732\"                     alt=\"\"\/><div class=\"vls-gf-info-back\"><h2 class=\"vls-gf-info-caption\"\n\t\t                >\n\t\t                37a5409-390x520\t                <\/h2><h2 class=\"vls-gf-info-description\"\n\t\t                ><\/h2><\/div><\/a><\/div><div\n            class=\"vls-gf-item\"\n            data-vls-gf-image-aspect=\"1.1932773109244\"\n            data-vls-gf-width=\"3\"\n            data-vls-gf-height=\"3\"\n            data-vls-gf-col=\"3\"\n            data-vls-gf-row=\"3\"\n            style=\"margin-bottom: 10px;\"><a href=\"https:\/\/www.deedeeparis.com\/blog\/wp-content\/gf-uploads\/2018\/09\/37a7015-710x595.jpg\" \t\t        \t\t        ><img decoding=\"async\"\n                    class=\"vls-gf-wide\"\n                    src=\"https:\/\/www.deedeeparis.com\/blog\/wp-content\/gf-uploads\/2018\/09\/preview-m\/37a7015-710x595.jpg?1536332733\"                     alt=\"\"\/><div class=\"vls-gf-info-back\"><h2 class=\"vls-gf-info-caption\"\n\t\t                >\n\t\t                37a7015-710x595\t                <\/h2><h2 class=\"vls-gf-info-description\"\n\t\t                ><\/h2><\/div><\/a><\/div><\/div><\/div><\/div>\n<h2 class=\"stabylo\">La Spritz Piazza 2018 par Aperol<\/h2>\n<p><img loading=\"lazy\" decoding=\"async\" class=\"aligncenter size-full wp-image-59582\" src=\"https:\/\/www.deedeeparis.com\/blog\/wp-content\/uploads\/2018\/09\/negroni-spritz-cocktail.jpg\" alt=\"\" width=\"750\" height=\"500\" srcset=\"https:\/\/www.deedeeparis.com\/blog\/wp-content\/uploads\/2018\/09\/negroni-spritz-cocktail.jpg 750w, https:\/\/www.deedeeparis.com\/blog\/wp-content\/uploads\/2018\/09\/negroni-spritz-cocktail-600x400.jpg 600w\" sizes=\"auto, (max-width: 750px) 100vw, 750px\" \/><\/p>\n<p style=\"text-align: center;\"><em>\u00a9Eataly<\/em><\/p>\n<p style=\"text-align: justify;\">Or donc, si comme moi l&rsquo;id\u00e9e que l&rsquo;\u00e9t\u00e9 se fasse la malle vous chagrine, vous allez aimer : Ap\u00e9rol Spritz renouvelle la Spritz Piazza et s&rsquo;appr\u00eate \u00e0 transformer le 118 Warner, un lieu d&rsquo;exception nich\u00e9 entre les murs d\u2019une des plus c\u00e9l\u00e8bres<br \/>\nmaisons de disque ouvre pour la premi\u00e8re fois et propose une v\u00e9ritable piazza italienne.<\/p>\n<p style=\"text-align: justify;\">Au programme : du 19 au 21 septembre vous trouverez au 118 Warner des concerts, de la street-food italienne, des animations, le tout \u00e0 base de Spritz, what else ! (Soyez pr\u00eat.e.s, il se murmure qu&rsquo;il y aurait m\u00eame de la barbe \u00e0 papa et du pop corn parfum\u00e9s \u00e0 notre cocktail pr\u00e9f\u00e9r\u00e9&#8230; Dingue non ?).<\/p>\n<p class=\"uppercase\">Les Infos :<\/p>\n<p><em>Spritz Piazza<strong><br \/>\n<\/strong>Les 19 et 20 septembre de<\/em><em>\u00a019h \u00e0 minuit<\/em><br \/>\n<em>Le 21 septembre d<\/em><em>e 19h \u00e0 2h<\/em><\/p>\n<h2 class=\"stabylo\">Le calendrier des fruits et l\u00e9gumes de saison<\/h2>\n<p><img loading=\"lazy\" decoding=\"async\" class=\"aligncenter size-full wp-image-59555\" src=\"https:\/\/www.deedeeparis.com\/blog\/wp-content\/uploads\/2018\/09\/calendrier-fruits-l\u00e9gumes-de-saison-LOW.jpg\" alt=\"\" width=\"2481\" height=\"3508\" srcset=\"https:\/\/www.deedeeparis.com\/blog\/wp-content\/uploads\/2018\/09\/calendrier-fruits-l\u00e9gumes-de-saison-LOW.jpg 2481w, https:\/\/www.deedeeparis.com\/blog\/wp-content\/uploads\/2018\/09\/calendrier-fruits-l\u00e9gumes-de-saison-LOW-768x1086.jpg 768w, https:\/\/www.deedeeparis.com\/blog\/wp-content\/uploads\/2018\/09\/calendrier-fruits-l\u00e9gumes-de-saison-LOW-600x848.jpg 600w, https:\/\/www.deedeeparis.com\/blog\/wp-content\/uploads\/2018\/09\/calendrier-fruits-l\u00e9gumes-de-saison-LOW-724x1024.jpg 724w\" sizes=\"auto, (max-width: 2481px) 100vw, 2481px\" \/><\/p>\n<p>J&rsquo;aime pas trop les newsletters, je m&rsquo;en d\u00e9sabonne assez r\u00e9guli\u00e8rement pour ne pas encombrer encore plus ma boite de r\u00e9ception&#8230; Je ne l&rsquo;avais pas encore fait pour celle-ci et c&rsquo;est heureux : Just Eat a envoy\u00e9 un calendrier des fruits et l\u00e9gumes de saison&#8230; Bien utile lorsqu&rsquo;on a un peu de mal \u00e0 tout retenir (ne me jugez pas, j&rsquo;ai grandi \u00e0 Paris&#8230;!).<\/p>\n<p>Pour le t\u00e9l\u00e9charger et le coller \u00e0 votre frigo, c&rsquo;est par <a href=\"https:\/\/www.just-eat.fr\/blog\/index.php\/2018\/09\/05\/calendrier-fruits-legumes-saison-just-eat\/\" target=\"_blank\" rel=\"noopener\">ici<\/a> !<\/p>\n<h2 class=\"stabylo\">Un joli bureau en bois<\/h2>\n<p><img loading=\"lazy\" decoding=\"async\" class=\"aligncenter size-full wp-image-59601\" src=\"https:\/\/www.deedeeparis.com\/blog\/wp-content\/uploads\/2018\/09\/il_570xN.1428832972_sxky.jpg\" alt=\"\" width=\"570\" height=\"393\" \/><\/p>\n<p>Un\u00a0<a href=\"http:\/\/Bureau, bureau en bois, bureau style scandinave, bureau en bois recycl\u00e9, console en bois, coiffeuse en bois recycl\u00e9, bureau bois naturel. Ce bureau enti\u00e8rement r\u00e9alis\u00e9 en bois recycl\u00e9, vous s\u00e9duira par son aspect scandinave et moderne. Le bois recycl\u00e9 apportera une touche ultra tendance \u00e0 votre d\u00e9co.\" target=\"_blank\" rel=\"noopener\">bureau<\/a>\u00a0enti\u00e8rement r\u00e9alis\u00e9 en bois recycl\u00e9 vendu par <a href=\"http:\/\/bit.ly\/2M2e881\" target=\"_blank\" rel=\"noopener\">PaletteGraphik<\/a>\u00a0sur Etsy, de quoi donner envie d&rsquo;aimer la rentr\u00e9e !<\/p>\n<h2 class=\"stabylo\">Les photos de Cyrille de Vignemont pour d&rsquo;ORSAY PARFUMS PARIS<\/h2>\n<p><img loading=\"lazy\" decoding=\"async\" class=\"aligncenter size-full wp-image-59574\" src=\"https:\/\/www.deedeeparis.com\/blog\/wp-content\/uploads\/2018\/09\/A-DORSAY-SC.jpg\" alt=\"\" width=\"1800\" height=\"1200\" srcset=\"https:\/\/www.deedeeparis.com\/blog\/wp-content\/uploads\/2018\/09\/A-DORSAY-SC.jpg 1800w, https:\/\/www.deedeeparis.com\/blog\/wp-content\/uploads\/2018\/09\/A-DORSAY-SC-768x512.jpg 768w, https:\/\/www.deedeeparis.com\/blog\/wp-content\/uploads\/2018\/09\/A-DORSAY-SC-600x400.jpg 600w, https:\/\/www.deedeeparis.com\/blog\/wp-content\/uploads\/2018\/09\/A-DORSAY-SC-1024x683.jpg 1024w\" sizes=\"auto, (max-width: 1800px) 100vw, 1800px\" \/><\/p>\n<p style=\"text-align: justify;\">Cyrille de Vignemont est un photographe et r\u00e9alisateur et il est l&rsquo;un des cinq artistes contemporains \u00e0 suivre pour le MoMA PS1. Cette s\u00e9rie de photos a \u00e9t\u00e9 r\u00e9alis\u00e9e pour D&rsquo;ORSAY Parfums Paris. On y retrouve son univers hypnotique et le flou des photos laisse totalement place \u00e0 l&rsquo;imaginaire&#8230; Fermez les yeux&#8230; ah non, ouvrez-les, plut\u00f4t deux fois qu&rsquo;une !<\/p>\n<p>Vous pouvez retrouver le reste de son travail sur son <a href=\"https:\/\/www.cyrilledevignemont.com\" target=\"_blank\" rel=\"noopener\">site<\/a>.<\/p>\n<p><img loading=\"lazy\" decoding=\"async\" class=\"aligncenter size-full wp-image-59575\" src=\"https:\/\/www.deedeeparis.com\/blog\/wp-content\/uploads\/2018\/09\/B-DORSAY-JR-vdef.jpg\" alt=\"\" width=\"1800\" height=\"1200\" srcset=\"https:\/\/www.deedeeparis.com\/blog\/wp-content\/uploads\/2018\/09\/B-DORSAY-JR-vdef.jpg 1800w, https:\/\/www.deedeeparis.com\/blog\/wp-content\/uploads\/2018\/09\/B-DORSAY-JR-vdef-768x512.jpg 768w, https:\/\/www.deedeeparis.com\/blog\/wp-content\/uploads\/2018\/09\/B-DORSAY-JR-vdef-600x400.jpg 600w, https:\/\/www.deedeeparis.com\/blog\/wp-content\/uploads\/2018\/09\/B-DORSAY-JR-vdef-1024x683.jpg 1024w\" sizes=\"auto, (max-width: 1800px) 100vw, 1800px\" \/><\/p>\n<p><img loading=\"lazy\" decoding=\"async\" class=\"aligncenter size-full wp-image-59576\" src=\"https:\/\/www.deedeeparis.com\/blog\/wp-content\/uploads\/2018\/09\/C-DORSAY-SP.jpg\" alt=\"\" width=\"1800\" height=\"1200\" srcset=\"https:\/\/www.deedeeparis.com\/blog\/wp-content\/uploads\/2018\/09\/C-DORSAY-SP.jpg 1800w, https:\/\/www.deedeeparis.com\/blog\/wp-content\/uploads\/2018\/09\/C-DORSAY-SP-768x512.jpg 768w, https:\/\/www.deedeeparis.com\/blog\/wp-content\/uploads\/2018\/09\/C-DORSAY-SP-600x400.jpg 600w, https:\/\/www.deedeeparis.com\/blog\/wp-content\/uploads\/2018\/09\/C-DORSAY-SP-1024x683.jpg 1024w\" sizes=\"auto, (max-width: 1800px) 100vw, 1800px\" \/><\/p>\n<p><img loading=\"lazy\" decoding=\"async\" class=\"aligncenter size-full wp-image-59577\" src=\"https:\/\/www.deedeeparis.com\/blog\/wp-content\/uploads\/2018\/09\/D-DORSAY-19-H-50.jpg\" alt=\"\" width=\"1800\" height=\"1200\" srcset=\"https:\/\/www.deedeeparis.com\/blog\/wp-content\/uploads\/2018\/09\/D-DORSAY-19-H-50.jpg 1800w, https:\/\/www.deedeeparis.com\/blog\/wp-content\/uploads\/2018\/09\/D-DORSAY-19-H-50-768x512.jpg 768w, https:\/\/www.deedeeparis.com\/blog\/wp-content\/uploads\/2018\/09\/D-DORSAY-19-H-50-600x400.jpg 600w, https:\/\/www.deedeeparis.com\/blog\/wp-content\/uploads\/2018\/09\/D-DORSAY-19-H-50-1024x683.jpg 1024w\" sizes=\"auto, (max-width: 1800px) 100vw, 1800px\" \/><\/p>\n<p><img loading=\"lazy\" decoding=\"async\" class=\"aligncenter size-full wp-image-59578\" src=\"https:\/\/www.deedeeparis.com\/blog\/wp-content\/uploads\/2018\/09\/E-DORSAY-13-H-30.jpg\" alt=\"\" width=\"1800\" height=\"1200\" srcset=\"https:\/\/www.deedeeparis.com\/blog\/wp-content\/uploads\/2018\/09\/E-DORSAY-13-H-30.jpg 1800w, https:\/\/www.deedeeparis.com\/blog\/wp-content\/uploads\/2018\/09\/E-DORSAY-13-H-30-768x512.jpg 768w, https:\/\/www.deedeeparis.com\/blog\/wp-content\/uploads\/2018\/09\/E-DORSAY-13-H-30-600x400.jpg 600w, https:\/\/www.deedeeparis.com\/blog\/wp-content\/uploads\/2018\/09\/E-DORSAY-13-H-30-1024x683.jpg 1024w\" sizes=\"auto, (max-width: 1800px) 100vw, 1800px\" \/><\/p>\n<p><img loading=\"lazy\" decoding=\"async\" class=\"aligncenter size-full wp-image-59579\" src=\"https:\/\/www.deedeeparis.com\/blog\/wp-content\/uploads\/2018\/09\/F-DORSAY-06-H-20.jpg\" alt=\"\" width=\"1800\" height=\"1200\" srcset=\"https:\/\/www.deedeeparis.com\/blog\/wp-content\/uploads\/2018\/09\/F-DORSAY-06-H-20.jpg 1800w, https:\/\/www.deedeeparis.com\/blog\/wp-content\/uploads\/2018\/09\/F-DORSAY-06-H-20-768x512.jpg 768w, https:\/\/www.deedeeparis.com\/blog\/wp-content\/uploads\/2018\/09\/F-DORSAY-06-H-20-600x400.jpg 600w, https:\/\/www.deedeeparis.com\/blog\/wp-content\/uploads\/2018\/09\/F-DORSAY-06-H-20-1024x683.jpg 1024w\" sizes=\"auto, (max-width: 1800px) 100vw, 1800px\" \/><\/p>\n<h2 class=\"stabylo\">FAIS-LE TOI-MEME : Un carnet avec votre plus belle photo<\/h2>\n<p><img loading=\"lazy\" decoding=\"async\" class=\"aligncenter size-full wp-image-59556\" src=\"https:\/\/www.deedeeparis.com\/blog\/wp-content\/uploads\/2018\/09\/Pink-Daisy-Journals-26601.jpg\" alt=\"\" width=\"534\" height=\"800\" \/><\/p>\n<p>Parce que toute fille du digital que je sois, je reste une ind\u00e9crottable du papier, je vous souffle ce tuto propos\u00e9 par <a href=\"http:\/\/www.personallyandrea.com\/2016\/10\/diy-photo-covered-notebooks.html\" target=\"_blank\" rel=\"noopener\">Personnelly Andrea<\/a>\u00a0qui vous permettra de surcroit d&rsquo;avoir un carnet unique. Elle est pas belle, la vie ?!<\/p>\n<h2 class=\"stabylo\">POLO &amp; PAN &#8211; Arc-en-Ciel<\/h2>\n<p>Parce que rien n&rsquo;est plus synonyme d&rsquo;\u00e9t\u00e9 et de ces jours d&rsquo;insouciance que Polo and Pan, notamment cet Arc-en-ciel, bande son officiel de mon \u00e9t\u00e9&#8230;<\/p>\n<p><iframe loading=\"lazy\" src=\"https:\/\/www.youtube.com\/embed\/2T3Cksysro0\" width=\"560\" height=\"315\" frameborder=\"0\" allowfullscreen=\"allowfullscreen\"><\/iframe><\/p>\n<p>Je vous souhaite une belle semaine, profitez de ces quelques rayons de soleil qu&rsquo;on nous annonce et \u00e0 la semaine prochaine !<\/p>\n","protected":false},"excerpt":{"rendered":"<p>Hello la compagnie ! Oui, \u00e7a y est, je suis bel et bien de retour et la Week List avec moi. Qui l&rsquo;eut cru, que cet \u00e9t\u00e9 passerait si vite, comme un souffle&#8230; Appuyez sur pause quelques minutes et pffft, c&rsquo;est d\u00e9j\u00e0 reparti ! J&rsquo;esp\u00e8re que vos vacances ont \u00e9t\u00e9 \u00e0 la hauteur de vos [&hellip;]<\/p>\n","protected":false},"author":2,"featured_media":59582,"comment_status":"open","ping_status":"open","sticky":false,"template":"","format":"standard","meta":{"_acf_changed":false,"footnotes":""},"categories":[8],"tags":[7740,4936,2214,9260,9253,9160,9261],"class_list":["post-59402","post","type-post","status-publish","format-standard","has-post-thumbnail","hentry","category-chroniques-de-paris","tag-consommation-durable","tag-cyrille-de-vignemont","tag-do-it-yourself","tag-monoprix-x-milk","tag-rentree-2018","tag-serie-photo","tag-spritz-piazza"],"acf":[],"geo":null,"_links":{"self":[{"href":"https:\/\/www.deedeeparis.com\/blog\/wp-json\/wp\/v2\/posts\/59402","targetHints":{"allow":["GET"]}}],"collection":[{"href":"https:\/\/www.deedeeparis.com\/blog\/wp-json\/wp\/v2\/posts"}],"about":[{"href":"https:\/\/www.deedeeparis.com\/blog\/wp-json\/wp\/v2\/types\/post"}],"author":[{"embeddable":true,"href":"https:\/\/www.deedeeparis.com\/blog\/wp-json\/wp\/v2\/users\/2"}],"replies":[{"embeddable":true,"href":"https:\/\/www.deedeeparis.com\/blog\/wp-json\/wp\/v2\/comments?post=59402"}],"version-history":[{"count":16,"href":"https:\/\/www.deedeeparis.com\/blog\/wp-json\/wp\/v2\/posts\/59402\/revisions"}],"predecessor-version":[{"id":59752,"href":"https:\/\/www.deedeeparis.com\/blog\/wp-json\/wp\/v2\/posts\/59402\/revisions\/59752"}],"wp:featuredmedia":[{"embeddable":true,"href":"https:\/\/www.deedeeparis.com\/blog\/wp-json\/wp\/v2\/media\/59582"}],"wp:attachment":[{"href":"https:\/\/www.deedeeparis.com\/blog\/wp-json\/wp\/v2\/media?parent=59402"}],"wp:term":[{"taxonomy":"category","embeddable":true,"href":"https:\/\/www.deedeeparis.com\/blog\/wp-json\/wp\/v2\/categories?post=59402"},{"taxonomy":"post_tag","embeddable":true,"href":"https:\/\/www.deedeeparis.com\/blog\/wp-json\/wp\/v2\/tags?post=59402"}],"curies":[{"name":"wp","href":"https:\/\/api.w.org\/{rel}","templated":true}]}}