{"id":60273,"date":"2018-10-22T12:23:55","date_gmt":"2018-10-22T10:23:55","guid":{"rendered":"https:\/\/www.deedeeparis.com\/blog\/?p=60273"},"modified":"2018-10-22T13:04:27","modified_gmt":"2018-10-22T11:04:27","slug":"ma-week-list-284","status":"publish","type":"post","link":"https:\/\/www.deedeeparis.com\/blog\/ma-week-list-284","title":{"rendered":"Ma week list #284"},"content":{"rendered":"<p>Hello la compagnie ! J&rsquo;esp\u00e8re que vous allez tous bien par ici. Il parait que l&rsquo;automne arrive pour de bon&#8230; M\u00eame si j&rsquo;avoue appr\u00e9cier les temp\u00e9ratures cl\u00e9mentes du moment, je ne peux pas m&#8217;emp\u00eacher de trouver \u00e7a l\u00e9g\u00e8rement angoissant qu&rsquo;il fasse encore 25 degr\u00e9s le 15 octobre&#8230;. Nan ? Sans transition et pour l&rsquo;heure, je vous laisse avec mes sept coups de coeur de la semaine. Cette semaine, j&rsquo;aime :<\/p>\n<h2 class=\"stabylo\">Le bleuet solidaire de Cinabre<\/h2>\n<p><img loading=\"lazy\" decoding=\"async\" class=\"aligncenter size-full wp-image-60274\" src=\"https:\/\/www.deedeeparis.com\/blog\/wp-content\/uploads\/2018\/10\/click.jpg\" alt=\"\" width=\"5472\" height=\"3648\" srcset=\"https:\/\/www.deedeeparis.com\/blog\/wp-content\/uploads\/2018\/10\/click.jpg 5472w, https:\/\/www.deedeeparis.com\/blog\/wp-content\/uploads\/2018\/10\/click-768x512.jpg 768w, https:\/\/www.deedeeparis.com\/blog\/wp-content\/uploads\/2018\/10\/click-600x400.jpg 600w, https:\/\/www.deedeeparis.com\/blog\/wp-content\/uploads\/2018\/10\/click-1024x683.jpg 1024w\" sizes=\"auto, (max-width: 5472px) 100vw, 5472px\" \/><\/p>\n<p>Pour comm\u00e9morer le centenaire de l&rsquo;association le Bleuet de France, la jolie marque\u00a0<a href=\"https:\/\/www.cinabre-paris.com\/fr\/\" target=\"_blank\" rel=\"noopener\">Cinabre<\/a> dont je vous parle r\u00e9guli\u00e8rement\u00a0a r\u00e9alis\u00e9 cette boutonni\u00e8re. Le Bleuet Cinabre est fait \u00e0 la main au coeur de Paris et sera vendu \u00e0 partir du 5 novembre 2018 dans la boutique et sur le site internet au prix de 95\u20ac. 40\u20ac seront alors revers\u00e9s au Bleuet de France pour financer ses missions de soutien aux victimes de guerre et du terrorisme.\u00a0Au del\u00e0 de sa port\u00e9e symbolique \u00f4 combien importante, ce bleuet Cinabre est\u00a0fin et dr\u00f4lement \u00e9l\u00e9gant&#8230; On valide !<\/p>\n<h2 class=\"stabylo\">Les nouveaut\u00e9s \u00ab\u00a034\u00a0\u00bb de Diptyque<\/h2>\n<p><img loading=\"lazy\" decoding=\"async\" class=\"aligncenter size-full wp-image-60276\" src=\"https:\/\/www.deedeeparis.com\/blog\/wp-content\/uploads\/2018\/10\/dyptique.jpg\" alt=\"\" width=\"2000\" height=\"1500\" srcset=\"https:\/\/www.deedeeparis.com\/blog\/wp-content\/uploads\/2018\/10\/dyptique.jpg 2000w, https:\/\/www.deedeeparis.com\/blog\/wp-content\/uploads\/2018\/10\/dyptique-768x576.jpg 768w, https:\/\/www.deedeeparis.com\/blog\/wp-content\/uploads\/2018\/10\/dyptique-600x450.jpg 600w, https:\/\/www.deedeeparis.com\/blog\/wp-content\/uploads\/2018\/10\/dyptique-1024x768.jpg 1024w\" sizes=\"auto, (max-width: 2000px) 100vw, 2000px\" \/><\/p>\n<p><em>34<\/em> fait r\u00e9f\u00e9rence \u00e0 l&rsquo;adresse historique la maison. La premi\u00e8re boutique Diptyque se trouvait (et se trouve toujours) au 34 boulevard Saint-Germain, la collection 34 est donc embl\u00e9matique de la maison de parfum. En septembre, se sont rajout\u00e9s celle-ci deux nouveaut\u00e9s : une nouvelle <a href=\"https:\/\/www.diptyqueparis.fr\/eau-de-parfum-34-boulevard-saint-germain.html\" target=\"_blank\" rel=\"noopener\">eau de parfum<\/a> qui sent bon le sental et la vanille ainsi qu&rsquo;une <a href=\"https:\/\/www.diptyqueparis.fr\/elide-scented-candle.html\" target=\"_blank\" rel=\"noopener\">bougie<\/a> parfum\u00e9e \u00e0 l&rsquo;orange am\u00e8re, la lavande, la muscade. Comme d&rsquo;habitude, Diptyque a rendu ces objets encore plus d\u00e9sirables gr\u00e2ce \u00e0 de tr\u00e8s beaux \u00e9crins qui font ma joie Chez Deedee !<\/p>\n<h2 class=\"stabylo\"><em>L&rsquo;amour apr\u00e8s Me too<\/em> de Fiona Schmidt<\/h2>\n<p><img loading=\"lazy\" decoding=\"async\" class=\"aligncenter size-full wp-image-60277\" src=\"https:\/\/www.deedeeparis.com\/blog\/wp-content\/uploads\/2018\/10\/livre.jpg\" alt=\"\" width=\"2000\" height=\"1500\" srcset=\"https:\/\/www.deedeeparis.com\/blog\/wp-content\/uploads\/2018\/10\/livre.jpg 2000w, https:\/\/www.deedeeparis.com\/blog\/wp-content\/uploads\/2018\/10\/livre-768x576.jpg 768w, https:\/\/www.deedeeparis.com\/blog\/wp-content\/uploads\/2018\/10\/livre-600x450.jpg 600w, https:\/\/www.deedeeparis.com\/blog\/wp-content\/uploads\/2018\/10\/livre-1024x768.jpg 1024w\" sizes=\"auto, (max-width: 2000px) 100vw, 2000px\" \/><\/p>\n<p>Un an apr\u00e8s #MeToo, Fiona Schmidt dresse le bilan. Alors qu&rsquo;un fran\u00e7ais sur deux pense que ce mouvement n&rsquo;a absolument rien chang\u00e9, Fiona estime au contraire que le mouvement a \u00e9t\u00e9 le d\u00e9clencheur d&rsquo;une v\u00e9ritable r\u00e9volution. Dans son livre,\u00a0<em><a href=\"http:\/\/tidd.ly\/da960485\" target=\"_blank\" rel=\"noopener\">L&rsquo;amour apr\u00e8s #MeToo<\/a>, <\/em>elle \u00e9tablit une sorte de guide p\u00e9dagogique de la s\u00e9duction a l&rsquo;attention des hommes sans pour autant \u00eatre donneuse de le\u00e7ons. Des sujets divers\u00a0 et vari\u00e9s mais surtout tr\u00e8s utiles y sont ainsi abord\u00e9s : drague dans la rue, en soir\u00e9e, consentement, f\u00e9minisme&#8230; Y&rsquo;en a pour tous les go\u00fbts m&rsquo;sieurs dames ! Le tout est distill\u00e9 sur un ton l\u00e9ger et plein d&rsquo;humour comme seule Fiona sait le faire (Sans rire, je crois que Fiona est aujourd&rsquo;hui ma plume pr\u00e9f\u00e9r\u00e9e, pour son habilit\u00e9 \u00e0 manier le verbe, son humour, sa justesse) (#instagroupie). A lire et \u00e0 faire lire, parce que, j&rsquo;insiste, \u00e7a fait tant de bien de lire de l&rsquo;intelligent et bien \u00e9crit m\u00e2tin\u00e9 de cette touche irr\u00e9sistible de second degr\u00e9, \u00e0 plus forte raison sur ce sujet !<\/p>\n<h2 class=\"stabylo\">Le calendrier 2019 Handi&rsquo;chien par Studio Harcourt<\/h2>\n<p><img loading=\"lazy\" decoding=\"async\" class=\"aligncenter size-full wp-image-60307\" src=\"https:\/\/www.deedeeparis.com\/blog\/wp-content\/uploads\/2018\/10\/IMG_0270.jpg\" alt=\"\" width=\"711\" height=\"960\" srcset=\"https:\/\/www.deedeeparis.com\/blog\/wp-content\/uploads\/2018\/10\/IMG_0270.jpg 711w, https:\/\/www.deedeeparis.com\/blog\/wp-content\/uploads\/2018\/10\/IMG_0270-600x810.jpg 600w\" sizes=\"auto, (max-width: 711px) 100vw, 711px\" \/><\/p>\n<p>&nbsp;<\/p>\n<p>L&rsquo;ann\u00e9e 2019 aura du chien&#8230; si si ! (Jean Blaguin is back). Avec ce calendrier, vous aurez la chance de pouvoir admirer chaque mois les adorables et extraordinaires chiens form\u00e9s pour aider les handicap\u00e9s. C&rsquo;est pour c\u00e9l\u00e9brer le trenti\u00e8me anniversaire de l&rsquo;association qu&rsquo;un calendrier a \u00e9t\u00e9 mis en vente. Pour le r\u00e9aliser, les photographes du Studio Harcourt ont suivi pendant 12 mois l&rsquo;association. Au fil des mois et des portraits, le calendrier met ainsi en lumi\u00e8re le travail de l&rsquo;asso qui \u00e9duque des Labradors et des Golden Retrivers pour qu&rsquo;ils puissent accompagner des personnes en situation de grande fragilit\u00e9.<\/p>\n<p>1 000 calendriers vendus repr\u00e9sentent le cout d&rsquo;un chien donc pour soutenir l&rsquo;association, vous pouvez acheter la calendrier <a href=\"http:\/\/tidd.ly\/d1a8aed\" target=\"_blank\" rel=\"noopener\">ici<\/a>. Garanti 100% #cutenessoverload en plus d&rsquo;\u00eatre utile !<\/p>\n<p>&nbsp;<\/p>\n<h2 class=\"stabylo\">Le Projet\u00a0<em>PLI.\u00e9\u00a0<\/em>de Melika Dez et miss cloudy<\/h2>\n<p><img loading=\"lazy\" decoding=\"async\" class=\"aligncenter size-full wp-image-60342\" src=\"https:\/\/www.deedeeparis.com\/blog\/wp-content\/uploads\/2018\/10\/1-min.jpg\" alt=\"\" width=\"2000\" height=\"1333\" srcset=\"https:\/\/www.deedeeparis.com\/blog\/wp-content\/uploads\/2018\/10\/1-min.jpg 2000w, https:\/\/www.deedeeparis.com\/blog\/wp-content\/uploads\/2018\/10\/1-min-768x512.jpg 768w, https:\/\/www.deedeeparis.com\/blog\/wp-content\/uploads\/2018\/10\/1-min-600x400.jpg 600w, https:\/\/www.deedeeparis.com\/blog\/wp-content\/uploads\/2018\/10\/1-min-1024x682.jpg 1024w\" sizes=\"auto, (max-width: 2000px) 100vw, 2000px\" \/><\/p>\n<p style=\"text-align: justify;\">Le projet PLI.E est la rencontre de la photographie et de l&rsquo;art de l&rsquo;origami. Dans quatre villes \u00e0 travers le monde et en studio, les danseurs ont tous \u00e9t\u00e9 v\u00eatus ou accessoiris\u00e9s par des oeuvres en papier sign\u00e9es Miss Cloudy. Les mouvements du papier mettent parfaitement en valeur la gr\u00e2ce de ces danseurs pour des photos g\u00e9om\u00e9triques et pleines de po\u00e9sie. Combien d&rsquo;heures de pliage pour r\u00e9aliser ces photos ? Vous avez 3h, la calculatrice n&rsquo;est pas autoris\u00e9e. En attendant et pour voir le projet en entier, c&rsquo;est par <a href=\"https:\/\/www.plieproject.com\" target=\"_blank\" rel=\"noopener\">ici<\/a>.<\/p>\n<p><img loading=\"lazy\" decoding=\"async\" class=\"aligncenter size-full wp-image-60348\" src=\"https:\/\/www.deedeeparis.com\/blog\/wp-content\/uploads\/2018\/10\/42002612_290964721505281_3754744097754607556_n.jpg\" alt=\"\" width=\"800\" height=\"1000\" srcset=\"https:\/\/www.deedeeparis.com\/blog\/wp-content\/uploads\/2018\/10\/42002612_290964721505281_3754744097754607556_n.jpg 800w, https:\/\/www.deedeeparis.com\/blog\/wp-content\/uploads\/2018\/10\/42002612_290964721505281_3754744097754607556_n-768x960.jpg 768w, https:\/\/www.deedeeparis.com\/blog\/wp-content\/uploads\/2018\/10\/42002612_290964721505281_3754744097754607556_n-600x750.jpg 600w\" sizes=\"auto, (max-width: 800px) 100vw, 800px\" \/><\/p>\n<p><img loading=\"lazy\" decoding=\"async\" class=\"aligncenter size-full wp-image-60343\" src=\"https:\/\/www.deedeeparis.com\/blog\/wp-content\/uploads\/2018\/10\/4-min.jpg\" alt=\"\" width=\"2000\" height=\"1333\" srcset=\"https:\/\/www.deedeeparis.com\/blog\/wp-content\/uploads\/2018\/10\/4-min.jpg 2000w, https:\/\/www.deedeeparis.com\/blog\/wp-content\/uploads\/2018\/10\/4-min-768x512.jpg 768w, https:\/\/www.deedeeparis.com\/blog\/wp-content\/uploads\/2018\/10\/4-min-600x400.jpg 600w, https:\/\/www.deedeeparis.com\/blog\/wp-content\/uploads\/2018\/10\/4-min-1024x682.jpg 1024w\" sizes=\"auto, (max-width: 2000px) 100vw, 2000px\" \/><\/p>\n<p><img loading=\"lazy\" decoding=\"async\" class=\"aligncenter size-full wp-image-60346\" src=\"https:\/\/www.deedeeparis.com\/blog\/wp-content\/uploads\/2018\/10\/19-min.jpg\" alt=\"\" width=\"667\" height=\"1000\" srcset=\"https:\/\/www.deedeeparis.com\/blog\/wp-content\/uploads\/2018\/10\/19-min.jpg 667w, https:\/\/www.deedeeparis.com\/blog\/wp-content\/uploads\/2018\/10\/19-min-600x900.jpg 600w\" sizes=\"auto, (max-width: 667px) 100vw, 667px\" \/><\/p>\n<p><img loading=\"lazy\" decoding=\"async\" class=\"aligncenter size-full wp-image-60344\" src=\"https:\/\/www.deedeeparis.com\/blog\/wp-content\/uploads\/2018\/10\/7-min.jpg\" alt=\"\" width=\"2000\" height=\"1333\" srcset=\"https:\/\/www.deedeeparis.com\/blog\/wp-content\/uploads\/2018\/10\/7-min.jpg 2000w, https:\/\/www.deedeeparis.com\/blog\/wp-content\/uploads\/2018\/10\/7-min-768x512.jpg 768w, https:\/\/www.deedeeparis.com\/blog\/wp-content\/uploads\/2018\/10\/7-min-600x400.jpg 600w, https:\/\/www.deedeeparis.com\/blog\/wp-content\/uploads\/2018\/10\/7-min-1024x682.jpg 1024w\" sizes=\"auto, (max-width: 2000px) 100vw, 2000px\" \/><\/p>\n<p>&nbsp;<\/p>\n<p><img loading=\"lazy\" decoding=\"async\" class=\"aligncenter size-full wp-image-60347\" src=\"https:\/\/www.deedeeparis.com\/blog\/wp-content\/uploads\/2018\/10\/38-min.jpg\" alt=\"\" width=\"667\" height=\"1000\" srcset=\"https:\/\/www.deedeeparis.com\/blog\/wp-content\/uploads\/2018\/10\/38-min.jpg 667w, https:\/\/www.deedeeparis.com\/blog\/wp-content\/uploads\/2018\/10\/38-min-600x900.jpg 600w\" sizes=\"auto, (max-width: 667px) 100vw, 667px\" \/><\/p>\n<p>&nbsp;<\/p>\n<h2 class=\"stabylo\">FAIS-LE TOI-M\u00caME : Un globe-terrestre \u00e0 la feuille d&rsquo;or<\/h2>\n<p><img loading=\"lazy\" decoding=\"async\" class=\"aligncenter size-full wp-image-60350\" src=\"https:\/\/www.deedeeparis.com\/blog\/wp-content\/uploads\/2018\/10\/DIY-globe-terrestre-blog-Artlex.jpg\" alt=\"\" width=\"1276\" height=\"1913\" srcset=\"https:\/\/www.deedeeparis.com\/blog\/wp-content\/uploads\/2018\/10\/DIY-globe-terrestre-blog-Artlex.jpg 1276w, https:\/\/www.deedeeparis.com\/blog\/wp-content\/uploads\/2018\/10\/DIY-globe-terrestre-blog-Artlex-768x1151.jpg 768w, https:\/\/www.deedeeparis.com\/blog\/wp-content\/uploads\/2018\/10\/DIY-globe-terrestre-blog-Artlex-600x900.jpg 600w, https:\/\/www.deedeeparis.com\/blog\/wp-content\/uploads\/2018\/10\/DIY-globe-terrestre-blog-Artlex-683x1024.jpg 683w\" sizes=\"auto, (max-width: 1276px) 100vw, 1276px\" \/><\/p>\n<p>Le globe-terrestre est partout et souvent \u00e0 des prix assez \u00e9lev\u00e9s. <a href=\"https:\/\/www.leblogdartlex.com\/diy-globe-terrestre-or-rose\/\" target=\"_blank\" rel=\"noopener\">Le blog d&rsquo;Artlex<\/a> nous propose un DIY pour r\u00e9alis\u00e9 soi-m\u00eame et pas \u00e0 pas un globe plut\u00f4t styl\u00e9.<\/p>\n<p>Ang\u00e8le feat. Rom\u00e9o Elvis &#8211; Tout Oublier [CLIP OFFICIEL]<\/p>\n<p>La semaine derni\u00e8re, j&rsquo;ai loup\u00e9 un concert d&rsquo;Ang\u00e8le \u00e0 Bruxelles. Comme \u00e7a m&rsquo;a frustr\u00e9e, je vous en recolle une couche ici !<\/p>\n<p><iframe loading=\"lazy\" src=\"https:\/\/www.youtube.com\/embed\/Fy1xQSiLx8U\" width=\"1020\" height=\"475\" frameborder=\"0\" allowfullscreen=\"allowfullscreen\"><span data-mce-type=\"bookmark\" style=\"display: inline-block; width: 0px; overflow: hidden; line-height: 0;\" class=\"mce_SELRES_start\">\ufeff<\/span><\/iframe><\/p>\n<p>Voil\u00e0, c&rsquo;est tout pour aujourd&rsquo;hui. Prenez soin de vous !<\/p>\n","protected":false},"excerpt":{"rendered":"<p>Hello la compagnie ! J&rsquo;esp\u00e8re que vous allez tous bien par ici. Il parait que l&rsquo;automne arrive pour de bon&#8230; M\u00eame si j&rsquo;avoue appr\u00e9cier les temp\u00e9ratures cl\u00e9mentes du moment, je ne peux pas m&#8217;emp\u00eacher de trouver \u00e7a l\u00e9g\u00e8rement angoissant qu&rsquo;il fasse encore 25 degr\u00e9s le 15 octobre&#8230;. Nan ? Sans transition et pour l&rsquo;heure, je [&hellip;]<\/p>\n","protected":false},"author":29,"featured_media":60277,"comment_status":"open","ping_status":"open","sticky":false,"template":"","format":"standard","meta":{"_acf_changed":false,"footnotes":""},"categories":[8],"tags":[1514,9301,9304,5693,9302,2214,8957,9303],"class_list":["post-60273","post","type-post","status-publish","format-standard","has-post-thumbnail","hentry","category-chroniques-de-paris","tag-actualite-livres","tag-bleuet-de-france","tag-calendrier-2019","tag-cinabre","tag-diptyque-collection-34","tag-do-it-yourself","tag-me-too","tag-serie-photos"],"acf":[],"geo":null,"_links":{"self":[{"href":"https:\/\/www.deedeeparis.com\/blog\/wp-json\/wp\/v2\/posts\/60273","targetHints":{"allow":["GET"]}}],"collection":[{"href":"https:\/\/www.deedeeparis.com\/blog\/wp-json\/wp\/v2\/posts"}],"about":[{"href":"https:\/\/www.deedeeparis.com\/blog\/wp-json\/wp\/v2\/types\/post"}],"author":[{"embeddable":true,"href":"https:\/\/www.deedeeparis.com\/blog\/wp-json\/wp\/v2\/users\/29"}],"replies":[{"embeddable":true,"href":"https:\/\/www.deedeeparis.com\/blog\/wp-json\/wp\/v2\/comments?post=60273"}],"version-history":[{"count":13,"href":"https:\/\/www.deedeeparis.com\/blog\/wp-json\/wp\/v2\/posts\/60273\/revisions"}],"predecessor-version":[{"id":60356,"href":"https:\/\/www.deedeeparis.com\/blog\/wp-json\/wp\/v2\/posts\/60273\/revisions\/60356"}],"wp:featuredmedia":[{"embeddable":true,"href":"https:\/\/www.deedeeparis.com\/blog\/wp-json\/wp\/v2\/media\/60277"}],"wp:attachment":[{"href":"https:\/\/www.deedeeparis.com\/blog\/wp-json\/wp\/v2\/media?parent=60273"}],"wp:term":[{"taxonomy":"category","embeddable":true,"href":"https:\/\/www.deedeeparis.com\/blog\/wp-json\/wp\/v2\/categories?post=60273"},{"taxonomy":"post_tag","embeddable":true,"href":"https:\/\/www.deedeeparis.com\/blog\/wp-json\/wp\/v2\/tags?post=60273"}],"curies":[{"name":"wp","href":"https:\/\/api.w.org\/{rel}","templated":true}]}}