{"id":60769,"date":"2018-11-12T07:03:07","date_gmt":"2018-11-12T06:03:07","guid":{"rendered":"https:\/\/www.deedeeparis.com\/blog\/?p=60769"},"modified":"2018-11-11T20:27:50","modified_gmt":"2018-11-11T19:27:50","slug":"ma-week-list-287","status":"publish","type":"post","link":"https:\/\/www.deedeeparis.com\/blog\/ma-week-list-287","title":{"rendered":"Ma week list #287"},"content":{"rendered":"<p>Hello la compagnie ! J&rsquo;esp\u00e8re que vous allez bien et que vous \u00eates pr\u00eat.e.s \u00e0 affronter cette nouvelle semaine. Je ne sais pas vous, mais j&rsquo;ai l&rsquo;impression qu&rsquo;on est en novembre depuis \u00e0 peu pr\u00e8s 1000 ans d\u00e9j\u00e0&#8230; Pour se remotiver, rien de tel qu&rsquo;une bonne <em>week list<\/em> pour bien commencer la semaine ! Cette semaine, j&rsquo;aime :<\/p>\n<h2 class=\"stabylo\"><em>Le voyage dans la peau<\/em> de The Tattoorialist<\/h2>\n<p><img loading=\"lazy\" decoding=\"async\" class=\"aligncenter size-full wp-image-60784\" src=\"https:\/\/www.deedeeparis.com\/blog\/wp-content\/uploads\/2018\/11\/le-voyage-dans-la-peau-livre-tatouage.jpg\" alt=\"\" width=\"2000\" height=\"1500\" srcset=\"https:\/\/www.deedeeparis.com\/blog\/wp-content\/uploads\/2018\/11\/le-voyage-dans-la-peau-livre-tatouage.jpg 2000w, https:\/\/www.deedeeparis.com\/blog\/wp-content\/uploads\/2018\/11\/le-voyage-dans-la-peau-livre-tatouage-768x576.jpg 768w, https:\/\/www.deedeeparis.com\/blog\/wp-content\/uploads\/2018\/11\/le-voyage-dans-la-peau-livre-tatouage-600x450.jpg 600w, https:\/\/www.deedeeparis.com\/blog\/wp-content\/uploads\/2018\/11\/le-voyage-dans-la-peau-livre-tatouage-1024x768.jpg 1024w\" sizes=\"auto, (max-width: 2000px) 100vw, 2000px\" \/><\/p>\n<p><em><a href=\"http:\/\/tidd.ly\/edfef3f8\" target=\"_blank\" rel=\"noopener\">Le Voyage dans la Peau<\/a>\u00a0<\/em>est le dernier ouvrage de<strong>\u00a0<a href=\"http:\/\/www.thetattoorialist.com\/\" target=\"_blank\" rel=\"noopener\">The Tattoorialist.<\/a><\/strong>\u00a0Dans celui-ci, Nicolas Brulez et Mil\u00e8ne Ebrard nous emm\u00e8nent d\u00e9couvrir la culture du tatouage \u00e0 New-York, Tokyo, Londres, Berlin et Paris et nous livrent la fa\u00e7ons dont cette pratique est per\u00e7ue dans ces cultures tr\u00e8s diff\u00e9rentes. Comme d&rsquo;habitude, les photos sont sublimes et le livre est des plus inspirants&#8230; Pour tout vous dire, je suis leur depuis le d\u00e9but, \u00e7a me donne la larmichette au coin de l&rsquo;oeil de tenir ce nouvel opus entre les mains !<\/p>\n<h2 class=\"product-single__title stabylo\">Le t-shirt PATiNE x Wild &amp; the Moon<\/h2>\n<p><img loading=\"lazy\" decoding=\"async\" class=\"aligncenter size-full wp-image-60772\" src=\"https:\/\/www.deedeeparis.com\/blog\/wp-content\/uploads\/2018\/11\/tshirt-patine-wild-and-the-moon.jpg\" alt=\"\" width=\"384\" height=\"576\" \/><\/p>\n<p style=\"text-align: justify;\">Patine n&rsquo;arr\u00eatera donc jamais de faire de jolies choses, dans tous les sens du terme ! Dernier projet en date de la marque, une collaboration avec la marque de restaurant\u00a0<em>Wild &amp; The Moon :<\/em>\u00a0Patine a ainsi donn\u00e9 naissance \u00e0 ce t-shirt au message militant qui colle parfaitement \u00e0 l&rsquo;ADN \u00e9thique et responsable des deux marques. Vous pouvez retrouver le t-shirt sur le site de <a href=\"https:\/\/www.patine.fr\/products\/willie-cool-wild-and-the-moon-collab\" target=\"_blank\" rel=\"noopener\">Patine<\/a> au prix de 50 \u20ac. Oui, ils sont chers mais ils sont mieux \ud83d\ude09<\/p>\n<h2 class=\"stabylo\">L&rsquo;appel au recyclage d&rsquo;A.P.C.<\/h2>\n<p><img loading=\"lazy\" decoding=\"async\" class=\"aligncenter size-full wp-image-60771\" src=\"https:\/\/www.deedeeparis.com\/blog\/wp-content\/uploads\/2018\/11\/apc-recyclage-la-croix-rouge.jpg\" alt=\"\" width=\"650\" height=\"975\" srcset=\"https:\/\/www.deedeeparis.com\/blog\/wp-content\/uploads\/2018\/11\/apc-recyclage-la-croix-rouge.jpg 650w, https:\/\/www.deedeeparis.com\/blog\/wp-content\/uploads\/2018\/11\/apc-recyclage-la-croix-rouge-600x900.jpg 600w\" sizes=\"auto, (max-width: 650px) 100vw, 650px\" \/><\/p>\n<p>A partir du jeudi 15 novembre, A.P.C. lance une campagne de recyclage dans ses boutiques. En partenariat avec La Croix Rouge, la marque va ainsi proposer de rapporter nos v\u00eatements et nos chaussures dont nous ne voulons plus et nous donner, en \u00e9change, un bon d&rsquo;achat : 30 \u20ac pour un manteau, 15 pour des chaussures ou encore 10 \u20ac pour un t-shirt. Ok, \u00e7a fera un peu juste pour s&rsquo;offrir une nouvelle sape de la marque mais allez, c&rsquo;est toujours mieux que rien !\u00a0Tous les dons seront donn\u00e9s \u00e0 la Croix Rouge pour \u00eatre distribu\u00e9s dans leurs boutiques solidaires (il y en a une en bas du bureau rue de Paradis, je l&rsquo;ai d\u00e9couverte la semaine derni\u00e8re gr\u00e2ce \u00e0 Marie-Paola qui a plus l&rsquo;oeil que moi&#8230;.!). La v\u00e9rit\u00e9, \u00e7a fait plaisir de voir des grandes marques comme celle-ci s&rsquo;engager !<\/p>\n<h2 class=\"stabylo\">Les vides poches en cuir<\/h2>\n<p><img loading=\"lazy\" decoding=\"async\" class=\"aligncenter size-full wp-image-60785\" src=\"https:\/\/www.deedeeparis.com\/blog\/wp-content\/uploads\/2018\/11\/vide-poche-en-cuir-.jpg\" alt=\"\" width=\"570\" height=\"449\" \/><\/p>\n<p style=\"text-align: justify;\">J&rsquo;adore tomber sur ce genre de petits objets sur <a href=\"http:\/\/bit.ly\/2PlFgVW\" target=\"_blank\" rel=\"noopener\">Etsy<\/a> ! C&rsquo;est tout \u00e0 fait le genre dont on a pas vraiment besoin mais qui peut faire tout son effet et surtout, il peut \u00eatre une super id\u00e9e cadeau. C&rsquo;est pas comme si on arrivait dans la p\u00e9riode de qu\u00eate des cadeaux parfaits ! Je dis \u00e7a, je dis rien&#8230;<\/p>\n<h2 class=\"stabylo\">Broken Pattern de Rade Stjepanovic<\/h2>\n<p><img loading=\"lazy\" decoding=\"async\" class=\"aligncenter size-full wp-image-60443\" src=\"https:\/\/www.deedeeparis.com\/blog\/wp-content\/uploads\/2018\/10\/5ca84271269949.5bc636abc9a6f.jpg\" alt=\"\" width=\"1200\" height=\"858\" srcset=\"https:\/\/www.deedeeparis.com\/blog\/wp-content\/uploads\/2018\/10\/5ca84271269949.5bc636abc9a6f.jpg 1200w, https:\/\/www.deedeeparis.com\/blog\/wp-content\/uploads\/2018\/10\/5ca84271269949.5bc636abc9a6f-768x549.jpg 768w, https:\/\/www.deedeeparis.com\/blog\/wp-content\/uploads\/2018\/10\/5ca84271269949.5bc636abc9a6f-600x429.jpg 600w, https:\/\/www.deedeeparis.com\/blog\/wp-content\/uploads\/2018\/10\/5ca84271269949.5bc636abc9a6f-1024x732.jpg 1024w\" sizes=\"auto, (max-width: 1200px) 100vw, 1200px\" \/><\/p>\n<p>Rade Stjepanovie s&rsquo;est amus\u00e9 avec ce projet \u00e0 reproduire le m\u00eame motif encore et encore le m\u00eame motif. Seulement, sur chaque image, il y a une r\u00e9p\u00e9tition \u00ab\u00a0cass\u00e9\u00a0\u00bb : une qui sort du lot. Saurez-vous retrouver les \u00ab\u00a0erreurs\u00a0\u00bb ?! Pour les r\u00e9ponses c&rsquo;est par <a href=\"https:\/\/www.behance.net\/gallery\/71269949\/Broken-Pattern\" target=\"_blank\" rel=\"noopener\">ici<\/a> !<\/p>\n<p><img loading=\"lazy\" decoding=\"async\" class=\"aligncenter size-full wp-image-60442\" src=\"https:\/\/www.deedeeparis.com\/blog\/wp-content\/uploads\/2018\/10\/83882e71269949.5bc636abc830f.jpg\" alt=\"\" width=\"1200\" height=\"800\" srcset=\"https:\/\/www.deedeeparis.com\/blog\/wp-content\/uploads\/2018\/10\/83882e71269949.5bc636abc830f.jpg 1200w, https:\/\/www.deedeeparis.com\/blog\/wp-content\/uploads\/2018\/10\/83882e71269949.5bc636abc830f-768x512.jpg 768w, https:\/\/www.deedeeparis.com\/blog\/wp-content\/uploads\/2018\/10\/83882e71269949.5bc636abc830f-600x400.jpg 600w, https:\/\/www.deedeeparis.com\/blog\/wp-content\/uploads\/2018\/10\/83882e71269949.5bc636abc830f-1024x683.jpg 1024w\" sizes=\"auto, (max-width: 1200px) 100vw, 1200px\" \/><\/p>\n<p><img loading=\"lazy\" decoding=\"async\" class=\"aligncenter size-full wp-image-60441\" src=\"https:\/\/www.deedeeparis.com\/blog\/wp-content\/uploads\/2018\/10\/02178d71269949.5bc0a912c97f1.jpg\" alt=\"\" width=\"1200\" height=\"748\" srcset=\"https:\/\/www.deedeeparis.com\/blog\/wp-content\/uploads\/2018\/10\/02178d71269949.5bc0a912c97f1.jpg 1200w, https:\/\/www.deedeeparis.com\/blog\/wp-content\/uploads\/2018\/10\/02178d71269949.5bc0a912c97f1-768x479.jpg 768w, https:\/\/www.deedeeparis.com\/blog\/wp-content\/uploads\/2018\/10\/02178d71269949.5bc0a912c97f1-600x374.jpg 600w, https:\/\/www.deedeeparis.com\/blog\/wp-content\/uploads\/2018\/10\/02178d71269949.5bc0a912c97f1-1024x638.jpg 1024w\" sizes=\"auto, (max-width: 1200px) 100vw, 1200px\" \/><\/p>\n<p><img loading=\"lazy\" decoding=\"async\" class=\"aligncenter size-full wp-image-60440\" src=\"https:\/\/www.deedeeparis.com\/blog\/wp-content\/uploads\/2018\/10\/42f33471269949.5bc606754cb6f.jpg\" alt=\"\" width=\"1200\" height=\"964\" srcset=\"https:\/\/www.deedeeparis.com\/blog\/wp-content\/uploads\/2018\/10\/42f33471269949.5bc606754cb6f.jpg 1200w, https:\/\/www.deedeeparis.com\/blog\/wp-content\/uploads\/2018\/10\/42f33471269949.5bc606754cb6f-768x617.jpg 768w, https:\/\/www.deedeeparis.com\/blog\/wp-content\/uploads\/2018\/10\/42f33471269949.5bc606754cb6f-600x482.jpg 600w, https:\/\/www.deedeeparis.com\/blog\/wp-content\/uploads\/2018\/10\/42f33471269949.5bc606754cb6f-1024x823.jpg 1024w\" sizes=\"auto, (max-width: 1200px) 100vw, 1200px\" \/><\/p>\n<p><img loading=\"lazy\" decoding=\"async\" class=\"aligncenter size-full wp-image-60439\" src=\"https:\/\/www.deedeeparis.com\/blog\/wp-content\/uploads\/2018\/10\/f7b78771269949.5bc16e884f010.jpg\" alt=\"\" width=\"1200\" height=\"871\" srcset=\"https:\/\/www.deedeeparis.com\/blog\/wp-content\/uploads\/2018\/10\/f7b78771269949.5bc16e884f010.jpg 1200w, https:\/\/www.deedeeparis.com\/blog\/wp-content\/uploads\/2018\/10\/f7b78771269949.5bc16e884f010-768x557.jpg 768w, https:\/\/www.deedeeparis.com\/blog\/wp-content\/uploads\/2018\/10\/f7b78771269949.5bc16e884f010-600x436.jpg 600w, https:\/\/www.deedeeparis.com\/blog\/wp-content\/uploads\/2018\/10\/f7b78771269949.5bc16e884f010-1024x743.jpg 1024w\" sizes=\"auto, (max-width: 1200px) 100vw, 1200px\" \/><\/p>\n<p><img loading=\"lazy\" decoding=\"async\" class=\"aligncenter size-full wp-image-60438\" src=\"https:\/\/www.deedeeparis.com\/blog\/wp-content\/uploads\/2018\/10\/755fae71269949.5bc6404de155b.jpg\" alt=\"\" width=\"1200\" height=\"804\" srcset=\"https:\/\/www.deedeeparis.com\/blog\/wp-content\/uploads\/2018\/10\/755fae71269949.5bc6404de155b.jpg 1200w, https:\/\/www.deedeeparis.com\/blog\/wp-content\/uploads\/2018\/10\/755fae71269949.5bc6404de155b-768x515.jpg 768w, https:\/\/www.deedeeparis.com\/blog\/wp-content\/uploads\/2018\/10\/755fae71269949.5bc6404de155b-600x402.jpg 600w, https:\/\/www.deedeeparis.com\/blog\/wp-content\/uploads\/2018\/10\/755fae71269949.5bc6404de155b-1024x686.jpg 1024w\" sizes=\"auto, (max-width: 1200px) 100vw, 1200px\" \/><\/p>\n<h2 class=\"stabylo\">Fais-le toi-m\u00eame : un calendrier de l&rsquo;avent en cuivre<\/h2>\n<p><img loading=\"lazy\" decoding=\"async\" class=\"aligncenter size-full wp-image-60773\" src=\"https:\/\/www.deedeeparis.com\/blog\/wp-content\/uploads\/2018\/11\/diy-calendrier-de-lavent.jpg\" alt=\"\" width=\"1000\" height=\"1000\" srcset=\"https:\/\/www.deedeeparis.com\/blog\/wp-content\/uploads\/2018\/11\/diy-calendrier-de-lavent.jpg 1000w, https:\/\/www.deedeeparis.com\/blog\/wp-content\/uploads\/2018\/11\/diy-calendrier-de-lavent-768x768.jpg 768w, https:\/\/www.deedeeparis.com\/blog\/wp-content\/uploads\/2018\/11\/diy-calendrier-de-lavent-150x150.jpg 150w, https:\/\/www.deedeeparis.com\/blog\/wp-content\/uploads\/2018\/11\/diy-calendrier-de-lavent-600x600.jpg 600w\" sizes=\"auto, (max-width: 1000px) 100vw, 1000px\" \/><\/p>\n<p>La semaine derni\u00e8re, vous avez eu droit \u00e0 la s\u00e9lection de <a href=\"https:\/\/www.deedeeparis.com\/blog\/les-17-meilleurs-calendriers-de-lavent-2018\" target=\"_blank\" rel=\"noopener\">mes 17 calendriers de l&rsquo;avent pr\u00e9f\u00e9r\u00e9s<\/a> mais j&rsquo;avais envie de rajouter <a href=\"https:\/\/www.marieclaire.fr\/idees\/fabriquer-un-calendrier-de-l-avent-en-cuivre,1127830.asp\" target=\"_blank\" rel=\"noopener\">celui-ci<\/a>, propos\u00e9 par Marie Claire et\u00a0qui est \u00e0 faire soi-m\u00eame. En deux temps, trois mouvements (sur le papier, je vous l&rsquo;accorde) vous aurez un calendrier de l&rsquo;avent personnalis\u00e9 avec vos friandises pr\u00e9f\u00e9r\u00e9es, des mantras inspirants et motivants, des petits mots doux&#8230; A vous de voir ! (Didier).<\/p>\n<h2 class=\"stabylo\">Avishai Cohen &#8211; Remembering<\/h2>\n<p>C&rsquo;est doux, un poil m\u00e9lancolique mais assur\u00e9ment attirant, c&rsquo;est\u00a0Remembering d&rsquo;Avishai Cohen, compos\u00e9e en 2005 et r\u00e9guli\u00e8rement utilis\u00e9e dans des films. Montez le son, c&rsquo;est bon !<\/p>\n<p><iframe loading=\"lazy\" src=\"https:\/\/www.youtube.com\/embed\/o6vptqMYk3g\" width=\"560\" height=\"315\" frameborder=\"0\" allowfullscreen=\"allowfullscreen\"><\/iframe><\/p>\n<p>&nbsp;<\/p>\n<p>C&rsquo;est tout pour aujourd&rsquo;hui ! Prenez bien soin de vous !<\/p>\n","protected":false},"excerpt":{"rendered":"<p>Hello la compagnie ! J&rsquo;esp\u00e8re que vous allez bien et que vous \u00eates pr\u00eat.e.s \u00e0 affronter cette nouvelle semaine. Je ne sais pas vous, mais j&rsquo;ai l&rsquo;impression qu&rsquo;on est en novembre depuis \u00e0 peu pr\u00e8s 1000 ans d\u00e9j\u00e0&#8230; Pour se remotiver, rien de tel qu&rsquo;une bonne week list pour bien commencer la semaine ! Cette [&hellip;]<\/p>\n","protected":false},"author":29,"featured_media":60784,"comment_status":"open","ping_status":"open","sticky":false,"template":"","format":"standard","meta":{"_acf_changed":false,"footnotes":""},"categories":[8],"tags":[4884,2214,8748,8747,9333,9334],"class_list":["post-60769","post","type-post","status-publish","format-standard","has-post-thumbnail","hentry","category-chroniques-de-paris","tag-diy","tag-do-it-yourself","tag-mode-ethique","tag-mode-responsable","tag-patine","tag-tattorialist"],"acf":[],"geo":null,"_links":{"self":[{"href":"https:\/\/www.deedeeparis.com\/blog\/wp-json\/wp\/v2\/posts\/60769","targetHints":{"allow":["GET"]}}],"collection":[{"href":"https:\/\/www.deedeeparis.com\/blog\/wp-json\/wp\/v2\/posts"}],"about":[{"href":"https:\/\/www.deedeeparis.com\/blog\/wp-json\/wp\/v2\/types\/post"}],"author":[{"embeddable":true,"href":"https:\/\/www.deedeeparis.com\/blog\/wp-json\/wp\/v2\/users\/29"}],"replies":[{"embeddable":true,"href":"https:\/\/www.deedeeparis.com\/blog\/wp-json\/wp\/v2\/comments?post=60769"}],"version-history":[{"count":7,"href":"https:\/\/www.deedeeparis.com\/blog\/wp-json\/wp\/v2\/posts\/60769\/revisions"}],"predecessor-version":[{"id":60791,"href":"https:\/\/www.deedeeparis.com\/blog\/wp-json\/wp\/v2\/posts\/60769\/revisions\/60791"}],"wp:featuredmedia":[{"embeddable":true,"href":"https:\/\/www.deedeeparis.com\/blog\/wp-json\/wp\/v2\/media\/60784"}],"wp:attachment":[{"href":"https:\/\/www.deedeeparis.com\/blog\/wp-json\/wp\/v2\/media?parent=60769"}],"wp:term":[{"taxonomy":"category","embeddable":true,"href":"https:\/\/www.deedeeparis.com\/blog\/wp-json\/wp\/v2\/categories?post=60769"},{"taxonomy":"post_tag","embeddable":true,"href":"https:\/\/www.deedeeparis.com\/blog\/wp-json\/wp\/v2\/tags?post=60769"}],"curies":[{"name":"wp","href":"https:\/\/api.w.org\/{rel}","templated":true}]}}