{"id":60822,"date":"2018-11-19T07:03:28","date_gmt":"2018-11-19T06:03:28","guid":{"rendered":"https:\/\/www.deedeeparis.com\/blog\/?p=60822"},"modified":"2018-11-18T21:27:43","modified_gmt":"2018-11-18T20:27:43","slug":"ma-week-list-288","status":"publish","type":"post","link":"https:\/\/www.deedeeparis.com\/blog\/ma-week-list-288","title":{"rendered":"Ma week list #288"},"content":{"rendered":"<p>Bonjour vous ! Me revoil\u00e0 avec 7 sujets pour bien commencer la semaine. Le rythme est assez fou en ce moment et j&rsquo;ai quelques menues choses assez enthousiasmantes qui arrivent&#8230; j&rsquo;ai tellement h\u00e2te de vous en dire plus !<\/p>\n<p>Pour l&rsquo;heure, cette semaine, j&rsquo;aime :<\/p>\n<h2 class=\"stabylo\">La collection Midnight Wish de Dior<\/h2>\n<p><img loading=\"lazy\" decoding=\"async\" class=\"aligncenter size-full wp-image-60825\" src=\"https:\/\/www.deedeeparis.com\/blog\/wp-content\/uploads\/2018\/11\/noel-dior.jpg\" alt=\"\" width=\"2000\" height=\"1469\" srcset=\"https:\/\/www.deedeeparis.com\/blog\/wp-content\/uploads\/2018\/11\/noel-dior.jpg 2000w, https:\/\/www.deedeeparis.com\/blog\/wp-content\/uploads\/2018\/11\/noel-dior-768x564.jpg 768w, https:\/\/www.deedeeparis.com\/blog\/wp-content\/uploads\/2018\/11\/noel-dior-600x441.jpg 600w, https:\/\/www.deedeeparis.com\/blog\/wp-content\/uploads\/2018\/11\/noel-dior-1024x752.jpg 1024w\" sizes=\"auto, (max-width: 2000px) 100vw, 2000px\" \/><\/p>\n<p>Comme tous les ans, Dior nous g\u00e2te avec sa collection de No\u00ebl ! Cette ann\u00e9e, ce sont deux <a href=\"http:\/\/bit.ly\/2QPifaE\" target=\"_blank\" rel=\"noopener\">palettes<\/a> pour les yeux, un <a href=\"http:\/\/bit.ly\/2QKN0NS\" target=\"_blank\" rel=\"noopener\">blush<\/a>, quatre <a href=\"http:\/\/bit.ly\/2PuF32S\" target=\"_blank\" rel=\"noopener\">rouges \u00e0 l\u00e8vres<\/a> et quatre <a href=\"http:\/\/bit.ly\/2QOHTw4\" target=\"_blank\" rel=\"noopener\">vernis<\/a>, la marque qui nous plongent dans l&rsquo;atmosph\u00e8re paillet\u00e9e de No\u00ebl. Comme souvent, le plus difficile sera probablement d&rsquo;arr\u00eater notre choix !<\/p>\n<h2 class=\"stabylo\">L&rsquo;appartement fran\u00e7ais sur les champs-elys\u00e9es<\/h2>\n<p><a href=\"https:\/\/www.deedeeparis.com\/blog\/wp-content\/uploads\/2018\/11\/LAPPARTEMENT-FRANC\u0327AIS-SUR-LES-CHAMPS-ELYSE\u0301ES.jpg\"><img loading=\"lazy\" decoding=\"async\" class=\"aligncenter size-full wp-image-60845\" src=\"https:\/\/www.deedeeparis.com\/blog\/wp-content\/uploads\/2018\/11\/LAPPARTEMENT-FRANC\u0327AIS-SUR-LES-CHAMPS-ELYSE\u0301ES.jpg\" alt=\"\" width=\"624\" height=\"416\" srcset=\"https:\/\/www.deedeeparis.com\/blog\/wp-content\/uploads\/2018\/11\/LAPPARTEMENT-FRANC\u0327AIS-SUR-LES-CHAMPS-ELYSE\u0301ES.jpg 624w, https:\/\/www.deedeeparis.com\/blog\/wp-content\/uploads\/2018\/11\/LAPPARTEMENT-FRANC\u0327AIS-SUR-LES-CHAMPS-ELYSE\u0301ES-600x400.jpg 600w\" sizes=\"auto, (max-width: 624px) 100vw, 624px\" \/><\/a><\/p>\n<p style=\"text-align: justify;\">Super nouvelle, le <em>Made in France<\/em> se lance sur la plus belle avenue du monde ! (Je n&rsquo;ai jamais compris pourquoi les champs \u00e9taient affubl\u00e9s de ce qualificatif certes \u00e9logieux mais un poil sur\u00e9valu\u00e9, si vous voulez mon avis mais enfin \u00e7a n&rsquo;est pas le sujet ici !). Or donc, le concept store \u00ab\u00a0l&rsquo;Appartement Fran\u00e7ais\u00a0\u00bb ouvre trois boutiques au 26 avenue des Champs-Elys\u00e9es. Pendant plus de six mois, parisiens de naissance, de coeur ou de passage pourront profiter de produits qui mettent \u00e0 l&rsquo;honneur le savoir-faire fran\u00e7ais via une centaine de marques. J&rsquo;aime !<\/p>\n<h2 class=\"stabylo\">Who&rsquo;s she, le nouveau \u00ab\u00a0Qui est-ce\u00a0\u00bb qu&rsquo;on va adorer !<\/h2>\n<p><a href=\"https:\/\/www.deedeeparis.com\/blog\/wp-content\/uploads\/2018\/11\/Whos-She-.jpg\"><img loading=\"lazy\" decoding=\"async\" class=\"aligncenter size-full wp-image-60855\" src=\"https:\/\/www.deedeeparis.com\/blog\/wp-content\/uploads\/2018\/11\/Whos-She-.jpg\" alt=\"\" width=\"640\" height=\"400\" srcset=\"https:\/\/www.deedeeparis.com\/blog\/wp-content\/uploads\/2018\/11\/Whos-She-.jpg 640w, https:\/\/www.deedeeparis.com\/blog\/wp-content\/uploads\/2018\/11\/Whos-She--600x375.jpg 600w\" sizes=\"auto, (max-width: 640px) 100vw, 640px\" \/><\/a><\/p>\n<p>C&rsquo;est un jeu de soci\u00e9t\u00e9&#8230; et un peu plus encore :\u00a0Jos\u00e9phine Baker, Marie Curie, Frida Kahlo, autant de femmes\u00a0extraordinaires qui ont chang\u00e9 le monde et que ce Qui est Qui propose de faire d\u00e9couvrir par le jeu !\u00a0\u00a0Est-elle une scientifique ? Est-ce qu\u2019elle a gagn\u00e9 un prix Nobel ? Who\u2019s She se compose de 28 cartes peintes \u00e0 l\u2019aquarelle par Daria Go\u0142\u0105b. Chacune offre une biographie et des anecdotes de quelques lignes. Ce super jeu est encore au stade du financement, mais avec 100 000\u20ac r\u00e9colt\u00e9s contre les 15 000 initialement, gageons que c&rsquo;est en bonne voie !<\/p>\n<p><a href=\"https:\/\/www.deedeeparis.com\/blog\/wp-content\/uploads\/2018\/11\/94c186e22bb9beaa47d0700782213473_original.gif\"><img loading=\"lazy\" decoding=\"async\" class=\"aligncenter size-full wp-image-60854\" src=\"https:\/\/www.deedeeparis.com\/blog\/wp-content\/uploads\/2018\/11\/94c186e22bb9beaa47d0700782213473_original.gif\" alt=\"\" width=\"680\" height=\"383\" srcset=\"https:\/\/www.deedeeparis.com\/blog\/wp-content\/uploads\/2018\/11\/94c186e22bb9beaa47d0700782213473_original.gif 680w, https:\/\/www.deedeeparis.com\/blog\/wp-content\/uploads\/2018\/11\/94c186e22bb9beaa47d0700782213473_original-600x338.gif 600w\" sizes=\"auto, (max-width: 680px) 100vw, 680px\" \/><\/a><\/p>\n<p><a href=\"https:\/\/www.deedeeparis.com\/blog\/wp-content\/uploads\/2018\/11\/6e2239576c20494f0740230c35bdbfaf_original.jpg\"><img loading=\"lazy\" decoding=\"async\" class=\"aligncenter size-full wp-image-60853\" src=\"https:\/\/www.deedeeparis.com\/blog\/wp-content\/uploads\/2018\/11\/6e2239576c20494f0740230c35bdbfaf_original.jpg\" alt=\"\" width=\"680\" height=\"423\" srcset=\"https:\/\/www.deedeeparis.com\/blog\/wp-content\/uploads\/2018\/11\/6e2239576c20494f0740230c35bdbfaf_original.jpg 680w, https:\/\/www.deedeeparis.com\/blog\/wp-content\/uploads\/2018\/11\/6e2239576c20494f0740230c35bdbfaf_original-600x373.jpg 600w\" sizes=\"auto, (max-width: 680px) 100vw, 680px\" \/><\/a><\/p>\n<p>&nbsp;<\/p>\n<h2 class=\"stabylo\">Les biblioth\u00e8ques murales<\/h2>\n<p><img loading=\"lazy\" decoding=\"async\" class=\"aligncenter size-full wp-image-60828\" src=\"https:\/\/www.deedeeparis.com\/blog\/wp-content\/uploads\/2018\/11\/biblioth\u00e8que-murale.jpg\" alt=\"\" width=\"570\" height=\"713\" \/><\/p>\n<p>Dans ma qu\u00eate d&rsquo;espace pour ranger mes livres, j&rsquo;ai fait main basse sur ces petites <a href=\"http:\/\/bit.ly\/2QM5tty\" target=\"_blank\" rel=\"noopener\">biblioth\u00e8ques<\/a>. Gr\u00e2ce \u00e0 un (\u00e9videmment faux) raccord de plomberie, on peut ainsi mettre nos couvertures de livre pr\u00e9f\u00e9r\u00e9es en avant dans une pi\u00e8ce : c&rsquo;est simple et efficace. Vous pensez qu&rsquo;il m&rsquo;en faut combien pour contenir tous mes livres ? (Vous avez 4h, la calculatrice n&rsquo;est pas autoris\u00e9e).<\/p>\n<h2 class=\"stabylo\">The River Veins<\/h2>\n<p><img loading=\"lazy\" decoding=\"async\" class=\"aligncenter size-full wp-image-60830\" src=\"https:\/\/www.deedeeparis.com\/blog\/wp-content\/uploads\/2018\/11\/TH14.jpg\" alt=\"\" width=\"800\" height=\"1067\" srcset=\"https:\/\/www.deedeeparis.com\/blog\/wp-content\/uploads\/2018\/11\/TH14.jpg 800w, https:\/\/www.deedeeparis.com\/blog\/wp-content\/uploads\/2018\/11\/TH14-768x1024.jpg 768w, https:\/\/www.deedeeparis.com\/blog\/wp-content\/uploads\/2018\/11\/TH14-600x800.jpg 600w\" sizes=\"auto, (max-width: 800px) 100vw, 800px\" \/><\/p>\n<p>J&rsquo;avais d\u00e9j\u00e0 relay\u00e9 une s\u00e9rie de Tom <a href=\"http:\/\/tomhegen.de\" target=\"_blank\" rel=\"noopener\">Hegen<\/a> dans une week list et, encore une fois, il frappe fort avec cette nouvelle s\u00e9rie. Pour celle-ci il s&rsquo;est rendu en Iceland pour survoler le pays. Il nous offre de v\u00e9ritables tableaux naturelles. Ce ph\u00e9nom\u00e8ne est le r\u00e9sultat de la fonte des glaciers : les eaux glac\u00e9es se fraient un chemin dans le sable volcanique. Comment le merveilleux doit une nouvelle fois nous amener \u00e0 nous interroger sur notre mode de vie.<\/p>\n<p><img loading=\"lazy\" decoding=\"async\" class=\"aligncenter size-full wp-image-60831\" src=\"https:\/\/www.deedeeparis.com\/blog\/wp-content\/uploads\/2018\/11\/TH21.jpg\" alt=\"\" width=\"760\" height=\"1013\" srcset=\"https:\/\/www.deedeeparis.com\/blog\/wp-content\/uploads\/2018\/11\/TH21.jpg 760w, https:\/\/www.deedeeparis.com\/blog\/wp-content\/uploads\/2018\/11\/TH21-600x800.jpg 600w\" sizes=\"auto, (max-width: 760px) 100vw, 760px\" \/><\/p>\n<p><img loading=\"lazy\" decoding=\"async\" class=\"aligncenter size-full wp-image-60832\" src=\"https:\/\/www.deedeeparis.com\/blog\/wp-content\/uploads\/2018\/11\/TH2.jpg\" alt=\"\" width=\"800\" height=\"1067\" srcset=\"https:\/\/www.deedeeparis.com\/blog\/wp-content\/uploads\/2018\/11\/TH2.jpg 800w, https:\/\/www.deedeeparis.com\/blog\/wp-content\/uploads\/2018\/11\/TH2-768x1024.jpg 768w, https:\/\/www.deedeeparis.com\/blog\/wp-content\/uploads\/2018\/11\/TH2-600x800.jpg 600w\" sizes=\"auto, (max-width: 800px) 100vw, 800px\" \/><\/p>\n<p><img loading=\"lazy\" decoding=\"async\" class=\"aligncenter size-full wp-image-60833\" src=\"https:\/\/www.deedeeparis.com\/blog\/wp-content\/uploads\/2018\/11\/TH17.jpg\" alt=\"\" width=\"800\" height=\"1067\" srcset=\"https:\/\/www.deedeeparis.com\/blog\/wp-content\/uploads\/2018\/11\/TH17.jpg 800w, https:\/\/www.deedeeparis.com\/blog\/wp-content\/uploads\/2018\/11\/TH17-768x1024.jpg 768w, https:\/\/www.deedeeparis.com\/blog\/wp-content\/uploads\/2018\/11\/TH17-600x800.jpg 600w\" sizes=\"auto, (max-width: 800px) 100vw, 800px\" \/><\/p>\n<p><img loading=\"lazy\" decoding=\"async\" class=\"aligncenter size-full wp-image-60834\" src=\"https:\/\/www.deedeeparis.com\/blog\/wp-content\/uploads\/2018\/11\/TH12.jpg\" alt=\"\" width=\"800\" height=\"1067\" srcset=\"https:\/\/www.deedeeparis.com\/blog\/wp-content\/uploads\/2018\/11\/TH12.jpg 800w, https:\/\/www.deedeeparis.com\/blog\/wp-content\/uploads\/2018\/11\/TH12-768x1024.jpg 768w, https:\/\/www.deedeeparis.com\/blog\/wp-content\/uploads\/2018\/11\/TH12-600x800.jpg 600w\" sizes=\"auto, (max-width: 800px) 100vw, 800px\" \/><\/p>\n<p><img loading=\"lazy\" decoding=\"async\" class=\"aligncenter size-full wp-image-60835\" src=\"https:\/\/www.deedeeparis.com\/blog\/wp-content\/uploads\/2018\/11\/tom-hegen-1.jpg\" alt=\"\" width=\"800\" height=\"1067\" srcset=\"https:\/\/www.deedeeparis.com\/blog\/wp-content\/uploads\/2018\/11\/tom-hegen-1.jpg 800w, https:\/\/www.deedeeparis.com\/blog\/wp-content\/uploads\/2018\/11\/tom-hegen-1-768x1024.jpg 768w, https:\/\/www.deedeeparis.com\/blog\/wp-content\/uploads\/2018\/11\/tom-hegen-1-600x800.jpg 600w\" sizes=\"auto, (max-width: 800px) 100vw, 800px\" \/><\/p>\n<h2 class=\"stabylo\">Fais-le toi-m\u00eame : des \u00c9TAG\u00c8RES<\/h2>\n<p><img loading=\"lazy\" decoding=\"async\" class=\"aligncenter size-full wp-image-60837\" src=\"https:\/\/www.deedeeparis.com\/blog\/wp-content\/uploads\/2018\/11\/wood-shelving-how-to-diy-shelving.jpg\" alt=\"\" width=\"600\" height=\"919\" \/><\/p>\n<p>Un tuto assez simple propos\u00e9 par <a href=\"https:\/\/www.papernstitchblog.com\/2018\/09\/26\/diy-shelving-idea-wood-half-circle\/\" target=\"_blank\" rel=\"noopener\">Paper n Stitch<\/a> pour r\u00e9aliser de petites \u00e9tag\u00e8res en forme de demi cercle.<\/p>\n<h2 class=\"stabylo\">Taxi Girls &#8211; Paris<\/h2>\n<p>Un bon vieux tube qui fleure bon mon adolescence (c&rsquo;\u00e9tait hier). Et qui est toujours d&rsquo;actualit\u00e9 !<\/p>\n<p><iframe loading=\"lazy\" src=\"https:\/\/www.youtube.com\/embed\/b_KBnY-2F4Y\" width=\"560\" height=\"315\" frameborder=\"0\" allowfullscreen=\"allowfullscreen\"><\/iframe><\/p>\n<p>Voil\u00e0, c&rsquo;est tout pour aujourd&rsquo;hui. Cette semaine, un chouette concours arrive, je vous pr\u00e9viens \ud83d\ude09 Prenez soin de vous !<\/p>\n","protected":false},"excerpt":{"rendered":"<p>Bonjour vous ! Me revoil\u00e0 avec 7 sujets pour bien commencer la semaine. Le rythme est assez fou en ce moment et j&rsquo;ai quelques menues choses assez enthousiasmantes qui arrivent&#8230; j&rsquo;ai tellement h\u00e2te de vous en dire plus ! Pour l&rsquo;heure, cette semaine, j&rsquo;aime : La collection Midnight Wish de Dior Comme tous les ans, [&hellip;]<\/p>\n","protected":false},"author":29,"featured_media":60841,"comment_status":"open","ping_status":"open","sticky":false,"template":"","format":"standard","meta":{"_acf_changed":false,"footnotes":""},"categories":[8],"tags":[9336,8945,5755,2214,4634],"class_list":["post-60822","post","type-post","status-publish","format-standard","has-post-thumbnail","hentry","category-chroniques-de-paris","tag-collection-dior-noel","tag-consommation-ethique","tag-consommation-responsable","tag-do-it-yourself","tag-made-in-france"],"acf":[],"geo":null,"_links":{"self":[{"href":"https:\/\/www.deedeeparis.com\/blog\/wp-json\/wp\/v2\/posts\/60822","targetHints":{"allow":["GET"]}}],"collection":[{"href":"https:\/\/www.deedeeparis.com\/blog\/wp-json\/wp\/v2\/posts"}],"about":[{"href":"https:\/\/www.deedeeparis.com\/blog\/wp-json\/wp\/v2\/types\/post"}],"author":[{"embeddable":true,"href":"https:\/\/www.deedeeparis.com\/blog\/wp-json\/wp\/v2\/users\/29"}],"replies":[{"embeddable":true,"href":"https:\/\/www.deedeeparis.com\/blog\/wp-json\/wp\/v2\/comments?post=60822"}],"version-history":[{"count":16,"href":"https:\/\/www.deedeeparis.com\/blog\/wp-json\/wp\/v2\/posts\/60822\/revisions"}],"predecessor-version":[{"id":60858,"href":"https:\/\/www.deedeeparis.com\/blog\/wp-json\/wp\/v2\/posts\/60822\/revisions\/60858"}],"wp:featuredmedia":[{"embeddable":true,"href":"https:\/\/www.deedeeparis.com\/blog\/wp-json\/wp\/v2\/media\/60841"}],"wp:attachment":[{"href":"https:\/\/www.deedeeparis.com\/blog\/wp-json\/wp\/v2\/media?parent=60822"}],"wp:term":[{"taxonomy":"category","embeddable":true,"href":"https:\/\/www.deedeeparis.com\/blog\/wp-json\/wp\/v2\/categories?post=60822"},{"taxonomy":"post_tag","embeddable":true,"href":"https:\/\/www.deedeeparis.com\/blog\/wp-json\/wp\/v2\/tags?post=60822"}],"curies":[{"name":"wp","href":"https:\/\/api.w.org\/{rel}","templated":true}]}}