{"id":60850,"date":"2018-11-26T16:19:34","date_gmt":"2018-11-26T15:19:34","guid":{"rendered":"https:\/\/www.deedeeparis.com\/blog\/?p=60850"},"modified":"2018-11-27T09:20:32","modified_gmt":"2018-11-27T08:20:32","slug":"ma-week-list-289","status":"publish","type":"post","link":"https:\/\/www.deedeeparis.com\/blog\/ma-week-list-289","title":{"rendered":"Ma Week List #289"},"content":{"rendered":"<p>Et voil\u00e0, on y retourne : nouvelle semaine&#8230; nouveaux coups de coeur ! Cette semaine, j&rsquo;aime :<\/p>\n<h2 class=\"stabylo\">Maasa\u00ef Mara de Maison Berdoues<\/h2>\n<p><a href=\"https:\/\/www.deedeeparis.com\/blog\/wp-content\/uploads\/2018\/11\/Maison-Berdoues-Massai.jpg\"><img loading=\"lazy\" decoding=\"async\" class=\"aligncenter size-full wp-image-61059\" src=\"https:\/\/www.deedeeparis.com\/blog\/wp-content\/uploads\/2018\/11\/Maison-Berdoues-Massai.jpg\" alt=\"\" width=\"1024\" height=\"768\" srcset=\"https:\/\/www.deedeeparis.com\/blog\/wp-content\/uploads\/2018\/11\/Maison-Berdoues-Massai.jpg 1024w, https:\/\/www.deedeeparis.com\/blog\/wp-content\/uploads\/2018\/11\/Maison-Berdoues-Massai-768x576.jpg 768w, https:\/\/www.deedeeparis.com\/blog\/wp-content\/uploads\/2018\/11\/Maison-Berdoues-Massai-600x450.jpg 600w\" sizes=\"auto, (max-width: 1024px) 100vw, 1024px\" \/><\/a><\/p>\n<p>Moi qui suis tr\u00e8s fid\u00e8le en mati\u00e8re de parfums, je me prends \u00e0 essayer et adopter quelques fragrances diff\u00e9rentes de Maison Berdoues, cette jolie maison de parfumerie fran\u00e7aise dont je suis ambassadrice \u00e0 l&rsquo;ann\u00e9e. Ici, donc, <a href=\"https:\/\/berdoues.fr\/products\/maasai-mara\" target=\"_blank\" rel=\"noopener\">Maasa\u00ef Mara<\/a> dont j&rsquo;aime le caract\u00e8re bien tremp\u00e9 et chaleureux pour accompagner les sanglots longs de l&rsquo;automne et qui me rappelle ma petite <a href=\"https:\/\/www.deedeeparis.com\/blog\/?s=tanzanie\" target=\"_blank\" rel=\"noopener\">exp\u00e9rience africaine<\/a>. Vous ne pouvez pas savoir \u00e0 quel point j&rsquo;ai envie de repartir, l\u00e0, maintenant, tout de suite&#8230; ! En attendant les prochaines vacances, je vous recommande cette \u00e9vasion olfactive \u00e0 la personnalit\u00e9 g\u00e9n\u00e9reuse et bien tremp\u00e9e.<\/p>\n<h2 class=\"stabylo\">La premi\u00e8re collection de bijoux sign\u00e9e Am\u00e9lie Pichard<\/h2>\n<p><a href=\"https:\/\/www.deedeeparis.com\/blog\/wp-content\/uploads\/2018\/11\/bijoux-Amelie-Pichard.jpeg\"><img loading=\"lazy\" decoding=\"async\" class=\"aligncenter size-full wp-image-61064\" src=\"https:\/\/www.deedeeparis.com\/blog\/wp-content\/uploads\/2018\/11\/bijoux-Amelie-Pichard.jpeg\" alt=\"\" width=\"650\" height=\"867\" srcset=\"https:\/\/www.deedeeparis.com\/blog\/wp-content\/uploads\/2018\/11\/bijoux-Amelie-Pichard.jpeg 650w, https:\/\/www.deedeeparis.com\/blog\/wp-content\/uploads\/2018\/11\/bijoux-Amelie-Pichard-600x800.jpg 600w\" sizes=\"auto, (max-width: 650px) 100vw, 650px\" \/><\/a><\/p>\n<p>Ah la la, Am\u00e9lie Pichard&#8230; J&rsquo;avais jur\u00e9 ne plus parler d&rsquo;elle suite \u00e0 un suivi d\u00e9sastreux de son service client. J&rsquo;avais m\u00eame r\u00e9ussi \u00e0 l&rsquo;unfollow sur Instagram, preuve de mon courroux supr\u00eame et puis, au hasard de mes p\u00e9r\u00e9grinations sur le web, voil\u00e0-t-y pas que je d\u00e9couvre qu&rsquo;elle lance une collection de bijoux et non des moindres : ils sont enti\u00e8rement confectionn\u00e9s par des artisans afghans dans la vieille ville de Kaboul. Cette collection capsule se d\u00e9cline en six pendentifs arborant des symboles forts et une chevali\u00e8re ajustable estampill\u00e9e de l\u2019Hexagone repr\u00e9sentant la France. Allez, sans rancune Am\u00e9lie, j&rsquo;esp\u00e8re surtout que ton SAV tient mieux la route !<\/p>\n<h2 class=\"stabylo\">La beaut\u00e9&#8230; sign\u00e9e Rouje !<\/h2>\n<p><a href=\"https:\/\/www.deedeeparis.com\/blog\/wp-content\/uploads\/2018\/11\/cosmetique-rouje.jpg\"><img loading=\"lazy\" decoding=\"async\" class=\"aligncenter size-full wp-image-61066\" src=\"https:\/\/www.deedeeparis.com\/blog\/wp-content\/uploads\/2018\/11\/cosmetique-rouje.jpg\" alt=\"\" width=\"650\" height=\"384\" srcset=\"https:\/\/www.deedeeparis.com\/blog\/wp-content\/uploads\/2018\/11\/cosmetique-rouje.jpg 650w, https:\/\/www.deedeeparis.com\/blog\/wp-content\/uploads\/2018\/11\/cosmetique-rouje-600x354.jpg 600w\" sizes=\"auto, (max-width: 650px) 100vw, 650px\" \/><\/a><\/p>\n<p>Encore une nouvelle d\u00e9sastreuse pour notre porte monnaie : apr\u00e8s les fringues, Rouje propose d\u00e9sormais une ligne de rouges \u00e0 l\u00e8vres mats disponibles \u00e0 la vente d\u00e8s le 30 novembre sur le site de la marque et au Bon March\u00e9. Je n&rsquo;en sais gu\u00e8re plus pour le moment, si ce n&rsquo;est qu&rsquo;il y a neuf produits en tout, quatre rouges \u00e0 l\u00e8vres et une palette de quatre rouges \u00e0 appliquer au doigt. H\u00e2te !<\/p>\n<p><a href=\"https:\/\/www.deedeeparis.com\/blog\/wp-content\/uploads\/2018\/11\/cosmetique-rouje-s.jpg\"><img loading=\"lazy\" decoding=\"async\" class=\"aligncenter size-full wp-image-61084\" src=\"https:\/\/www.deedeeparis.com\/blog\/wp-content\/uploads\/2018\/11\/cosmetique-rouje-s.jpg\" alt=\"\" width=\"572\" height=\"854\" \/><\/a><\/p>\n<h2 class=\"stabylo\">Not guilty, les bonbecs \u00e0 croquer sec !<\/h2>\n<p><a href=\"https:\/\/www.deedeeparis.com\/blog\/wp-content\/uploads\/2018\/11\/not-guilty.jpg\"><img loading=\"lazy\" decoding=\"async\" class=\"aligncenter size-full wp-image-61062\" src=\"https:\/\/www.deedeeparis.com\/blog\/wp-content\/uploads\/2018\/11\/not-guilty.jpg\" alt=\"\" width=\"4032\" height=\"3024\" srcset=\"https:\/\/www.deedeeparis.com\/blog\/wp-content\/uploads\/2018\/11\/not-guilty.jpg 4032w, https:\/\/www.deedeeparis.com\/blog\/wp-content\/uploads\/2018\/11\/not-guilty-768x576.jpg 768w, https:\/\/www.deedeeparis.com\/blog\/wp-content\/uploads\/2018\/11\/not-guilty-600x450.jpg 600w, https:\/\/www.deedeeparis.com\/blog\/wp-content\/uploads\/2018\/11\/not-guilty-1024x768.jpg 1024w\" sizes=\"auto, (max-width: 4032px) 100vw, 4032px\" \/><\/a><\/p>\n<p>Bio, sans g\u00e9latine animale et 100% v\u00e9g\u00e9tal, sans colorants ni ar\u00f4mes artificiels, sans gluten mais avec beaucoup de go\u00fbt : fat like pour <a href=\"https:\/\/notguilty-sweetrevolution.com\/\" target=\"_blank\" rel=\"noopener\">Not Guilty<\/a>, la nouvelle marque de bonbons pour craquer sans culpabiliser ! Avec un peu de chance, ceux-ci ne font pas grossir (comment \u00e7a, je r\u00eave ?!).<\/p>\n<h2 class=\"stabylo\">Les portraits de la Renaissance revisit\u00e9s de Suzanne Jongmans<\/h2>\n<p><a href=\"https:\/\/www.deedeeparis.com\/blog\/wp-content\/uploads\/2018\/11\/Room-for-chancge-Galerie-Wilms-Suzanne-Jongmans-35.jpg\"><img loading=\"lazy\" decoding=\"async\" class=\"aligncenter size-full wp-image-61069\" src=\"https:\/\/www.deedeeparis.com\/blog\/wp-content\/uploads\/2018\/11\/Room-for-chancge-Galerie-Wilms-Suzanne-Jongmans-35.jpg\" alt=\"\" width=\"864\" height=\"1080\" srcset=\"https:\/\/www.deedeeparis.com\/blog\/wp-content\/uploads\/2018\/11\/Room-for-chancge-Galerie-Wilms-Suzanne-Jongmans-35.jpg 864w, https:\/\/www.deedeeparis.com\/blog\/wp-content\/uploads\/2018\/11\/Room-for-chancge-Galerie-Wilms-Suzanne-Jongmans-35-768x960.jpg 768w, https:\/\/www.deedeeparis.com\/blog\/wp-content\/uploads\/2018\/11\/Room-for-chancge-Galerie-Wilms-Suzanne-Jongmans-35-600x750.jpg 600w, https:\/\/www.deedeeparis.com\/blog\/wp-content\/uploads\/2018\/11\/Room-for-chancge-Galerie-Wilms-Suzanne-Jongmans-35-819x1024.jpg 819w\" sizes=\"auto, (max-width: 864px) 100vw, 864px\" \/><\/a><\/p>\n<p>L&rsquo;<a href=\"https:\/\/galeriewilms.nl\/artist\/suzanne-jongmans\/?lang=en#1461250008902-a82d9e84-a2060526-5b79\" target=\"_blank\" rel=\"noopener\">artiste n\u00e9erlandaise<\/a> a eu une id\u00e9e int\u00e9ressante : elle donne vie \u00e0 une s\u00e9rie de portraits inspir\u00e9s de la peinture classique flamande en les agr\u00e9mentant de mat\u00e9riaux recycl\u00e9s. Ainsi, le voile de soie d\u2019une des dames de la Cour est remplac\u00e9 par un film plastique, tandis que la collerette d\u2019une autre se compose de papier bulle. Une mani\u00e8re int\u00e9ressante de sensibiliser au recyclage !<\/p>\n<p><a href=\"https:\/\/www.deedeeparis.com\/blog\/wp-content\/uploads\/2018\/11\/Plastic-Renaissance.jpg\"><img loading=\"lazy\" decoding=\"async\" class=\"aligncenter size-full wp-image-61076\" src=\"https:\/\/www.deedeeparis.com\/blog\/wp-content\/uploads\/2018\/11\/Plastic-Renaissance.jpg\" alt=\"\" width=\"640\" height=\"400\" srcset=\"https:\/\/www.deedeeparis.com\/blog\/wp-content\/uploads\/2018\/11\/Plastic-Renaissance.jpg 640w, https:\/\/www.deedeeparis.com\/blog\/wp-content\/uploads\/2018\/11\/Plastic-Renaissance-600x375.jpg 600w\" sizes=\"auto, (max-width: 640px) 100vw, 640px\" \/><\/a><\/p>\n<p><a href=\"https:\/\/www.deedeeparis.com\/blog\/wp-content\/uploads\/2018\/11\/Infinity-I-Galerie-Wilms-Suzanne-Jongmans-28.jpg\"><img loading=\"lazy\" decoding=\"async\" class=\"aligncenter size-full wp-image-61070\" src=\"https:\/\/www.deedeeparis.com\/blog\/wp-content\/uploads\/2018\/11\/Infinity-I-Galerie-Wilms-Suzanne-Jongmans-28.jpg\" alt=\"\" width=\"864\" height=\"1080\" srcset=\"https:\/\/www.deedeeparis.com\/blog\/wp-content\/uploads\/2018\/11\/Infinity-I-Galerie-Wilms-Suzanne-Jongmans-28.jpg 864w, https:\/\/www.deedeeparis.com\/blog\/wp-content\/uploads\/2018\/11\/Infinity-I-Galerie-Wilms-Suzanne-Jongmans-28-768x960.jpg 768w, https:\/\/www.deedeeparis.com\/blog\/wp-content\/uploads\/2018\/11\/Infinity-I-Galerie-Wilms-Suzanne-Jongmans-28-600x750.jpg 600w, https:\/\/www.deedeeparis.com\/blog\/wp-content\/uploads\/2018\/11\/Infinity-I-Galerie-Wilms-Suzanne-Jongmans-28-819x1024.jpg 819w\" sizes=\"auto, (max-width: 864px) 100vw, 864px\" \/><\/a><\/p>\n<p><a href=\"https:\/\/www.deedeeparis.com\/blog\/wp-content\/uploads\/2018\/11\/Between-reality-and-dreams.jpg\"><img loading=\"lazy\" decoding=\"async\" class=\"aligncenter size-full wp-image-61075\" src=\"https:\/\/www.deedeeparis.com\/blog\/wp-content\/uploads\/2018\/11\/Between-reality-and-dreams.jpg\" alt=\"\" width=\"1575\" height=\"1995\" srcset=\"https:\/\/www.deedeeparis.com\/blog\/wp-content\/uploads\/2018\/11\/Between-reality-and-dreams.jpg 1575w, https:\/\/www.deedeeparis.com\/blog\/wp-content\/uploads\/2018\/11\/Between-reality-and-dreams-768x973.jpg 768w, https:\/\/www.deedeeparis.com\/blog\/wp-content\/uploads\/2018\/11\/Between-reality-and-dreams-600x760.jpg 600w, https:\/\/www.deedeeparis.com\/blog\/wp-content\/uploads\/2018\/11\/Between-reality-and-dreams-808x1024.jpg 808w\" sizes=\"auto, (max-width: 1575px) 100vw, 1575px\" \/><\/a><\/p>\n<p><a href=\"https:\/\/www.deedeeparis.com\/blog\/wp-content\/uploads\/2018\/11\/Holding-Space.jpg\"><img loading=\"lazy\" decoding=\"async\" class=\"aligncenter size-full wp-image-61074\" src=\"https:\/\/www.deedeeparis.com\/blog\/wp-content\/uploads\/2018\/11\/Holding-Space.jpg\" alt=\"\" width=\"1181\" height=\"1481\" srcset=\"https:\/\/www.deedeeparis.com\/blog\/wp-content\/uploads\/2018\/11\/Holding-Space.jpg 1181w, https:\/\/www.deedeeparis.com\/blog\/wp-content\/uploads\/2018\/11\/Holding-Space-768x963.jpg 768w, https:\/\/www.deedeeparis.com\/blog\/wp-content\/uploads\/2018\/11\/Holding-Space-600x752.jpg 600w, https:\/\/www.deedeeparis.com\/blog\/wp-content\/uploads\/2018\/11\/Holding-Space-817x1024.jpg 817w\" sizes=\"auto, (max-width: 1181px) 100vw, 1181px\" \/><\/a><\/p>\n<p><a href=\"https:\/\/www.deedeeparis.com\/blog\/wp-content\/uploads\/2018\/11\/suzanne-jongmans-Galerie-Wilms3.jpg\"><img loading=\"lazy\" decoding=\"async\" class=\"aligncenter size-full wp-image-61073\" src=\"https:\/\/www.deedeeparis.com\/blog\/wp-content\/uploads\/2018\/11\/suzanne-jongmans-Galerie-Wilms3.jpg\" alt=\"\" width=\"853\" height=\"1080\" srcset=\"https:\/\/www.deedeeparis.com\/blog\/wp-content\/uploads\/2018\/11\/suzanne-jongmans-Galerie-Wilms3.jpg 853w, https:\/\/www.deedeeparis.com\/blog\/wp-content\/uploads\/2018\/11\/suzanne-jongmans-Galerie-Wilms3-768x972.jpg 768w, https:\/\/www.deedeeparis.com\/blog\/wp-content\/uploads\/2018\/11\/suzanne-jongmans-Galerie-Wilms3-600x760.jpg 600w, https:\/\/www.deedeeparis.com\/blog\/wp-content\/uploads\/2018\/11\/suzanne-jongmans-Galerie-Wilms3-809x1024.jpg 809w\" sizes=\"auto, (max-width: 853px) 100vw, 853px\" \/><\/a><\/p>\n<p><a href=\"https:\/\/www.deedeeparis.com\/blog\/wp-content\/uploads\/2018\/11\/Voltar-Galerie-Wilms-Suzanne-Jongmans-30.jpg\"><img loading=\"lazy\" decoding=\"async\" class=\"aligncenter size-full wp-image-61071\" src=\"https:\/\/www.deedeeparis.com\/blog\/wp-content\/uploads\/2018\/11\/Voltar-Galerie-Wilms-Suzanne-Jongmans-30.jpg\" alt=\"\" width=\"864\" height=\"1080\" srcset=\"https:\/\/www.deedeeparis.com\/blog\/wp-content\/uploads\/2018\/11\/Voltar-Galerie-Wilms-Suzanne-Jongmans-30.jpg 864w, https:\/\/www.deedeeparis.com\/blog\/wp-content\/uploads\/2018\/11\/Voltar-Galerie-Wilms-Suzanne-Jongmans-30-768x960.jpg 768w, https:\/\/www.deedeeparis.com\/blog\/wp-content\/uploads\/2018\/11\/Voltar-Galerie-Wilms-Suzanne-Jongmans-30-600x750.jpg 600w, https:\/\/www.deedeeparis.com\/blog\/wp-content\/uploads\/2018\/11\/Voltar-Galerie-Wilms-Suzanne-Jongmans-30-819x1024.jpg 819w\" sizes=\"auto, (max-width: 864px) 100vw, 864px\" \/><\/a><\/p>\n<p><a href=\"https:\/\/www.deedeeparis.com\/blog\/wp-content\/uploads\/2018\/11\/Sensibility-Galerie-Wilms-Suzanne-Jongmans-41.jpg\"><img loading=\"lazy\" decoding=\"async\" class=\"aligncenter size-full wp-image-61072\" src=\"https:\/\/www.deedeeparis.com\/blog\/wp-content\/uploads\/2018\/11\/Sensibility-Galerie-Wilms-Suzanne-Jongmans-41.jpg\" alt=\"\" width=\"869\" height=\"1080\" srcset=\"https:\/\/www.deedeeparis.com\/blog\/wp-content\/uploads\/2018\/11\/Sensibility-Galerie-Wilms-Suzanne-Jongmans-41.jpg 869w, https:\/\/www.deedeeparis.com\/blog\/wp-content\/uploads\/2018\/11\/Sensibility-Galerie-Wilms-Suzanne-Jongmans-41-768x954.jpg 768w, https:\/\/www.deedeeparis.com\/blog\/wp-content\/uploads\/2018\/11\/Sensibility-Galerie-Wilms-Suzanne-Jongmans-41-600x746.jpg 600w, https:\/\/www.deedeeparis.com\/blog\/wp-content\/uploads\/2018\/11\/Sensibility-Galerie-Wilms-Suzanne-Jongmans-41-824x1024.jpg 824w\" sizes=\"auto, (max-width: 869px) 100vw, 869px\" \/><\/a><\/p>\n<h2 class=\"stabylo\">Fais-le toi-m\u00eame : une couronne de No\u00ebl en forme d&rsquo;\u00e9toile<\/h2>\n<p><a href=\"https:\/\/www.deedeeparis.com\/blog\/wp-content\/uploads\/2018\/11\/Shineon-2.jpg\"><img loading=\"lazy\" decoding=\"async\" class=\"aligncenter size-large wp-image-61080\" src=\"https:\/\/www.deedeeparis.com\/blog\/wp-content\/uploads\/2018\/11\/Shineon-2-1024x1024.jpg\" alt=\"\" width=\"640\" height=\"640\" srcset=\"https:\/\/www.deedeeparis.com\/blog\/wp-content\/uploads\/2018\/11\/Shineon-2-1024x1024.jpg 1024w, https:\/\/www.deedeeparis.com\/blog\/wp-content\/uploads\/2018\/11\/Shineon-2-768x768.jpg 768w, https:\/\/www.deedeeparis.com\/blog\/wp-content\/uploads\/2018\/11\/Shineon-2-150x150.jpg 150w, https:\/\/www.deedeeparis.com\/blog\/wp-content\/uploads\/2018\/11\/Shineon-2-600x600.jpg 600w, https:\/\/www.deedeeparis.com\/blog\/wp-content\/uploads\/2018\/11\/Shineon-2.jpg 1080w\" sizes=\"auto, (max-width: 640px) 100vw, 640px\" \/><\/a><\/p>\n<p>Oui, OUI, je sais, le tuto de <a href=\"https:\/\/juliatothefullest.com\/diy-gruener-winterstern-mit-vorlage\/\" target=\"_blank\" rel=\"noopener\">Julia<\/a> est en allemand, mais \u00e7a n&rsquo;est pas pour rien que Google Translate existe, et puis dans tous les cas, \u00e7a nous donne quelques id\u00e9es pour notre d\u00e9co de No\u00ebl !<\/p>\n<h2 class=\"stabylo\">Camp Claude &#8211; Now That You&rsquo;re Gone<\/h2>\n<p>Premier extrait de l&rsquo;album qui sortira au printemps 2019, j&rsquo;aime beaucoup de Now That You&rsquo;re Gone de Camp Claude : montez le son, c&rsquo;est bon !<\/p>\n<p><iframe loading=\"lazy\" src=\"https:\/\/www.youtube.com\/embed\/Pn74p9l6vks\" width=\"1020\" height=\"475\" frameborder=\"0\" allowfullscreen=\"allowfullscreen\"><\/iframe><\/p>\n<p>Voil\u00e0, c&rsquo;est tout pour aujourd&rsquo;hui. Prenez soin de vous !<\/p>\n","protected":false},"excerpt":{"rendered":"<p>Et voil\u00e0, on y retourne : nouvelle semaine&#8230; nouveaux coups de coeur ! Cette semaine, j&rsquo;aime : Maasa\u00ef Mara de Maison Berdoues Moi qui suis tr\u00e8s fid\u00e8le en mati\u00e8re de parfums, je me prends \u00e0 essayer et adopter quelques fragrances diff\u00e9rentes de Maison Berdoues, cette jolie maison de parfumerie fran\u00e7aise dont je suis ambassadrice \u00e0 [&hellip;]<\/p>\n","protected":false},"author":2,"featured_media":61058,"comment_status":"open","ping_status":"open","sticky":false,"template":"","format":"standard","meta":{"_acf_changed":false,"footnotes":""},"categories":[8],"tags":[9344,9007,9295,9345,8308,8535],"class_list":["post-60850","post","type-post","status-publish","format-standard","has-post-thumbnail","hentry","category-chroniques-de-paris","tag-bonbons-sans-gelatine-de-porc","tag-diy-noel","tag-maisons-berdoues","tag-noel-2018","tag-rouje","tag-tuto-noel"],"acf":[],"geo":null,"_links":{"self":[{"href":"https:\/\/www.deedeeparis.com\/blog\/wp-json\/wp\/v2\/posts\/60850","targetHints":{"allow":["GET"]}}],"collection":[{"href":"https:\/\/www.deedeeparis.com\/blog\/wp-json\/wp\/v2\/posts"}],"about":[{"href":"https:\/\/www.deedeeparis.com\/blog\/wp-json\/wp\/v2\/types\/post"}],"author":[{"embeddable":true,"href":"https:\/\/www.deedeeparis.com\/blog\/wp-json\/wp\/v2\/users\/2"}],"replies":[{"embeddable":true,"href":"https:\/\/www.deedeeparis.com\/blog\/wp-json\/wp\/v2\/comments?post=60850"}],"version-history":[{"count":16,"href":"https:\/\/www.deedeeparis.com\/blog\/wp-json\/wp\/v2\/posts\/60850\/revisions"}],"predecessor-version":[{"id":61149,"href":"https:\/\/www.deedeeparis.com\/blog\/wp-json\/wp\/v2\/posts\/60850\/revisions\/61149"}],"wp:featuredmedia":[{"embeddable":true,"href":"https:\/\/www.deedeeparis.com\/blog\/wp-json\/wp\/v2\/media\/61058"}],"wp:attachment":[{"href":"https:\/\/www.deedeeparis.com\/blog\/wp-json\/wp\/v2\/media?parent=60850"}],"wp:term":[{"taxonomy":"category","embeddable":true,"href":"https:\/\/www.deedeeparis.com\/blog\/wp-json\/wp\/v2\/categories?post=60850"},{"taxonomy":"post_tag","embeddable":true,"href":"https:\/\/www.deedeeparis.com\/blog\/wp-json\/wp\/v2\/tags?post=60850"}],"curies":[{"name":"wp","href":"https:\/\/api.w.org\/{rel}","templated":true}]}}