{"id":61273,"date":"2018-12-10T07:03:13","date_gmt":"2018-12-10T06:03:13","guid":{"rendered":"https:\/\/www.deedeeparis.com\/blog\/?p=61273"},"modified":"2018-12-09T19:59:50","modified_gmt":"2018-12-09T18:59:50","slug":"ma-week-list-291","status":"publish","type":"post","link":"https:\/\/www.deedeeparis.com\/blog\/ma-week-list-291","title":{"rendered":"Ma Week List #291"},"content":{"rendered":"<p>Hello la compagnie ! Nouvelle semaine, nouveaux coups de coeur. Cette semaine, j&rsquo;aime :<\/p>\n<h2 class=\"stabylo\">L&rsquo;Occitane x Atelier Paulin<\/h2>\n<p><a href=\"https:\/\/www.deedeeparis.com\/blog\/wp-content\/uploads\/2018\/12\/loccitanexatelierpaulin-1.jpg\"><img loading=\"lazy\" decoding=\"async\" class=\"aligncenter size-full wp-image-61502\" src=\"https:\/\/www.deedeeparis.com\/blog\/wp-content\/uploads\/2018\/12\/loccitanexatelierpaulin-1.jpg\" alt=\"\" width=\"2000\" height=\"1320\" srcset=\"https:\/\/www.deedeeparis.com\/blog\/wp-content\/uploads\/2018\/12\/loccitanexatelierpaulin-1.jpg 2000w, https:\/\/www.deedeeparis.com\/blog\/wp-content\/uploads\/2018\/12\/loccitanexatelierpaulin-1-768x507.jpg 768w, https:\/\/www.deedeeparis.com\/blog\/wp-content\/uploads\/2018\/12\/loccitanexatelierpaulin-1-600x396.jpg 600w, https:\/\/www.deedeeparis.com\/blog\/wp-content\/uploads\/2018\/12\/loccitanexatelierpaulin-1-1024x676.jpg 1024w\" sizes=\"auto, (max-width: 2000px) 100vw, 2000px\" \/><\/a><\/p>\n<p>R\u00e9jouissons-nous ! <a href=\"https:\/\/fr.loccitane.com\/loccitane-x-atelier-paulin,74,1,94501,1314677.htm?&amp;utm_source=deedee&amp;utm_medium=partnershipOthers&amp;utm_campaign=FRFR_christmas_awareness_branding_multi\" target=\"_blank\" rel=\"noopener\">L&rsquo;Occitane s&rsquo;associe \u00e0 la marque Atelier Paulin<\/a>, qu&rsquo;on ne pr\u00e9sente plus et imagine 3 bracelets en s\u00e9rie limit\u00e9e et en or 9 carats : \u00ab\u00a0Aime\u00a0\u00bb, \u00ab\u00a0r\u00eave\u00a0\u00bb ou \u00ab\u00a0joie\u00a0\u00bb sont offerts au choix d\u00e8s 100 euros d&rsquo;achat. De quoi avoir envie de faire un (tr\u00e8s) joli cadeau pour No\u00ebl ou de refaire son stock de cr\u00e8me ! J&rsquo;avais d\u00e9j\u00e0 inclus un coffret l&rsquo;Occitane \u00e0 la liste des <a href=\"https:\/\/www.deedeeparis.com\/blog\/48-idees-cadeaux-pour-elles\" target=\"_blank\" rel=\"noopener\">id\u00e9es cadeaux pour elles<\/a>, la marque en propose beaucoup, comme celui-ci, le <a href=\"https:\/\/fr.loccitane.com\/coffret-cadeau-soin-visage-immortelle,74,1,24546,1152818.htm?&amp;utm_source=deedee&amp;utm_medium=partnershipOthers&amp;utm_campaign=FRFR_christmas_awareness_branding_multi\" target=\"_blank\" rel=\"noopener\">coffret soin du visage immortelle<\/a>, et je dois dire que je suis tr\u00e8s fan \u00e0 la fois de l&rsquo;identit\u00e9 des coffrets et de leur contenu. Le genre de cadeau qu&rsquo;on fait mais qu&rsquo;on a bien envie de garder pour nous&#8230; ! L&rsquo;offre est valable en boutique mais aussi sur l&rsquo;eshop de l&rsquo;Occitane avec le code PAULIN18<\/p>\n<p><a href=\"https:\/\/www.deedeeparis.com\/blog\/wp-content\/uploads\/2018\/12\/loccitanexatelierpaulin.jpg\"><img loading=\"lazy\" decoding=\"async\" class=\"aligncenter size-full wp-image-61503\" src=\"https:\/\/www.deedeeparis.com\/blog\/wp-content\/uploads\/2018\/12\/loccitanexatelierpaulin.jpg\" alt=\"\" width=\"2000\" height=\"1333\" srcset=\"https:\/\/www.deedeeparis.com\/blog\/wp-content\/uploads\/2018\/12\/loccitanexatelierpaulin.jpg 2000w, https:\/\/www.deedeeparis.com\/blog\/wp-content\/uploads\/2018\/12\/loccitanexatelierpaulin-768x512.jpg 768w, https:\/\/www.deedeeparis.com\/blog\/wp-content\/uploads\/2018\/12\/loccitanexatelierpaulin-600x400.jpg 600w, https:\/\/www.deedeeparis.com\/blog\/wp-content\/uploads\/2018\/12\/loccitanexatelierpaulin-1024x682.jpg 1024w\" sizes=\"auto, (max-width: 2000px) 100vw, 2000px\" \/><\/a><\/p>\n<h2 class=\"stabylo\">La collaboration Jamini x Inside Closet<\/h2>\n<p><img loading=\"lazy\" decoding=\"async\" class=\"aligncenter size-full wp-image-61511\" src=\"https:\/\/www.deedeeparis.com\/blog\/wp-content\/uploads\/2018\/12\/inside-closet-jamini-coussins.jpg\" alt=\"\" width=\"1140\" height=\"700\" srcset=\"https:\/\/www.deedeeparis.com\/blog\/wp-content\/uploads\/2018\/12\/inside-closet-jamini-coussins.jpg 1140w, https:\/\/www.deedeeparis.com\/blog\/wp-content\/uploads\/2018\/12\/inside-closet-jamini-coussins-768x472.jpg 768w, https:\/\/www.deedeeparis.com\/blog\/wp-content\/uploads\/2018\/12\/inside-closet-jamini-coussins-600x368.jpg 600w, https:\/\/www.deedeeparis.com\/blog\/wp-content\/uploads\/2018\/12\/inside-closet-jamini-coussins-1024x629.jpg 1024w\" sizes=\"auto, (max-width: 1140px) 100vw, 1140px\" \/><\/p>\n<p>Au rayon des jolies collaborations du moment, les coussins r\u00e9alis\u00e9s par Jamini et Inside Closet ! Inside Closet, si vous ne connaissez pas encore, c&rsquo;est un site d&rsquo;inspiration d\u00e9co et lifestyle ainsi qu&rsquo;une jolie boutique (Anne-Sophie est d&rsquo;ailleurs venue faire un reportage sur <a href=\"https:\/\/insidecloset.com\/blog\/categorie\/les-entrepreneuses\/chez-deedee.html\" target=\"_blank\" rel=\"noopener\">Chez Deedee<\/a> il y a quelques semaines !). Jamini, je vous en ai parl\u00e9 \u00e0 plusieurs reprises, c&rsquo;est une marque de d\u00e9coration wow et responsable \u00e0 la fois cr\u00e9\u00e9e par Usha. En unissant leurs forces, elles ont imagin\u00e9 deux coussins: \u00ab\u00a0<a href=\"https:\/\/insidecloset.com\/catalogue\/jamini-x-inside-closet\/light-my-fire\" target=\"_blank\" rel=\"noopener\">Light on fire<\/a>\u00a0\u00bb et \u00ab\u00a0<a href=\"https:\/\/insidecloset.com\/catalogue\/jamini-x-inside-closet\/come-on-baby\" target=\"_blank\" rel=\"noopener\">Come on baby<\/a>\u00a0\u00bb qui sont tous deux r\u00e9alis\u00e9s en Inde et \u00e0 la main. Foncez, ils sont en s\u00e9rie (tr\u00e8s) limit\u00e9e : 30 exemplaires par coussin !<\/p>\n<h2 class=\"stabylo\">La collab Armor Lux x Mus\u00e9e de la toile de jouy<\/h2>\n<p><img loading=\"lazy\" decoding=\"async\" class=\"aligncenter size-full wp-image-61512\" src=\"https:\/\/www.deedeeparis.com\/blog\/wp-content\/uploads\/2018\/12\/armor-lux-une-mariniere-foujita_4303193.jpg\" alt=\"\" width=\"1000\" height=\"944\" srcset=\"https:\/\/www.deedeeparis.com\/blog\/wp-content\/uploads\/2018\/12\/armor-lux-une-mariniere-foujita_4303193.jpg 1000w, https:\/\/www.deedeeparis.com\/blog\/wp-content\/uploads\/2018\/12\/armor-lux-une-mariniere-foujita_4303193-768x725.jpg 768w, https:\/\/www.deedeeparis.com\/blog\/wp-content\/uploads\/2018\/12\/armor-lux-une-mariniere-foujita_4303193-600x566.jpg 600w\" sizes=\"auto, (max-width: 1000px) 100vw, 1000px\" \/><\/p>\n<p><span class=\"Apple-converted-space\">Encore une id\u00e9e brillante de collaboration que voici ! Afin de comm\u00e9morer les\u00a0cinquante ans de la\u00a0disparition de Leonard Tsugouharu Foujita, le Mus\u00e9e de la Toile de Jouy organise une exposition autour de sa passion pour le textile et la mode. A cette occasion, le mus\u00e9e s&rsquo;est associ\u00e9 \u00e0 Armor Lux pour r\u00e9aliser une marini\u00e8re qui \u00e9tait le v\u00eatement favoris de l&rsquo;artiste. La\u00a0marini\u00e8re a \u00e9t\u00e9 ornement\u00e9e de toiles de Jouy au\u00a0<\/span>niveau des coudes. La marini\u00e8re est disponible directement au mus\u00e9e, dans les boutiques Armor Lux ainsi qu&rsquo;aux Galeries Lafayette.<\/p>\n<h2 class=\"stabylo\">DES Sapins d\u00e9coratifs<\/h2>\n<p><img loading=\"lazy\" decoding=\"async\" class=\"aligncenter size-full wp-image-61513\" src=\"https:\/\/www.deedeeparis.com\/blog\/wp-content\/uploads\/2018\/12\/il_fullxfull.1682238474_mlja.jpg\" alt=\"\" width=\"2000\" height=\"962\" srcset=\"https:\/\/www.deedeeparis.com\/blog\/wp-content\/uploads\/2018\/12\/il_fullxfull.1682238474_mlja.jpg 2000w, https:\/\/www.deedeeparis.com\/blog\/wp-content\/uploads\/2018\/12\/il_fullxfull.1682238474_mlja-768x369.jpg 768w, https:\/\/www.deedeeparis.com\/blog\/wp-content\/uploads\/2018\/12\/il_fullxfull.1682238474_mlja-600x289.jpg 600w, https:\/\/www.deedeeparis.com\/blog\/wp-content\/uploads\/2018\/12\/il_fullxfull.1682238474_mlja-1024x493.jpg 1024w\" sizes=\"auto, (max-width: 2000px) 100vw, 2000px\" \/><\/p>\n<p>Oui, des sapins ! On est en plein dans la saison en m\u00eame temps ! <a href=\"http:\/\/bit.ly\/2RHKiJA\" target=\"_blank\" rel=\"noopener\">Ceux-l\u00e0<\/a> je les vois bien sur ma table de no\u00ebl, de diff\u00e9rentes tailles pour faire un joli chemin de table !<\/p>\n<h2 class=\"stabylo\">Le compte instagram de andhikaramadhian<\/h2>\n<p><img loading=\"lazy\" decoding=\"async\" class=\"aligncenter size-full wp-image-61525\" src=\"https:\/\/www.deedeeparis.com\/blog\/wp-content\/uploads\/2018\/12\/Capture-d\u2019\u00e9cran-2018-12-07-\u00e0-18.03.13.png\" alt=\"\" width=\"599\" height=\"600\" srcset=\"https:\/\/www.deedeeparis.com\/blog\/wp-content\/uploads\/2018\/12\/Capture-d\u2019\u00e9cran-2018-12-07-\u00e0-18.03.13.png 599w, https:\/\/www.deedeeparis.com\/blog\/wp-content\/uploads\/2018\/12\/Capture-d\u2019\u00e9cran-2018-12-07-\u00e0-18.03.13-150x150.png 150w\" sizes=\"auto, (max-width: 599px) 100vw, 599px\" \/><\/p>\n<p>Ce compte <a href=\"https:\/\/www.instagram.com\/andhikaramadhian\/?hl=fr\" target=\"_blank\" rel=\"noopener\">Instagram<\/a> propose de tr\u00e8s jolies photos tr\u00e8s graphiques et tr\u00e8s color\u00e9es. En jouant avec les perpectives, Andhika Ramadhian produit des photos minimalistes mais saisissantes. Chaque photo est individuellement belle mais l&rsquo;ensemble du feed se retrouve \u00e0 \u00eatre un tableau. Allez faire un tour sur son compte ainsi que du cot\u00e9 de son <a href=\"https:\/\/www.behance.net\/andhikaram84a6\" target=\"_blank\" rel=\"noopener\">Behance<\/a> pour voir plus de son travail.<\/p>\n<p><img loading=\"lazy\" decoding=\"async\" class=\"aligncenter size-full wp-image-61524\" src=\"https:\/\/www.deedeeparis.com\/blog\/wp-content\/uploads\/2018\/12\/Capture-d\u2019\u00e9cran-2018-12-07-\u00e0-18.01.58.png\" alt=\"\" width=\"599\" height=\"600\" srcset=\"https:\/\/www.deedeeparis.com\/blog\/wp-content\/uploads\/2018\/12\/Capture-d\u2019\u00e9cran-2018-12-07-\u00e0-18.01.58.png 599w, https:\/\/www.deedeeparis.com\/blog\/wp-content\/uploads\/2018\/12\/Capture-d\u2019\u00e9cran-2018-12-07-\u00e0-18.01.58-150x150.png 150w\" sizes=\"auto, (max-width: 599px) 100vw, 599px\" \/><\/p>\n<p><img loading=\"lazy\" decoding=\"async\" class=\"aligncenter size-full wp-image-61523\" src=\"https:\/\/www.deedeeparis.com\/blog\/wp-content\/uploads\/2018\/12\/Capture-d\u2019\u00e9cran-2018-12-07-\u00e0-18.02.07.png\" alt=\"\" width=\"599\" height=\"600\" srcset=\"https:\/\/www.deedeeparis.com\/blog\/wp-content\/uploads\/2018\/12\/Capture-d\u2019\u00e9cran-2018-12-07-\u00e0-18.02.07.png 599w, https:\/\/www.deedeeparis.com\/blog\/wp-content\/uploads\/2018\/12\/Capture-d\u2019\u00e9cran-2018-12-07-\u00e0-18.02.07-150x150.png 150w\" sizes=\"auto, (max-width: 599px) 100vw, 599px\" \/><\/p>\n<p><img loading=\"lazy\" decoding=\"async\" class=\"aligncenter size-full wp-image-61522\" src=\"https:\/\/www.deedeeparis.com\/blog\/wp-content\/uploads\/2018\/12\/Capture-d\u2019\u00e9cran-2018-12-07-\u00e0-18.02.15.png\" alt=\"\" width=\"599\" height=\"600\" srcset=\"https:\/\/www.deedeeparis.com\/blog\/wp-content\/uploads\/2018\/12\/Capture-d\u2019\u00e9cran-2018-12-07-\u00e0-18.02.15.png 599w, https:\/\/www.deedeeparis.com\/blog\/wp-content\/uploads\/2018\/12\/Capture-d\u2019\u00e9cran-2018-12-07-\u00e0-18.02.15-150x150.png 150w\" sizes=\"auto, (max-width: 599px) 100vw, 599px\" \/><\/p>\n<p><img loading=\"lazy\" decoding=\"async\" class=\"aligncenter size-full wp-image-61521\" src=\"https:\/\/www.deedeeparis.com\/blog\/wp-content\/uploads\/2018\/12\/Capture-d\u2019\u00e9cran-2018-12-07-\u00e0-18.02.32.png\" alt=\"\" width=\"599\" height=\"600\" srcset=\"https:\/\/www.deedeeparis.com\/blog\/wp-content\/uploads\/2018\/12\/Capture-d\u2019\u00e9cran-2018-12-07-\u00e0-18.02.32.png 599w, https:\/\/www.deedeeparis.com\/blog\/wp-content\/uploads\/2018\/12\/Capture-d\u2019\u00e9cran-2018-12-07-\u00e0-18.02.32-150x150.png 150w\" sizes=\"auto, (max-width: 599px) 100vw, 599px\" \/><\/p>\n<p><img loading=\"lazy\" decoding=\"async\" class=\"aligncenter size-full wp-image-61520\" src=\"https:\/\/www.deedeeparis.com\/blog\/wp-content\/uploads\/2018\/12\/Capture-d\u2019\u00e9cran-2018-12-07-\u00e0-18.02.40.png\" alt=\"\" width=\"599\" height=\"600\" srcset=\"https:\/\/www.deedeeparis.com\/blog\/wp-content\/uploads\/2018\/12\/Capture-d\u2019\u00e9cran-2018-12-07-\u00e0-18.02.40.png 599w, https:\/\/www.deedeeparis.com\/blog\/wp-content\/uploads\/2018\/12\/Capture-d\u2019\u00e9cran-2018-12-07-\u00e0-18.02.40-150x150.png 150w\" sizes=\"auto, (max-width: 599px) 100vw, 599px\" \/><\/p>\n<h2 class=\"stabylo\">Fais-le toi-m\u00eame : des emballages cadeaux en tissu<\/h2>\n<p><img loading=\"lazy\" decoding=\"async\" class=\"aligncenter size-full wp-image-61514\" src=\"https:\/\/www.deedeeparis.com\/blog\/wp-content\/uploads\/2018\/12\/diy-stenciled-gift-bags-holiday-closeup.jpg\" alt=\"\" width=\"600\" height=\"848\" \/><\/p>\n<p>Pour personnaliser jusqu&rsquo;au bout les cadeaux que l&rsquo;on offre \u00e0 no\u00ebl, quoi de mieux que de r\u00e9aliser l&#8217;emballage soi-m\u00eame ? C&rsquo;est le tuto de <a href=\"https:\/\/www.papernstitchblog.com\/diy-fabric-gift-wrap\/\" target=\"_blank\" rel=\"noopener\">Paper n Stitch<\/a> qu&rsquo;il faut suivre pour les r\u00e9aliser !<\/p>\n<h2 class=\"title style-scope ytd-video-primary-info-renderer stabylo\">Baden Baden &#8211; J&rsquo;ai plong\u00e9 dans le bruit<\/h2>\n<p>Un bon son bien tremp\u00e9 pour bien commencer la semaine, celui de Baden Baden\u00a0un groupe fran\u00e7ais d&rsquo;indie pop cr\u00e9\u00e9 en 2008L Le titre est sorti quelque part en 2014 et il est toujours aussi bon !<\/p>\n<p><iframe loading=\"lazy\" src=\"https:\/\/www.youtube.com\/embed\/fQrtgUh-pFA\" width=\"1020\" height=\"495\" frameborder=\"0\" allowfullscreen=\"allowfullscreen\"><span data-mce-type=\"bookmark\" style=\"display: inline-block; width: 0px; overflow: hidden; line-height: 0;\" class=\"mce_SELRES_start\">\ufeff<\/span><\/iframe><\/p>\n<p>&nbsp;<\/p>\n<h2 class=\"stabylo\">Bonus Track<\/h2>\n<p><img loading=\"lazy\" decoding=\"async\" class=\"aligncenter size-full wp-image-61517\" src=\"https:\/\/www.deedeeparis.com\/blog\/wp-content\/uploads\/2018\/12\/VD1218_couv.jpg\" alt=\"\" width=\"959\" height=\"859\" srcset=\"https:\/\/www.deedeeparis.com\/blog\/wp-content\/uploads\/2018\/12\/VD1218_couv.jpg 959w, https:\/\/www.deedeeparis.com\/blog\/wp-content\/uploads\/2018\/12\/VD1218_couv-768x688.jpg 768w, https:\/\/www.deedeeparis.com\/blog\/wp-content\/uploads\/2018\/12\/VD1218_couv-600x537.jpg 600w\" sizes=\"auto, (max-width: 959px) 100vw, 959px\" \/><\/p>\n<p>Rendez-vous mardi Chez Deedee pour le dernier vide dressing de l&rsquo;ann\u00e9e avec les copines ! Au programme, des v\u00eatements, accessoires et quelques produits de beaut\u00e9 \u00e0 prix mini.<\/p>\n<p>Tailles des v\u00eatements : 34 \u00e0 42<\/p>\n<p>Pointures : 37 au 40<\/p>\n<h2 class=\"stabylo\">Et aussi&#8230;.<\/h2>\n<p>Comme on s&rsquo;ennuie un peu en ce moment, on organise \u00e9galement cette semaine un pop up store de No\u00ebl avec 6 super jolies marques et deux ateliers qui d\u00e9bo\u00eetent ! STAY TUNED, je vous en reparle tr\u00e8s vite \ud83d\ude42<\/p>\n<p><a href=\"https:\/\/www.deedeeparis.com\/blog\/wp-content\/uploads\/2018\/12\/cover-pop-up-comple\u0300te.jpg\"><img loading=\"lazy\" decoding=\"async\" class=\"aligncenter size-full wp-image-61595\" src=\"https:\/\/www.deedeeparis.com\/blog\/wp-content\/uploads\/2018\/12\/cover-pop-up-comple\u0300te.jpg\" alt=\"\" width=\"1200\" height=\"628\" srcset=\"https:\/\/www.deedeeparis.com\/blog\/wp-content\/uploads\/2018\/12\/cover-pop-up-comple\u0300te.jpg 1200w, https:\/\/www.deedeeparis.com\/blog\/wp-content\/uploads\/2018\/12\/cover-pop-up-comple\u0300te-768x402.jpg 768w, https:\/\/www.deedeeparis.com\/blog\/wp-content\/uploads\/2018\/12\/cover-pop-up-comple\u0300te-600x314.jpg 600w, https:\/\/www.deedeeparis.com\/blog\/wp-content\/uploads\/2018\/12\/cover-pop-up-comple\u0300te-1024x536.jpg 1024w\" sizes=\"auto, (max-width: 1200px) 100vw, 1200px\" \/><\/a><\/p>\n<p>Voil\u00e0, c&rsquo;est tout pour aujourd&rsquo;hui ! Prenez soin de vous.<\/p>\n","protected":false},"excerpt":{"rendered":"<p>Hello la compagnie ! Nouvelle semaine, nouveaux coups de coeur. Cette semaine, j&rsquo;aime : L&rsquo;Occitane x Atelier Paulin R\u00e9jouissons-nous ! L&rsquo;Occitane s&rsquo;associe \u00e0 la marque Atelier Paulin, qu&rsquo;on ne pr\u00e9sente plus et imagine 3 bracelets en s\u00e9rie limit\u00e9e et en or 9 carats : \u00ab\u00a0Aime\u00a0\u00bb, \u00ab\u00a0r\u00eave\u00a0\u00bb ou \u00ab\u00a0joie\u00a0\u00bb sont offerts au choix d\u00e8s 100 euros [&hellip;]<\/p>\n","protected":false},"author":2,"featured_media":61513,"comment_status":"open","ping_status":"open","sticky":false,"template":"","format":"standard","meta":{"_acf_changed":false,"footnotes":""},"categories":[8],"tags":[5100,6941,8300,8961,166,8748,8747],"class_list":["post-61273","post","type-post","status-publish","format-standard","has-post-thumbnail","hentry","category-chroniques-de-paris","tag-idees-cadeaux","tag-idees-diy","tag-inside-closet","tag-jamini","tag-loccitane","tag-mode-ethique","tag-mode-responsable"],"acf":[],"geo":null,"_links":{"self":[{"href":"https:\/\/www.deedeeparis.com\/blog\/wp-json\/wp\/v2\/posts\/61273","targetHints":{"allow":["GET"]}}],"collection":[{"href":"https:\/\/www.deedeeparis.com\/blog\/wp-json\/wp\/v2\/posts"}],"about":[{"href":"https:\/\/www.deedeeparis.com\/blog\/wp-json\/wp\/v2\/types\/post"}],"author":[{"embeddable":true,"href":"https:\/\/www.deedeeparis.com\/blog\/wp-json\/wp\/v2\/users\/2"}],"replies":[{"embeddable":true,"href":"https:\/\/www.deedeeparis.com\/blog\/wp-json\/wp\/v2\/comments?post=61273"}],"version-history":[{"count":16,"href":"https:\/\/www.deedeeparis.com\/blog\/wp-json\/wp\/v2\/posts\/61273\/revisions"}],"predecessor-version":[{"id":61597,"href":"https:\/\/www.deedeeparis.com\/blog\/wp-json\/wp\/v2\/posts\/61273\/revisions\/61597"}],"wp:featuredmedia":[{"embeddable":true,"href":"https:\/\/www.deedeeparis.com\/blog\/wp-json\/wp\/v2\/media\/61513"}],"wp:attachment":[{"href":"https:\/\/www.deedeeparis.com\/blog\/wp-json\/wp\/v2\/media?parent=61273"}],"wp:term":[{"taxonomy":"category","embeddable":true,"href":"https:\/\/www.deedeeparis.com\/blog\/wp-json\/wp\/v2\/categories?post=61273"},{"taxonomy":"post_tag","embeddable":true,"href":"https:\/\/www.deedeeparis.com\/blog\/wp-json\/wp\/v2\/tags?post=61273"}],"curies":[{"name":"wp","href":"https:\/\/api.w.org\/{rel}","templated":true}]}}