{"id":62430,"date":"2019-02-04T13:59:24","date_gmt":"2019-02-04T12:59:24","guid":{"rendered":"http:\/\/www.deedeeparis.com\/blog\/?p=62430"},"modified":"2019-02-05T14:16:52","modified_gmt":"2019-02-05T13:16:52","slug":"ma-week-list-297","status":"publish","type":"post","link":"https:\/\/www.deedeeparis.com\/blog\/ma-week-list-297","title":{"rendered":"Ma week list #297"},"content":{"rendered":"<p>Hello la compagnie ! J&rsquo;esp\u00e8re que tout va bien pour vous. Pour commencer la semaine, voici 7 nouveaux coups de coeur. Cette semaine, j&rsquo;aime :<\/p>\n<h2 class=\"stabylo\">Hoja de Cuba de Maison Berdoues<\/h2>\n<p><a href=\"https:\/\/www.deedeeparis.com\/blog\/wp-content\/uploads\/2019\/02\/Hoja-de-Cuba-Proposition-3.jpg\"><img loading=\"lazy\" decoding=\"async\" class=\"aligncenter size-full wp-image-62453\" src=\"https:\/\/www.deedeeparis.com\/blog\/wp-content\/uploads\/2019\/02\/Hoja-de-Cuba-Proposition-3.jpg\" alt=\"\" width=\"3000\" height=\"2000\" srcset=\"https:\/\/www.deedeeparis.com\/blog\/wp-content\/uploads\/2019\/02\/Hoja-de-Cuba-Proposition-3.jpg 3000w, https:\/\/www.deedeeparis.com\/blog\/wp-content\/uploads\/2019\/02\/Hoja-de-Cuba-Proposition-3-768x512.jpg 768w, https:\/\/www.deedeeparis.com\/blog\/wp-content\/uploads\/2019\/02\/Hoja-de-Cuba-Proposition-3-600x400.jpg 600w, https:\/\/www.deedeeparis.com\/blog\/wp-content\/uploads\/2019\/02\/Hoja-de-Cuba-Proposition-3-1024x683.jpg 1024w\" sizes=\"auto, (max-width: 3000px) 100vw, 3000px\" \/><\/a><\/p>\n<p>Dernier coup de coeur issu de la jolie Maison de parfumerie toulousaine, Maison Berdoues, <a href=\"https:\/\/berdoues.fr\/collections\/collection-grands-crus\/products\/hoja-de-cuba-le-parfum\" target=\"_blank\" rel=\"noopener\">Hoja de Cuba<\/a> : un parfum de tabac chaud et puissant que j&rsquo;adopte pour satisfaire mes envies d&rsquo;\u00e9vasion \u00e0 moindre frais ! Il s&rsquo;exprime \u00e0 travers la Baie de Piment de Jama\u00efque magnifi\u00e9e par un assemblage de Tabac de Turquie et de V\u00e9tiver d&rsquo;Ha\u00efti. Un bonheur&#8230;. avant d&rsquo;aller voir de plus pr\u00e8s \u00e0 quoi Cuba ressemble, peut \u00eatre, un jour !<\/p>\n<p>Je n&rsquo;ai pas oubli\u00e9 que je vous ai promis un sujet sur les parfums d\u2019exception&#8230; #staytuned<\/p>\n<h2 class=\"stabylo\"><em>Petits moments de solitude\u00a0<\/em>de Nad\u00e8ge Fougeras &amp; Johanna de Beaumont<\/h2>\n<p><img loading=\"lazy\" decoding=\"async\" class=\"aligncenter size-full wp-image-62437\" src=\"https:\/\/www.deedeeparis.com\/blog\/wp-content\/uploads\/2019\/02\/livre-petits-moments-genants-.jpg\" alt=\"\" width=\"2000\" height=\"1318\" srcset=\"https:\/\/www.deedeeparis.com\/blog\/wp-content\/uploads\/2019\/02\/livre-petits-moments-genants-.jpg 2000w, https:\/\/www.deedeeparis.com\/blog\/wp-content\/uploads\/2019\/02\/livre-petits-moments-genants--768x506.jpg 768w, https:\/\/www.deedeeparis.com\/blog\/wp-content\/uploads\/2019\/02\/livre-petits-moments-genants--600x395.jpg 600w, https:\/\/www.deedeeparis.com\/blog\/wp-content\/uploads\/2019\/02\/livre-petits-moments-genants--1024x675.jpg 1024w\" sizes=\"auto, (max-width: 2000px) 100vw, 2000px\" \/><\/p>\n<p>Des petits moments de solitude on en a tous v\u00e9cus&#8230; <a href=\"https:\/\/www.deedeeparis.com\/blog\/gaffes-2-0-et-autres-mailodrames\" target=\"_blank\" rel=\"noopener\">La preuve<\/a> !\u00a0C&rsquo;est dire si je me suis d\u00e9lect\u00e9e de ces\u00a0<em><a href=\"http:\/\/tidd.ly\/38b39657\" target=\"_blank\" rel=\"noopener\">Petits moments de solitudes<\/a>\u00a0<\/em>compil\u00e9s dans ce livre.\u00a0Les auteures ont rassembl\u00e9 une soixantaine d&rsquo;histoires toutes plus dr\u00f4les et embarrassantes les unes que les autres&#8230; un d\u00e9lice \u00e0 savourer <em>ad libitum<\/em> ! Un livre \u00e0 d\u00e9gainer au prochain coup de mou pour rire un bon coup et relativiser. Lisez-le !<\/p>\n<h2 class=\"stabylo\">La ligne de v\u00eatements pour le sport Eres<\/h2>\n<p><img loading=\"lazy\" decoding=\"async\" class=\"aligncenter size-full wp-image-62435\" src=\"https:\/\/www.deedeeparis.com\/blog\/wp-content\/uploads\/2019\/02\/eres.jpg\" alt=\"\" width=\"2800\" height=\"1867\" srcset=\"https:\/\/www.deedeeparis.com\/blog\/wp-content\/uploads\/2019\/02\/eres.jpg 2800w, https:\/\/www.deedeeparis.com\/blog\/wp-content\/uploads\/2019\/02\/eres-768x512.jpg 768w, https:\/\/www.deedeeparis.com\/blog\/wp-content\/uploads\/2019\/02\/eres-600x400.jpg 600w, https:\/\/www.deedeeparis.com\/blog\/wp-content\/uploads\/2019\/02\/eres-1024x683.jpg 1024w\" sizes=\"auto, (max-width: 2800px) 100vw, 2800px\" \/><\/p>\n<p>La marque mythique de maillots de bain et de lingerie ajoute une nouvelle corde \u00e0 son arc en ce lan\u00e7ant dans le\u00a0<em>Activewear<\/em>. Pens\u00e9e pour la pratique des sport doux comme le yoga ou le pilates, la collection dessin\u00e9e par Marie-Paule Minchelli se d\u00e9cline en brassi\u00e8res, combinaisons, leggings gainant. Sport rime donc avec \u00e9l\u00e9gance pour <a href=\"https:\/\/www.eresparis.com\/fr\/activewear-collection\/activewear\/cfg\/slideshow\/50180400752\" target=\"_blank\" rel=\"noopener\">Eres<\/a> qui a d\u00e9cid\u00e9 de tailler cette collection dans sa mati\u00e8re \u00ab\u00a0signature\u00a0\u00bb : la mati\u00e8re\u00a0<em>peau douce<\/em>. Bien-s\u00fbr, la collection n&rsquo;est pas \u00e0 la port\u00e9e de toutes les bourses, \u00e0 commencer par la mienne !, mais peut-on admirer deux secondes la beaut\u00e9 de cette <a href=\"http:\/\/bit.ly\/2S0SwAI\" target=\"_blank\" rel=\"noopener\">combinaison<\/a> ? Ne serait-elle pas parfaite pour nos prochains cours de yoga ? On peut bien r\u00eaver hein !<\/p>\n<p><img loading=\"lazy\" decoding=\"async\" class=\"aligncenter size-full wp-image-62433\" src=\"https:\/\/www.deedeeparis.com\/blog\/wp-content\/uploads\/2019\/02\/eres-active-weat.jpg\" alt=\"\" width=\"2800\" height=\"1867\" srcset=\"https:\/\/www.deedeeparis.com\/blog\/wp-content\/uploads\/2019\/02\/eres-active-weat.jpg 2800w, https:\/\/www.deedeeparis.com\/blog\/wp-content\/uploads\/2019\/02\/eres-active-weat-768x512.jpg 768w, https:\/\/www.deedeeparis.com\/blog\/wp-content\/uploads\/2019\/02\/eres-active-weat-600x400.jpg 600w, https:\/\/www.deedeeparis.com\/blog\/wp-content\/uploads\/2019\/02\/eres-active-weat-1024x683.jpg 1024w\" sizes=\"auto, (max-width: 2800px) 100vw, 2800px\" \/><\/p>\n<p><img loading=\"lazy\" decoding=\"async\" class=\"aligncenter size-full wp-image-62434\" src=\"https:\/\/www.deedeeparis.com\/blog\/wp-content\/uploads\/2019\/02\/eres-combi.jpg\" alt=\"\" width=\"2800\" height=\"4200\" srcset=\"https:\/\/www.deedeeparis.com\/blog\/wp-content\/uploads\/2019\/02\/eres-combi.jpg 2800w, https:\/\/www.deedeeparis.com\/blog\/wp-content\/uploads\/2019\/02\/eres-combi-768x1152.jpg 768w, https:\/\/www.deedeeparis.com\/blog\/wp-content\/uploads\/2019\/02\/eres-combi-600x900.jpg 600w, https:\/\/www.deedeeparis.com\/blog\/wp-content\/uploads\/2019\/02\/eres-combi-683x1024.jpg 683w\" sizes=\"auto, (max-width: 2800px) 100vw, 2800px\" \/><\/p>\n<h2 class=\"stabylo\">Le calendrier pliant illustr\u00e9<\/h2>\n<p><img loading=\"lazy\" decoding=\"async\" class=\"aligncenter size-full wp-image-62436\" src=\"https:\/\/www.deedeeparis.com\/blog\/wp-content\/uploads\/2019\/02\/calendrier-feuillage-atsy.jpg\" alt=\"\" width=\"1140\" height=\"855\" srcset=\"https:\/\/www.deedeeparis.com\/blog\/wp-content\/uploads\/2019\/02\/calendrier-feuillage-atsy.jpg 1140w, https:\/\/www.deedeeparis.com\/blog\/wp-content\/uploads\/2019\/02\/calendrier-feuillage-atsy-768x576.jpg 768w, https:\/\/www.deedeeparis.com\/blog\/wp-content\/uploads\/2019\/02\/calendrier-feuillage-atsy-600x450.jpg 600w, https:\/\/www.deedeeparis.com\/blog\/wp-content\/uploads\/2019\/02\/calendrier-feuillage-atsy-1024x768.jpg 1024w\" sizes=\"auto, (max-width: 1140px) 100vw, 1140px\" \/><\/p>\n<p>Quel\u00a0<a href=\"http:\/\/bit.ly\/2UwXvWv\" target=\"_blank\" rel=\"noopener\">calendrier<\/a> d\u00e9pliant so charming, don&rsquo;t you think ?! Il vient joliment compl\u00e9ter la <a href=\"https:\/\/www.deedeeparis.com\/blog\/24-moyens-de-rester-organise-toute-lannee\" target=\"_blank\" rel=\"noopener\">s\u00e9lection de calendrier<\/a> que je vous ai publi\u00e9e la semaine derni\u00e8re sur le blog. C&rsquo;est vrai qu&rsquo;on a commenc\u00e9 \u00e0 attaquer le mois de f\u00e9vrier mais il n&rsquo;est jamais trop tard pour s&rsquo;\u00e9quiper d&rsquo;un joli calendrier.<\/p>\n<h2 class=\"stabylo\">La s\u00e9rie Desert Reality de Ed Freeman<\/h2>\n<p><img loading=\"lazy\" decoding=\"async\" class=\"aligncenter size-full wp-image-62439\" src=\"https:\/\/www.deedeeparis.com\/blog\/wp-content\/uploads\/2019\/02\/Desert-Realty-Cover-RE-DO-copy_99f91de3-26bd-40ab-90de-efdbc40726f6_1024x1024.jpg\" alt=\"\" width=\"1024\" height=\"899\" srcset=\"https:\/\/www.deedeeparis.com\/blog\/wp-content\/uploads\/2019\/02\/Desert-Realty-Cover-RE-DO-copy_99f91de3-26bd-40ab-90de-efdbc40726f6_1024x1024.jpg 1024w, https:\/\/www.deedeeparis.com\/blog\/wp-content\/uploads\/2019\/02\/Desert-Realty-Cover-RE-DO-copy_99f91de3-26bd-40ab-90de-efdbc40726f6_1024x1024-768x674.jpg 768w, https:\/\/www.deedeeparis.com\/blog\/wp-content\/uploads\/2019\/02\/Desert-Realty-Cover-RE-DO-copy_99f91de3-26bd-40ab-90de-efdbc40726f6_1024x1024-600x527.jpg 600w\" sizes=\"auto, (max-width: 1024px) 100vw, 1024px\" \/><\/p>\n<p>C&rsquo;est le photographe am\u00e9ricain Ed Freeman qui est \u00e0 l&rsquo;origine de ces photos. J&rsquo;aime comment ces vieux buildings et ces vielles enseignes sont mises en avant par le travail de retouches sur lumi\u00e8re, les couleurs et les contrastes. Cette s\u00e9rie me donne compl\u00e9ment envie de me perdre dans les d\u00e9serts californiens \u00e0 mon tour. Vous pouvez retrouver le reste de son travail sur son <a href=\"https:\/\/www.edfreeman.com\" target=\"_blank\" rel=\"noopener\">site<\/a> ainsi que sur <a href=\"https:\/\/www.instagram.com\/edfreemanphoto\/\" target=\"_blank\" rel=\"noopener\">Instagram<\/a> !<\/p>\n<p><img loading=\"lazy\" decoding=\"async\" class=\"aligncenter size-full wp-image-62440\" src=\"https:\/\/www.deedeeparis.com\/blog\/wp-content\/uploads\/2019\/02\/Salton_City_Trailer_40_x40_V3_1024x1024.jpg\" alt=\"\" width=\"1000\" height=\"1000\" srcset=\"https:\/\/www.deedeeparis.com\/blog\/wp-content\/uploads\/2019\/02\/Salton_City_Trailer_40_x40_V3_1024x1024.jpg 1000w, https:\/\/www.deedeeparis.com\/blog\/wp-content\/uploads\/2019\/02\/Salton_City_Trailer_40_x40_V3_1024x1024-768x768.jpg 768w, https:\/\/www.deedeeparis.com\/blog\/wp-content\/uploads\/2019\/02\/Salton_City_Trailer_40_x40_V3_1024x1024-150x150.jpg 150w, https:\/\/www.deedeeparis.com\/blog\/wp-content\/uploads\/2019\/02\/Salton_City_Trailer_40_x40_V3_1024x1024-600x600.jpg 600w\" sizes=\"auto, (max-width: 1000px) 100vw, 1000px\" \/><\/p>\n<p><img loading=\"lazy\" decoding=\"async\" class=\"aligncenter size-full wp-image-62441\" src=\"https:\/\/www.deedeeparis.com\/blog\/wp-content\/uploads\/2019\/02\/Fiesta_Ballroom50_x40_1024x1024.jpg\" alt=\"\" width=\"1000\" height=\"800\" srcset=\"https:\/\/www.deedeeparis.com\/blog\/wp-content\/uploads\/2019\/02\/Fiesta_Ballroom50_x40_1024x1024.jpg 1000w, https:\/\/www.deedeeparis.com\/blog\/wp-content\/uploads\/2019\/02\/Fiesta_Ballroom50_x40_1024x1024-768x614.jpg 768w, https:\/\/www.deedeeparis.com\/blog\/wp-content\/uploads\/2019\/02\/Fiesta_Ballroom50_x40_1024x1024-600x480.jpg 600w\" sizes=\"auto, (max-width: 1000px) 100vw, 1000px\" \/><\/p>\n<p><img loading=\"lazy\" decoding=\"async\" class=\"aligncenter size-full wp-image-62442\" src=\"https:\/\/www.deedeeparis.com\/blog\/wp-content\/uploads\/2019\/02\/El_Morocco_Motel40_x40_1_1024x1024.jpg\" alt=\"\" width=\"1000\" height=\"1000\" srcset=\"https:\/\/www.deedeeparis.com\/blog\/wp-content\/uploads\/2019\/02\/El_Morocco_Motel40_x40_1_1024x1024.jpg 1000w, https:\/\/www.deedeeparis.com\/blog\/wp-content\/uploads\/2019\/02\/El_Morocco_Motel40_x40_1_1024x1024-768x768.jpg 768w, https:\/\/www.deedeeparis.com\/blog\/wp-content\/uploads\/2019\/02\/El_Morocco_Motel40_x40_1_1024x1024-150x150.jpg 150w, https:\/\/www.deedeeparis.com\/blog\/wp-content\/uploads\/2019\/02\/El_Morocco_Motel40_x40_1_1024x1024-600x600.jpg 600w\" sizes=\"auto, (max-width: 1000px) 100vw, 1000px\" \/><\/p>\n<p><img loading=\"lazy\" decoding=\"async\" class=\"aligncenter size-full wp-image-62443\" src=\"https:\/\/www.deedeeparis.com\/blog\/wp-content\/uploads\/2019\/02\/Sundowner_Motel_32_X40_1024x1024.jpg\" alt=\"\" width=\"800\" height=\"1000\" srcset=\"https:\/\/www.deedeeparis.com\/blog\/wp-content\/uploads\/2019\/02\/Sundowner_Motel_32_X40_1024x1024.jpg 800w, https:\/\/www.deedeeparis.com\/blog\/wp-content\/uploads\/2019\/02\/Sundowner_Motel_32_X40_1024x1024-768x960.jpg 768w, https:\/\/www.deedeeparis.com\/blog\/wp-content\/uploads\/2019\/02\/Sundowner_Motel_32_X40_1024x1024-600x750.jpg 600w\" sizes=\"auto, (max-width: 800px) 100vw, 800px\" \/><\/p>\n<p><img loading=\"lazy\" decoding=\"async\" class=\"aligncenter size-full wp-image-62444\" src=\"https:\/\/www.deedeeparis.com\/blog\/wp-content\/uploads\/2019\/02\/Abandoned_House_40x40_1024x1024.jpg\" alt=\"\" width=\"1000\" height=\"1000\" srcset=\"https:\/\/www.deedeeparis.com\/blog\/wp-content\/uploads\/2019\/02\/Abandoned_House_40x40_1024x1024.jpg 1000w, https:\/\/www.deedeeparis.com\/blog\/wp-content\/uploads\/2019\/02\/Abandoned_House_40x40_1024x1024-768x768.jpg 768w, https:\/\/www.deedeeparis.com\/blog\/wp-content\/uploads\/2019\/02\/Abandoned_House_40x40_1024x1024-150x150.jpg 150w, https:\/\/www.deedeeparis.com\/blog\/wp-content\/uploads\/2019\/02\/Abandoned_House_40x40_1024x1024-600x600.jpg 600w\" sizes=\"auto, (max-width: 1000px) 100vw, 1000px\" \/><\/p>\n<p>&nbsp;<\/p>\n<h2 class=\"stabylo\">Fais-le toi-m\u00eame : une pat\u00e8re de cuisine en bois<\/h2>\n<p><img loading=\"lazy\" decoding=\"async\" class=\"aligncenter size-full wp-image-62446\" src=\"https:\/\/www.deedeeparis.com\/blog\/wp-content\/uploads\/2019\/02\/patere-bois-cuisine-diy-1.jpg\" alt=\"\" width=\"1000\" height=\"563\" srcset=\"https:\/\/www.deedeeparis.com\/blog\/wp-content\/uploads\/2019\/02\/patere-bois-cuisine-diy-1.jpg 1000w, https:\/\/www.deedeeparis.com\/blog\/wp-content\/uploads\/2019\/02\/patere-bois-cuisine-diy-1-768x432.jpg 768w, https:\/\/www.deedeeparis.com\/blog\/wp-content\/uploads\/2019\/02\/patere-bois-cuisine-diy-1-600x338.jpg 600w\" sizes=\"auto, (max-width: 1000px) 100vw, 1000px\" \/><\/p>\n<p>C&rsquo;est en vid\u00e9o et en photos que nous allons pouvoir suivre, pas \u00e0 pas, les \u00e9tapes pour r\u00e9aliser cette pat\u00e8re pour nos cuisines. Une tr\u00e8s jolie id\u00e9e qui vient du blog <a href=\"http:\/\/shakemyblog.fr\/diy\/video-patere-cuisine-bois\/\" target=\"_blank\" rel=\"noopener\">Shake my Blog<\/a>.<\/p>\n<h2 class=\"stabylo\">Villevieille : Mes R\u00eaves<\/h2>\n<p>\u00ab\u00a0Mes R\u00eaves\u00a0\u00bb est le premier titre de Fran\u00e7ois Villevieille (Ex El\u00e9phant, compositeur de \u00ab Les espaces et les sentiments \u00bb, le deuxi\u00e8me single de l&rsquo;album\u00a0<em>Love Songs<\/em>\u00a0de\u00a0Vanessa Paradis). Il est illustr\u00e9 par un clip tourn\u00e9 \u00e0 Tokyo et travaill\u00e9 avec Dan Levy de The Do. L&rsquo;univers est \u00e0 la fois intrigant et fascinant. Montez le son, c&rsquo;est dr\u00f4lement bon ! (et ces images&#8230;).<\/p>\n<p><iframe loading=\"lazy\" src=\"https:\/\/www.youtube.com\/embed\/ZUcW_lG3GgQ\" width=\"1020\" height=\"495\" frameborder=\"0\" allowfullscreen=\"allowfullscreen\"><span data-mce-type=\"bookmark\" style=\"display: inline-block; width: 0px; overflow: hidden; line-height: 0;\" class=\"mce_SELRES_start\">\ufeff<\/span><\/iframe><\/p>\n<p>Voil\u00e0, c&rsquo;est tout pour aujourd&rsquo;hui. Prenez soin de vous !<\/p>\n","protected":false},"excerpt":{"rendered":"<p>Hello la compagnie ! J&rsquo;esp\u00e8re que tout va bien pour vous. Pour commencer la semaine, voici 7 nouveaux coups de coeur. Cette semaine, j&rsquo;aime : Hoja de Cuba de Maison Berdoues Dernier coup de coeur issu de la jolie Maison de parfumerie toulousaine, Maison Berdoues, Hoja de Cuba : un parfum de tabac chaud et [&hellip;]<\/p>\n","protected":false},"author":29,"featured_media":62453,"comment_status":"open","ping_status":"open","sticky":false,"template":"","format":"standard","meta":{"_acf_changed":false,"footnotes":""},"categories":[8],"tags":[1514,9304,2214,2852,9403,8428,7281,9401,8429,9402,9303,9404],"class_list":["post-62430","post","type-post","status-publish","format-standard","has-post-thumbnail","hentry","category-chroniques-de-paris","tag-actualite-livres","tag-calendrier-2019","tag-do-it-yourself","tag-eres","tag-eres-activewear","tag-gaffes","tag-kerzon","tag-kerzon-mimosa","tag-meilleures-gaffes","tag-petits-moments-de-solitude","tag-serie-photos","tag-vetements-yoga"],"acf":[],"geo":null,"_links":{"self":[{"href":"https:\/\/www.deedeeparis.com\/blog\/wp-json\/wp\/v2\/posts\/62430","targetHints":{"allow":["GET"]}}],"collection":[{"href":"https:\/\/www.deedeeparis.com\/blog\/wp-json\/wp\/v2\/posts"}],"about":[{"href":"https:\/\/www.deedeeparis.com\/blog\/wp-json\/wp\/v2\/types\/post"}],"author":[{"embeddable":true,"href":"https:\/\/www.deedeeparis.com\/blog\/wp-json\/wp\/v2\/users\/29"}],"replies":[{"embeddable":true,"href":"https:\/\/www.deedeeparis.com\/blog\/wp-json\/wp\/v2\/comments?post=62430"}],"version-history":[{"count":10,"href":"https:\/\/www.deedeeparis.com\/blog\/wp-json\/wp\/v2\/posts\/62430\/revisions"}],"predecessor-version":[{"id":62519,"href":"https:\/\/www.deedeeparis.com\/blog\/wp-json\/wp\/v2\/posts\/62430\/revisions\/62519"}],"wp:featuredmedia":[{"embeddable":true,"href":"https:\/\/www.deedeeparis.com\/blog\/wp-json\/wp\/v2\/media\/62453"}],"wp:attachment":[{"href":"https:\/\/www.deedeeparis.com\/blog\/wp-json\/wp\/v2\/media?parent=62430"}],"wp:term":[{"taxonomy":"category","embeddable":true,"href":"https:\/\/www.deedeeparis.com\/blog\/wp-json\/wp\/v2\/categories?post=62430"},{"taxonomy":"post_tag","embeddable":true,"href":"https:\/\/www.deedeeparis.com\/blog\/wp-json\/wp\/v2\/tags?post=62430"}],"curies":[{"name":"wp","href":"https:\/\/api.w.org\/{rel}","templated":true}]}}