{"id":63379,"date":"2019-03-25T14:17:15","date_gmt":"2019-03-25T13:17:15","guid":{"rendered":"http:\/\/www.deedeeparis.com\/blog\/?p=63379"},"modified":"2019-03-25T14:17:15","modified_gmt":"2019-03-25T13:17:15","slug":"ma-week-list-304","status":"publish","type":"post","link":"https:\/\/www.deedeeparis.com\/blog\/ma-week-list-304","title":{"rendered":"Ma week list #304"},"content":{"rendered":"<p>Hello la compagnie ! Ouiii, bon, d&rsquo;accord, j&rsquo;ai un peu de retard cette semaine pour la parution de la <em>Week List<\/em> mais je tente de mettre un peu plus de JOMO dans ma vie plut\u00f4t que du FOMO. Si vous ne comprenez rien, vous pouvez cliquer <a href=\"https:\/\/www.instagram.com\/p\/BvZwi_Unt1L\/\" target=\"_blank\" rel=\"noopener\">ici<\/a> !<\/p>\n<p>Bref, comme disais P\u00e9pin, me voil\u00e0 de retour \u00e0 Paris apr\u00e8s une petite escapade milanaise parfaitement r\u00e9jouissante : une fois n&rsquo;est pas coutume, j&rsquo;ai r\u00e9ussi \u00e0 coupler boulot et perso, en restant avec ma complice et amie Virginie apr\u00e8s le voyage de presse organis\u00e9 jeudi et vendredi dernier par Acqua di Parma. Mais je vous raconte \u00e7a mieux d\u00e8s que possible pour vous livrer notamment les p\u00e9pites d&rsquo;adresses que nous avons d\u00e9nich\u00e9es \u00e0 Milan !<\/p>\n<p>Pour l&rsquo;heure, nouvelle semaine, nouveaux coups de coeur. Cette semaine, j&rsquo;aime :<\/p>\n<h2 class=\"stabylo\">Elise Tsikis<\/h2>\n<p><img loading=\"lazy\" decoding=\"async\" class=\"aligncenter size-full wp-image-63424\" src=\"https:\/\/www.deedeeparis.com\/blog\/wp-content\/uploads\/2019\/03\/671951_b8a2c3622b1e44e68f3cdefa2d796c10mv2_d_1772_1477_s_2.jpg\" alt=\"\" width=\"894\" height=\"746\" srcset=\"https:\/\/www.deedeeparis.com\/blog\/wp-content\/uploads\/2019\/03\/671951_b8a2c3622b1e44e68f3cdefa2d796c10mv2_d_1772_1477_s_2.jpg 894w, https:\/\/www.deedeeparis.com\/blog\/wp-content\/uploads\/2019\/03\/671951_b8a2c3622b1e44e68f3cdefa2d796c10mv2_d_1772_1477_s_2-768x641.jpg 768w, https:\/\/www.deedeeparis.com\/blog\/wp-content\/uploads\/2019\/03\/671951_b8a2c3622b1e44e68f3cdefa2d796c10mv2_d_1772_1477_s_2-600x501.jpg 600w\" sizes=\"auto, (max-width: 894px) 100vw, 894px\" \/><\/p>\n<p><a href=\"https:\/\/www.elisetsikis.com\/?utm_campaign=865ea4b7-d7ec-45f8-8b05-d73df72809ea&amp;utm_source=so\" target=\"_blank\" rel=\"noopener\">Elise Tsikis<\/a> frappe fort \u00e0 nouveau avec une magnifique collection printemps \u00e9t\u00e9. Sur le th\u00e8me de la chanson de Gainsbourg et Jane Birkin \u00ab\u00a0Je t&rsquo;aime&#8230; Moi non plus\u00a0\u00bb. Et ces cauries dont personnellement, je ne me suis pas encore lass\u00e9e&#8230; Je lorgne sur \u00e0 peu pr\u00e8s toute la collection, en particulier sur ce sublime collier, l\u00e0, sur la photo.<\/p>\n<p><a href=\"https:\/\/www.deedeeparis.com\/blog\/wp-content\/uploads\/2019\/03\/Elise-tsikis-2019.jpg\"><img loading=\"lazy\" decoding=\"async\" class=\"aligncenter size-full wp-image-63476\" src=\"https:\/\/www.deedeeparis.com\/blog\/wp-content\/uploads\/2019\/03\/Elise-tsikis-2019.jpg\" alt=\"\" width=\"884\" height=\"832\" srcset=\"https:\/\/www.deedeeparis.com\/blog\/wp-content\/uploads\/2019\/03\/Elise-tsikis-2019.jpg 884w, https:\/\/www.deedeeparis.com\/blog\/wp-content\/uploads\/2019\/03\/Elise-tsikis-2019-768x723.jpg 768w, https:\/\/www.deedeeparis.com\/blog\/wp-content\/uploads\/2019\/03\/Elise-tsikis-2019-600x565.jpg 600w\" sizes=\"auto, (max-width: 884px) 100vw, 884px\" \/><\/a><\/p>\n<h2 class=\"stabylo\">&amp; Other Stories et la seconde main<\/h2>\n<p><a href=\"https:\/\/www.deedeeparis.com\/blog\/wp-content\/uploads\/2019\/03\/other-stories-sellpy.jpeg\"><img loading=\"lazy\" decoding=\"async\" class=\"aligncenter size-large wp-image-63478\" src=\"https:\/\/www.deedeeparis.com\/blog\/wp-content\/uploads\/2019\/03\/other-stories-sellpy-731x1024.jpg\" alt=\"\" width=\"640\" height=\"897\" srcset=\"https:\/\/www.deedeeparis.com\/blog\/wp-content\/uploads\/2019\/03\/other-stories-sellpy-731x1024.jpg 731w, https:\/\/www.deedeeparis.com\/blog\/wp-content\/uploads\/2019\/03\/other-stories-sellpy-768x1075.jpeg 768w, https:\/\/www.deedeeparis.com\/blog\/wp-content\/uploads\/2019\/03\/other-stories-sellpy-600x840.jpg 600w\" sizes=\"auto, (max-width: 640px) 100vw, 640px\" \/><\/a><\/p>\n<p>Bien s\u00fbr, c&rsquo;est du business avant tout mais apr\u00e8s tout, si le business peut faire avancer les choses, pourquoi pas !\u00a0&amp; Other Stories va ainsi lancer d&rsquo;ici quelques semaines la revente de produits de seconde main pour sa client\u00e8le su\u00e9doise. Concr\u00e8tement, la vente se fera uniquement sur le site web de l&rsquo;enseigne via Sellpy, une plateforme de revente en ligne. J&rsquo;aime cette id\u00e9e d&rsquo;offrir une seconde vie aux nombreux v\u00eatements, accessoires and co dont on dispose. Esp\u00e9rons que l&rsquo;essai soit transform\u00e9 et rapidement propos\u00e9 en France !<\/p>\n<p>(Sur la photo, ce n&rsquo;est pas un article de seconde main de l&rsquo;enseigne mais un manteau\u00a0<a href=\"http:\/\/bit.ly\/2JDNzdr\" target=\"_blank\" rel=\"noopener\">en solde<\/a>. <em>Just saying !<\/em>) (Vous \u00eates p\u00e9nibles, maintenant j&rsquo;ai envie de me l&rsquo;offrir&#8230;).<\/p>\n<h2 class=\"stabylo\">La boutique de\u00a0honeycombstudio<\/h2>\n<p><a href=\"https:\/\/www.deedeeparis.com\/blog\/wp-content\/uploads\/2019\/03\/il_570xN.751162587_n6sm.jpg\"><img loading=\"lazy\" decoding=\"async\" class=\"aligncenter size-full wp-image-63480\" src=\"https:\/\/www.deedeeparis.com\/blog\/wp-content\/uploads\/2019\/03\/il_570xN.751162587_n6sm.jpg\" alt=\"\" width=\"570\" height=\"570\" srcset=\"https:\/\/www.deedeeparis.com\/blog\/wp-content\/uploads\/2019\/03\/il_570xN.751162587_n6sm.jpg 570w, https:\/\/www.deedeeparis.com\/blog\/wp-content\/uploads\/2019\/03\/il_570xN.751162587_n6sm-150x150.jpg 150w\" sizes=\"auto, (max-width: 570px) 100vw, 570px\" \/><\/a><\/p>\n<p>Cette d\u00e9licate petite chose en gr\u00e8s est r\u00e9alis\u00e9e \u00e0 la main, et vous comme moi en conviendrez, elle est parfaitement indispensable pour faire chanter le printemps chez nous ! Son petit prix ne nous aide pas \u00e0 r\u00e9sister et \u00e0 prouver qu&rsquo;on existe&#8230; Elle est sign\u00e9e <a href=\"http:\/\/bit.ly\/2JE4EUn\" target=\"_blank\" rel=\"noopener\">Honey Comb Studio<\/a> qui propose de bien jolies choses dans le m\u00eame registre.<\/p>\n<h2 class=\"stabylo\">La nouvelle collection de bou\u00e9es The Nice Fleet<\/h2>\n<p><img loading=\"lazy\" decoding=\"async\" class=\"aligncenter size-full wp-image-63416\" src=\"https:\/\/www.deedeeparis.com\/blog\/wp-content\/uploads\/2019\/03\/Capture-d\u2019\u00e9cran-2019-03-15-\u00e0-15.06.18.png\" alt=\"\" width=\"1198\" height=\"1190\" srcset=\"https:\/\/www.deedeeparis.com\/blog\/wp-content\/uploads\/2019\/03\/Capture-d\u2019\u00e9cran-2019-03-15-\u00e0-15.06.18.png 1198w, https:\/\/www.deedeeparis.com\/blog\/wp-content\/uploads\/2019\/03\/Capture-d\u2019\u00e9cran-2019-03-15-\u00e0-15.06.18-768x763.png 768w, https:\/\/www.deedeeparis.com\/blog\/wp-content\/uploads\/2019\/03\/Capture-d\u2019\u00e9cran-2019-03-15-\u00e0-15.06.18-150x150.png 150w, https:\/\/www.deedeeparis.com\/blog\/wp-content\/uploads\/2019\/03\/Capture-d\u2019\u00e9cran-2019-03-15-\u00e0-15.06.18-600x596.png 600w, https:\/\/www.deedeeparis.com\/blog\/wp-content\/uploads\/2019\/03\/Capture-d\u2019\u00e9cran-2019-03-15-\u00e0-15.06.18-1024x1017.png 1024w\" sizes=\"auto, (max-width: 1198px) 100vw, 1198px\" \/><\/p>\n<p>Encore de l&rsquo;\u00e9t\u00e9 avec les bou\u00e9es The Nice Fleet ! <a href=\"https:\/\/www.deedeeparis.com\/blog\/maillots-de-bains\" target=\"_blank\" rel=\"noopener\">Souvenez-vous<\/a>, je vous les avais notamment montr\u00e9es sur ce shooting estival \u00e0 la piscine Molitor. La nouvelle collection est arriv\u00e9e et les nouveaux imprim\u00e9s sont affolants, en plus de compter de tr\u00e8s belles \u00e9ditions limit\u00e9es. C&rsquo;est quand l&rsquo;\u00e9t\u00e9 d\u00e9j\u00e0 ?<\/p>\n<p><a href=\"https:\/\/www.deedeeparis.com\/blog\/wp-content\/uploads\/2019\/03\/unnamed.jpg\"><img loading=\"lazy\" decoding=\"async\" class=\"aligncenter size-full wp-image-63474\" src=\"https:\/\/www.deedeeparis.com\/blog\/wp-content\/uploads\/2019\/03\/unnamed.jpg\" alt=\"\" width=\"1084\" height=\"1200\" srcset=\"https:\/\/www.deedeeparis.com\/blog\/wp-content\/uploads\/2019\/03\/unnamed.jpg 1084w, https:\/\/www.deedeeparis.com\/blog\/wp-content\/uploads\/2019\/03\/unnamed-768x850.jpg 768w, https:\/\/www.deedeeparis.com\/blog\/wp-content\/uploads\/2019\/03\/unnamed-600x664.jpg 600w, https:\/\/www.deedeeparis.com\/blog\/wp-content\/uploads\/2019\/03\/unnamed-925x1024.jpg 925w\" sizes=\"auto, (max-width: 1084px) 100vw, 1084px\" \/><\/a><\/p>\n<h2 class=\"stabylo\">Living in Color de\u00a0Elizaveta Porodina<\/h2>\n<p><img loading=\"lazy\" decoding=\"async\" class=\"aligncenter size-full wp-image-63425\" src=\"https:\/\/www.deedeeparis.com\/blog\/wp-content\/uploads\/2019\/03\/4f6a7e67953353.5b4c8903ef287.jpg\" alt=\"\" width=\"2000\" height=\"3000\" srcset=\"https:\/\/www.deedeeparis.com\/blog\/wp-content\/uploads\/2019\/03\/4f6a7e67953353.5b4c8903ef287.jpg 2000w, https:\/\/www.deedeeparis.com\/blog\/wp-content\/uploads\/2019\/03\/4f6a7e67953353.5b4c8903ef287-768x1152.jpg 768w, https:\/\/www.deedeeparis.com\/blog\/wp-content\/uploads\/2019\/03\/4f6a7e67953353.5b4c8903ef287-600x900.jpg 600w, https:\/\/www.deedeeparis.com\/blog\/wp-content\/uploads\/2019\/03\/4f6a7e67953353.5b4c8903ef287-683x1024.jpg 683w\" sizes=\"auto, (max-width: 2000px) 100vw, 2000px\" \/><\/p>\n<p>Une nouvelle s\u00e9rie de photos sign\u00e9es <a class=\"Project-ownerName-a2r js-mini-profile\" href=\"https:\/\/www.behance.net\/porodina\" target=\"_blank\" rel=\"noopener\" data-id=\"1745797\">Elizaveta Porodina<\/a>\u00a0: une fois encore, la composition, les couleur et les poses font de ces portraits de v\u00e9ritables tableaux. L\u00e0 encore, ils sont garantis 100% \u00e9t\u00e9 !<\/p>\n<p><img loading=\"lazy\" decoding=\"async\" class=\"aligncenter size-full wp-image-63426\" src=\"https:\/\/www.deedeeparis.com\/blog\/wp-content\/uploads\/2019\/03\/51440567953353.5b4c8903effd5.jpg\" alt=\"\" width=\"2000\" height=\"3000\" srcset=\"https:\/\/www.deedeeparis.com\/blog\/wp-content\/uploads\/2019\/03\/51440567953353.5b4c8903effd5.jpg 2000w, https:\/\/www.deedeeparis.com\/blog\/wp-content\/uploads\/2019\/03\/51440567953353.5b4c8903effd5-768x1152.jpg 768w, https:\/\/www.deedeeparis.com\/blog\/wp-content\/uploads\/2019\/03\/51440567953353.5b4c8903effd5-600x900.jpg 600w, https:\/\/www.deedeeparis.com\/blog\/wp-content\/uploads\/2019\/03\/51440567953353.5b4c8903effd5-683x1024.jpg 683w\" sizes=\"auto, (max-width: 2000px) 100vw, 2000px\" \/><\/p>\n<p><img loading=\"lazy\" decoding=\"async\" class=\"aligncenter size-full wp-image-63427\" src=\"https:\/\/www.deedeeparis.com\/blog\/wp-content\/uploads\/2019\/03\/2b515e67953353.5b4c8903f05cf.jpg\" alt=\"\" width=\"2000\" height=\"3000\" srcset=\"https:\/\/www.deedeeparis.com\/blog\/wp-content\/uploads\/2019\/03\/2b515e67953353.5b4c8903f05cf.jpg 2000w, https:\/\/www.deedeeparis.com\/blog\/wp-content\/uploads\/2019\/03\/2b515e67953353.5b4c8903f05cf-768x1152.jpg 768w, https:\/\/www.deedeeparis.com\/blog\/wp-content\/uploads\/2019\/03\/2b515e67953353.5b4c8903f05cf-600x900.jpg 600w, https:\/\/www.deedeeparis.com\/blog\/wp-content\/uploads\/2019\/03\/2b515e67953353.5b4c8903f05cf-683x1024.jpg 683w\" sizes=\"auto, (max-width: 2000px) 100vw, 2000px\" \/><\/p>\n<p><img loading=\"lazy\" decoding=\"async\" class=\"aligncenter size-full wp-image-63428\" src=\"https:\/\/www.deedeeparis.com\/blog\/wp-content\/uploads\/2019\/03\/b8bd2667953353.5b4c8903f0fe6.jpg\" alt=\"\" width=\"1818\" height=\"3000\" srcset=\"https:\/\/www.deedeeparis.com\/blog\/wp-content\/uploads\/2019\/03\/b8bd2667953353.5b4c8903f0fe6.jpg 1818w, https:\/\/www.deedeeparis.com\/blog\/wp-content\/uploads\/2019\/03\/b8bd2667953353.5b4c8903f0fe6-768x1267.jpg 768w, https:\/\/www.deedeeparis.com\/blog\/wp-content\/uploads\/2019\/03\/b8bd2667953353.5b4c8903f0fe6-600x990.jpg 600w, https:\/\/www.deedeeparis.com\/blog\/wp-content\/uploads\/2019\/03\/b8bd2667953353.5b4c8903f0fe6-621x1024.jpg 621w\" sizes=\"auto, (max-width: 1818px) 100vw, 1818px\" \/><\/p>\n<p><img loading=\"lazy\" decoding=\"async\" class=\"aligncenter size-full wp-image-63429\" src=\"https:\/\/www.deedeeparis.com\/blog\/wp-content\/uploads\/2019\/03\/c95b6a67953353.5b4c8903ef9d6.jpg\" alt=\"\" width=\"2000\" height=\"3000\" srcset=\"https:\/\/www.deedeeparis.com\/blog\/wp-content\/uploads\/2019\/03\/c95b6a67953353.5b4c8903ef9d6.jpg 2000w, https:\/\/www.deedeeparis.com\/blog\/wp-content\/uploads\/2019\/03\/c95b6a67953353.5b4c8903ef9d6-768x1152.jpg 768w, https:\/\/www.deedeeparis.com\/blog\/wp-content\/uploads\/2019\/03\/c95b6a67953353.5b4c8903ef9d6-600x900.jpg 600w, https:\/\/www.deedeeparis.com\/blog\/wp-content\/uploads\/2019\/03\/c95b6a67953353.5b4c8903ef9d6-683x1024.jpg 683w\" sizes=\"auto, (max-width: 2000px) 100vw, 2000px\" \/><\/p>\n<p>&nbsp;<\/p>\n<h2 class=\"stabylo\">Fais-le toi-m\u00eame : un beaume \u00e0 l\u00e8vres<\/h2>\n<p><img loading=\"lazy\" decoding=\"async\" class=\"aligncenter size-full wp-image-63431\" src=\"https:\/\/www.deedeeparis.com\/blog\/wp-content\/uploads\/2019\/03\/baume-levre-diy-2.jpg\" alt=\"\" width=\"800\" height=\"1000\" srcset=\"https:\/\/www.deedeeparis.com\/blog\/wp-content\/uploads\/2019\/03\/baume-levre-diy-2.jpg 800w, https:\/\/www.deedeeparis.com\/blog\/wp-content\/uploads\/2019\/03\/baume-levre-diy-2-768x960.jpg 768w, https:\/\/www.deedeeparis.com\/blog\/wp-content\/uploads\/2019\/03\/baume-levre-diy-2-600x750.jpg 600w\" sizes=\"auto, (max-width: 800px) 100vw, 800px\" \/><\/p>\n<p>Une fois n&rsquo;est pas coutume, je vous propose cette semaine un tuto beaut\u00e9 ! Pour r\u00e9aliser votre propre baume \u00e0 l\u00e8vres, allez faire un tour sur le blog d&rsquo;<a href=\"https:\/\/antigone21.com\/2014\/02\/22\/faire-son-baume-a-levres-maison-cest-facile\/\" target=\"_blank\" rel=\"noopener\">Antigone 21<\/a>. Elle propose des produits de beaut\u00e9s \u00e0 composer gr\u00e2ce \u00e0 cinq ingr\u00e9dients compl\u00e8tement naturels. Int\u00e9ressant.<\/p>\n<p>&nbsp;<\/p>\n<h2 class=\"stabylo\">Grizzly Bear &#8211; Mourning Sound<\/h2>\n<p>Je vous le disais en Storie sur Instagram ce matin, j&rsquo;associe souvent une destination ou une \u00e9tape de ma vie \u00e0 un parfum, une odeur&#8230; et une musique.\u00a0Mourning Sound de Grizzly Bear sera ainsi toujours associ\u00e9 \u00e0 ce week-end pass\u00e9 \u00e0 Milan : c&rsquo;\u00e9tait notre dernier jour, on \u00e9tait au petit d\u00e9jeuner avec Virginie du super h\u00f4tel qu&rsquo;on avait d\u00e9got\u00e9 et cette musique est pass\u00e9e. Je ne saurais vous dire pourquoi celle-ci et pas une autre mais ce qui est certain, c&rsquo;est qu&rsquo;elle a fait mouche imm\u00e9diatement. Cerise sur le g\u00e2teau, quand j&rsquo;ai cherch\u00e9 le clip pour l&rsquo;ajouter \u00e0 cette Week List, je suis tomb\u00e9e sur cette p\u00e9pite o\u00f9 Cl\u00e9mence Po\u00e9sy est fabuleuse&#8230; Montez le son et ouvrez les yeux, c&rsquo;est tr\u00e8s tr\u00e8s bon !<\/p>\n<p><iframe loading=\"lazy\" src=\"https:\/\/www.youtube.com\/embed\/BDQ7KgvwfaQ\" width=\"1020\" height=\"475\" frameborder=\"0\" allowfullscreen=\"allowfullscreen\"><span data-mce-type=\"bookmark\" style=\"display: inline-block; width: 0px; overflow: hidden; line-height: 0;\" class=\"mce_SELRES_start\">\ufeff<\/span><\/iframe><\/p>\n<p>Voil\u00e0, c&rsquo;est tout pour aujourd&rsquo;hui. Prenez soin de vous !<\/p>\n","protected":false},"excerpt":{"rendered":"<p>Hello la compagnie ! Ouiii, bon, d&rsquo;accord, j&rsquo;ai un peu de retard cette semaine pour la parution de la Week List mais je tente de mettre un peu plus de JOMO dans ma vie plut\u00f4t que du FOMO. Si vous ne comprenez rien, vous pouvez cliquer ici ! Bref, comme disais P\u00e9pin, me voil\u00e0 de [&hellip;]<\/p>\n","protected":false},"author":29,"featured_media":63483,"comment_status":"open","ping_status":"open","sticky":false,"template":"","format":"standard","meta":{"_acf_changed":false,"footnotes":""},"categories":[8],"tags":[142,8247,6776,5076],"class_list":["post-63379","post","type-post","status-publish","format-standard","has-post-thumbnail","hentry","category-chroniques-de-paris","tag-playlist","tag-playlist-deedee","tag-playlist-ete","tag-week-list"],"acf":[],"geo":null,"_links":{"self":[{"href":"https:\/\/www.deedeeparis.com\/blog\/wp-json\/wp\/v2\/posts\/63379","targetHints":{"allow":["GET"]}}],"collection":[{"href":"https:\/\/www.deedeeparis.com\/blog\/wp-json\/wp\/v2\/posts"}],"about":[{"href":"https:\/\/www.deedeeparis.com\/blog\/wp-json\/wp\/v2\/types\/post"}],"author":[{"embeddable":true,"href":"https:\/\/www.deedeeparis.com\/blog\/wp-json\/wp\/v2\/users\/29"}],"replies":[{"embeddable":true,"href":"https:\/\/www.deedeeparis.com\/blog\/wp-json\/wp\/v2\/comments?post=63379"}],"version-history":[{"count":15,"href":"https:\/\/www.deedeeparis.com\/blog\/wp-json\/wp\/v2\/posts\/63379\/revisions"}],"predecessor-version":[{"id":63482,"href":"https:\/\/www.deedeeparis.com\/blog\/wp-json\/wp\/v2\/posts\/63379\/revisions\/63482"}],"wp:featuredmedia":[{"embeddable":true,"href":"https:\/\/www.deedeeparis.com\/blog\/wp-json\/wp\/v2\/media\/63483"}],"wp:attachment":[{"href":"https:\/\/www.deedeeparis.com\/blog\/wp-json\/wp\/v2\/media?parent=63379"}],"wp:term":[{"taxonomy":"category","embeddable":true,"href":"https:\/\/www.deedeeparis.com\/blog\/wp-json\/wp\/v2\/categories?post=63379"},{"taxonomy":"post_tag","embeddable":true,"href":"https:\/\/www.deedeeparis.com\/blog\/wp-json\/wp\/v2\/tags?post=63379"}],"curies":[{"name":"wp","href":"https:\/\/api.w.org\/{rel}","templated":true}]}}