{"id":63579,"date":"2019-04-01T07:03:13","date_gmt":"2019-04-01T05:03:13","guid":{"rendered":"http:\/\/www.deedeeparis.com\/blog\/?p=63579"},"modified":"2019-03-31T23:04:42","modified_gmt":"2019-03-31T21:04:42","slug":"ma-week-list-305","status":"publish","type":"post","link":"https:\/\/www.deedeeparis.com\/blog\/ma-week-list-305","title":{"rendered":"Ma week list #305"},"content":{"rendered":"<p>Hello la compagnie ! J&rsquo;esp\u00e8re que vous allez bien et que vous avec profit\u00e9 de ce joli week-end et de ce premier dimanche \u00e0 l&rsquo;heure d&rsquo;\u00e9t\u00e9 ! A nous les terrasses ensoleill\u00e9es en soir\u00e9e ! Pour d\u00e9buter la semaine, sept coups de coeur. Cette semaine, j&rsquo;aime :<\/p>\n<h2 class=\"stabylo\">La box mariage made in France<\/h2>\n<p><a href=\"https:\/\/www.deedeeparis.com\/blog\/wp-content\/uploads\/2019\/03\/Box-Mariage.jpg\"><img loading=\"lazy\" decoding=\"async\" class=\"aligncenter size-full wp-image-63604\" src=\"https:\/\/www.deedeeparis.com\/blog\/wp-content\/uploads\/2019\/03\/Box-Mariage.jpg\" alt=\"\" width=\"2000\" height=\"1333\" srcset=\"https:\/\/www.deedeeparis.com\/blog\/wp-content\/uploads\/2019\/03\/Box-Mariage.jpg 2000w, https:\/\/www.deedeeparis.com\/blog\/wp-content\/uploads\/2019\/03\/Box-Mariage-768x512.jpg 768w, https:\/\/www.deedeeparis.com\/blog\/wp-content\/uploads\/2019\/03\/Box-Mariage-600x400.jpg 600w, https:\/\/www.deedeeparis.com\/blog\/wp-content\/uploads\/2019\/03\/Box-Mariage-1024x682.jpg 1024w\" sizes=\"auto, (max-width: 2000px) 100vw, 2000px\" \/><\/a><\/p>\n<p>Vous le savez, les box et moi on n&rsquo;est pas toujours amies : j&rsquo;en aime quelques unes (il faudrait que je mette cette liste \u00e0 jour !) mais la plupart me laissent de marbre. Une nouvelle exception \u00e0 la r\u00e8gle, d&rsquo;autant plus qu&rsquo;elle est \u00e9ph\u00e9m\u00e8re et \u00e9dit\u00e9e une seule et unique fois, la box mariage cr\u00e9\u00e9e par 5 cr\u00e9atrices qui proposent toutes de d\u00e9licates et ravissantes petites choses con\u00e7ues et enti\u00e8rement fabriqu\u00e9es en France !<\/p>\n<p>On y trouve ainsi (j&rsquo;y vais en mode bullet point, il y a pas mal d&rsquo;infos !) :<\/p>\n<ul>\n<li>des espadrilles compens\u00e9es dor\u00e9es en toile mordor\u00e9e sign\u00e9es <a href=\"https:\/\/www.escadrilleparis.com\/\" target=\"_blank\" rel=\"noopener\">Escadrille<\/a>, une jolie marque fond\u00e9e par Elise et sa cousine Florence<\/li>\n<li>une jolie coupelle en porcelaine pour garder pr\u00e9cieusement les alliances des futurs mari\u00e9s, par exemple ! Elle est sign\u00e9e <a href=\"http:\/\/bit.ly\/2UkSLqB\" target=\"_blank\" rel=\"noopener\">Picotti Picotta<\/a>, une cr\u00e9atrice lyonnaise<\/li>\n<li>un peigne pour les cheveux et une broche pour monsieur en fleurs s\u00e9ch\u00e9es d&rsquo;une d\u00e9licatesse&#8230; Mandieu, je ne vous dis que \u00e7a !, compos\u00e9s par\u00a0<a href=\"https:\/\/brontie.fr\/\" target=\"_blank\" rel=\"noopener\">Brontie<\/a>, un studio de design floral lyonnais pour les professionnels et les particuliers<\/li>\n<li>une paire de BO parfaites pour le jour J et plus si affinit\u00e9 r\u00e9alis\u00e9es par <a href=\"https:\/\/www.charlyjames.fr\/\" target=\"_blank\" rel=\"noopener\">Charly James<\/a><\/li>\n<li>le plus joli des mouchoirs brod\u00e9 de la marque <a href=\"https:\/\/cousu-paris.com\/\" target=\"_blank\" rel=\"noopener\">Cousu,<\/a> fond\u00e9e\u00a0par l&rsquo;adorable et talentueuse Chlo\u00e9, par ailleurs photographe&#8230; de mariage ! C&rsquo;est Chlo\u00e9 qui m&rsquo;a parl\u00e9 de cette box et m&rsquo;a donn\u00e9 envie \u00e0 mon tour de vous la pr\u00e9senter \ud83d\ude42<\/li>\n<\/ul>\n<p>Voil\u00e0, c&rsquo;est beau, d\u00e9licat, raffin\u00e9, c&rsquo;est un beau cadeau \u00e0 s&rsquo;offrir ou \u00e0 offrir (mariage ou non, d&rsquo;ailleurs&#8230;!). C&rsquo;est un chouette projet collectif entre cr\u00e9atrice et c&rsquo;est ma foi un joli girl gang dans ce monde de brutes ! Et la bonne nouvelle, c&rsquo;est que j&rsquo;ai un exemplaire \u00e0 vous offrir : rendez-vous sur Instagram pour tenter votre chance ! (Je n&rsquo;ai pas \u00e9t\u00e9 r\u00e9mun\u00e9r\u00e9e pour vous parler de cette boxe ni pour organiser le concours, je pr\u00e9f\u00e8re le pr\u00e9ciser).<\/p>\n<h2 class=\"stabylo\">La collection Make My Lemonade x Elise Hameau<\/h2>\n<p><img loading=\"lazy\" decoding=\"async\" class=\"aligncenter size-full wp-image-63589\" src=\"https:\/\/www.deedeeparis.com\/blog\/wp-content\/uploads\/2019\/03\/OK_CP_PRESSE_MARIAGE-9900000000079e3c.gif\" alt=\"\" width=\"700\" height=\"1050\" srcset=\"https:\/\/www.deedeeparis.com\/blog\/wp-content\/uploads\/2019\/03\/OK_CP_PRESSE_MARIAGE-9900000000079e3c.gif 700w, https:\/\/www.deedeeparis.com\/blog\/wp-content\/uploads\/2019\/03\/OK_CP_PRESSE_MARIAGE-9900000000079e3c-600x900.gif 600w, https:\/\/www.deedeeparis.com\/blog\/wp-content\/uploads\/2019\/03\/OK_CP_PRESSE_MARIAGE-9900000000079e3c-683x1024.gif 683w\" sizes=\"auto, (max-width: 700px) 100vw, 700px\" \/><\/p>\n<p>Du nouveau du c\u00f4t\u00e9 des chouettes collaborations : Elise Hameau et Make My Lemonade ont uni leurs forces pour nous proposer une collection capsule\u00a0sur le th\u00e8me du mariage et \u00e0 quelques semaines de la pleine saison, elle tombe \u00e0 pic ! Nomm\u00e9e \u00ab\u00a0Collection 4EVER\u00a0\u00bb, la capsule est compos\u00e9e de pi\u00e8ces exclusives mais aussi des iconiques des deux marques : des robes simples qui peuvent \u00eatre port\u00e9es en toutes occasion, une combinaison ou encore un body \u00e0 tomber. Le tout est fait \u00e0 Paris dans de belles mati\u00e8res naturelles. Disponible depuis samedi dans la boutique Make My Limonade ainsi que sur le <a href=\"https:\/\/www.makemylemonade.com\/fr\/capsule-mariage.html\" target=\"_blank\" rel=\"noopener\">e-shop<\/a>, je vous conseille de vous d\u00e9p\u00eacher si vous d\u00e9sirez une des pi\u00e8ces : elles ne sont disponibles que dans des quantit\u00e9s tr\u00e8s limit\u00e9es !<\/p>\n<h2 class=\"stabylo\">Les boucles d&rsquo;oreilles Patine<\/h2>\n<p><img loading=\"lazy\" decoding=\"async\" class=\"aligncenter size-full wp-image-63590\" src=\"https:\/\/www.deedeeparis.com\/blog\/wp-content\/uploads\/2019\/03\/2019-02-08_PATINE_110_853_1024x1024.jpg\" alt=\"\" width=\"683\" height=\"1024\" srcset=\"https:\/\/www.deedeeparis.com\/blog\/wp-content\/uploads\/2019\/03\/2019-02-08_PATINE_110_853_1024x1024.jpg 683w, https:\/\/www.deedeeparis.com\/blog\/wp-content\/uploads\/2019\/03\/2019-02-08_PATINE_110_853_1024x1024-600x900.jpg 600w\" sizes=\"auto, (max-width: 683px) 100vw, 683px\" \/><\/p>\n<p><a href=\"https:\/\/www.patine.fr\/collections\/les-bijoux-anita\" target=\"_blank\" rel=\"noopener\">Patine<\/a> se lance dans les bijoux et commence en nous proposant ces jolies cr\u00e9oles appel\u00e9es Anita\u00a0inspir\u00e9es des nounours Agatha et des t\u00e9tines en plastique. Elles sont disponibles dans trois coloris : Coeur Grenadine, Flamby et Purple Mr Freeze &#8211; rien que pour les noms compl\u00e8tement r\u00e9gressifs j&rsquo;ai tr\u00e8s envie de craquer. Elles sont fabriqu\u00e9es en bio-ac\u00e9tate, sans plastifiant polluant en France, dans le Jura. Typiquement le genre de bijoux que je me vois porter avec les beaux jours qui reviennent avec une pr\u00e9f\u00e9rence pour les jolies Flamby.<\/p>\n<h2 class=\"stabylo\">Le Poster Greenhouse<\/h2>\n<p><img loading=\"lazy\" decoding=\"async\" class=\"aligncenter size-full wp-image-63595\" src=\"https:\/\/www.deedeeparis.com\/blog\/wp-content\/uploads\/2019\/03\/il_fullxfull.1632912204_imh6.jpg\" alt=\"\" width=\"800\" height=\"800\" srcset=\"https:\/\/www.deedeeparis.com\/blog\/wp-content\/uploads\/2019\/03\/il_fullxfull.1632912204_imh6.jpg 800w, https:\/\/www.deedeeparis.com\/blog\/wp-content\/uploads\/2019\/03\/il_fullxfull.1632912204_imh6-768x768.jpg 768w, https:\/\/www.deedeeparis.com\/blog\/wp-content\/uploads\/2019\/03\/il_fullxfull.1632912204_imh6-150x150.jpg 150w, https:\/\/www.deedeeparis.com\/blog\/wp-content\/uploads\/2019\/03\/il_fullxfull.1632912204_imh6-600x600.jpg 600w\" sizes=\"auto, (max-width: 800px) 100vw, 800px\" \/><\/p>\n<p>Cette jolie <a href=\"http:\/\/bit.ly\/2UmpSdu\" target=\"_blank\" rel=\"noopener\">illustration<\/a> est une aquarelle fait \u00e0 la main puis num\u00e9ris\u00e9e pour \u00eatre imprim\u00e9e. On aime !<\/p>\n<h2 class=\"stabylo\">Les photos de marchands ambulants de Loes Heerink<\/h2>\n<p><img loading=\"lazy\" decoding=\"async\" class=\"aligncenter size-full wp-image-63580\" src=\"https:\/\/www.deedeeparis.com\/blog\/wp-content\/uploads\/2019\/03\/vendeurs-vietnam-paniers-colores-3.jpg\" alt=\"\" width=\"1100\" height=\"1650\" srcset=\"https:\/\/www.deedeeparis.com\/blog\/wp-content\/uploads\/2019\/03\/vendeurs-vietnam-paniers-colores-3.jpg 1100w, https:\/\/www.deedeeparis.com\/blog\/wp-content\/uploads\/2019\/03\/vendeurs-vietnam-paniers-colores-3-768x1152.jpg 768w, https:\/\/www.deedeeparis.com\/blog\/wp-content\/uploads\/2019\/03\/vendeurs-vietnam-paniers-colores-3-600x900.jpg 600w, https:\/\/www.deedeeparis.com\/blog\/wp-content\/uploads\/2019\/03\/vendeurs-vietnam-paniers-colores-3-683x1024.jpg 683w\" sizes=\"auto, (max-width: 1100px) 100vw, 1100px\" \/><\/p>\n<p>Originaire des Pays-Bas, la photographe <a href=\"https:\/\/loesheerink.com\" target=\"_blank\" rel=\"noopener\">Loes Heerink<\/a> a v\u00e9cu au Vietnam pendant quelque temps et est fascin\u00e9e par toute la culture locale. En se pla\u00e7ant en hauteur, sur un pont, elle a pris les vendeurs ambulants qui passaient par l\u00e0 en photo. Le r\u00e9sultat ? Des photos originales et pleines de couleurs qui nous font voyager.<\/p>\n<p><img loading=\"lazy\" decoding=\"async\" class=\"aligncenter size-full wp-image-63581\" src=\"https:\/\/www.deedeeparis.com\/blog\/wp-content\/uploads\/2019\/03\/vendeurs-vietnam-paniers-colores-2.jpg\" alt=\"\" width=\"1100\" height=\"1650\" srcset=\"https:\/\/www.deedeeparis.com\/blog\/wp-content\/uploads\/2019\/03\/vendeurs-vietnam-paniers-colores-2.jpg 1100w, https:\/\/www.deedeeparis.com\/blog\/wp-content\/uploads\/2019\/03\/vendeurs-vietnam-paniers-colores-2-768x1152.jpg 768w, https:\/\/www.deedeeparis.com\/blog\/wp-content\/uploads\/2019\/03\/vendeurs-vietnam-paniers-colores-2-600x900.jpg 600w, https:\/\/www.deedeeparis.com\/blog\/wp-content\/uploads\/2019\/03\/vendeurs-vietnam-paniers-colores-2-683x1024.jpg 683w\" sizes=\"auto, (max-width: 1100px) 100vw, 1100px\" \/><\/p>\n<p><img loading=\"lazy\" decoding=\"async\" class=\"aligncenter size-full wp-image-63582\" src=\"https:\/\/www.deedeeparis.com\/blog\/wp-content\/uploads\/2019\/03\/vendeurs-vietnam-paniers-colores-8.jpg\" alt=\"\" width=\"1100\" height=\"1650\" srcset=\"https:\/\/www.deedeeparis.com\/blog\/wp-content\/uploads\/2019\/03\/vendeurs-vietnam-paniers-colores-8.jpg 1100w, https:\/\/www.deedeeparis.com\/blog\/wp-content\/uploads\/2019\/03\/vendeurs-vietnam-paniers-colores-8-768x1152.jpg 768w, https:\/\/www.deedeeparis.com\/blog\/wp-content\/uploads\/2019\/03\/vendeurs-vietnam-paniers-colores-8-600x900.jpg 600w, https:\/\/www.deedeeparis.com\/blog\/wp-content\/uploads\/2019\/03\/vendeurs-vietnam-paniers-colores-8-683x1024.jpg 683w\" sizes=\"auto, (max-width: 1100px) 100vw, 1100px\" \/><\/p>\n<p><img loading=\"lazy\" decoding=\"async\" class=\"aligncenter size-full wp-image-63583\" src=\"https:\/\/www.deedeeparis.com\/blog\/wp-content\/uploads\/2019\/03\/vendeurs-vietnam-paniers-colores-13.jpg\" alt=\"\" width=\"1100\" height=\"1650\" srcset=\"https:\/\/www.deedeeparis.com\/blog\/wp-content\/uploads\/2019\/03\/vendeurs-vietnam-paniers-colores-13.jpg 1100w, https:\/\/www.deedeeparis.com\/blog\/wp-content\/uploads\/2019\/03\/vendeurs-vietnam-paniers-colores-13-768x1152.jpg 768w, https:\/\/www.deedeeparis.com\/blog\/wp-content\/uploads\/2019\/03\/vendeurs-vietnam-paniers-colores-13-600x900.jpg 600w, https:\/\/www.deedeeparis.com\/blog\/wp-content\/uploads\/2019\/03\/vendeurs-vietnam-paniers-colores-13-683x1024.jpg 683w\" sizes=\"auto, (max-width: 1100px) 100vw, 1100px\" \/><\/p>\n<p><img loading=\"lazy\" decoding=\"async\" class=\"aligncenter size-full wp-image-63584\" src=\"https:\/\/www.deedeeparis.com\/blog\/wp-content\/uploads\/2019\/03\/vendeurs-vietnam-paniers-colores-7.jpg\" alt=\"\" width=\"1100\" height=\"1650\" srcset=\"https:\/\/www.deedeeparis.com\/blog\/wp-content\/uploads\/2019\/03\/vendeurs-vietnam-paniers-colores-7.jpg 1100w, https:\/\/www.deedeeparis.com\/blog\/wp-content\/uploads\/2019\/03\/vendeurs-vietnam-paniers-colores-7-768x1152.jpg 768w, https:\/\/www.deedeeparis.com\/blog\/wp-content\/uploads\/2019\/03\/vendeurs-vietnam-paniers-colores-7-600x900.jpg 600w, https:\/\/www.deedeeparis.com\/blog\/wp-content\/uploads\/2019\/03\/vendeurs-vietnam-paniers-colores-7-683x1024.jpg 683w\" sizes=\"auto, (max-width: 1100px) 100vw, 1100px\" \/><\/p>\n<p><img loading=\"lazy\" decoding=\"async\" class=\"aligncenter size-full wp-image-63586\" src=\"https:\/\/www.deedeeparis.com\/blog\/wp-content\/uploads\/2019\/03\/vendeurs-vietnam-paniers-colores-10.jpg\" alt=\"\" width=\"1100\" height=\"1650\" srcset=\"https:\/\/www.deedeeparis.com\/blog\/wp-content\/uploads\/2019\/03\/vendeurs-vietnam-paniers-colores-10.jpg 1100w, https:\/\/www.deedeeparis.com\/blog\/wp-content\/uploads\/2019\/03\/vendeurs-vietnam-paniers-colores-10-768x1152.jpg 768w, https:\/\/www.deedeeparis.com\/blog\/wp-content\/uploads\/2019\/03\/vendeurs-vietnam-paniers-colores-10-600x900.jpg 600w, https:\/\/www.deedeeparis.com\/blog\/wp-content\/uploads\/2019\/03\/vendeurs-vietnam-paniers-colores-10-683x1024.jpg 683w\" sizes=\"auto, (max-width: 1100px) 100vw, 1100px\" \/><\/p>\n<p><img loading=\"lazy\" decoding=\"async\" class=\"aligncenter size-full wp-image-63587\" src=\"https:\/\/www.deedeeparis.com\/blog\/wp-content\/uploads\/2019\/03\/vendeurs-vietnam-paniers-colores-16.jpg\" alt=\"\" width=\"1100\" height=\"1650\" srcset=\"https:\/\/www.deedeeparis.com\/blog\/wp-content\/uploads\/2019\/03\/vendeurs-vietnam-paniers-colores-16.jpg 1100w, https:\/\/www.deedeeparis.com\/blog\/wp-content\/uploads\/2019\/03\/vendeurs-vietnam-paniers-colores-16-768x1152.jpg 768w, https:\/\/www.deedeeparis.com\/blog\/wp-content\/uploads\/2019\/03\/vendeurs-vietnam-paniers-colores-16-600x900.jpg 600w, https:\/\/www.deedeeparis.com\/blog\/wp-content\/uploads\/2019\/03\/vendeurs-vietnam-paniers-colores-16-683x1024.jpg 683w\" sizes=\"auto, (max-width: 1100px) 100vw, 1100px\" \/><\/p>\n<h2 class=\"stabylo\">Fais-le toi-m\u00eame : un petit banc en cuir<\/h2>\n<p><img loading=\"lazy\" decoding=\"async\" class=\"aligncenter size-full wp-image-63596\" src=\"https:\/\/www.deedeeparis.com\/blog\/wp-content\/uploads\/2019\/03\/woven-stool-1-of-1-7.jpg\" alt=\"\" width=\"1100\" height=\"1650\" srcset=\"https:\/\/www.deedeeparis.com\/blog\/wp-content\/uploads\/2019\/03\/woven-stool-1-of-1-7.jpg 1100w, https:\/\/www.deedeeparis.com\/blog\/wp-content\/uploads\/2019\/03\/woven-stool-1-of-1-7-768x1152.jpg 768w, https:\/\/www.deedeeparis.com\/blog\/wp-content\/uploads\/2019\/03\/woven-stool-1-of-1-7-600x900.jpg 600w, https:\/\/www.deedeeparis.com\/blog\/wp-content\/uploads\/2019\/03\/woven-stool-1-of-1-7-683x1024.jpg 683w\" sizes=\"auto, (max-width: 1100px) 100vw, 1100px\" \/><\/p>\n<p>Vous avez envie d&rsquo;un joli banc d&rsquo;appoint en cuir ? Ne le cherchez plus et faites le vous-m\u00eame gr\u00e2ce au tutoriel de <a href=\"https:\/\/sugarandcloth.com\/diy-woven-leather-stool\/\" target=\"_blank\" rel=\"noopener\">Sugar &amp; Cloth<\/a> !<\/p>\n<h2 class=\"title style-scope ytd-video-primary-info-renderer stabylo\">Corine &#8211; Cocktail<\/h2>\n<p>Rien de tel qu&rsquo;un petit Corine pour s&rsquo;ambiancer un lundi. Montez le son&#8230; C&rsquo;est bon !<\/p>\n<p><iframe loading=\"lazy\" src=\"https:\/\/www.youtube.com\/embed\/OEo42zCXh_w\" width=\"1020\" height=\"475\" frameborder=\"0\" allowfullscreen=\"allowfullscreen\"><span data-mce-type=\"bookmark\" style=\"display: inline-block; width: 0px; overflow: hidden; line-height: 0;\" class=\"mce_SELRES_start\">\ufeff<\/span><\/iframe><\/p>\n<p>&nbsp;<\/p>\n<p>\u00c7a sera tout pour cette trois-cent-cinqui\u00e8eme week list (bam !). Portez-vous bien !<\/p>\n","protected":false},"excerpt":{"rendered":"<p>Hello la compagnie ! J&rsquo;esp\u00e8re que vous allez bien et que vous avec profit\u00e9 de ce joli week-end et de ce premier dimanche \u00e0 l&rsquo;heure d&rsquo;\u00e9t\u00e9 ! A nous les terrasses ensoleill\u00e9es en soir\u00e9e ! Pour d\u00e9buter la semaine, sept coups de coeur. Cette semaine, j&rsquo;aime : La box mariage made in France Vous le [&hellip;]<\/p>\n","protected":false},"author":29,"featured_media":63604,"comment_status":"open","ping_status":"open","sticky":false,"template":"","format":"standard","meta":{"_acf_changed":false,"footnotes":""},"categories":[8],"tags":[9453,2214,9454,9452,9455,9303],"class_list":["post-63579","post","type-post","status-publish","format-standard","has-post-thumbnail","hentry","category-chroniques-de-paris","tag-collection-mariage","tag-do-it-yourself","tag-make-my-lemonade-x-elise-hameau","tag-patine-bijoux","tag-payote-tissu-recycle","tag-serie-photos"],"acf":[],"geo":null,"_links":{"self":[{"href":"https:\/\/www.deedeeparis.com\/blog\/wp-json\/wp\/v2\/posts\/63579","targetHints":{"allow":["GET"]}}],"collection":[{"href":"https:\/\/www.deedeeparis.com\/blog\/wp-json\/wp\/v2\/posts"}],"about":[{"href":"https:\/\/www.deedeeparis.com\/blog\/wp-json\/wp\/v2\/types\/post"}],"author":[{"embeddable":true,"href":"https:\/\/www.deedeeparis.com\/blog\/wp-json\/wp\/v2\/users\/29"}],"replies":[{"embeddable":true,"href":"https:\/\/www.deedeeparis.com\/blog\/wp-json\/wp\/v2\/comments?post=63579"}],"version-history":[{"count":8,"href":"https:\/\/www.deedeeparis.com\/blog\/wp-json\/wp\/v2\/posts\/63579\/revisions"}],"predecessor-version":[{"id":63609,"href":"https:\/\/www.deedeeparis.com\/blog\/wp-json\/wp\/v2\/posts\/63579\/revisions\/63609"}],"wp:featuredmedia":[{"embeddable":true,"href":"https:\/\/www.deedeeparis.com\/blog\/wp-json\/wp\/v2\/media\/63604"}],"wp:attachment":[{"href":"https:\/\/www.deedeeparis.com\/blog\/wp-json\/wp\/v2\/media?parent=63579"}],"wp:term":[{"taxonomy":"category","embeddable":true,"href":"https:\/\/www.deedeeparis.com\/blog\/wp-json\/wp\/v2\/categories?post=63579"},{"taxonomy":"post_tag","embeddable":true,"href":"https:\/\/www.deedeeparis.com\/blog\/wp-json\/wp\/v2\/tags?post=63579"}],"curies":[{"name":"wp","href":"https:\/\/api.w.org\/{rel}","templated":true}]}}