{"id":64311,"date":"2019-05-20T07:03:23","date_gmt":"2019-05-20T05:03:23","guid":{"rendered":"http:\/\/www.deedeeparis.com\/blog\/?p=64311"},"modified":"2019-05-19T23:21:45","modified_gmt":"2019-05-19T21:21:45","slug":"ma-week-list-311","status":"publish","type":"post","link":"https:\/\/www.deedeeparis.com\/blog\/ma-week-list-311","title":{"rendered":"Ma Week List #311"},"content":{"rendered":"<p>Hello la compagnie, j&rsquo;esp\u00e8re que tout va bien par chez vous. Voici la tant attendue Week List (la fille s&rsquo;est prise pour une rock star) !<\/p>\n<p>Avant de commencer, je voulais vous remercier GROS COMME \u00c7A pour tous vos messages, vos r\u00e9actions, commentaires qui ont suivi la diffusion de mon interview dans le tr\u00e8s chouette <a href=\"https:\/\/soundcloud.com\/user-869312677\/saison-3-31-delphine-desneiges-alias-deedee-desacralisons-la-mode\" target=\"_blank\" rel=\"noopener\">Chiffon de Val\u00e9rie Tribes<\/a>. On a parl\u00e9 mode, uniforme, robe \u00e0 smocks, \u00e9l\u00e9gance, et de mille choses encore&#8230; J&rsquo;ai beaucoup aim\u00e9 participer et encore plus avoir vos r\u00e9actions aussi enthousiastes et adorables&#8230; Merci !<\/p>\n<p>Sans plus tarder, mes sept nouveaux coups de coeur de la semaine ! Cette semaine, j&rsquo;aime :<\/p>\n<h2 class=\"stabylo\">Les sacs La Benjamine<\/h2>\n<p><img loading=\"lazy\" decoding=\"async\" class=\"aligncenter size-full wp-image-64387\" src=\"https:\/\/www.deedeeparis.com\/blog\/wp-content\/uploads\/2019\/05\/LBJ_labenjamine_gamme_lin_605_ciment_bleu_metallise_cote-1400x1853.jpg\" alt=\"\" width=\"1400\" height=\"1853\" srcset=\"https:\/\/www.deedeeparis.com\/blog\/wp-content\/uploads\/2019\/05\/LBJ_labenjamine_gamme_lin_605_ciment_bleu_metallise_cote-1400x1853.jpg 1400w, https:\/\/www.deedeeparis.com\/blog\/wp-content\/uploads\/2019\/05\/LBJ_labenjamine_gamme_lin_605_ciment_bleu_metallise_cote-1400x1853-768x1017.jpg 768w, https:\/\/www.deedeeparis.com\/blog\/wp-content\/uploads\/2019\/05\/LBJ_labenjamine_gamme_lin_605_ciment_bleu_metallise_cote-1400x1853-600x794.jpg 600w, https:\/\/www.deedeeparis.com\/blog\/wp-content\/uploads\/2019\/05\/LBJ_labenjamine_gamme_lin_605_ciment_bleu_metallise_cote-1400x1853-774x1024.jpg 774w\" sizes=\"auto, (max-width: 1400px) 100vw, 1400px\" \/><\/p>\n<p>HAN LA LA, je pr\u00e9viens !\u00a0<a href=\"https:\/\/www.la-benjamine.com\" target=\"_blank\" rel=\"noopener\">La Benjamine<\/a>, c&rsquo;est une marque de maroquinerie franco-tunisienne fond\u00e9e par Anne-Charlotte en 2015. Elle a cr\u00e9\u00e9 une marque a son image et attache beaucoup d&rsquo;importance au choix des mat\u00e9riaux afin que les sac durent et vieillissent joliment. Pour ce printemps\/\u00e9t\u00e9, la marque propose un nouveau sac en lin. Celui-ci est fabriqu\u00e9 dans du lin d&rsquo;ameublement et promet une grande r\u00e9sistance, en plus de son style plut\u00f4t du genre parfait. C&rsquo;est le sac parfait pour transporter tout son bazar cet \u00e9t\u00e9 !<\/p>\n<h2 class=\"stabylo\">Le livre de DIY Fleurs S\u00e9ch\u00e9es de Laeticia Lazerges<\/h2>\n<p><img loading=\"lazy\" decoding=\"async\" class=\"aligncenter size-full wp-image-64388\" src=\"https:\/\/www.deedeeparis.com\/blog\/wp-content\/uploads\/2019\/05\/diy-fleurs-s\u00e9ch\u00e9es.jpg\" alt=\"\" width=\"4032\" height=\"3024\" srcset=\"https:\/\/www.deedeeparis.com\/blog\/wp-content\/uploads\/2019\/05\/diy-fleurs-s\u00e9ch\u00e9es.jpg 4032w, https:\/\/www.deedeeparis.com\/blog\/wp-content\/uploads\/2019\/05\/diy-fleurs-s\u00e9ch\u00e9es-768x576.jpg 768w, https:\/\/www.deedeeparis.com\/blog\/wp-content\/uploads\/2019\/05\/diy-fleurs-s\u00e9ch\u00e9es-600x450.jpg 600w, https:\/\/www.deedeeparis.com\/blog\/wp-content\/uploads\/2019\/05\/diy-fleurs-s\u00e9ch\u00e9es-1024x768.jpg 1024w\" sizes=\"auto, (max-width: 4032px) 100vw, 4032px\" \/><\/p>\n<p>C&rsquo;est un livre entier de DIY que je vous sugg\u00e8re cette semaine en plus du traditionnel \u00ab\u00a0Fais-le toi-m\u00eame\u00a0\u00bb ! Dans <em><a href=\"http:\/\/tidd.ly\/83a5f09e\" target=\"_blank\" rel=\"noopener\">DIY Fleurs S\u00e9ch\u00e9es<\/a>,\u00a0<\/em>Laetitia (du chouette blog <a href=\"https:\/\/vertcerise.com\/\" target=\"_blank\" rel=\"noopener\">Vert Cerise<\/a>, dino blog comme le mien !) propose 14 tutos sur le th\u00e8me des fleurs s\u00e9ch\u00e9es. Chacune est \u00e9videmment expliqu\u00e9e \u00e9tape par \u00e9tape pour vous permettre de r\u00e9aliser vous-m\u00eame votre d\u00e9co \u00e0 base de fleurs et m\u00eame d&rsquo;apprendre \u00e0 s\u00e9cher vos fleurs. Les photos sont, comme d&rsquo;habitude avec Laetitia, ultra l\u00e9ch\u00e9e, les explications claires comme il faut. Je vous recommande chaleureusement ce livre !<\/p>\n<h2 class=\"stabylo\">Collection LA redoute x Maison Ch\u00e2teau rouge<\/h2>\n<p><img loading=\"lazy\" decoding=\"async\" class=\"aligncenter size-full wp-image-64213\" src=\"https:\/\/www.deedeeparis.com\/blog\/wp-content\/uploads\/2019\/05\/collection-maison-chateau-rouge-la-redoute.jpg\" alt=\"\" width=\"620\" height=\"450\" srcset=\"https:\/\/www.deedeeparis.com\/blog\/wp-content\/uploads\/2019\/05\/collection-maison-chateau-rouge-la-redoute.jpg 620w, https:\/\/www.deedeeparis.com\/blog\/wp-content\/uploads\/2019\/05\/collection-maison-chateau-rouge-la-redoute-600x435.jpg 600w\" sizes=\"auto, (max-width: 620px) 100vw, 620px\" \/><\/p>\n<p>La Redoute s&rsquo;est associ\u00e9e \u00e0 Maison Ch\u00e2teau Rouge pour nous proposer une collection capsule graphique et color\u00e9e. Maison Ch\u00e2teau Rouge c&rsquo;est la marque de sportswear aux influences africaines qui met \u00e0 l&rsquo;honneur le wax. \u00a0La collection comprendra une combinaison, une robe, une saharienne, une jupe, un tee-shirt ainsi qu&rsquo;un sac shopping. Une nouvelle fois, La Redoute frappe juste avec cette jolie collaboration qui est disponible depuis le 15 mai <a href=\"http:\/\/bit.ly\/2HaY3fQ\" target=\"_blank\" rel=\"noopener\">ici<\/a> ! Coup de coeur en particulier pour la <a href=\"http:\/\/bit.ly\/2HKb8NB\" target=\"_blank\" rel=\"noopener\">jupe crayon<\/a> et la <a href=\"http:\/\/bit.ly\/2HASuHN\" target=\"_blank\" rel=\"noopener\">combinaison<\/a>&#8230;<\/p>\n<p>&nbsp;<\/p>\n<h2 class=\"stabylo\">La nouvelle collection Maison Baluchon<\/h2>\n<p><img loading=\"lazy\" decoding=\"async\" class=\"aligncenter size-full wp-image-64269\" src=\"https:\/\/www.deedeeparis.com\/blog\/wp-content\/uploads\/2019\/05\/maison-baluchon.png\" alt=\"\" width=\"1198\" height=\"1198\" srcset=\"https:\/\/www.deedeeparis.com\/blog\/wp-content\/uploads\/2019\/05\/maison-baluchon.png 1198w, https:\/\/www.deedeeparis.com\/blog\/wp-content\/uploads\/2019\/05\/maison-baluchon-768x768.png 768w, https:\/\/www.deedeeparis.com\/blog\/wp-content\/uploads\/2019\/05\/maison-baluchon-150x150.png 150w, https:\/\/www.deedeeparis.com\/blog\/wp-content\/uploads\/2019\/05\/maison-baluchon-600x600.png 600w, https:\/\/www.deedeeparis.com\/blog\/wp-content\/uploads\/2019\/05\/maison-baluchon-1024x1024.png 1024w\" sizes=\"auto, (max-width: 1198px) 100vw, 1198px\" \/><\/p>\n<p><a href=\"https:\/\/maisonbaluchon.fr\/\" target=\"_blank\" rel=\"noopener\">Maison Baluchon<\/a>, la marque made in Champagne dont je vous parle tr\u00e8s r\u00e9guli\u00e8rement\u00a0nous propose une fois de plus une collection des plus canons pour l&rsquo;\u00e9t\u00e9 2019. Inspir\u00e9e par un univers sauvage et naturel, les accessoires de la marque sont pr\u00e9sent\u00e9s avec des imprim\u00e9s fleuris et v\u00e9g\u00e9taux tout en \u00e9l\u00e9gance, comme toujours. Il y a notamment un vanity-sac \u00e0 main qui me fait sacr\u00e9ment de l&rsquo;oeil&#8230; !<\/p>\n<h2 class=\"stabylo\">Les photos de Cuba d&rsquo;H\u00e9l\u00e8ne Harvard<\/h2>\n<p><img loading=\"lazy\" decoding=\"async\" class=\"aligncenter size-full wp-image-64391\" src=\"https:\/\/www.deedeeparis.com\/blog\/wp-content\/uploads\/2019\/05\/d17c6475207843.5c7993f2c9dd0.jpg\" alt=\"\" width=\"1200\" height=\"801\" srcset=\"https:\/\/www.deedeeparis.com\/blog\/wp-content\/uploads\/2019\/05\/d17c6475207843.5c7993f2c9dd0.jpg 1200w, https:\/\/www.deedeeparis.com\/blog\/wp-content\/uploads\/2019\/05\/d17c6475207843.5c7993f2c9dd0-768x513.jpg 768w, https:\/\/www.deedeeparis.com\/blog\/wp-content\/uploads\/2019\/05\/d17c6475207843.5c7993f2c9dd0-600x401.jpg 600w, https:\/\/www.deedeeparis.com\/blog\/wp-content\/uploads\/2019\/05\/d17c6475207843.5c7993f2c9dd0-1024x684.jpg 1024w\" sizes=\"auto, (max-width: 1200px) 100vw, 1200px\" \/><\/p>\n<p>Ces photos pleines de soleil sont sign\u00e9e <a href=\"https:\/\/www.behance.net\/helenehavard\" target=\"_blank\" rel=\"noopener\">H\u00e9l\u00e8ne Harvard<\/a>. La photographe originaire de la Polyn\u00e9sie Fran\u00e7aise a r\u00e9ussi a captur\u00e9 toute l&rsquo;\u00e2me de Cuba, ses couleurs pastel et son architecture. Si vous n&rsquo;aviez pas envie d&rsquo;y aller, je suppose que c&rsquo;est chose faite&#8230; !<\/p>\n<p><img loading=\"lazy\" decoding=\"async\" class=\"aligncenter size-full wp-image-64392\" src=\"https:\/\/www.deedeeparis.com\/blog\/wp-content\/uploads\/2019\/05\/helene-havard-cuba-photography-10.jpg\" alt=\"\" width=\"1200\" height=\"801\" srcset=\"https:\/\/www.deedeeparis.com\/blog\/wp-content\/uploads\/2019\/05\/helene-havard-cuba-photography-10.jpg 1200w, https:\/\/www.deedeeparis.com\/blog\/wp-content\/uploads\/2019\/05\/helene-havard-cuba-photography-10-768x513.jpg 768w, https:\/\/www.deedeeparis.com\/blog\/wp-content\/uploads\/2019\/05\/helene-havard-cuba-photography-10-600x401.jpg 600w, https:\/\/www.deedeeparis.com\/blog\/wp-content\/uploads\/2019\/05\/helene-havard-cuba-photography-10-1024x684.jpg 1024w\" sizes=\"auto, (max-width: 1200px) 100vw, 1200px\" \/><\/p>\n<p><img loading=\"lazy\" decoding=\"async\" class=\"aligncenter size-full wp-image-64393\" src=\"https:\/\/www.deedeeparis.com\/blog\/wp-content\/uploads\/2019\/05\/helene-havard-cuba-photography-13.jpg\" alt=\"\" width=\"1200\" height=\"801\" srcset=\"https:\/\/www.deedeeparis.com\/blog\/wp-content\/uploads\/2019\/05\/helene-havard-cuba-photography-13.jpg 1200w, https:\/\/www.deedeeparis.com\/blog\/wp-content\/uploads\/2019\/05\/helene-havard-cuba-photography-13-768x513.jpg 768w, https:\/\/www.deedeeparis.com\/blog\/wp-content\/uploads\/2019\/05\/helene-havard-cuba-photography-13-600x401.jpg 600w, https:\/\/www.deedeeparis.com\/blog\/wp-content\/uploads\/2019\/05\/helene-havard-cuba-photography-13-1024x684.jpg 1024w\" sizes=\"auto, (max-width: 1200px) 100vw, 1200px\" \/><\/p>\n<p><img loading=\"lazy\" decoding=\"async\" class=\"aligncenter size-full wp-image-64394\" src=\"https:\/\/www.deedeeparis.com\/blog\/wp-content\/uploads\/2019\/05\/helene-havard-cuba-photography-7.jpg\" alt=\"\" width=\"1200\" height=\"801\" srcset=\"https:\/\/www.deedeeparis.com\/blog\/wp-content\/uploads\/2019\/05\/helene-havard-cuba-photography-7.jpg 1200w, https:\/\/www.deedeeparis.com\/blog\/wp-content\/uploads\/2019\/05\/helene-havard-cuba-photography-7-768x513.jpg 768w, https:\/\/www.deedeeparis.com\/blog\/wp-content\/uploads\/2019\/05\/helene-havard-cuba-photography-7-600x401.jpg 600w, https:\/\/www.deedeeparis.com\/blog\/wp-content\/uploads\/2019\/05\/helene-havard-cuba-photography-7-1024x684.jpg 1024w\" sizes=\"auto, (max-width: 1200px) 100vw, 1200px\" \/><\/p>\n<p><img loading=\"lazy\" decoding=\"async\" class=\"aligncenter size-full wp-image-64395\" src=\"https:\/\/www.deedeeparis.com\/blog\/wp-content\/uploads\/2019\/05\/helene-havard-cuba-photography-2.jpg\" alt=\"\" width=\"1200\" height=\"801\" srcset=\"https:\/\/www.deedeeparis.com\/blog\/wp-content\/uploads\/2019\/05\/helene-havard-cuba-photography-2.jpg 1200w, https:\/\/www.deedeeparis.com\/blog\/wp-content\/uploads\/2019\/05\/helene-havard-cuba-photography-2-768x513.jpg 768w, https:\/\/www.deedeeparis.com\/blog\/wp-content\/uploads\/2019\/05\/helene-havard-cuba-photography-2-600x401.jpg 600w, https:\/\/www.deedeeparis.com\/blog\/wp-content\/uploads\/2019\/05\/helene-havard-cuba-photography-2-1024x684.jpg 1024w\" sizes=\"auto, (max-width: 1200px) 100vw, 1200px\" \/><\/p>\n<p><img loading=\"lazy\" decoding=\"async\" class=\"aligncenter size-full wp-image-64396\" src=\"https:\/\/www.deedeeparis.com\/blog\/wp-content\/uploads\/2019\/05\/helene-havard-cuba-photography-3.jpg\" alt=\"\" width=\"1200\" height=\"801\" srcset=\"https:\/\/www.deedeeparis.com\/blog\/wp-content\/uploads\/2019\/05\/helene-havard-cuba-photography-3.jpg 1200w, https:\/\/www.deedeeparis.com\/blog\/wp-content\/uploads\/2019\/05\/helene-havard-cuba-photography-3-768x513.jpg 768w, https:\/\/www.deedeeparis.com\/blog\/wp-content\/uploads\/2019\/05\/helene-havard-cuba-photography-3-600x401.jpg 600w, https:\/\/www.deedeeparis.com\/blog\/wp-content\/uploads\/2019\/05\/helene-havard-cuba-photography-3-1024x684.jpg 1024w\" sizes=\"auto, (max-width: 1200px) 100vw, 1200px\" \/><\/p>\n<h2 class=\"stabylo\">Fais-le toi-m\u00eame : un rangement \u00e0 maquillage<\/h2>\n<p><img loading=\"lazy\" decoding=\"async\" class=\"aligncenter size-full wp-image-64397\" src=\"https:\/\/www.deedeeparis.com\/blog\/wp-content\/uploads\/2019\/05\/MrKate_DIY_Pipe_BrushHolder-21.jpg\" alt=\"\" width=\"2304\" height=\"1536\" srcset=\"https:\/\/www.deedeeparis.com\/blog\/wp-content\/uploads\/2019\/05\/MrKate_DIY_Pipe_BrushHolder-21.jpg 2304w, https:\/\/www.deedeeparis.com\/blog\/wp-content\/uploads\/2019\/05\/MrKate_DIY_Pipe_BrushHolder-21-768x512.jpg 768w, https:\/\/www.deedeeparis.com\/blog\/wp-content\/uploads\/2019\/05\/MrKate_DIY_Pipe_BrushHolder-21-600x400.jpg 600w, https:\/\/www.deedeeparis.com\/blog\/wp-content\/uploads\/2019\/05\/MrKate_DIY_Pipe_BrushHolder-21-1024x683.jpg 1024w\" sizes=\"auto, (max-width: 2304px) 100vw, 2304px\" \/><\/p>\n<p>Si votre maquillage est en vrac un peu partout, \u00e9videmment, vous pouvez commencer par le trier (dit celle qui trouve toujours une bonne excuse pour passer outre l&rsquo;exercice..!). Mais aussi construire un bien joli rangement pour cantonner tout \u00e7a ! C&rsquo;est <a href=\"https:\/\/mrkate.com\/2016\/08\/16\/diy-copper-pipe-makeup-brush-display\/\" target=\"_blank\" rel=\"noopener\">Mr.Kate<\/a> qui propose toutes les \u00e9tapes pour le r\u00e9aliser.<\/p>\n<h2 class=\"stabylo\">Andrew Bird &#8211; \u00ab\u00a0Manifest\u00a0\u00bb<\/h2>\n<p>Un bien joli son pour commencer la semaine en douceur, qui s&rsquo;accompagne d&rsquo;un manifeste&#8230; int\u00e9ressant. Montez le son, c&rsquo;est bon !<\/p>\n<p><iframe loading=\"lazy\" src=\"https:\/\/www.youtube.com\/embed\/Pv68Kivrl5g\" width=\"560\" height=\"315\" frameborder=\"0\" allowfullscreen=\"allowfullscreen\"><\/iframe><\/p>\n<h2 class=\"stabylo\">Bonus track<\/h2>\n<p><a href=\"https:\/\/www.deedeeparis.com\/blog\/wp-content\/uploads\/2019\/05\/WhatsApp-Image-2019-05-13-at-13.44.17.jpeg\"><img loading=\"lazy\" decoding=\"async\" class=\"aligncenter size-large wp-image-64407\" src=\"https:\/\/www.deedeeparis.com\/blog\/wp-content\/uploads\/2019\/05\/WhatsApp-Image-2019-05-13-at-13.44.17-576x1024.jpg\" alt=\"\" width=\"576\" height=\"1024\" srcset=\"https:\/\/www.deedeeparis.com\/blog\/wp-content\/uploads\/2019\/05\/WhatsApp-Image-2019-05-13-at-13.44.17-576x1024.jpg 576w, https:\/\/www.deedeeparis.com\/blog\/wp-content\/uploads\/2019\/05\/WhatsApp-Image-2019-05-13-at-13.44.17-768x1365.jpeg 768w, https:\/\/www.deedeeparis.com\/blog\/wp-content\/uploads\/2019\/05\/WhatsApp-Image-2019-05-13-at-13.44.17-600x1067.jpg 600w, https:\/\/www.deedeeparis.com\/blog\/wp-content\/uploads\/2019\/05\/WhatsApp-Image-2019-05-13-at-13.44.17.jpeg 900w\" sizes=\"auto, (max-width: 576px) 100vw, 576px\" \/><\/a><\/p>\n<p>On vous attend mardi prochain pour un nouveau vide dressing !<\/p>\n<p>Pointures : du 37 au 40<\/p>\n<p>Tailles v\u00eatements : du 34 au 40<\/p>\n<p>Paiement en cash uniquement.<\/p>\n<p>J&rsquo;esp\u00e8re avoir le plaisir de vous voir !<\/p>\n<p>Voil\u00e0, c&rsquo;est tout pour aujourd&rsquo;hui. Prenez soin de vous !<\/p>\n","protected":false},"excerpt":{"rendered":"<p>Hello la compagnie, j&rsquo;esp\u00e8re que tout va bien par chez vous. Voici la tant attendue Week List (la fille s&rsquo;est prise pour une rock star) ! Avant de commencer, je voulais vous remercier GROS COMME \u00c7A pour tous vos messages, vos r\u00e9actions, commentaires qui ont suivi la diffusion de mon interview dans le tr\u00e8s chouette [&hellip;]<\/p>\n","protected":false},"author":2,"featured_media":64396,"comment_status":"open","ping_status":"open","sticky":false,"template":"","format":"standard","meta":{"_acf_changed":false,"footnotes":""},"categories":[8],"tags":[9522,9523,2214,9515,9521,9520,9316,9303],"class_list":["post-64311","post","type-post","status-publish","format-standard","has-post-thumbnail","hentry","category-chroniques-de-paris","tag-collaboration-la-redoute","tag-collection-ete-2019","tag-do-it-yourself","tag-la-redoute-x-maison-chateau-rouge","tag-livre-do-it-yourself","tag-maison-baluchon","tag-maroquinerie-francaise","tag-serie-photos"],"acf":[],"geo":null,"_links":{"self":[{"href":"https:\/\/www.deedeeparis.com\/blog\/wp-json\/wp\/v2\/posts\/64311","targetHints":{"allow":["GET"]}}],"collection":[{"href":"https:\/\/www.deedeeparis.com\/blog\/wp-json\/wp\/v2\/posts"}],"about":[{"href":"https:\/\/www.deedeeparis.com\/blog\/wp-json\/wp\/v2\/types\/post"}],"author":[{"embeddable":true,"href":"https:\/\/www.deedeeparis.com\/blog\/wp-json\/wp\/v2\/users\/2"}],"replies":[{"embeddable":true,"href":"https:\/\/www.deedeeparis.com\/blog\/wp-json\/wp\/v2\/comments?post=64311"}],"version-history":[{"count":9,"href":"https:\/\/www.deedeeparis.com\/blog\/wp-json\/wp\/v2\/posts\/64311\/revisions"}],"predecessor-version":[{"id":64409,"href":"https:\/\/www.deedeeparis.com\/blog\/wp-json\/wp\/v2\/posts\/64311\/revisions\/64409"}],"wp:featuredmedia":[{"embeddable":true,"href":"https:\/\/www.deedeeparis.com\/blog\/wp-json\/wp\/v2\/media\/64396"}],"wp:attachment":[{"href":"https:\/\/www.deedeeparis.com\/blog\/wp-json\/wp\/v2\/media?parent=64311"}],"wp:term":[{"taxonomy":"category","embeddable":true,"href":"https:\/\/www.deedeeparis.com\/blog\/wp-json\/wp\/v2\/categories?post=64311"},{"taxonomy":"post_tag","embeddable":true,"href":"https:\/\/www.deedeeparis.com\/blog\/wp-json\/wp\/v2\/tags?post=64311"}],"curies":[{"name":"wp","href":"https:\/\/api.w.org\/{rel}","templated":true}]}}