{"id":64864,"date":"2019-06-24T07:03:56","date_gmt":"2019-06-24T05:03:56","guid":{"rendered":"http:\/\/www.deedeeparis.com\/blog\/?p=64864"},"modified":"2019-06-23T19:56:06","modified_gmt":"2019-06-23T17:56:06","slug":"ma-week-list-316","status":"publish","type":"post","link":"https:\/\/www.deedeeparis.com\/blog\/ma-week-list-316","title":{"rendered":"Ma Week List #316"},"content":{"rendered":"<p>Hello la compagnie ! J&rsquo;esp\u00e8re que vous allez bien. L&rsquo;\u00e9t\u00e9 s&rsquo;installe enfin \u00e0 Paris et NON, je ne vais pas r\u00e2ler pour cause de future canicule, on n&rsquo;a que trop attendu l&rsquo;\u00e9t\u00e9 non ? (On en reparle dans quelques jours :p)\u00a0Pour l&rsquo;heure, voici mes sept coups de coeur de la semaine. Cette semaine, j&rsquo;aime :<\/p>\n<h2 class=\"stabylo\">La <em>green<\/em>\u00a0box make my beauty<\/h2>\n<p><img loading=\"lazy\" decoding=\"async\" class=\"aligncenter size-full wp-image-64902\" src=\"https:\/\/www.deedeeparis.com\/blog\/wp-content\/uploads\/2019\/06\/box-make-my-beauty.jpg\" alt=\"\" width=\"2000\" height=\"1500\" srcset=\"https:\/\/www.deedeeparis.com\/blog\/wp-content\/uploads\/2019\/06\/box-make-my-beauty.jpg 2000w, https:\/\/www.deedeeparis.com\/blog\/wp-content\/uploads\/2019\/06\/box-make-my-beauty-768x576.jpg 768w, https:\/\/www.deedeeparis.com\/blog\/wp-content\/uploads\/2019\/06\/box-make-my-beauty-600x450.jpg 600w, https:\/\/www.deedeeparis.com\/blog\/wp-content\/uploads\/2019\/06\/box-make-my-beauty-1024x768.jpg 1024w\" sizes=\"auto, (max-width: 2000px) 100vw, 2000px\" \/><\/p>\n<p>9 ans que Make My Beauty liste et qu&rsquo;elles nous prodiguent leurs conseils pour une beaut\u00e9 plus clean, plus green. Pour c\u00e9l\u00e9brer ses neuf ann\u00e9es d&rsquo;existence sur les internets, Alexandra Bonelli et Nelly Chatagnon, les fondatrices, ont imagin\u00e9 une <a href=\"https:\/\/www.makemybeauty.com\/la-green-box-de-make-my-beauty\/\" target=\"_blank\" rel=\"noopener\">green box<\/a> rassemblant tous les indispensables pour LA routine green parfaite. A l&rsquo;int\u00e9rieur, que des produits et des marques qu&rsquo;elles ch\u00e9rissent et dont elles vantent souvent les m\u00e9rites sur le blog apr\u00e8s les avoir d\u00fbment test\u00e9es. Pour notre plus grand plaisir, on y trouve un dentifrice Lebon, un gel baume d\u00e9maquillant Mawena, une brume apaisante Max &amp; Me, la fameuse Aqua Hyptonica de Sanoflore, l&rsquo;\u00e9lixir Seconde Peau de Lodesse, un mini roll-on en pierre de Quartz, un vernis Kure Bazar et un rouge \u00e0 l\u00e8vres liquide All Tigers. Bonne pioche !<\/p>\n<h2 class=\"stabylo\">L&rsquo;op\u00e9ration Recycle &amp; Upcycle<\/h2>\n<p><img loading=\"lazy\" decoding=\"async\" class=\"aligncenter size-full wp-image-64905\" src=\"https:\/\/www.deedeeparis.com\/blog\/wp-content\/uploads\/2019\/06\/61665649_471699560305478_6836727290878958309_n.jpg\" alt=\"\" width=\"1080\" height=\"1350\" srcset=\"https:\/\/www.deedeeparis.com\/blog\/wp-content\/uploads\/2019\/06\/61665649_471699560305478_6836727290878958309_n.jpg 1080w, https:\/\/www.deedeeparis.com\/blog\/wp-content\/uploads\/2019\/06\/61665649_471699560305478_6836727290878958309_n-768x960.jpg 768w, https:\/\/www.deedeeparis.com\/blog\/wp-content\/uploads\/2019\/06\/61665649_471699560305478_6836727290878958309_n-600x750.jpg 600w, https:\/\/www.deedeeparis.com\/blog\/wp-content\/uploads\/2019\/06\/61665649_471699560305478_6836727290878958309_n-819x1024.jpg 819w\" sizes=\"auto, (max-width: 1080px) 100vw, 1080px\" \/><\/p>\n<p>Du c\u00f4t\u00e9 de la mode \u00e9thique et responsable, \u00e7a bouge encore avec Coralie Marabelle qui s&rsquo;associe \u00e0 Emma\u00fcs pour r\u00e9it\u00e9rer son op\u00e9ration d&rsquo;upcycling. Le 4 juillet, Coralie Marabelle pr\u00e9sentera sa collection capsule r\u00e9alis\u00e9e avec les v\u00eatement r\u00e9cup\u00e9r\u00e9s la saison derni\u00e8re ainsi que sa vision de la mode responsable dans la boutique Emma\u00fcs Alternatives rue du Faubourg du Temple. A voir !<\/p>\n<h2 class=\"stabylo\">L&rsquo;huile pour le corps et les cheveux de Dominique Ropion<\/h2>\n<p><img loading=\"lazy\" decoding=\"async\" class=\"aligncenter size-full wp-image-64901\" src=\"https:\/\/www.deedeeparis.com\/blog\/wp-content\/uploads\/2019\/06\/dominique-ropion.jpg\" alt=\"\" width=\"674\" height=\"1000\" srcset=\"https:\/\/www.deedeeparis.com\/blog\/wp-content\/uploads\/2019\/06\/dominique-ropion.jpg 674w, https:\/\/www.deedeeparis.com\/blog\/wp-content\/uploads\/2019\/06\/dominique-ropion-600x890.jpg 600w\" sizes=\"auto, (max-width: 674px) 100vw, 674px\" \/><\/p>\n<p>Carnal Flower est un parfum mythique de la tr\u00e8s jolie et tr\u00e8s pointue maison de parfum Fr\u00e9d\u00e9ric Malle. R\u00e9alis\u00e9 par Dominique Ropion, la fragrance se d\u00e9cline maintenant en <a href=\"https:\/\/m.fredericmalle.eu\/product\/19654\/53068\/body-line\/body-hair-oilps-et-cheveux#\/sku\/106588\" target=\"_blank\" rel=\"noopener\">huile pour le corps et les cheveux<\/a>. L&rsquo;huile garantit une hydratation de longue dur\u00e9e ainsi qu&rsquo;un parfum puissant mais pas ent\u00eatant. Elle va aussi venir donner brillance et douceur aux cheveux et \u00e0 la peau. Un tr\u00e8s beau cadeau \u00e0 offrir ou \u00e0 se faire \u00e0 soi m\u00eame&#8230;<\/p>\n<h2 class=\"stabylo\">La collaboration Caravane x Oh my Cream<\/h2>\n<div notranslate=\"\"><a href=\"https:\/\/www.deedeeparis.com\/blog\/wp-content\/uploads\/2019\/06\/Oh-my-cream-x-caravane.jpg\"><img loading=\"lazy\" decoding=\"async\" class=\"aligncenter size-full wp-image-64916\" src=\"https:\/\/www.deedeeparis.com\/blog\/wp-content\/uploads\/2019\/06\/Oh-my-cream-x-caravane.jpg\" alt=\"\" width=\"2000\" height=\"1333\" srcset=\"https:\/\/www.deedeeparis.com\/blog\/wp-content\/uploads\/2019\/06\/Oh-my-cream-x-caravane.jpg 2000w, https:\/\/www.deedeeparis.com\/blog\/wp-content\/uploads\/2019\/06\/Oh-my-cream-x-caravane-768x512.jpg 768w, https:\/\/www.deedeeparis.com\/blog\/wp-content\/uploads\/2019\/06\/Oh-my-cream-x-caravane-600x400.jpg 600w, https:\/\/www.deedeeparis.com\/blog\/wp-content\/uploads\/2019\/06\/Oh-my-cream-x-caravane-1024x682.jpg 1024w\" sizes=\"auto, (max-width: 2000px) 100vw, 2000px\" \/><\/a><\/div>\n<div class=\"product-info\">\n<div notranslate=\"\"><\/div>\n<div notranslate=\"\"><a href=\"https:\/\/www.ohmycream.com\/products\/la-trousse-de-lete-omc-x-caravane#ae190\" target=\"_blank\" rel=\"noopener\">Oh my Cream<\/a> s&rsquo;associe \u00e0 Caravane pour nous proposer LA trousse parfaite \u00e0 emmener partout avec nous pendant nos vacances d&rsquo;\u00e9t\u00e9. Une routine compl\u00e8te pour le visage et le corps, en formats voyages pour qu&rsquo;ils soient plus facilement transportables dans la super trousse sign\u00e9e Caravane. L\u00e0 encore, une bonne id\u00e9e si vous voulez opter pour des mini utiles et clean ! J&rsquo;ai \u00e9t\u00e9 ravie de retrouver une de mes routines de d\u00e9maquillage pr\u00e9f\u00e9r\u00e9e, et j&rsquo;ai d\u00e9couvert l&rsquo;huile pour le corps de Suzanne Kaufmann que je vais m&#8217;empresser de m&rsquo;offrir tellement je la kiffe ! (merci bien les conneries).<\/div>\n<\/div>\n<h2 class=\"stabylo\">Les photos de Delfi Carmona<\/h2>\n<p><img loading=\"lazy\" decoding=\"async\" class=\"aligncenter size-full wp-image-64908\" src=\"https:\/\/www.deedeeparis.com\/blog\/wp-content\/uploads\/2019\/06\/59494666_1000760443464308_5248275194903309093_n.jpg\" alt=\"\" width=\"640\" height=\"800\" srcset=\"https:\/\/www.deedeeparis.com\/blog\/wp-content\/uploads\/2019\/06\/59494666_1000760443464308_5248275194903309093_n.jpg 640w, https:\/\/www.deedeeparis.com\/blog\/wp-content\/uploads\/2019\/06\/59494666_1000760443464308_5248275194903309093_n-600x750.jpg 600w\" sizes=\"auto, (max-width: 640px) 100vw, 640px\" \/><\/p>\n<p><a href=\"https:\/\/www.instagram.com\/delfinacarmona\/\" target=\"_blank\" rel=\"noopener\">Delfi Carmona<\/a> est une directrice artistique ainsi qu&rsquo;une photographe bas\u00e9e \u00e0 Buenos Aires. De prime abord ses photos peuvent paraitre simples mais leur composition \u00a0est tr\u00e8s pr\u00e9cise et d\u00e9licate et son jeu entre ombre est lumi\u00e8re donnent un c\u00f4t\u00e9 tr\u00e8s chaleureux et m\u00e9lancolique \u00e0 son travail.<\/p>\n<p><img loading=\"lazy\" decoding=\"async\" class=\"aligncenter size-full wp-image-64909\" src=\"https:\/\/www.deedeeparis.com\/blog\/wp-content\/uploads\/2019\/06\/61647646_373759776487457_2236279701044522402_n.jpg\" alt=\"\" width=\"640\" height=\"640\" srcset=\"https:\/\/www.deedeeparis.com\/blog\/wp-content\/uploads\/2019\/06\/61647646_373759776487457_2236279701044522402_n.jpg 640w, https:\/\/www.deedeeparis.com\/blog\/wp-content\/uploads\/2019\/06\/61647646_373759776487457_2236279701044522402_n-150x150.jpg 150w, https:\/\/www.deedeeparis.com\/blog\/wp-content\/uploads\/2019\/06\/61647646_373759776487457_2236279701044522402_n-600x600.jpg 600w\" sizes=\"auto, (max-width: 640px) 100vw, 640px\" \/><\/p>\n<p><img loading=\"lazy\" decoding=\"async\" class=\"aligncenter size-full wp-image-64910\" src=\"https:\/\/www.deedeeparis.com\/blog\/wp-content\/uploads\/2019\/06\/62098375_141189890282997_459128705021919941_n.jpg\" alt=\"\" width=\"640\" height=\"640\" srcset=\"https:\/\/www.deedeeparis.com\/blog\/wp-content\/uploads\/2019\/06\/62098375_141189890282997_459128705021919941_n.jpg 640w, https:\/\/www.deedeeparis.com\/blog\/wp-content\/uploads\/2019\/06\/62098375_141189890282997_459128705021919941_n-150x150.jpg 150w, https:\/\/www.deedeeparis.com\/blog\/wp-content\/uploads\/2019\/06\/62098375_141189890282997_459128705021919941_n-600x600.jpg 600w\" sizes=\"auto, (max-width: 640px) 100vw, 640px\" \/><\/p>\n<p><img loading=\"lazy\" decoding=\"async\" class=\"aligncenter size-full wp-image-64911\" src=\"https:\/\/www.deedeeparis.com\/blog\/wp-content\/uploads\/2019\/06\/64549647_378486596103602_2834428740928156016_n.jpg\" alt=\"\" width=\"640\" height=\"640\" srcset=\"https:\/\/www.deedeeparis.com\/blog\/wp-content\/uploads\/2019\/06\/64549647_378486596103602_2834428740928156016_n.jpg 640w, https:\/\/www.deedeeparis.com\/blog\/wp-content\/uploads\/2019\/06\/64549647_378486596103602_2834428740928156016_n-150x150.jpg 150w, https:\/\/www.deedeeparis.com\/blog\/wp-content\/uploads\/2019\/06\/64549647_378486596103602_2834428740928156016_n-600x600.jpg 600w\" sizes=\"auto, (max-width: 640px) 100vw, 640px\" \/><\/p>\n<p><img loading=\"lazy\" decoding=\"async\" class=\"aligncenter size-full wp-image-64912\" src=\"https:\/\/www.deedeeparis.com\/blog\/wp-content\/uploads\/2019\/06\/61072821_857800404598641_6872549256402358104_n.jpg\" alt=\"\" width=\"640\" height=\"640\" srcset=\"https:\/\/www.deedeeparis.com\/blog\/wp-content\/uploads\/2019\/06\/61072821_857800404598641_6872549256402358104_n.jpg 640w, https:\/\/www.deedeeparis.com\/blog\/wp-content\/uploads\/2019\/06\/61072821_857800404598641_6872549256402358104_n-150x150.jpg 150w, https:\/\/www.deedeeparis.com\/blog\/wp-content\/uploads\/2019\/06\/61072821_857800404598641_6872549256402358104_n-600x600.jpg 600w\" sizes=\"auto, (max-width: 640px) 100vw, 640px\" \/><\/p>\n<p><img loading=\"lazy\" decoding=\"async\" class=\"aligncenter size-full wp-image-64913\" src=\"https:\/\/www.deedeeparis.com\/blog\/wp-content\/uploads\/2019\/06\/60630635_134812121037732_6173703043160726762_n.jpg\" alt=\"\" width=\"640\" height=\"640\" srcset=\"https:\/\/www.deedeeparis.com\/blog\/wp-content\/uploads\/2019\/06\/60630635_134812121037732_6173703043160726762_n.jpg 640w, https:\/\/www.deedeeparis.com\/blog\/wp-content\/uploads\/2019\/06\/60630635_134812121037732_6173703043160726762_n-150x150.jpg 150w, https:\/\/www.deedeeparis.com\/blog\/wp-content\/uploads\/2019\/06\/60630635_134812121037732_6173703043160726762_n-600x600.jpg 600w\" sizes=\"auto, (max-width: 640px) 100vw, 640px\" \/><\/p>\n<h2 class=\"stabylo\">Fais-le toi-m\u00eame : un organisateur de bureau<\/h2>\n<p><img loading=\"lazy\" decoding=\"async\" class=\"aligncenter size-full wp-image-64906\" src=\"https:\/\/www.deedeeparis.com\/blog\/wp-content\/uploads\/2019\/06\/diy-desk-organzier-made-of-wood.jpg\" alt=\"\" width=\"600\" height=\"862\" \/><\/p>\n<p>Avec quelques morceaux de bois on peut faire de super objets, exemple avec cet organisateur de bureau moiti\u00e9 cache pot, moiti\u00e9 organisateur. Parce qu&rsquo;apr\u00e8s tout, tout le monde sait qu&rsquo;on n&rsquo;a plus rien envie de faire avant les vacances, c&rsquo;est donc pile LE bon moment trier, ranger, jeter ! Pour le r\u00e9aliser, il faudra suivre les conseils de <a href=\"https:\/\/www.papernstitchblog.com\/modern-diy-desk-organizer\/\" target=\"_blank\" rel=\"noopener\">Paper n Stitch<\/a><\/p>\n<h2 class=\"title style-scope ytd-video-primary-info-renderer stabylo\">CHROMATICS \u00ab\u00a0LADY\u00a0\u00bb<\/h2>\n<p>Issu du tout dernier album du groupe lanc\u00e9 en 2012, j&rsquo;aime beaucoup le rythme ent\u00eatant de ce \u00ab\u00a0Lady\u00a0\u00bb. Montez le son, c&rsquo;est bon !<\/p>\n<p><iframe loading=\"lazy\" src=\"https:\/\/www.youtube.com\/embed\/tbx8qRg6tPE\" width=\"560\" height=\"315\" frameborder=\"0\" allowfullscreen=\"allowfullscreen\"><\/iframe><\/p>\n<p>Ca sera tout pour aujourd&rsquo;hui. Bon courage pour la canicule (nan, je ne me plains pas) et prenez soin de vous !<\/p>\n","protected":false},"excerpt":{"rendered":"<p>Hello la compagnie ! J&rsquo;esp\u00e8re que vous allez bien. L&rsquo;\u00e9t\u00e9 s&rsquo;installe enfin \u00e0 Paris et NON, je ne vais pas r\u00e2ler pour cause de future canicule, on n&rsquo;a que trop attendu l&rsquo;\u00e9t\u00e9 non ? (On en reparle dans quelques jours :p)\u00a0Pour l&rsquo;heure, voici mes sept coups de coeur de la semaine. Cette semaine, j&rsquo;aime : [&hellip;]<\/p>\n","protected":false},"author":2,"featured_media":64916,"comment_status":"open","ping_status":"open","sticky":false,"template":"","format":"standard","meta":{"_acf_changed":false,"footnotes":""},"categories":[8],"tags":[9568,9567,2214,9546,9545,9565,9566],"class_list":["post-64864","post","type-post","status-publish","format-standard","has-post-thumbnail","hentry","category-chroniques-de-paris","tag-box-green","tag-coralie-marabelle-upcycing-emmaus","tag-do-it-yourself","tag-dominique-ropion","tag-frederic-malle","tag-mode-ethique-et-durable","tag-mode-upcycling"],"acf":[],"geo":null,"_links":{"self":[{"href":"https:\/\/www.deedeeparis.com\/blog\/wp-json\/wp\/v2\/posts\/64864","targetHints":{"allow":["GET"]}}],"collection":[{"href":"https:\/\/www.deedeeparis.com\/blog\/wp-json\/wp\/v2\/posts"}],"about":[{"href":"https:\/\/www.deedeeparis.com\/blog\/wp-json\/wp\/v2\/types\/post"}],"author":[{"embeddable":true,"href":"https:\/\/www.deedeeparis.com\/blog\/wp-json\/wp\/v2\/users\/2"}],"replies":[{"embeddable":true,"href":"https:\/\/www.deedeeparis.com\/blog\/wp-json\/wp\/v2\/comments?post=64864"}],"version-history":[{"count":11,"href":"https:\/\/www.deedeeparis.com\/blog\/wp-json\/wp\/v2\/posts\/64864\/revisions"}],"predecessor-version":[{"id":64920,"href":"https:\/\/www.deedeeparis.com\/blog\/wp-json\/wp\/v2\/posts\/64864\/revisions\/64920"}],"wp:featuredmedia":[{"embeddable":true,"href":"https:\/\/www.deedeeparis.com\/blog\/wp-json\/wp\/v2\/media\/64916"}],"wp:attachment":[{"href":"https:\/\/www.deedeeparis.com\/blog\/wp-json\/wp\/v2\/media?parent=64864"}],"wp:term":[{"taxonomy":"category","embeddable":true,"href":"https:\/\/www.deedeeparis.com\/blog\/wp-json\/wp\/v2\/categories?post=64864"},{"taxonomy":"post_tag","embeddable":true,"href":"https:\/\/www.deedeeparis.com\/blog\/wp-json\/wp\/v2\/tags?post=64864"}],"curies":[{"name":"wp","href":"https:\/\/api.w.org\/{rel}","templated":true}]}}