{"id":65275,"date":"2019-07-22T07:03:27","date_gmt":"2019-07-22T05:03:27","guid":{"rendered":"http:\/\/www.deedeeparis.com\/blog\/?p=65275"},"modified":"2019-07-23T10:52:42","modified_gmt":"2019-07-23T08:52:42","slug":"ma-week-list-319","status":"publish","type":"post","link":"https:\/\/www.deedeeparis.com\/blog\/ma-week-list-319","title":{"rendered":"Ma week list #319"},"content":{"rendered":"<p>Hello la compagnie ! J&rsquo;esp\u00e8re que tout va bien de votre c\u00f4t\u00e9. Paris se vide petit \u00e0 petit et m\u00eame si j&rsquo;appr\u00e9cie ce temps plus lent, ces places en terrasse et une agressivit\u00e9 minor\u00e9e, on ne va pas se mentir, il me tarde moi aussi de m&rsquo;\u00e9chapper de la ville ! A ce sujet et en parlant de temps plus long, ceci sera la derni\u00e8re week-list avant la rentr\u00e9e : vous avez mieux \u00e0 faire que d&rsquo;\u00eatre derri\u00e8re un \u00e9cran pendant vos vacances et je ne vais pas vous en bl\u00e2mer, d&rsquo;autant moins que je compte bien moi aussi \u00eatre un peu moins pr\u00e9sente ici. J&rsquo;ai encore quelques articles que je veux absolument mettre en ligne mais le rythme va ind\u00e9niablement ralentir d&rsquo;ici \u00e0 septembre.<\/p>\n<p>Pour l&rsquo;heure voici mes coups de coeur pour cette nouvelle semaine. Cette semaine, j&rsquo;aime :<\/p>\n<h2 class=\"stabylo\">La collection souvenirs d&rsquo;\u00e9t\u00e9 de Kerzon<\/h2>\n<p><img loading=\"lazy\" decoding=\"async\" class=\"aligncenter size-full wp-image-65279\" src=\"https:\/\/www.deedeeparis.com\/blog\/wp-content\/uploads\/2019\/07\/kerzon_LEAU.jpg\" alt=\"\" width=\"2362\" height=\"1575\" srcset=\"https:\/\/www.deedeeparis.com\/blog\/wp-content\/uploads\/2019\/07\/kerzon_LEAU.jpg 2362w, https:\/\/www.deedeeparis.com\/blog\/wp-content\/uploads\/2019\/07\/kerzon_LEAU-768x512.jpg 768w, https:\/\/www.deedeeparis.com\/blog\/wp-content\/uploads\/2019\/07\/kerzon_LEAU-600x400.jpg 600w, https:\/\/www.deedeeparis.com\/blog\/wp-content\/uploads\/2019\/07\/kerzon_LEAU-1024x683.jpg 1024w\" sizes=\"auto, (max-width: 2362px) 100vw, 2362px\" \/><\/p>\n<p>Encore de belles nouveaut\u00e9s chez Kerzon ! Vous savez comme j&rsquo;aime cette marque, je vous en parle r\u00e9guli\u00e8rement ici. Pour cet \u00e9t\u00e9, Kerzon propose une collection \u00ab\u00a0<a href=\"https:\/\/www.kerzon.paris\/fr\/41-souvenirs-d-ete\" target=\"_blank\" rel=\"noopener\">Souvenirs d&rsquo;\u00e9t\u00e9<\/a>\u00a0\u00bb compos\u00e9e de quatre nouveaux parfums d\u00e9clin\u00e9s chacun en un savon solide. Sous leurs petits noms\u00a0<em>L&rsquo;eau, Le Soleil, La Plage \u00a0et La Wax,<\/em>\u00a0leurs odeurs rappellent toutes\u00a0les quatre de doux souvenirs de vacances d&rsquo;\u00e9t\u00e9 \u00e0 vaporiser au creux de notre cou, dans nos cheveux, sur nos v\u00eatements ou encore dans nos int\u00e9rieurs. Les savons, quant \u00e0 eux, sont compacts et pratiques \u00e0 transporter. Ils sont fabriqu\u00e9s avec des ingr\u00e9dients d&rsquo;origine naturelle et sont tr\u00e8s agr\u00e9ables \u00e0 utiliser !\u00a0 C&rsquo;est encore un 20\/20 pour la marque \ud83d\ude42<\/p>\n<h2 class=\"stabylo\">I protect Nature de WWF<\/h2>\n<p><img loading=\"lazy\" decoding=\"async\" class=\"aligncenter size-full wp-image-65284\" src=\"https:\/\/www.deedeeparis.com\/blog\/wp-content\/uploads\/2019\/07\/WWF-i-protect-nature.png\" alt=\"\" width=\"1878\" height=\"1194\" srcset=\"https:\/\/www.deedeeparis.com\/blog\/wp-content\/uploads\/2019\/07\/WWF-i-protect-nature.png 1878w, https:\/\/www.deedeeparis.com\/blog\/wp-content\/uploads\/2019\/07\/WWF-i-protect-nature-768x488.png 768w, https:\/\/www.deedeeparis.com\/blog\/wp-content\/uploads\/2019\/07\/WWF-i-protect-nature-600x381.png 600w, https:\/\/www.deedeeparis.com\/blog\/wp-content\/uploads\/2019\/07\/WWF-i-protect-nature-1024x651.png 1024w\" sizes=\"auto, (max-width: 1878px) 100vw, 1878px\" \/><\/p>\n<p>Cet \u00e9t\u00e9, <a href=\"https:\/\/www.wwf.fr\/sengager-ensemble\/relayer-campagnes\/pollution-plastique\" target=\"_blank\" rel=\"noopener\">WWF<\/a> lance une campagne pour sensibiliser \u00e0 la protection de la nature les utilisateurs d&rsquo;Instagram : l&rsquo;ONG propose de ne plus taguer la localisation des paysages remarquables que nous pouvons admirer pendant nos vacances. Avec plus de 14 millions d&rsquo;utilisateurs sur Instagram, rien qu&rsquo;en France, la g\u00e9olocalisation met en lumi\u00e8re des lieux qui n&rsquo;\u00e9taient, jusqu&rsquo;alors, connus que par les initi\u00e9s. Evidemment, cela entraine une augmentation du nombre de visiteurs dans ces lieux et d&rsquo;autant le nombre de d\u00e9chets potentiels qui vont polluer ces lieux d&rsquo;exception. En utilisant\u00a0<em>I Protect Nature\u00a0<\/em>en tant que\u00a0localisation unique et fictive pour toutes nos destinations, nous pr\u00e9serverons donc la nature (et notre calme. Et l&rsquo;originalit\u00e9 de nos clich\u00e9s Instagram !).<\/p>\n<h2 class=\"stabylo\">La poudre de savon d&rsquo;Acqua di Parma Bergamotto di calambra<\/h2>\n<p><img loading=\"lazy\" decoding=\"async\" class=\"aligncenter size-full wp-image-65287\" src=\"https:\/\/www.deedeeparis.com\/blog\/wp-content\/uploads\/2019\/07\/FullSizeRender.jpg\" alt=\"\" width=\"3024\" height=\"3517\" srcset=\"https:\/\/www.deedeeparis.com\/blog\/wp-content\/uploads\/2019\/07\/FullSizeRender.jpg 3024w, https:\/\/www.deedeeparis.com\/blog\/wp-content\/uploads\/2019\/07\/FullSizeRender-768x893.jpg 768w, https:\/\/www.deedeeparis.com\/blog\/wp-content\/uploads\/2019\/07\/FullSizeRender-600x698.jpg 600w, https:\/\/www.deedeeparis.com\/blog\/wp-content\/uploads\/2019\/07\/FullSizeRender-880x1024.jpg 880w\" sizes=\"auto, (max-width: 3024px) 100vw, 3024px\" \/><\/p>\n<p>A la gamme Bergamote di Calambra, Acqua di Parma ajoute une jolie r\u00e9f\u00e9rence : le savon en poudre. Il existe en plusieurs fragrance mais c&rsquo;est\u00a0Bergamotto di Calabria que j&rsquo;ai re\u00e7ue au bureau apr\u00e8s l&rsquo;avoir d\u00e9couverte \u00e0 Milan et je peux vous dire que j&rsquo;adore l&rsquo;odeur. Dans sa jolie boite en m\u00e9tal qui fait penser \u00e0 une boite de talc vintage, c&rsquo;est un objet \u00e0 la fois de d\u00e9coration et de beaut\u00e9 qui nous fera replonger dans nos souvenirs d&rsquo;enfance.<\/p>\n<h2 class=\"stabylo\"><em>J&rsquo;arr\u00eate le plastique<\/em> d&rsquo;Anne Thoumieux<\/h2>\n<p><img loading=\"lazy\" decoding=\"async\" class=\"aligncenter size-full wp-image-65286\" src=\"https:\/\/www.deedeeparis.com\/blog\/wp-content\/uploads\/2019\/07\/IMG_5733.jpg\" alt=\"\" width=\"3777\" height=\"2768\" srcset=\"https:\/\/www.deedeeparis.com\/blog\/wp-content\/uploads\/2019\/07\/IMG_5733.jpg 3777w, https:\/\/www.deedeeparis.com\/blog\/wp-content\/uploads\/2019\/07\/IMG_5733-768x563.jpg 768w, https:\/\/www.deedeeparis.com\/blog\/wp-content\/uploads\/2019\/07\/IMG_5733-600x440.jpg 600w, https:\/\/www.deedeeparis.com\/blog\/wp-content\/uploads\/2019\/07\/IMG_5733-1024x750.jpg 1024w\" sizes=\"auto, (max-width: 3777px) 100vw, 3777px\" \/><\/p>\n<p>Ecrit par Anne Thoumieux que vous croisez peut \u00eatre aux vide dressings que j&rsquo;organise, ce <a href=\"http:\/\/tidd.ly\/6de93861\" target=\"_blank\" rel=\"noopener\">livre<\/a> se veut \u00eatre le coach de notre transition vers le\u00a0<em>z\u00e9ro plastique.\u00a0<\/em>Alors oui, la route est sans doute encore longue mais il permet de faire le point sur tout ce que nous pouvons mettre en place au quotidien pour arr\u00eater progressivement notre consommation de plastique et notre production de d\u00e9chets. Exemple : utiliser du film plastique r\u00e9utilisable, \u00e9viter les v\u00eatements confectionn\u00e9s avec des mati\u00e8res synth\u00e9tiques et bien d&rsquo;autres petits conseils insoup\u00e7onn\u00e9s&#8230; Parce qu&rsquo;aujourd&rsquo;hui je reste plus que jamais convaincue que<em> \u00ab\u00a0Together is better\u00a0\u00bb<\/em> !<\/p>\n<h2 class=\"stabylo\">Les \u00ab\u00a0Camera Selfies\u00a0\u00bb de J\u00fcrgen Novotny<\/h2>\n<p class=\"bodytext\"><img loading=\"lazy\" decoding=\"async\" class=\"aligncenter size-full wp-image-65289\" src=\"https:\/\/www.deedeeparis.com\/blog\/wp-content\/uploads\/2019\/07\/camera-selfie-6.jpg\" alt=\"\" width=\"1200\" height=\"1200\" srcset=\"https:\/\/www.deedeeparis.com\/blog\/wp-content\/uploads\/2019\/07\/camera-selfie-6.jpg 1200w, https:\/\/www.deedeeparis.com\/blog\/wp-content\/uploads\/2019\/07\/camera-selfie-6-768x768.jpg 768w, https:\/\/www.deedeeparis.com\/blog\/wp-content\/uploads\/2019\/07\/camera-selfie-6-150x150.jpg 150w, https:\/\/www.deedeeparis.com\/blog\/wp-content\/uploads\/2019\/07\/camera-selfie-6-600x600.jpg 600w, https:\/\/www.deedeeparis.com\/blog\/wp-content\/uploads\/2019\/07\/camera-selfie-6-1024x1024.jpg 1024w\" sizes=\"auto, (max-width: 1200px) 100vw, 1200px\" \/><\/p>\n<p>Le projet Camera Selfies de J\u00fcrgen Novotny nous fait voyager dans le temps. Avec ces appareils qui nous parlent d&rsquo;un temps que les moins de vingt ans ne peux pas conna\u00eetre, le photographe allemand a voulu rappeler la magie qui s&rsquo;op\u00e9rait lorsque l&rsquo;on utilisait un de ces vieux appareils&#8230; Nostalgie vous avez dit ?<\/p>\n<p class=\"bodytext\"><img loading=\"lazy\" decoding=\"async\" class=\"aligncenter size-full wp-image-65290\" src=\"https:\/\/www.deedeeparis.com\/blog\/wp-content\/uploads\/2019\/07\/camera-selfie-5.jpg\" alt=\"\" width=\"1600\" height=\"1600\" srcset=\"https:\/\/www.deedeeparis.com\/blog\/wp-content\/uploads\/2019\/07\/camera-selfie-5.jpg 1600w, https:\/\/www.deedeeparis.com\/blog\/wp-content\/uploads\/2019\/07\/camera-selfie-5-768x768.jpg 768w, https:\/\/www.deedeeparis.com\/blog\/wp-content\/uploads\/2019\/07\/camera-selfie-5-150x150.jpg 150w, https:\/\/www.deedeeparis.com\/blog\/wp-content\/uploads\/2019\/07\/camera-selfie-5-600x600.jpg 600w, https:\/\/www.deedeeparis.com\/blog\/wp-content\/uploads\/2019\/07\/camera-selfie-5-1024x1024.jpg 1024w\" sizes=\"auto, (max-width: 1600px) 100vw, 1600px\" \/><\/p>\n<p class=\"bodytext\"><img loading=\"lazy\" decoding=\"async\" class=\"aligncenter size-full wp-image-65291\" src=\"https:\/\/www.deedeeparis.com\/blog\/wp-content\/uploads\/2019\/07\/camera-selfie-4.jpg\" alt=\"\" width=\"1600\" height=\"1600\" srcset=\"https:\/\/www.deedeeparis.com\/blog\/wp-content\/uploads\/2019\/07\/camera-selfie-4.jpg 1600w, https:\/\/www.deedeeparis.com\/blog\/wp-content\/uploads\/2019\/07\/camera-selfie-4-768x768.jpg 768w, https:\/\/www.deedeeparis.com\/blog\/wp-content\/uploads\/2019\/07\/camera-selfie-4-150x150.jpg 150w, https:\/\/www.deedeeparis.com\/blog\/wp-content\/uploads\/2019\/07\/camera-selfie-4-600x600.jpg 600w, https:\/\/www.deedeeparis.com\/blog\/wp-content\/uploads\/2019\/07\/camera-selfie-4-1024x1024.jpg 1024w\" sizes=\"auto, (max-width: 1600px) 100vw, 1600px\" \/><\/p>\n<p class=\"bodytext\"><img loading=\"lazy\" decoding=\"async\" class=\"aligncenter size-full wp-image-65292\" src=\"https:\/\/www.deedeeparis.com\/blog\/wp-content\/uploads\/2019\/07\/camera-selfie-3.jpg\" alt=\"\" width=\"1200\" height=\"1200\" srcset=\"https:\/\/www.deedeeparis.com\/blog\/wp-content\/uploads\/2019\/07\/camera-selfie-3.jpg 1200w, https:\/\/www.deedeeparis.com\/blog\/wp-content\/uploads\/2019\/07\/camera-selfie-3-768x768.jpg 768w, https:\/\/www.deedeeparis.com\/blog\/wp-content\/uploads\/2019\/07\/camera-selfie-3-150x150.jpg 150w, https:\/\/www.deedeeparis.com\/blog\/wp-content\/uploads\/2019\/07\/camera-selfie-3-600x600.jpg 600w, https:\/\/www.deedeeparis.com\/blog\/wp-content\/uploads\/2019\/07\/camera-selfie-3-1024x1024.jpg 1024w\" sizes=\"auto, (max-width: 1200px) 100vw, 1200px\" \/><\/p>\n<p class=\"bodytext\"><img loading=\"lazy\" decoding=\"async\" class=\"aligncenter size-full wp-image-65293\" src=\"https:\/\/www.deedeeparis.com\/blog\/wp-content\/uploads\/2019\/07\/camera-selfie-2.jpg\" alt=\"\" width=\"1200\" height=\"1200\" srcset=\"https:\/\/www.deedeeparis.com\/blog\/wp-content\/uploads\/2019\/07\/camera-selfie-2.jpg 1200w, https:\/\/www.deedeeparis.com\/blog\/wp-content\/uploads\/2019\/07\/camera-selfie-2-768x768.jpg 768w, https:\/\/www.deedeeparis.com\/blog\/wp-content\/uploads\/2019\/07\/camera-selfie-2-150x150.jpg 150w, https:\/\/www.deedeeparis.com\/blog\/wp-content\/uploads\/2019\/07\/camera-selfie-2-600x600.jpg 600w, https:\/\/www.deedeeparis.com\/blog\/wp-content\/uploads\/2019\/07\/camera-selfie-2-1024x1024.jpg 1024w\" sizes=\"auto, (max-width: 1200px) 100vw, 1200px\" \/><\/p>\n<p class=\"bodytext\"><img loading=\"lazy\" decoding=\"async\" class=\"aligncenter size-full wp-image-65294\" src=\"https:\/\/www.deedeeparis.com\/blog\/wp-content\/uploads\/2019\/07\/camera-selfie-1.jpg\" alt=\"\" width=\"1600\" height=\"1600\" srcset=\"https:\/\/www.deedeeparis.com\/blog\/wp-content\/uploads\/2019\/07\/camera-selfie-1.jpg 1600w, https:\/\/www.deedeeparis.com\/blog\/wp-content\/uploads\/2019\/07\/camera-selfie-1-768x768.jpg 768w, https:\/\/www.deedeeparis.com\/blog\/wp-content\/uploads\/2019\/07\/camera-selfie-1-150x150.jpg 150w, https:\/\/www.deedeeparis.com\/blog\/wp-content\/uploads\/2019\/07\/camera-selfie-1-600x600.jpg 600w, https:\/\/www.deedeeparis.com\/blog\/wp-content\/uploads\/2019\/07\/camera-selfie-1-1024x1024.jpg 1024w\" sizes=\"auto, (max-width: 1600px) 100vw, 1600px\" \/><\/p>\n<h2 class=\"stabylo\">Fais-le toi-m\u00eame : un pouf d&rsquo;ext\u00e9rieur<\/h2>\n<p><img loading=\"lazy\" decoding=\"async\" class=\"aligncenter size-full wp-image-65288\" src=\"https:\/\/www.deedeeparis.com\/blog\/wp-content\/uploads\/2019\/07\/DIY-No-Sew-Round-Cushion-2.jpg\" alt=\"\" width=\"1080\" height=\"720\" srcset=\"https:\/\/www.deedeeparis.com\/blog\/wp-content\/uploads\/2019\/07\/DIY-No-Sew-Round-Cushion-2.jpg 1080w, https:\/\/www.deedeeparis.com\/blog\/wp-content\/uploads\/2019\/07\/DIY-No-Sew-Round-Cushion-2-768x512.jpg 768w, https:\/\/www.deedeeparis.com\/blog\/wp-content\/uploads\/2019\/07\/DIY-No-Sew-Round-Cushion-2-600x400.jpg 600w, https:\/\/www.deedeeparis.com\/blog\/wp-content\/uploads\/2019\/07\/DIY-No-Sew-Round-Cushion-2-1024x683.jpg 1024w\" sizes=\"auto, (max-width: 1080px) 100vw, 1080px\" \/><\/p>\n<p>Cette semaine, je vous propose de suivre les conseils de <a href=\"https:\/\/fallfordiy.com\/blog\/2019\/07\/16\/diy-no-sew-round-cushions\/\" target=\"_blank\" rel=\"noopener\">Fall for DIY<\/a> pour r\u00e9aliser ces poufs d&rsquo;ext\u00e9rieur. Pas besoin de savoir coudre, il suffit d&rsquo;un peu de tissu et de colle et le tour est jou\u00e9 (ou presque !). Avouez que \u00e7a change du pouf que vous avez ramen\u00e9 de Marrakech et qui sent la biquette !<\/p>\n<h2 class=\"stabylo\">Hypnolove &#8211; La piscine<\/h2>\n<p>Titre estival par excellence, cette piscine d&rsquo;Hypnolove qui date de 2016 d\u00e9j\u00e0 mais que j&rsquo;aime toujours autant !<\/p>\n<p>Voil\u00e0, c&rsquo;est tout pour aujourd&rsquo;hui. Prenez soin de vous, bon courage \u00e0 ceux qui travaillent cette semaine et bonnes vacances aux autres ! Vous \u00eates juilletistes ou ao\u00fbtiens vous ?<\/p>\n","protected":false},"excerpt":{"rendered":"<p>Hello la compagnie ! J&rsquo;esp\u00e8re que tout va bien de votre c\u00f4t\u00e9. Paris se vide petit \u00e0 petit et m\u00eame si j&rsquo;appr\u00e9cie ce temps plus lent, ces places en terrasse et une agressivit\u00e9 minor\u00e9e, on ne va pas se mentir, il me tarde moi aussi de m&rsquo;\u00e9chapper de la ville ! A ce sujet et [&hellip;]<\/p>\n","protected":false},"author":29,"featured_media":65279,"comment_status":"open","ping_status":"open","sticky":false,"template":"","format":"standard","meta":{"_acf_changed":false,"footnotes":""},"categories":[8],"tags":[9593,2214,9592,9594,9479,9160,9595],"class_list":["post-65275","post","type-post","status-publish","format-standard","has-post-thumbnail","hentry","category-chroniques-de-paris","tag-acqua-di-parma","tag-do-it-yourself","tag-i-protect-nature","tag-jarrete-le-plastique","tag-kerzon-paris","tag-serie-photo","tag-zero-dechet"],"acf":[],"geo":null,"_links":{"self":[{"href":"https:\/\/www.deedeeparis.com\/blog\/wp-json\/wp\/v2\/posts\/65275","targetHints":{"allow":["GET"]}}],"collection":[{"href":"https:\/\/www.deedeeparis.com\/blog\/wp-json\/wp\/v2\/posts"}],"about":[{"href":"https:\/\/www.deedeeparis.com\/blog\/wp-json\/wp\/v2\/types\/post"}],"author":[{"embeddable":true,"href":"https:\/\/www.deedeeparis.com\/blog\/wp-json\/wp\/v2\/users\/29"}],"replies":[{"embeddable":true,"href":"https:\/\/www.deedeeparis.com\/blog\/wp-json\/wp\/v2\/comments?post=65275"}],"version-history":[{"count":10,"href":"https:\/\/www.deedeeparis.com\/blog\/wp-json\/wp\/v2\/posts\/65275\/revisions"}],"predecessor-version":[{"id":65307,"href":"https:\/\/www.deedeeparis.com\/blog\/wp-json\/wp\/v2\/posts\/65275\/revisions\/65307"}],"wp:featuredmedia":[{"embeddable":true,"href":"https:\/\/www.deedeeparis.com\/blog\/wp-json\/wp\/v2\/media\/65279"}],"wp:attachment":[{"href":"https:\/\/www.deedeeparis.com\/blog\/wp-json\/wp\/v2\/media?parent=65275"}],"wp:term":[{"taxonomy":"category","embeddable":true,"href":"https:\/\/www.deedeeparis.com\/blog\/wp-json\/wp\/v2\/categories?post=65275"},{"taxonomy":"post_tag","embeddable":true,"href":"https:\/\/www.deedeeparis.com\/blog\/wp-json\/wp\/v2\/tags?post=65275"}],"curies":[{"name":"wp","href":"https:\/\/api.w.org\/{rel}","templated":true}]}}