{"id":65757,"date":"2019-09-23T14:42:13","date_gmt":"2019-09-23T12:42:13","guid":{"rendered":"http:\/\/www.deedeeparis.com\/blog\/?p=65757"},"modified":"2019-09-23T14:42:13","modified_gmt":"2019-09-23T12:42:13","slug":"ma-week-list-323","status":"publish","type":"post","link":"https:\/\/www.deedeeparis.com\/blog\/ma-week-list-323","title":{"rendered":"Ma week list #323"},"content":{"rendered":"<p>Hello la compagnie ! J&rsquo;esp\u00e8re que vous allez bien. J&rsquo;ai un peu lambin\u00e9 ce matin, enfin, si on consid\u00e8re que se d\u00e9placer pour le boulot revient \u00e0 lambiner, rhaaa, je me suis mal exprim\u00e9e&#8230; ! Je recommence : ok, il est 14h30, mais je vous livre sans plus tarder mes sept nouveaux coup de coeur. Cette semaine, j&rsquo;aime :<\/p>\n<h2 class=\"stabylo\">The nail project<\/h2>\n<p><img loading=\"lazy\" decoding=\"async\" class=\"aligncenter size-full wp-image-65759\" src=\"https:\/\/www.deedeeparis.com\/blog\/wp-content\/uploads\/2019\/09\/image-fond001.He7XFIpTBzDQ.jpeg\" alt=\"\" width=\"1920\" height=\"1080\" srcset=\"https:\/\/www.deedeeparis.com\/blog\/wp-content\/uploads\/2019\/09\/image-fond001.He7XFIpTBzDQ.jpeg 1920w, https:\/\/www.deedeeparis.com\/blog\/wp-content\/uploads\/2019\/09\/image-fond001.He7XFIpTBzDQ-768x432.jpeg 768w, https:\/\/www.deedeeparis.com\/blog\/wp-content\/uploads\/2019\/09\/image-fond001.He7XFIpTBzDQ-600x338.jpg 600w, https:\/\/www.deedeeparis.com\/blog\/wp-content\/uploads\/2019\/09\/image-fond001.He7XFIpTBzDQ-1024x576.jpg 1024w\" sizes=\"auto, (max-width: 1920px) 100vw, 1920px\" \/><\/p>\n<p><a href=\"https:\/\/www.instagram.com\/nailproject.paris\/\" target=\"_blank\" rel=\"noopener\">The Nail Project<\/a>, c&rsquo;est l&rsquo;id\u00e9e d&rsquo;Elise : elle a cr\u00e9e une marque de vernis \u00e0 ongles \u00e9thique et engag\u00e9e. Les vernis sont compos\u00e9s \u00e0 80% d&rsquo;ingr\u00e9dients d&rsquo;origine naturelle et v\u00e9g\u00e9tale, ils sont vegan, fabriqu\u00e9s en France et pour minimiser son impact sur l&rsquo;environnement, la marque souhaite proposer 5 couleurs par an (le rouge et une couleur par saison) et mettre en place un syst\u00e8me de consigne. En plus de tout cela, il est apparement tr\u00e8s facile \u00e0 appliquer et la couleur est tr\u00e8s jolie. Cerise sur le g\u00e2teau ? The Nail Project souhaite \u00e9galement recruter des personnes sourdes et malentendantes et a choisi de communiquer toutes ses valeurs en langue des signes. Quand je vous dis que c&rsquo;est une jolie marque.. Si vous voulez la soutenir,\u00a0 rendez-vous sur\u00a0<a href=\"https:\/\/fr.ulule.com\/nail-project\/?utm_campaign=presale_92626&amp;utm_source=shared-from-Ulule-project-page-on-Facebook&amp;utm_medium=post&amp;fbclid=IwAR0nZk6cOLYFpjqe83ltuts4pJ8aAZhOoDQDo2VEkQjJl7EhmlsK4WEX8ps\" target=\"_blank\" rel=\"noopener\">Ulule<\/a> !<\/p>\n<h2 class=\"stabylo\">Vers un secteur de la mode ecoresponsable<\/h2>\n<p><img loading=\"lazy\" decoding=\"async\" class=\"aligncenter size-full wp-image-65766\" src=\"https:\/\/www.deedeeparis.com\/blog\/wp-content\/uploads\/2019\/09\/photo-1445205170230-053b83016050.jpeg\" alt=\"\" width=\"2102\" height=\"1401\" srcset=\"https:\/\/www.deedeeparis.com\/blog\/wp-content\/uploads\/2019\/09\/photo-1445205170230-053b83016050.jpeg 2102w, https:\/\/www.deedeeparis.com\/blog\/wp-content\/uploads\/2019\/09\/photo-1445205170230-053b83016050-768x512.jpeg 768w, https:\/\/www.deedeeparis.com\/blog\/wp-content\/uploads\/2019\/09\/photo-1445205170230-053b83016050-600x400.jpg 600w, https:\/\/www.deedeeparis.com\/blog\/wp-content\/uploads\/2019\/09\/photo-1445205170230-053b83016050-1024x683.jpg 1024w\" sizes=\"auto, (max-width: 2102px) 100vw, 2102px\" \/><\/p>\n<p>Dans cet article du <em><a href=\"https:\/\/www.lemonde.fr\/economie\/article\/2019\/09\/18\/le-secteur-de-la-mode-se-convertit-lentement-a-l-ecoresponsabilite_5511922_3234.html\" target=\"_blank\" rel=\"noopener\">Monde<\/a><\/em>, on apprend que d&rsquo;apr\u00e8s une \u00e9tude r\u00e9cente men\u00e9e sur plus de 5 000 consommateurs en France, aux Etats-Unis, en Italie et en Allemagne, pr\u00e8s d&rsquo;un fran\u00e7ais sur deux a d\u00e9j\u00e0 achet\u00e9 un v\u00eatement ou des chaussures provenant de la mode \u00e9thique. Positif, non ? On y apprend aussi que beaucoup de personnes ont envie de consommer plus responsable mais qu&rsquo;elles ne savent tout simplement pas o\u00f9, malgr\u00e9 le tr\u00e8s bon <a href=\"https:\/\/www.deedeeparis.com\/blog\/lannuaire-de-la-mode-ethique-et-responsable\" target=\"_blank\" rel=\"noopener\">annuaire des marques de mode \u00e9thique<\/a> que je renseigne depuis des ann\u00e9es (ouiii, bon, \u00e7a va, j&rsquo;ai le droit d&rsquo;\u00eatre nombriliste, je rappelle que je suis blogueuse !). Aujourd&rsquo;hui la mode responsable reste un milieu de niche et elles est assez m\u00e9connue du grand public. On peut esp\u00e9rer que cette volont\u00e9 de mieux consommer encouragera les marques \u00e0 s&rsquo;engager sur ce terrain pour proposer des collections en mati\u00e8res naturelles et fabriqu\u00e9es dans de bonnes conditions. Allez allez les grands groupes !<\/p>\n<h2 class=\"stabylo\">Les baskets Zespa x Sessun<\/h2>\n<p><img loading=\"lazy\" decoding=\"async\" class=\"aligncenter size-full wp-image-65760\" src=\"https:\/\/www.deedeeparis.com\/blog\/wp-content\/uploads\/2019\/09\/zespa-sessun-baskets.jpg\" alt=\"\" width=\"600\" height=\"750\" \/><\/p>\n<p>La marque aixoise Zesp\u00e0 s&rsquo;associe \u00e0 la marque Sessun pour nous proposer deux paires de baskets en cuir pour cet automne. La premi\u00e8re paire, la ZSP4 est une paire blanche, assez minimaliste. La deuxi\u00e8me paire, la ZSP7, dans les tons roses poudr\u00e9s est en plein dans la tendance des <em>dad shoes.\u00a0<\/em>Les deux paires, en \u00e9ditions limit\u00e9es, sont disponibles depuis le 11 septembre dernier dans une s\u00e9lection de magasins Sess\u00f9n et sur les eshop <a href=\"https:\/\/fr.sessun.com\/zespa-x-sessun.html\" rel=\"nofollow\">Sessun.com<\/a> et <a href=\"https:\/\/zespa.fr\/en\/product-category\/women\/sessun-en\/\" rel=\"nofollow\">Zespa.fr<\/a>.<\/p>\n<h2 class=\"stabylo\">Les paniers de rangement tiss\u00e9s<\/h2>\n<p><img loading=\"lazy\" decoding=\"async\" class=\"aligncenter size-full wp-image-65771\" src=\"https:\/\/www.deedeeparis.com\/blog\/wp-content\/uploads\/2019\/09\/panier-njano-etsy.jpg\" alt=\"\" width=\"900\" height=\"900\" srcset=\"https:\/\/www.deedeeparis.com\/blog\/wp-content\/uploads\/2019\/09\/panier-njano-etsy.jpg 900w, https:\/\/www.deedeeparis.com\/blog\/wp-content\/uploads\/2019\/09\/panier-njano-etsy-768x768.jpg 768w, https:\/\/www.deedeeparis.com\/blog\/wp-content\/uploads\/2019\/09\/panier-njano-etsy-150x150.jpg 150w, https:\/\/www.deedeeparis.com\/blog\/wp-content\/uploads\/2019\/09\/panier-njano-etsy-600x600.jpg 600w\" sizes=\"auto, (max-width: 900px) 100vw, 900px\" \/><\/p>\n<p>Allier l&rsquo;utile et l&rsquo;agr\u00e9able avec ces paniers qui permettent de ranger tout et n&rsquo;importe quoi et qui d\u00e9corent joliment une pi\u00e8ce. Chaque panier est tiss\u00e9 \u00e0 la main par des femmes dans le sud ouest du Kenya. C&rsquo;est sur Etsy qu&rsquo;ils sont vendu par <a href=\"http:\/\/bit.ly\/305wrnV\" target=\"_blank\" rel=\"noopener\">The Basket Room<\/a>, ne me remerciez pas !<\/p>\n<h2 class=\"stabylo\">Le compte instagram de @clairesophiepissenslit<\/h2>\n<p><img loading=\"lazy\" decoding=\"async\" class=\"aligncenter size-full wp-image-65764\" src=\"https:\/\/www.deedeeparis.com\/blog\/wp-content\/uploads\/2019\/09\/calendrier-fruits-et-l\u00e9gumes-septembre-.png\" alt=\"\" width=\"1200\" height=\"1196\" srcset=\"https:\/\/www.deedeeparis.com\/blog\/wp-content\/uploads\/2019\/09\/calendrier-fruits-et-l\u00e9gumes-septembre-.png 1200w, https:\/\/www.deedeeparis.com\/blog\/wp-content\/uploads\/2019\/09\/calendrier-fruits-et-l\u00e9gumes-septembre--768x765.png 768w, https:\/\/www.deedeeparis.com\/blog\/wp-content\/uploads\/2019\/09\/calendrier-fruits-et-l\u00e9gumes-septembre--150x150.png 150w, https:\/\/www.deedeeparis.com\/blog\/wp-content\/uploads\/2019\/09\/calendrier-fruits-et-l\u00e9gumes-septembre--600x598.png 600w, https:\/\/www.deedeeparis.com\/blog\/wp-content\/uploads\/2019\/09\/calendrier-fruits-et-l\u00e9gumes-septembre--1024x1021.png 1024w\" sizes=\"auto, (max-width: 1200px) 100vw, 1200px\" \/><\/p>\n<p>`Sur son compte Instagram, <a href=\"https:\/\/www.instagram.com\/clairesophiepissenlit\/\" target=\"_blank\" rel=\"noopener\">Claire-Sophie<\/a> propose chaque mois une illustration pour nous rappeler quels sont les fruits et les l\u00e9gumes de saison.<img loading=\"lazy\" decoding=\"async\" class=\"aligncenter size-full wp-image-65769\" src=\"https:\/\/www.deedeeparis.com\/blog\/wp-content\/uploads\/2019\/09\/calendrier-fruits-et-legumes-mai.png\" alt=\"\" width=\"1200\" height=\"1192\" srcset=\"https:\/\/www.deedeeparis.com\/blog\/wp-content\/uploads\/2019\/09\/calendrier-fruits-et-legumes-mai.png 1200w, https:\/\/www.deedeeparis.com\/blog\/wp-content\/uploads\/2019\/09\/calendrier-fruits-et-legumes-mai-768x763.png 768w, https:\/\/www.deedeeparis.com\/blog\/wp-content\/uploads\/2019\/09\/calendrier-fruits-et-legumes-mai-150x150.png 150w, https:\/\/www.deedeeparis.com\/blog\/wp-content\/uploads\/2019\/09\/calendrier-fruits-et-legumes-mai-600x596.png 600w, https:\/\/www.deedeeparis.com\/blog\/wp-content\/uploads\/2019\/09\/calendrier-fruits-et-legumes-mai-1024x1017.png 1024w\" sizes=\"auto, (max-width: 1200px) 100vw, 1200px\" \/><\/p>\n<p><img loading=\"lazy\" decoding=\"async\" class=\"aligncenter size-full wp-image-65761\" src=\"https:\/\/www.deedeeparis.com\/blog\/wp-content\/uploads\/2019\/09\/calendrier-fruits-et-l\u00e9gumes-juin.png\" alt=\"\" width=\"1200\" height=\"1192\" srcset=\"https:\/\/www.deedeeparis.com\/blog\/wp-content\/uploads\/2019\/09\/calendrier-fruits-et-l\u00e9gumes-juin.png 1200w, https:\/\/www.deedeeparis.com\/blog\/wp-content\/uploads\/2019\/09\/calendrier-fruits-et-l\u00e9gumes-juin-768x763.png 768w, https:\/\/www.deedeeparis.com\/blog\/wp-content\/uploads\/2019\/09\/calendrier-fruits-et-l\u00e9gumes-juin-150x150.png 150w, https:\/\/www.deedeeparis.com\/blog\/wp-content\/uploads\/2019\/09\/calendrier-fruits-et-l\u00e9gumes-juin-600x596.png 600w, https:\/\/www.deedeeparis.com\/blog\/wp-content\/uploads\/2019\/09\/calendrier-fruits-et-l\u00e9gumes-juin-1024x1017.png 1024w\" sizes=\"auto, (max-width: 1200px) 100vw, 1200px\" \/><\/p>\n<p><img loading=\"lazy\" decoding=\"async\" class=\"aligncenter size-full wp-image-65762\" src=\"https:\/\/www.deedeeparis.com\/blog\/wp-content\/uploads\/2019\/09\/calendrier-fruits-et-l\u00e9gumes-jullet.png\" alt=\"\" width=\"1200\" height=\"1196\" srcset=\"https:\/\/www.deedeeparis.com\/blog\/wp-content\/uploads\/2019\/09\/calendrier-fruits-et-l\u00e9gumes-jullet.png 1200w, https:\/\/www.deedeeparis.com\/blog\/wp-content\/uploads\/2019\/09\/calendrier-fruits-et-l\u00e9gumes-jullet-768x765.png 768w, https:\/\/www.deedeeparis.com\/blog\/wp-content\/uploads\/2019\/09\/calendrier-fruits-et-l\u00e9gumes-jullet-150x150.png 150w, https:\/\/www.deedeeparis.com\/blog\/wp-content\/uploads\/2019\/09\/calendrier-fruits-et-l\u00e9gumes-jullet-600x598.png 600w, https:\/\/www.deedeeparis.com\/blog\/wp-content\/uploads\/2019\/09\/calendrier-fruits-et-l\u00e9gumes-jullet-1024x1021.png 1024w\" sizes=\"auto, (max-width: 1200px) 100vw, 1200px\" \/><\/p>\n<p><img loading=\"lazy\" decoding=\"async\" class=\"aligncenter size-full wp-image-65763\" src=\"https:\/\/www.deedeeparis.com\/blog\/wp-content\/uploads\/2019\/09\/calendrier-fruits-et-l\u00e9gumes-aout.png\" alt=\"\" width=\"1200\" height=\"1196\" srcset=\"https:\/\/www.deedeeparis.com\/blog\/wp-content\/uploads\/2019\/09\/calendrier-fruits-et-l\u00e9gumes-aout.png 1200w, https:\/\/www.deedeeparis.com\/blog\/wp-content\/uploads\/2019\/09\/calendrier-fruits-et-l\u00e9gumes-aout-768x765.png 768w, https:\/\/www.deedeeparis.com\/blog\/wp-content\/uploads\/2019\/09\/calendrier-fruits-et-l\u00e9gumes-aout-150x150.png 150w, https:\/\/www.deedeeparis.com\/blog\/wp-content\/uploads\/2019\/09\/calendrier-fruits-et-l\u00e9gumes-aout-600x598.png 600w, https:\/\/www.deedeeparis.com\/blog\/wp-content\/uploads\/2019\/09\/calendrier-fruits-et-l\u00e9gumes-aout-1024x1021.png 1024w\" sizes=\"auto, (max-width: 1200px) 100vw, 1200px\" \/><\/p>\n<h2 class=\"stabylo\">Fais-le toi-m\u00eame : Un meuble minimaliste<\/h2>\n<p><img loading=\"lazy\" decoding=\"async\" class=\"aligncenter size-full wp-image-65772\" src=\"https:\/\/www.deedeeparis.com\/blog\/wp-content\/uploads\/2019\/09\/HOME-DIY-caisse-a-vin-detournement-meuble-haut.jpg\" alt=\"\" width=\"2144\" height=\"1429\" srcset=\"https:\/\/www.deedeeparis.com\/blog\/wp-content\/uploads\/2019\/09\/HOME-DIY-caisse-a-vin-detournement-meuble-haut.jpg 2144w, https:\/\/www.deedeeparis.com\/blog\/wp-content\/uploads\/2019\/09\/HOME-DIY-caisse-a-vin-detournement-meuble-haut-768x512.jpg 768w, https:\/\/www.deedeeparis.com\/blog\/wp-content\/uploads\/2019\/09\/HOME-DIY-caisse-a-vin-detournement-meuble-haut-600x400.jpg 600w, https:\/\/www.deedeeparis.com\/blog\/wp-content\/uploads\/2019\/09\/HOME-DIY-caisse-a-vin-detournement-meuble-haut-1024x683.jpg 1024w\" sizes=\"auto, (max-width: 2144px) 100vw, 2144px\" \/><\/p>\n<p>En suivant les conseils de <a href=\"https:\/\/ladelicateparenthese.com\/diy-meuble-minimal-elegant-bois\/\" target=\"_blank\" rel=\"noopener\">La D\u00e9licate Parenth\u00e8se<\/a> vous saurez comment r\u00e9aliser ce joli meuble minimaliste. Il y a plus qu&rsquo;\u00e0 !<\/p>\n<h2 class=\"stabylo\">Lying Low de Metronomy<\/h2>\n<p>Bon. Un conseil, montez le son, cette p\u00e9pite de titre issue du tout dernier album de Metronomy se d\u00e9guste avec un volume plut\u00f4t \u00e9lev\u00e9 pour un kiff absolu !<\/p>\n<p><iframe loading=\"lazy\" src=\"https:\/\/www.youtube.com\/embed\/Nq23rf4-tsI\" width=\"560\" height=\"315\" frameborder=\"0\" allowfullscreen=\"allowfullscreen\"><\/iframe><br \/>\nVoil\u00e0, c&rsquo;est tout pour aujourd&rsquo;hui, prenez soin de vous !<\/p>\n","protected":false},"excerpt":{"rendered":"<p>Hello la compagnie ! J&rsquo;esp\u00e8re que vous allez bien. J&rsquo;ai un peu lambin\u00e9 ce matin, enfin, si on consid\u00e8re que se d\u00e9placer pour le boulot revient \u00e0 lambiner, rhaaa, je me suis mal exprim\u00e9e&#8230; ! Je recommence : ok, il est 14h30, mais je vous livre sans plus tarder mes sept nouveaux coup de coeur. [&hellip;]<\/p>\n","protected":false},"author":29,"featured_media":65780,"comment_status":"open","ping_status":"open","sticky":false,"template":"","format":"standard","meta":{"_acf_changed":false,"footnotes":""},"categories":[8],"tags":[9631,2214,9632,9303,9630,9633],"class_list":["post-65757","post","type-post","status-publish","format-standard","has-post-thumbnail","hentry","category-chroniques-de-paris","tag-cosmetiques-ethique","tag-do-it-yourself","tag-mode-ecoresponsable","tag-serie-photos","tag-vernis-the-nail-project","tag-zespa-x-sessun"],"acf":[],"geo":null,"_links":{"self":[{"href":"https:\/\/www.deedeeparis.com\/blog\/wp-json\/wp\/v2\/posts\/65757","targetHints":{"allow":["GET"]}}],"collection":[{"href":"https:\/\/www.deedeeparis.com\/blog\/wp-json\/wp\/v2\/posts"}],"about":[{"href":"https:\/\/www.deedeeparis.com\/blog\/wp-json\/wp\/v2\/types\/post"}],"author":[{"embeddable":true,"href":"https:\/\/www.deedeeparis.com\/blog\/wp-json\/wp\/v2\/users\/29"}],"replies":[{"embeddable":true,"href":"https:\/\/www.deedeeparis.com\/blog\/wp-json\/wp\/v2\/comments?post=65757"}],"version-history":[{"count":11,"href":"https:\/\/www.deedeeparis.com\/blog\/wp-json\/wp\/v2\/posts\/65757\/revisions"}],"predecessor-version":[{"id":65791,"href":"https:\/\/www.deedeeparis.com\/blog\/wp-json\/wp\/v2\/posts\/65757\/revisions\/65791"}],"wp:featuredmedia":[{"embeddable":true,"href":"https:\/\/www.deedeeparis.com\/blog\/wp-json\/wp\/v2\/media\/65780"}],"wp:attachment":[{"href":"https:\/\/www.deedeeparis.com\/blog\/wp-json\/wp\/v2\/media?parent=65757"}],"wp:term":[{"taxonomy":"category","embeddable":true,"href":"https:\/\/www.deedeeparis.com\/blog\/wp-json\/wp\/v2\/categories?post=65757"},{"taxonomy":"post_tag","embeddable":true,"href":"https:\/\/www.deedeeparis.com\/blog\/wp-json\/wp\/v2\/tags?post=65757"}],"curies":[{"name":"wp","href":"https:\/\/api.w.org\/{rel}","templated":true}]}}