{"id":67220,"date":"2020-01-20T09:38:35","date_gmt":"2020-01-20T08:38:35","guid":{"rendered":"http:\/\/www.deedeeparis.com\/blog\/?p=67220"},"modified":"2020-01-20T22:16:58","modified_gmt":"2020-01-20T21:16:58","slug":"ma-week-list-329","status":"publish","type":"post","link":"https:\/\/www.deedeeparis.com\/blog\/ma-week-list-329","title":{"rendered":"Ma Week List #329"},"content":{"rendered":"<p>La voici la voil\u00e0 la toute premi\u00e8re Week List cru 2020 ! Je travaille en ce moment sur un gros projet dont j&rsquo;esp\u00e8re pouvoir vous parler tr\u00e8s bient\u00f4t et qui met un petit frein \u00e0 mes autres activit\u00e9s, en plus de l&#8217;emm\u00e9nagement dans les nouveaux bureaux et le fait que travaille quasi seule depuis septembre. Mais il para\u00eet qu&rsquo;\u00e0 coeur vaillant, rien d&rsquo;impossible et que surtout, \u00e0 l&rsquo;impossible, nul n&rsquo;est tenu : je peux vous dire que je me le tiens pour dit ! J&rsquo;esp\u00e8re que la rentr\u00e9e se passe sous les meilleurs hospices de votre c\u00f4t\u00e9. Sans plus attendre, voici donc les 7 coups de coeur de la semaine : n&rsquo;h\u00e9sitez pas \u00e0 me dire ce que vous aimeriez voir plus ou moins dans la Week List : elle a d\u00e9j\u00e0 beaucoup \u00e9volu\u00e9 depuis la toute premi\u00e8re, quelque part en &#8230; <a href=\"https:\/\/www.deedeeparis.com\/blog\/ma-week-list\">juillet 2012<\/a> ! Vos suggestions sont toujours les bienvenues !<\/p>\n<p>Cette semaine, j&rsquo;aime :<\/p>\n<h2 class=\"stabylo\">Les jeans certifi\u00e9s GOTS et Oeko Tex de S\u00e9zane<\/h2>\n<p><a href=\"https:\/\/www.deedeeparis.com\/blog\/wp-content\/uploads\/2020\/01\/Jean-sezane.jpg\"><img loading=\"lazy\" decoding=\"async\" class=\"aligncenter size-full wp-image-67230\" src=\"https:\/\/www.deedeeparis.com\/blog\/wp-content\/uploads\/2020\/01\/Jean-sezane.jpg\" alt=\"\" width=\"1080\" height=\"1514\" srcset=\"https:\/\/www.deedeeparis.com\/blog\/wp-content\/uploads\/2020\/01\/Jean-sezane.jpg 1080w, https:\/\/www.deedeeparis.com\/blog\/wp-content\/uploads\/2020\/01\/Jean-sezane-768x1077.jpg 768w, https:\/\/www.deedeeparis.com\/blog\/wp-content\/uploads\/2020\/01\/Jean-sezane-600x841.jpg 600w, https:\/\/www.deedeeparis.com\/blog\/wp-content\/uploads\/2020\/01\/Jean-sezane-730x1024.jpg 730w\" sizes=\"auto, (max-width: 1080px) 100vw, 1080px\" \/><\/a><\/p>\n<p>La marque poursuit ses engagements en mati\u00e8re de mode responsable et lance une gamme de <a href=\"http:\/\/bit.ly\/38i42Lw\">jeans \u00e9co friendly<\/a> : certifi\u00e9s <a href=\"https:\/\/www.global-standard.org\/fr\/le-referentiel\/presentation-generale.html\">GOTS<\/a> (fibres issues de l&rsquo;agriculture biologique) et <a href=\"https:\/\/www.oeko-tex.com\/en\/\">Oeko Tex<\/a>,\u00a0ils sont \u00e9tudi\u00e9s pour avoir le moins d&rsquo;impact\u00a0 possible sur l&rsquo;environnement tout en respectant ceux qui les fabriquent. Le tout est \u00e9videmment aussi d\u00e9sirables que la plupart des pi\u00e8ces de la marque ! Toute la collection est accessible <a href=\"http:\/\/bit.ly\/38i42Lw\">sur ce lien<\/a>.<\/p>\n<p><a href=\"https:\/\/www.deedeeparis.com\/blog\/wp-content\/uploads\/2020\/01\/Jean-sezane-2.jpg\"><img loading=\"lazy\" decoding=\"async\" class=\"aligncenter size-full wp-image-67228\" src=\"https:\/\/www.deedeeparis.com\/blog\/wp-content\/uploads\/2020\/01\/Jean-sezane-2.jpg\" alt=\"\" width=\"1080\" height=\"1514\" srcset=\"https:\/\/www.deedeeparis.com\/blog\/wp-content\/uploads\/2020\/01\/Jean-sezane-2.jpg 1080w, https:\/\/www.deedeeparis.com\/blog\/wp-content\/uploads\/2020\/01\/Jean-sezane-2-768x1077.jpg 768w, https:\/\/www.deedeeparis.com\/blog\/wp-content\/uploads\/2020\/01\/Jean-sezane-2-600x841.jpg 600w, https:\/\/www.deedeeparis.com\/blog\/wp-content\/uploads\/2020\/01\/Jean-sezane-2-730x1024.jpg 730w\" sizes=\"auto, (max-width: 1080px) 100vw, 1080px\" \/><\/a><\/p>\n<p><a href=\"https:\/\/www.deedeeparis.com\/blog\/wp-content\/uploads\/2020\/01\/Jean-sezane-1.jpg\"><img loading=\"lazy\" decoding=\"async\" class=\"aligncenter size-full wp-image-67229\" src=\"https:\/\/www.deedeeparis.com\/blog\/wp-content\/uploads\/2020\/01\/Jean-sezane-1.jpg\" alt=\"\" width=\"1080\" height=\"1514\" srcset=\"https:\/\/www.deedeeparis.com\/blog\/wp-content\/uploads\/2020\/01\/Jean-sezane-1.jpg 1080w, https:\/\/www.deedeeparis.com\/blog\/wp-content\/uploads\/2020\/01\/Jean-sezane-1-768x1077.jpg 768w, https:\/\/www.deedeeparis.com\/blog\/wp-content\/uploads\/2020\/01\/Jean-sezane-1-600x841.jpg 600w, https:\/\/www.deedeeparis.com\/blog\/wp-content\/uploads\/2020\/01\/Jean-sezane-1-730x1024.jpg 730w\" sizes=\"auto, (max-width: 1080px) 100vw, 1080px\" \/><\/a><\/p>\n<p><a href=\"https:\/\/www.deedeeparis.com\/blog\/wp-content\/uploads\/2020\/01\/pc6tp57n5q8nuieljl2y.jpg\"><img loading=\"lazy\" decoding=\"async\" class=\"aligncenter size-full wp-image-67231\" src=\"https:\/\/www.deedeeparis.com\/blog\/wp-content\/uploads\/2020\/01\/pc6tp57n5q8nuieljl2y.jpg\" alt=\"\" width=\"1080\" height=\"1514\" srcset=\"https:\/\/www.deedeeparis.com\/blog\/wp-content\/uploads\/2020\/01\/pc6tp57n5q8nuieljl2y.jpg 1080w, https:\/\/www.deedeeparis.com\/blog\/wp-content\/uploads\/2020\/01\/pc6tp57n5q8nuieljl2y-768x1077.jpg 768w, https:\/\/www.deedeeparis.com\/blog\/wp-content\/uploads\/2020\/01\/pc6tp57n5q8nuieljl2y-600x841.jpg 600w, https:\/\/www.deedeeparis.com\/blog\/wp-content\/uploads\/2020\/01\/pc6tp57n5q8nuieljl2y-730x1024.jpg 730w\" sizes=\"auto, (max-width: 1080px) 100vw, 1080px\" \/><\/a><\/p>\n<p><a href=\"https:\/\/www.deedeeparis.com\/blog\/wp-content\/uploads\/2020\/01\/Jean-sezane-3.jpg\"><img loading=\"lazy\" decoding=\"async\" class=\"aligncenter size-full wp-image-67227\" src=\"https:\/\/www.deedeeparis.com\/blog\/wp-content\/uploads\/2020\/01\/Jean-sezane-3.jpg\" alt=\"\" width=\"1080\" height=\"1514\" srcset=\"https:\/\/www.deedeeparis.com\/blog\/wp-content\/uploads\/2020\/01\/Jean-sezane-3.jpg 1080w, https:\/\/www.deedeeparis.com\/blog\/wp-content\/uploads\/2020\/01\/Jean-sezane-3-768x1077.jpg 768w, https:\/\/www.deedeeparis.com\/blog\/wp-content\/uploads\/2020\/01\/Jean-sezane-3-600x841.jpg 600w, https:\/\/www.deedeeparis.com\/blog\/wp-content\/uploads\/2020\/01\/Jean-sezane-3-730x1024.jpg 730w\" sizes=\"auto, (max-width: 1080px) 100vw, 1080px\" \/><\/a><\/p>\n<h2 class=\"stabylo\">Private Green, les ventes priv\u00e9es d\u00e9di\u00e9es aux marques bio et \u00e9co responsables<\/h2>\n<p><a href=\"https:\/\/www.deedeeparis.com\/blog\/wp-content\/uploads\/2020\/01\/private-green.png\"><img loading=\"lazy\" decoding=\"async\" class=\"aligncenter size-full wp-image-67234\" src=\"https:\/\/www.deedeeparis.com\/blog\/wp-content\/uploads\/2020\/01\/private-green.png\" alt=\"\" width=\"1005\" height=\"644\" srcset=\"https:\/\/www.deedeeparis.com\/blog\/wp-content\/uploads\/2020\/01\/private-green.png 1005w, https:\/\/www.deedeeparis.com\/blog\/wp-content\/uploads\/2020\/01\/private-green-768x492.png 768w, https:\/\/www.deedeeparis.com\/blog\/wp-content\/uploads\/2020\/01\/private-green-600x384.png 600w\" sizes=\"auto, (max-width: 1005px) 100vw, 1005px\" \/><\/a><\/p>\n<p>Il fallait y penser : Private Green propose des ventes priv\u00e9es ultra green en proposant des rabais sur des marques exclusivement bio, naturelles et \u00e9co responsables. Une belle mani\u00e8re d&rsquo;encourager les achats plus clean en les rendant plus accessibles : les produits des marques propos\u00e9es en vente priv\u00e9e sur la plateforme sont vendus\u00a0avec 30 \u00e0 70% de r\u00e9duction&#8230; ah oui, quand m\u00eame ! Pour obtenir ces tarifs, le site travaille en direct avec les marques, sans aucun interm\u00e9diaire. Et \u00e7a concerne des marques de pr\u00eat \u00e0 porter, de food, de beaut\u00e9, bref, d&rsquo;\u00e0 peu pr\u00e8s tous les domaines pour consommer moins, mais mieux. Vous pouvez utiliser <a href=\"https:\/\/www.private-green.com\/invite\/MjAyMC0wMS0xt92YuwWah12ZANXayFGclVGZlVGZ\">mon lien de parrainage<\/a> si vous aimez assez pour vous inscrire (et g\u00e9n\u00e9rer votre propre lien de parrainage par la suite).<\/p>\n<h2 class=\"stabylo\">La collection Rive Droite x Lili Barbery<\/h2>\n<p><a href=\"https:\/\/www.deedeeparis.com\/blog\/wp-content\/uploads\/2020\/01\/intro-sac-yoga.jpg\"><img loading=\"lazy\" decoding=\"async\" class=\"aligncenter size-full wp-image-67256\" src=\"https:\/\/www.deedeeparis.com\/blog\/wp-content\/uploads\/2020\/01\/intro-sac-yoga.jpg\" alt=\"\" width=\"2360\" height=\"1250\" srcset=\"https:\/\/www.deedeeparis.com\/blog\/wp-content\/uploads\/2020\/01\/intro-sac-yoga.jpg 2360w, https:\/\/www.deedeeparis.com\/blog\/wp-content\/uploads\/2020\/01\/intro-sac-yoga-768x407.jpg 768w, https:\/\/www.deedeeparis.com\/blog\/wp-content\/uploads\/2020\/01\/intro-sac-yoga-600x318.jpg 600w, https:\/\/www.deedeeparis.com\/blog\/wp-content\/uploads\/2020\/01\/intro-sac-yoga-1024x542.jpg 1024w\" sizes=\"auto, (max-width: 2360px) 100vw, 2360px\" \/><\/a><\/p>\n<p style=\"text-align: center;\"><em>\u00a9Photos Lucie Sassiat pour Rive Droite\u00a0<\/em><\/p>\n<p>Au rayon des jolies collabs qui font sens (oui, je sais, \u00e7a ne se dit pas en fran\u00e7ais mais j&rsquo;aime quand m\u00eame), la collection\u00a0Rive Droite x Lili Barbery : deux sacs pour transporter vos affaires de yoga, tapis inclus, ainsi que deux pochettes pour y mettre une brique (de yoga, mais si vous avez des lingots d&rsquo;or \u00e0 transporter tant mieux pour vous !). Les toiles sont toujours issues de chutes de tissus destin\u00e9s \u00e0 \u00eatre d\u00e9truites, les sacs sont toujours confectionn\u00e9s \u00e0 la main, au Maroc, par des couturiers au ch\u00f4mage ou en r\u00e9insertion. Et au-del\u00e0 de l&rsquo;aspect toujours \u00e9thique de Rive Droite, ces mod\u00e8les con\u00e7us par Lili sont dr\u00f4lement d\u00e9sirables ! La collab est dispo sur le site de <a href=\"https:\/\/www.rivedroite-paris.com\/fr\/\">Rive Droite<\/a> et tant que vous y \u00eates, je vous invite \u00e0 lire <a href=\"https:\/\/lilibarbery.com\/wellness\/yoga\/ma-collaboration-avec-rive-droite\/\">ce tr\u00e8s beau texte de Lili<\/a> qui accompagne le lancement de cette collection !<\/p>\n<p><a href=\"https:\/\/www.deedeeparis.com\/blog\/wp-content\/uploads\/2020\/01\/sac-yoga-lili.jpg\"><img loading=\"lazy\" decoding=\"async\" class=\"aligncenter size-full wp-image-67255\" src=\"https:\/\/www.deedeeparis.com\/blog\/wp-content\/uploads\/2020\/01\/sac-yoga-lili.jpg\" alt=\"\" width=\"1500\" height=\"2250\" srcset=\"https:\/\/www.deedeeparis.com\/blog\/wp-content\/uploads\/2020\/01\/sac-yoga-lili.jpg 1500w, https:\/\/www.deedeeparis.com\/blog\/wp-content\/uploads\/2020\/01\/sac-yoga-lili-768x1152.jpg 768w, https:\/\/www.deedeeparis.com\/blog\/wp-content\/uploads\/2020\/01\/sac-yoga-lili-600x900.jpg 600w, https:\/\/www.deedeeparis.com\/blog\/wp-content\/uploads\/2020\/01\/sac-yoga-lili-683x1024.jpg 683w\" sizes=\"auto, (max-width: 1500px) 100vw, 1500px\" \/><\/a><\/p>\n<h2 class=\"stabylo\">Les tabourets marocains<\/h2>\n<p><a href=\"http:\/\/bit.ly\/3aoZipr\" target=\"_blank\" rel=\"noopener noreferrer\"><img loading=\"lazy\" decoding=\"async\" class=\"aligncenter size-full wp-image-67253\" src=\"https:\/\/www.deedeeparis.com\/blog\/wp-content\/uploads\/2020\/01\/il_1588xN.1951677137_4ozh.jpg\" alt=\"\" width=\"1588\" height=\"896\" srcset=\"https:\/\/www.deedeeparis.com\/blog\/wp-content\/uploads\/2020\/01\/il_1588xN.1951677137_4ozh.jpg 1588w, https:\/\/www.deedeeparis.com\/blog\/wp-content\/uploads\/2020\/01\/il_1588xN.1951677137_4ozh-768x433.jpg 768w, https:\/\/www.deedeeparis.com\/blog\/wp-content\/uploads\/2020\/01\/il_1588xN.1951677137_4ozh-600x339.jpg 600w, https:\/\/www.deedeeparis.com\/blog\/wp-content\/uploads\/2020\/01\/il_1588xN.1951677137_4ozh-1024x578.jpg 1024w\" sizes=\"auto, (max-width: 1588px) 100vw, 1588px\" \/><\/a><\/p>\n<p>La semaine derni\u00e8re, je vous montrais quelques am\u00e9nagements du nouveau bureau, dont les fameuses <a href=\"https:\/\/www.deedeeparis.com\/blog\/tuto-une-etagere-sur-mesure-sans-clous-sans-colle-et-sans-vis\">\u00e9tag\u00e8res sans clous ni vis<\/a> ! Au d\u00e9tour d&rsquo;une photo, vous avez aper\u00e7u les petits tabourets marocains que j&rsquo;ai depuis plusieurs ann\u00e9es. Je les avais achet\u00e9 chez Liberty, une boutique de d\u00e9co dans le 11\u00e8me.<\/p>\n<p>Pour ceux qui ne sont pas parisiens ou qui voudraient faire main basse sur une bonne affaire, rapport que les tabourets y sont moins chers, j&rsquo;en ai d\u00e9got\u00e9 quelques-uns sur ma boutique en ligne pr\u00e9f\u00e9r\u00e9e aka Etsy, notamment sur <a href=\"http:\/\/bit.ly\/2tpR1B9\">Les Enfants Sauvages<\/a> aupr\u00e8s de qui j&rsquo;ai d\u00e9j\u00e0 command\u00e9 sans souci : (cliquez sur les photos pour arriver sur la fiche produit directement)<\/p>\n<p><a href=\"http:\/\/bit.ly\/2RCEjH0\" target=\"_blank\" rel=\"noopener noreferrer\"><img loading=\"lazy\" decoding=\"async\" class=\"aligncenter size-full wp-image-67252\" src=\"https:\/\/www.deedeeparis.com\/blog\/wp-content\/uploads\/2020\/01\/il_1588xN.2115016362_ptd0.jpg\" alt=\"\" width=\"1588\" height=\"2117\" srcset=\"https:\/\/www.deedeeparis.com\/blog\/wp-content\/uploads\/2020\/01\/il_1588xN.2115016362_ptd0.jpg 1588w, https:\/\/www.deedeeparis.com\/blog\/wp-content\/uploads\/2020\/01\/il_1588xN.2115016362_ptd0-768x1024.jpg 768w, https:\/\/www.deedeeparis.com\/blog\/wp-content\/uploads\/2020\/01\/il_1588xN.2115016362_ptd0-600x800.jpg 600w\" sizes=\"auto, (max-width: 1588px) 100vw, 1588px\" \/><\/a><\/p>\n<p><a href=\"http:\/\/bit.ly\/2TGuBX0\" target=\"_blank\" rel=\"noopener noreferrer\"><img loading=\"lazy\" decoding=\"async\" class=\"aligncenter size-full wp-image-67251\" src=\"https:\/\/www.deedeeparis.com\/blog\/wp-content\/uploads\/2020\/01\/il_1588xN.2115014956_1ba6.jpg\" alt=\"\" width=\"1588\" height=\"2117\" srcset=\"https:\/\/www.deedeeparis.com\/blog\/wp-content\/uploads\/2020\/01\/il_1588xN.2115014956_1ba6.jpg 1588w, https:\/\/www.deedeeparis.com\/blog\/wp-content\/uploads\/2020\/01\/il_1588xN.2115014956_1ba6-768x1024.jpg 768w, https:\/\/www.deedeeparis.com\/blog\/wp-content\/uploads\/2020\/01\/il_1588xN.2115014956_1ba6-600x800.jpg 600w\" sizes=\"auto, (max-width: 1588px) 100vw, 1588px\" \/><\/a><\/p>\n<h2 class=\"stabylo\">\u00abPerspektive\u00bb de Gustav Willeit<\/h2>\n<p><a href=\"https:\/\/www.deedeeparis.com\/blog\/wp-content\/uploads\/2020\/01\/Gustav-Willeit-3.jpg\"><img loading=\"lazy\" decoding=\"async\" class=\"aligncenter size-full wp-image-67243\" src=\"https:\/\/www.deedeeparis.com\/blog\/wp-content\/uploads\/2020\/01\/Gustav-Willeit-3.jpg\" alt=\"\" width=\"1920\" height=\"1280\" srcset=\"https:\/\/www.deedeeparis.com\/blog\/wp-content\/uploads\/2020\/01\/Gustav-Willeit-3.jpg 1920w, https:\/\/www.deedeeparis.com\/blog\/wp-content\/uploads\/2020\/01\/Gustav-Willeit-3-768x512.jpg 768w, https:\/\/www.deedeeparis.com\/blog\/wp-content\/uploads\/2020\/01\/Gustav-Willeit-3-600x400.jpg 600w, https:\/\/www.deedeeparis.com\/blog\/wp-content\/uploads\/2020\/01\/Gustav-Willeit-3-1024x683.jpg 1024w\" sizes=\"auto, (max-width: 1920px) 100vw, 1920px\" \/><\/a><\/p>\n<p>Le photographe italien <a href=\"https:\/\/www.behance.net\/gallery\/34688981\/Perspe-Vlll\">Gustav Willeit<\/a> a r\u00e9alis\u00e9 plusieurs s\u00e9rie autour de la sym\u00e9trie des paysages et des villes. Vraies ou fausses ? A votre avis&#8230; Regardez les photos, la r\u00e9ponse est juste apr\u00e8s la s\u00e9rie !<\/p>\n<p><a href=\"https:\/\/www.deedeeparis.com\/blog\/wp-content\/uploads\/2020\/01\/Gustav-Willeit-4.jpg\"><img loading=\"lazy\" decoding=\"async\" class=\"aligncenter size-full wp-image-67242\" src=\"https:\/\/www.deedeeparis.com\/blog\/wp-content\/uploads\/2020\/01\/Gustav-Willeit-4.jpg\" alt=\"\" width=\"1920\" height=\"1280\" srcset=\"https:\/\/www.deedeeparis.com\/blog\/wp-content\/uploads\/2020\/01\/Gustav-Willeit-4.jpg 1920w, https:\/\/www.deedeeparis.com\/blog\/wp-content\/uploads\/2020\/01\/Gustav-Willeit-4-768x512.jpg 768w, https:\/\/www.deedeeparis.com\/blog\/wp-content\/uploads\/2020\/01\/Gustav-Willeit-4-600x400.jpg 600w, https:\/\/www.deedeeparis.com\/blog\/wp-content\/uploads\/2020\/01\/Gustav-Willeit-4-1024x683.jpg 1024w\" sizes=\"auto, (max-width: 1920px) 100vw, 1920px\" \/><\/a><\/p>\n<p><a href=\"https:\/\/www.deedeeparis.com\/blog\/wp-content\/uploads\/2020\/01\/Gustav-Willeit-5.jpg\"><img loading=\"lazy\" decoding=\"async\" class=\"aligncenter size-full wp-image-67241\" src=\"https:\/\/www.deedeeparis.com\/blog\/wp-content\/uploads\/2020\/01\/Gustav-Willeit-5.jpg\" alt=\"\" width=\"1920\" height=\"1280\" srcset=\"https:\/\/www.deedeeparis.com\/blog\/wp-content\/uploads\/2020\/01\/Gustav-Willeit-5.jpg 1920w, https:\/\/www.deedeeparis.com\/blog\/wp-content\/uploads\/2020\/01\/Gustav-Willeit-5-768x512.jpg 768w, https:\/\/www.deedeeparis.com\/blog\/wp-content\/uploads\/2020\/01\/Gustav-Willeit-5-600x400.jpg 600w, https:\/\/www.deedeeparis.com\/blog\/wp-content\/uploads\/2020\/01\/Gustav-Willeit-5-1024x683.jpg 1024w\" sizes=\"auto, (max-width: 1920px) 100vw, 1920px\" \/><\/a><\/p>\n<p><a href=\"https:\/\/www.deedeeparis.com\/blog\/wp-content\/uploads\/2020\/01\/Gustav-Willeit-6.jpg\"><img loading=\"lazy\" decoding=\"async\" class=\"aligncenter size-full wp-image-67240\" src=\"https:\/\/www.deedeeparis.com\/blog\/wp-content\/uploads\/2020\/01\/Gustav-Willeit-6.jpg\" alt=\"\" width=\"1200\" height=\"825\" srcset=\"https:\/\/www.deedeeparis.com\/blog\/wp-content\/uploads\/2020\/01\/Gustav-Willeit-6.jpg 1200w, https:\/\/www.deedeeparis.com\/blog\/wp-content\/uploads\/2020\/01\/Gustav-Willeit-6-768x528.jpg 768w, https:\/\/www.deedeeparis.com\/blog\/wp-content\/uploads\/2020\/01\/Gustav-Willeit-6-600x413.jpg 600w, https:\/\/www.deedeeparis.com\/blog\/wp-content\/uploads\/2020\/01\/Gustav-Willeit-6-1024x704.jpg 1024w\" sizes=\"auto, (max-width: 1200px) 100vw, 1200px\" \/><\/a><\/p>\n<p><a href=\"https:\/\/www.deedeeparis.com\/blog\/wp-content\/uploads\/2020\/01\/Gustav-Willeit-9.jpg\"><img loading=\"lazy\" decoding=\"async\" class=\"aligncenter size-full wp-image-67237\" src=\"https:\/\/www.deedeeparis.com\/blog\/wp-content\/uploads\/2020\/01\/Gustav-Willeit-9.jpg\" alt=\"\" width=\"1200\" height=\"825\" srcset=\"https:\/\/www.deedeeparis.com\/blog\/wp-content\/uploads\/2020\/01\/Gustav-Willeit-9.jpg 1200w, https:\/\/www.deedeeparis.com\/blog\/wp-content\/uploads\/2020\/01\/Gustav-Willeit-9-768x528.jpg 768w, https:\/\/www.deedeeparis.com\/blog\/wp-content\/uploads\/2020\/01\/Gustav-Willeit-9-600x413.jpg 600w, https:\/\/www.deedeeparis.com\/blog\/wp-content\/uploads\/2020\/01\/Gustav-Willeit-9-1024x704.jpg 1024w\" sizes=\"auto, (max-width: 1200px) 100vw, 1200px\" \/><\/a><\/p>\n<p><a href=\"https:\/\/www.deedeeparis.com\/blog\/wp-content\/uploads\/2020\/01\/Gustav-Willeit-1.jpg\"><img loading=\"lazy\" decoding=\"async\" class=\"aligncenter size-full wp-image-67245\" src=\"https:\/\/www.deedeeparis.com\/blog\/wp-content\/uploads\/2020\/01\/Gustav-Willeit-1.jpg\" alt=\"\" width=\"1920\" height=\"1281\" srcset=\"https:\/\/www.deedeeparis.com\/blog\/wp-content\/uploads\/2020\/01\/Gustav-Willeit-1.jpg 1920w, https:\/\/www.deedeeparis.com\/blog\/wp-content\/uploads\/2020\/01\/Gustav-Willeit-1-768x512.jpg 768w, https:\/\/www.deedeeparis.com\/blog\/wp-content\/uploads\/2020\/01\/Gustav-Willeit-1-600x400.jpg 600w, https:\/\/www.deedeeparis.com\/blog\/wp-content\/uploads\/2020\/01\/Gustav-Willeit-1-1024x683.jpg 1024w\" sizes=\"auto, (max-width: 1920px) 100vw, 1920px\" \/><\/a><\/p>\n<p><a href=\"https:\/\/www.deedeeparis.com\/blog\/wp-content\/uploads\/2020\/01\/Gustav-Willeit-2.jpg\"><img loading=\"lazy\" decoding=\"async\" class=\"aligncenter size-full wp-image-67244\" src=\"https:\/\/www.deedeeparis.com\/blog\/wp-content\/uploads\/2020\/01\/Gustav-Willeit-2.jpg\" alt=\"\" width=\"1920\" height=\"1280\" srcset=\"https:\/\/www.deedeeparis.com\/blog\/wp-content\/uploads\/2020\/01\/Gustav-Willeit-2.jpg 1920w, https:\/\/www.deedeeparis.com\/blog\/wp-content\/uploads\/2020\/01\/Gustav-Willeit-2-768x512.jpg 768w, https:\/\/www.deedeeparis.com\/blog\/wp-content\/uploads\/2020\/01\/Gustav-Willeit-2-600x400.jpg 600w, https:\/\/www.deedeeparis.com\/blog\/wp-content\/uploads\/2020\/01\/Gustav-Willeit-2-1024x683.jpg 1024w\" sizes=\"auto, (max-width: 1920px) 100vw, 1920px\" \/><\/a><\/p>\n<p><a href=\"https:\/\/www.deedeeparis.com\/blog\/wp-content\/uploads\/2020\/01\/Gustav-Willeit-7.jpg\"><img loading=\"lazy\" decoding=\"async\" class=\"aligncenter size-full wp-image-67239\" src=\"https:\/\/www.deedeeparis.com\/blog\/wp-content\/uploads\/2020\/01\/Gustav-Willeit-7.jpg\" alt=\"\" width=\"1200\" height=\"825\" srcset=\"https:\/\/www.deedeeparis.com\/blog\/wp-content\/uploads\/2020\/01\/Gustav-Willeit-7.jpg 1200w, https:\/\/www.deedeeparis.com\/blog\/wp-content\/uploads\/2020\/01\/Gustav-Willeit-7-768x528.jpg 768w, https:\/\/www.deedeeparis.com\/blog\/wp-content\/uploads\/2020\/01\/Gustav-Willeit-7-600x413.jpg 600w, https:\/\/www.deedeeparis.com\/blog\/wp-content\/uploads\/2020\/01\/Gustav-Willeit-7-1024x704.jpg 1024w\" sizes=\"auto, (max-width: 1200px) 100vw, 1200px\" \/><\/a><\/p>\n<p><a href=\"https:\/\/www.deedeeparis.com\/blog\/wp-content\/uploads\/2020\/01\/Gustav-Willeit-8.jpg\"><img loading=\"lazy\" decoding=\"async\" class=\"aligncenter size-full wp-image-67238\" src=\"https:\/\/www.deedeeparis.com\/blog\/wp-content\/uploads\/2020\/01\/Gustav-Willeit-8.jpg\" alt=\"\" width=\"1200\" height=\"825\" srcset=\"https:\/\/www.deedeeparis.com\/blog\/wp-content\/uploads\/2020\/01\/Gustav-Willeit-8.jpg 1200w, https:\/\/www.deedeeparis.com\/blog\/wp-content\/uploads\/2020\/01\/Gustav-Willeit-8-768x528.jpg 768w, https:\/\/www.deedeeparis.com\/blog\/wp-content\/uploads\/2020\/01\/Gustav-Willeit-8-600x413.jpg 600w, https:\/\/www.deedeeparis.com\/blog\/wp-content\/uploads\/2020\/01\/Gustav-Willeit-8-1024x704.jpg 1024w\" sizes=\"auto, (max-width: 1200px) 100vw, 1200px\" \/><\/a><\/p>\n<p>&nbsp;<\/p>\n<p>On pourrait croire que ces photos sont de r\u00e9elles perspectives naturelles mais il n&rsquo;en est rien :\u00a0Gustav Willeit a recr\u00e9e ces photos en studio, en jouant sur une sym\u00e9trie fantasm\u00e9e. Pas mal non ?<\/p>\n<h2 class=\"stabylo\">Fais-le toi m\u00eame : une \u00e9tag\u00e8re \u00e0 magazines<\/h2>\n<p><a href=\"https:\/\/www.deedeeparis.com\/blog\/wp-content\/uploads\/2020\/01\/Black-Decker-2-819x1024.jpg\"><img loading=\"lazy\" decoding=\"async\" class=\"aligncenter size-full wp-image-67247\" src=\"https:\/\/www.deedeeparis.com\/blog\/wp-content\/uploads\/2020\/01\/Black-Decker-2-819x1024.jpg\" alt=\"\" width=\"819\" height=\"1024\" srcset=\"https:\/\/www.deedeeparis.com\/blog\/wp-content\/uploads\/2020\/01\/Black-Decker-2-819x1024.jpg 819w, https:\/\/www.deedeeparis.com\/blog\/wp-content\/uploads\/2020\/01\/Black-Decker-2-819x1024-768x960.jpg 768w, https:\/\/www.deedeeparis.com\/blog\/wp-content\/uploads\/2020\/01\/Black-Decker-2-819x1024-600x750.jpg 600w\" sizes=\"auto, (max-width: 819px) 100vw, 819px\" \/><\/a><\/p>\n<p>Vous avez l&rsquo;air d&rsquo;avoir la fibre bricoleuse si j&rsquo;en crois vos r\u00e9actions \u00e0 la publication de l&rsquo;\u00e9tag\u00e8re sans clous, sans colle ni vis que je vous ai pr\u00e9sent\u00e9 la semaine derni\u00e8re ! Autre piste int\u00e9ressante en mati\u00e8re d&rsquo;\u00e9tag\u00e8re, cette petite p\u00e9pite pour glisser vos magazines. Le tuto complet est \u00e0 retrouver sur le site de <a href=\"https:\/\/fallfordiy.com\/blog\/2019\/02\/22\/diy-dowel-magazine-shelf\/\">Fall for DIY<\/a>.<\/p>\n<h2 class=\"stabylo\">Giant The The<\/h2>\n<p>Au rayon de mes activit\u00e9s pr\u00e9f\u00e9r\u00e9es quand j&rsquo;ai quelques minutes, me perdre dans les m\u00e9andres de Spotify \u00e0 la recherche de nouveaux titres wow. Bonne pioche avec ce The The de Giant, un\u00a0groupe musical britannique, form\u00e9 en 1979 par Matt Johnson (j&rsquo;\u00e9tais pas n\u00e9e) (hein ?). Si mes recherches sont correctes, ce titre date de 1983 (j&rsquo;\u00e9tais n\u00e9e) : je suis accro ! Montez le son, c&rsquo;est bon :<\/p>\n<p><iframe loading=\"lazy\" src=\"https:\/\/www.youtube.com\/embed\/aub7ojxeEAw\" width=\"560\" height=\"315\" frameborder=\"0\" allowfullscreen=\"allowfullscreen\"><\/iframe><\/p>\n<p>Voil\u00e0, c&rsquo;est tout pour aujourd&rsquo;hui. Prenez soin de vous !<\/p>\n<p>&nbsp;<\/p>\n","protected":false},"excerpt":{"rendered":"<p>La voici la voil\u00e0 la toute premi\u00e8re Week List cru 2020 ! Je travaille en ce moment sur un gros projet dont j&rsquo;esp\u00e8re pouvoir vous parler tr\u00e8s bient\u00f4t et qui met un petit frein \u00e0 mes autres activit\u00e9s, en plus de l&#8217;emm\u00e9nagement dans les nouveaux bureaux et le fait que travaille quasi seule depuis septembre. [&hellip;]<\/p>\n","protected":false},"author":2,"featured_media":67240,"comment_status":"open","ping_status":"open","sticky":false,"template":"","format":"standard","meta":{"_acf_changed":false,"footnotes":""},"categories":[8],"tags":[],"class_list":["post-67220","post","type-post","status-publish","format-standard","has-post-thumbnail","hentry","category-chroniques-de-paris"],"acf":[],"geo":null,"_links":{"self":[{"href":"https:\/\/www.deedeeparis.com\/blog\/wp-json\/wp\/v2\/posts\/67220","targetHints":{"allow":["GET"]}}],"collection":[{"href":"https:\/\/www.deedeeparis.com\/blog\/wp-json\/wp\/v2\/posts"}],"about":[{"href":"https:\/\/www.deedeeparis.com\/blog\/wp-json\/wp\/v2\/types\/post"}],"author":[{"embeddable":true,"href":"https:\/\/www.deedeeparis.com\/blog\/wp-json\/wp\/v2\/users\/2"}],"replies":[{"embeddable":true,"href":"https:\/\/www.deedeeparis.com\/blog\/wp-json\/wp\/v2\/comments?post=67220"}],"version-history":[{"count":16,"href":"https:\/\/www.deedeeparis.com\/blog\/wp-json\/wp\/v2\/posts\/67220\/revisions"}],"predecessor-version":[{"id":67260,"href":"https:\/\/www.deedeeparis.com\/blog\/wp-json\/wp\/v2\/posts\/67220\/revisions\/67260"}],"wp:featuredmedia":[{"embeddable":true,"href":"https:\/\/www.deedeeparis.com\/blog\/wp-json\/wp\/v2\/media\/67240"}],"wp:attachment":[{"href":"https:\/\/www.deedeeparis.com\/blog\/wp-json\/wp\/v2\/media?parent=67220"}],"wp:term":[{"taxonomy":"category","embeddable":true,"href":"https:\/\/www.deedeeparis.com\/blog\/wp-json\/wp\/v2\/categories?post=67220"},{"taxonomy":"post_tag","embeddable":true,"href":"https:\/\/www.deedeeparis.com\/blog\/wp-json\/wp\/v2\/tags?post=67220"}],"curies":[{"name":"wp","href":"https:\/\/api.w.org\/{rel}","templated":true}]}}