{"id":67285,"date":"2020-02-03T14:27:34","date_gmt":"2020-02-03T13:27:34","guid":{"rendered":"http:\/\/www.deedeeparis.com\/blog\/?p=67285"},"modified":"2020-02-03T14:28:45","modified_gmt":"2020-02-03T13:28:45","slug":"ma-week-list-330","status":"publish","type":"post","link":"https:\/\/www.deedeeparis.com\/blog\/ma-week-list-330","title":{"rendered":"Ma Week List #330"},"content":{"rendered":"<p>Hello la compagnie ! Nouvelle semaine, nouveaux coups de coeur&#8230; Cette semaine, j&rsquo;aime :<\/p>\n<h2 class=\"stabylo\">Les ateliers savons de Ciment<\/h2>\n<p><a href=\"https:\/\/www.deedeeparis.com\/blog\/wp-content\/uploads\/2020\/02\/ciment-3.png\"><img loading=\"lazy\" decoding=\"async\" class=\"aligncenter size-full wp-image-67289\" src=\"https:\/\/www.deedeeparis.com\/blog\/wp-content\/uploads\/2020\/02\/ciment-3.png\" alt=\"\" width=\"659\" height=\"437\" srcset=\"https:\/\/www.deedeeparis.com\/blog\/wp-content\/uploads\/2020\/02\/ciment-3.png 659w, https:\/\/www.deedeeparis.com\/blog\/wp-content\/uploads\/2020\/02\/ciment-3-600x398.png 600w\" sizes=\"auto, (max-width: 659px) 100vw, 659px\" \/><\/a><\/p>\n<p>Vous vous souvenez de cet atelier auquel j&rsquo;avais particip\u00e9, quelque part en d\u00e9cembre, pour fabriquer mon propre savon avec la marque Ciment ? R\u00e9jouissons-nous : la marque vient d&rsquo;ouvrir sa toute premi\u00e8re boutique, ce qui lui permet de proposer ces ateliers \u00e0 tout le monde ! Concr\u00e8tement, les ateliers co\u00fbtent 49 euros et comprennent 3H avec Sol\u00e8ne et J\u00e9r\u00e9my, les super artisans savonniers qui vous permettront de d\u00e9couvrir la saponification \u00e0 froid. Vous repartirez avec 5 savons artisanaux (5x100gr) et une exp\u00e9rience ultra enrichissante&#8230; Les inscriptions se font sur le <a href=\"https:\/\/cimentparis.myshopify.com\/pages\/nos-ateliers\">site de Ciment<\/a>. Un gros big up \u00e0 Sol\u00e8ne et J\u00e9r\u00e9my, deux super entrepreneurs que je me r\u00e9jouis de voir grimper toujours plus loin, toujours plus haut !<\/p>\n<p><a href=\"https:\/\/www.deedeeparis.com\/blog\/wp-content\/uploads\/2020\/02\/ciment-2.png\"><img loading=\"lazy\" decoding=\"async\" class=\"aligncenter size-full wp-image-67290\" src=\"https:\/\/www.deedeeparis.com\/blog\/wp-content\/uploads\/2020\/02\/ciment-2.png\" alt=\"\" width=\"314\" height=\"479\" \/><\/a><\/p>\n<p>&nbsp;<\/p>\n<h2 class=\"stabylo\">La Fashion Week de Copenhague<\/h2>\n<p><a href=\"https:\/\/www.deedeeparis.com\/blog\/wp-content\/uploads\/2020\/02\/14-Copenhagen-AW20-35-vogue-30Jan20-SorenJepsen-scaled.jpg\"><img loading=\"lazy\" decoding=\"async\" class=\"aligncenter size-large wp-image-67313\" src=\"https:\/\/www.deedeeparis.com\/blog\/wp-content\/uploads\/2020\/02\/14-Copenhagen-AW20-35-vogue-30Jan20-SorenJepsen-683x1024.jpg\" alt=\"\" width=\"640\" height=\"960\" srcset=\"https:\/\/www.deedeeparis.com\/blog\/wp-content\/uploads\/2020\/02\/14-Copenhagen-AW20-35-vogue-30Jan20-SorenJepsen-683x1024.jpg 683w, https:\/\/www.deedeeparis.com\/blog\/wp-content\/uploads\/2020\/02\/14-Copenhagen-AW20-35-vogue-30Jan20-SorenJepsen-768x1152.jpg 768w, https:\/\/www.deedeeparis.com\/blog\/wp-content\/uploads\/2020\/02\/14-Copenhagen-AW20-35-vogue-30Jan20-SorenJepsen-1024x1536.jpg 1024w, https:\/\/www.deedeeparis.com\/blog\/wp-content\/uploads\/2020\/02\/14-Copenhagen-AW20-35-vogue-30Jan20-SorenJepsen-1365x2048.jpg 1365w, https:\/\/www.deedeeparis.com\/blog\/wp-content\/uploads\/2020\/02\/14-Copenhagen-AW20-35-vogue-30Jan20-SorenJepsen-600x900.jpg 600w, https:\/\/www.deedeeparis.com\/blog\/wp-content\/uploads\/2020\/02\/14-Copenhagen-AW20-35-vogue-30Jan20-SorenJepsen-scaled.jpg 1707w\" sizes=\"auto, (max-width: 640px) 100vw, 640px\" \/><\/a><\/p>\n<p style=\"text-align: center;\"><em>\u00a9 The Locals \/ S\u00f8ren Jepsen<\/em><\/p>\n<p>La mode est le deuxi\u00e8me secteur le plus polluant pour notre plan\u00e8te, juste derri\u00e8re l&rsquo;industrie du p\u00e9trole. C&rsquo;est dire si l&rsquo;engagement que prend la Fashion Week de Copenhague est important ! Je vous explique : les d\u00e9fil\u00e9s, c&rsquo;est bien, mais au-del\u00e0 d&rsquo;\u00eatre excessivement \u00e9litiste, show off et carr\u00e9ment snob, c&rsquo;est tr\u00e8s polluant, que ce soit pendant la Fashion Week ou apr\u00e8s, dans les engagements sociaux et environnementaux que les marques sont loin d&rsquo;adopter massivement.<\/p>\n<p>Pour r\u00e9pondre \u00e0 cette probl\u00e9matique, Copenhague devient la premi\u00e8re Fashion Week majeure \u00e0 faire en sorte que les marques prennent v\u00e9ritablement au s\u00e9rieux les questions d\u2019\u00e9coresponsabilit\u00e9, sans se cacher derri\u00e8re des actions de greenwashing et autres poudres de perlimpimpin ! Pour y parvenir, le comit\u00e9 de la Fashion Week de la ville a mis en place un plan en mati\u00e8re d\u2019\u00e9cologie et d\u2019\u00e9thique : \u00e9tal\u00e9 sur trois ans, celui-ci exige des cr\u00e9ateurs qu&rsquo;ils s\u2019engagent \u00e0 remplir au moins 17 crit\u00e8res de durabilit\u00e9 d\u2019ici \u00e0 2023 s&rsquo;ils veulent continuer \u00e0 participer \u00e0 la Fashion Week de Copenhague. Concr\u00e8tement, on trouve des points aussi pr\u00e9cis que l&rsquo;utilisation d\u2019au moins 50% de textile certifi\u00e9 biologique, recycl\u00e9, ou upcycl\u00e9 dans toutes les collections, le recours \u00e0 des emballages \u00e9cologiques ou bien encore la limitation des d\u00e9chets \u00e9mis pendant la Fashion Week, notamment avec des sc\u00e9nographies z\u00e9ro d\u00e9chet des d\u00e9fil\u00e9s&#8230; Le plan, \u00f4 combien ambitieux !, pr\u00e9voit de faire de Copenhague la premi\u00e8re Fashion Week z\u00e9ro d\u00e9chet d&rsquo;ici \u00e0 2023. Parce qu&rsquo;on est d&rsquo;accord, la mode, c&rsquo;est comme le caf\u00e9 : dans le meilleur des mondes, il faudrait arr\u00eater d&rsquo;en consommer pour faire v\u00e9ritablement du bien \u00e0 notre plan\u00e8te mais&#8230; Rome ne s&rsquo;est pas faite en un jour ! Vous pouvez lire cet article de Vogue pour en savoir plus sur ce sujet de la <a href=\"https:\/\/www.vogue.fr\/mode\/article\/fashion-week-copenhague-ethique-green\" target=\"_blank\" rel=\"noopener noreferrer\">Fashion Week z\u00e9ro d\u00e9chets<\/a>.<\/p>\n<p>&nbsp;<\/p>\n<p>&nbsp;<\/p>\n<p>&nbsp;<\/p>\n<h2 class=\"stabylo\">La collection Sezane x Sephora<\/h2>\n<p><a href=\"https:\/\/www.deedeeparis.com\/blog\/wp-content\/uploads\/2020\/02\/IMG_8632-scaled.jpg\"><img loading=\"lazy\" decoding=\"async\" class=\"aligncenter wp-image-67297 size-large\" src=\"https:\/\/www.deedeeparis.com\/blog\/wp-content\/uploads\/2020\/02\/IMG_8632-768x1024.jpg\" alt=\"\" width=\"640\" height=\"853\" srcset=\"https:\/\/www.deedeeparis.com\/blog\/wp-content\/uploads\/2020\/02\/IMG_8632-768x1024.jpg 768w, https:\/\/www.deedeeparis.com\/blog\/wp-content\/uploads\/2020\/02\/IMG_8632-1152x1536.jpg 1152w, https:\/\/www.deedeeparis.com\/blog\/wp-content\/uploads\/2020\/02\/IMG_8632-1536x2048.jpg 1536w, https:\/\/www.deedeeparis.com\/blog\/wp-content\/uploads\/2020\/02\/IMG_8632-600x800.jpg 600w, https:\/\/www.deedeeparis.com\/blog\/wp-content\/uploads\/2020\/02\/IMG_8632-scaled.jpg 1920w\" sizes=\"auto, (max-width: 640px) 100vw, 640px\" \/><\/a><\/p>\n<p>Je ne vous en ai pas encore parl\u00e9, mais voici une collab engag\u00e9e qui me r\u00e9jouit grandement ! Je vous avoue que je n&rsquo;en attendais pas tant de la part de Sephora, qui s&rsquo;est associ\u00e9 \u00e0 S\u00e9zane le temps d&rsquo;une s\u00e9lection engag\u00e9e : d&rsquo;un c\u00f4t\u00e9, S\u00e9zane propose ses \u00ab\u00a0Essentiels Beaut\u00e9\u00a0\u00bb en mati\u00e8re de soins, de parfums, d&rsquo;accessoires et\u00a0 de maquillage : une s\u00e9lection effectu\u00e9e parmi des marques du groupe L&rsquo;Or\u00e9al Luxe. Ce n&rsquo;est pas cet aspect qui me r\u00e9jouit, soyons clairs, mais plut\u00f4t le lancement, \u00e0 cette occasion, de <strong>la nouvelle ligne Beaut\u00e9 S\u00e9zane<\/strong> : les compositions des produits sont clean, les packagings recyclables, sobres et parfaitement d\u00e9sirables&#8230; ! J&rsquo;aime tout particuli\u00e8rement <a href=\"http:\/\/bit.ly\/390Boiw\">la cr\u00e8me pour les mains<\/a> ou <a href=\"http:\/\/bit.ly\/2v3G8Fh\">la bougie en cire v\u00e9g\u00e9tale<\/a>, parce qu&rsquo;on n&rsquo;a jamais trop de bougies, pas vrai ?!<\/p>\n<p><a href=\"https:\/\/www.deedeeparis.com\/blog\/wp-content\/uploads\/2020\/02\/sezane-sephora.jpg\"><img loading=\"lazy\" decoding=\"async\" class=\"aligncenter wp-image-67299 size-large\" src=\"https:\/\/www.deedeeparis.com\/blog\/wp-content\/uploads\/2020\/02\/sezane-sephora-1024x1024.jpg\" alt=\"\" width=\"640\" height=\"640\" srcset=\"https:\/\/www.deedeeparis.com\/blog\/wp-content\/uploads\/2020\/02\/sezane-sephora-1024x1024.jpg 1024w, https:\/\/www.deedeeparis.com\/blog\/wp-content\/uploads\/2020\/02\/sezane-sephora-768x768.jpg 768w, https:\/\/www.deedeeparis.com\/blog\/wp-content\/uploads\/2020\/02\/sezane-sephora-150x150.jpg 150w, https:\/\/www.deedeeparis.com\/blog\/wp-content\/uploads\/2020\/02\/sezane-sephora-600x600.jpg 600w, https:\/\/www.deedeeparis.com\/blog\/wp-content\/uploads\/2020\/02\/sezane-sephora.jpg 1500w\" sizes=\"auto, (max-width: 640px) 100vw, 640px\" \/><\/a><\/p>\n<p><a href=\"https:\/\/www.deedeeparis.com\/blog\/wp-content\/uploads\/2020\/02\/sezane-sephora-1.jpg\"><img loading=\"lazy\" decoding=\"async\" class=\"aligncenter size-large wp-image-67298\" src=\"https:\/\/www.deedeeparis.com\/blog\/wp-content\/uploads\/2020\/02\/sezane-sephora-1-1024x1024.jpg\" alt=\"\" width=\"640\" height=\"640\" srcset=\"https:\/\/www.deedeeparis.com\/blog\/wp-content\/uploads\/2020\/02\/sezane-sephora-1-1024x1024.jpg 1024w, https:\/\/www.deedeeparis.com\/blog\/wp-content\/uploads\/2020\/02\/sezane-sephora-1-768x768.jpg 768w, https:\/\/www.deedeeparis.com\/blog\/wp-content\/uploads\/2020\/02\/sezane-sephora-1-150x150.jpg 150w, https:\/\/www.deedeeparis.com\/blog\/wp-content\/uploads\/2020\/02\/sezane-sephora-1-600x600.jpg 600w, https:\/\/www.deedeeparis.com\/blog\/wp-content\/uploads\/2020\/02\/sezane-sephora-1.jpg 1500w\" sizes=\"auto, (max-width: 640px) 100vw, 640px\" \/><\/a><\/p>\n<p>Les deux gros plus de cette collab ? En plus de proposer des produits \u00e0 la composition clean, donc, l\u2019int\u00e9gralit\u00e9 des b\u00e9n\u00e9fices de cette ligne seront revers\u00e9s \u00e0 DEMAIN, le programme solidaire de S\u00e9zane qui soutient l\u2019acc\u00e8s \u00e0 l\u2019\u00e9ducation, \u00e0 la culture et \u00e0 l\u2019\u00e9galit\u00e9 des chances. Et pour finir, une trousse \u00e0 l&rsquo;imprim\u00e9 exclusif est offerte \u00e0 partir de 70 euros d&rsquo;achat. L&rsquo;int\u00e9gralit\u00e9 de cette<a href=\"http:\/\/bit.ly\/31l1QAM\">\u00a0collection Sephora x S\u00e9zane est sur ce lien<\/a> !<\/p>\n<p><a href=\"https:\/\/www.deedeeparis.com\/blog\/wp-content\/uploads\/2020\/02\/IMG_8626-scaled-e1580731007952.jpg\"><img loading=\"lazy\" decoding=\"async\" class=\"aligncenter size-large wp-image-67296\" src=\"https:\/\/www.deedeeparis.com\/blog\/wp-content\/uploads\/2020\/02\/IMG_8626-scaled-e1580731007952-768x1024.jpg\" alt=\"\" width=\"640\" height=\"853\" srcset=\"https:\/\/www.deedeeparis.com\/blog\/wp-content\/uploads\/2020\/02\/IMG_8626-scaled-e1580731007952-768x1024.jpg 768w, https:\/\/www.deedeeparis.com\/blog\/wp-content\/uploads\/2020\/02\/IMG_8626-scaled-e1580731007952-1152x1536.jpg 1152w, https:\/\/www.deedeeparis.com\/blog\/wp-content\/uploads\/2020\/02\/IMG_8626-scaled-e1580731007952-1536x2048.jpg 1536w, https:\/\/www.deedeeparis.com\/blog\/wp-content\/uploads\/2020\/02\/IMG_8626-scaled-e1580731007952-600x800.jpg 600w, https:\/\/www.deedeeparis.com\/blog\/wp-content\/uploads\/2020\/02\/IMG_8626-scaled-e1580731007952.jpg 1920w\" sizes=\"auto, (max-width: 640px) 100vw, 640px\" \/><\/a><\/p>\n<h2 class=\"stabylo\">La s\u00e9rie photos \u00ab Balance \u00bb d\u2019Alexandre Delamadeleine<\/h2>\n<p><a href=\"https:\/\/www.deedeeparis.com\/blog\/wp-content\/uploads\/2020\/02\/Balance-3-scaled.jpg\"><img loading=\"lazy\" decoding=\"async\" class=\"aligncenter size-large wp-image-67304\" src=\"https:\/\/www.deedeeparis.com\/blog\/wp-content\/uploads\/2020\/02\/Balance-3-683x1024.jpg\" alt=\"\" width=\"640\" height=\"960\" srcset=\"https:\/\/www.deedeeparis.com\/blog\/wp-content\/uploads\/2020\/02\/Balance-3-683x1024.jpg 683w, https:\/\/www.deedeeparis.com\/blog\/wp-content\/uploads\/2020\/02\/Balance-3-768x1152.jpg 768w, https:\/\/www.deedeeparis.com\/blog\/wp-content\/uploads\/2020\/02\/Balance-3-1024x1536.jpg 1024w, https:\/\/www.deedeeparis.com\/blog\/wp-content\/uploads\/2020\/02\/Balance-3-1366x2048.jpg 1366w, https:\/\/www.deedeeparis.com\/blog\/wp-content\/uploads\/2020\/02\/Balance-3-600x900.jpg 600w, https:\/\/www.deedeeparis.com\/blog\/wp-content\/uploads\/2020\/02\/Balance-3-scaled.jpg 1707w\" sizes=\"auto, (max-width: 640px) 100vw, 640px\" \/><\/a><\/p>\n<p>J&rsquo;aime beaucoup, beaucoup cette s\u00e9rie du photographe fran\u00e7ais, qui met en sc\u00e8ne des paysages oniriques gr\u00e2ce \u00e0 Hortense, une danseuse classique sortie de l\u2019Op\u00e9ra de Paris en 2017. L&rsquo;int\u00e9gralit\u00e9 de son travail est \u00e0 retrouver <a href=\"http:\/\/alexdelamadeleine.com\/wordpress_7\/\">sur son site<\/a> !<\/p>\n<p><a href=\"https:\/\/www.deedeeparis.com\/blog\/wp-content\/uploads\/2020\/02\/Balance-7-scaled.jpg\"><img loading=\"lazy\" decoding=\"async\" class=\"aligncenter size-large wp-image-67302\" src=\"https:\/\/www.deedeeparis.com\/blog\/wp-content\/uploads\/2020\/02\/Balance-7-683x1024.jpg\" alt=\"\" width=\"640\" height=\"960\" srcset=\"https:\/\/www.deedeeparis.com\/blog\/wp-content\/uploads\/2020\/02\/Balance-7-683x1024.jpg 683w, https:\/\/www.deedeeparis.com\/blog\/wp-content\/uploads\/2020\/02\/Balance-7-768x1152.jpg 768w, https:\/\/www.deedeeparis.com\/blog\/wp-content\/uploads\/2020\/02\/Balance-7-1024x1536.jpg 1024w, https:\/\/www.deedeeparis.com\/blog\/wp-content\/uploads\/2020\/02\/Balance-7-1365x2048.jpg 1365w, https:\/\/www.deedeeparis.com\/blog\/wp-content\/uploads\/2020\/02\/Balance-7-600x900.jpg 600w, https:\/\/www.deedeeparis.com\/blog\/wp-content\/uploads\/2020\/02\/Balance-7-scaled.jpg 1707w\" sizes=\"auto, (max-width: 640px) 100vw, 640px\" \/><\/a><\/p>\n<p><a href=\"https:\/\/www.deedeeparis.com\/blog\/wp-content\/uploads\/2020\/02\/Balance-1-scaled.jpg\"><img loading=\"lazy\" decoding=\"async\" class=\"aligncenter size-large wp-image-67305\" src=\"https:\/\/www.deedeeparis.com\/blog\/wp-content\/uploads\/2020\/02\/Balance-1-683x1024.jpg\" alt=\"\" width=\"640\" height=\"960\" srcset=\"https:\/\/www.deedeeparis.com\/blog\/wp-content\/uploads\/2020\/02\/Balance-1-683x1024.jpg 683w, https:\/\/www.deedeeparis.com\/blog\/wp-content\/uploads\/2020\/02\/Balance-1-768x1152.jpg 768w, https:\/\/www.deedeeparis.com\/blog\/wp-content\/uploads\/2020\/02\/Balance-1-1024x1536.jpg 1024w, https:\/\/www.deedeeparis.com\/blog\/wp-content\/uploads\/2020\/02\/Balance-1-1365x2048.jpg 1365w, https:\/\/www.deedeeparis.com\/blog\/wp-content\/uploads\/2020\/02\/Balance-1-600x900.jpg 600w, https:\/\/www.deedeeparis.com\/blog\/wp-content\/uploads\/2020\/02\/Balance-1-scaled.jpg 1707w\" sizes=\"auto, (max-width: 640px) 100vw, 640px\" \/><\/a><\/p>\n<p><a href=\"https:\/\/www.deedeeparis.com\/blog\/wp-content\/uploads\/2020\/02\/Balance-4-scaled.jpg\"><img loading=\"lazy\" decoding=\"async\" class=\"aligncenter size-large wp-image-67303\" src=\"https:\/\/www.deedeeparis.com\/blog\/wp-content\/uploads\/2020\/02\/Balance-4-683x1024.jpg\" alt=\"\" width=\"640\" height=\"960\" srcset=\"https:\/\/www.deedeeparis.com\/blog\/wp-content\/uploads\/2020\/02\/Balance-4-683x1024.jpg 683w, https:\/\/www.deedeeparis.com\/blog\/wp-content\/uploads\/2020\/02\/Balance-4-768x1152.jpg 768w, https:\/\/www.deedeeparis.com\/blog\/wp-content\/uploads\/2020\/02\/Balance-4-1024x1536.jpg 1024w, https:\/\/www.deedeeparis.com\/blog\/wp-content\/uploads\/2020\/02\/Balance-4-1365x2048.jpg 1365w, https:\/\/www.deedeeparis.com\/blog\/wp-content\/uploads\/2020\/02\/Balance-4-600x900.jpg 600w, https:\/\/www.deedeeparis.com\/blog\/wp-content\/uploads\/2020\/02\/Balance-4-scaled.jpg 1707w\" sizes=\"auto, (max-width: 640px) 100vw, 640px\" \/><\/a><\/p>\n<p><a href=\"https:\/\/www.deedeeparis.com\/blog\/wp-content\/uploads\/2020\/02\/Balance-10-scaled.jpg\"><img loading=\"lazy\" decoding=\"async\" class=\"aligncenter size-large wp-image-67301\" src=\"https:\/\/www.deedeeparis.com\/blog\/wp-content\/uploads\/2020\/02\/Balance-10-683x1024.jpg\" alt=\"\" width=\"640\" height=\"960\" srcset=\"https:\/\/www.deedeeparis.com\/blog\/wp-content\/uploads\/2020\/02\/Balance-10-683x1024.jpg 683w, https:\/\/www.deedeeparis.com\/blog\/wp-content\/uploads\/2020\/02\/Balance-10-768x1152.jpg 768w, https:\/\/www.deedeeparis.com\/blog\/wp-content\/uploads\/2020\/02\/Balance-10-1024x1536.jpg 1024w, https:\/\/www.deedeeparis.com\/blog\/wp-content\/uploads\/2020\/02\/Balance-10-1365x2048.jpg 1365w, https:\/\/www.deedeeparis.com\/blog\/wp-content\/uploads\/2020\/02\/Balance-10-600x900.jpg 600w, https:\/\/www.deedeeparis.com\/blog\/wp-content\/uploads\/2020\/02\/Balance-10-scaled.jpg 1706w\" sizes=\"auto, (max-width: 640px) 100vw, 640px\" \/><\/a><\/p>\n<h2 class=\"stabylo\">Fais-le toi-m\u00eame : un abat-jour en rotin<\/h2>\n<p><a href=\"https:\/\/www.deedeeparis.com\/blog\/wp-content\/uploads\/2020\/02\/DIY-Rattan-Lampshade-41-683x1024-1.jpg\"><img loading=\"lazy\" decoding=\"async\" class=\"aligncenter size-full wp-image-67308\" src=\"https:\/\/www.deedeeparis.com\/blog\/wp-content\/uploads\/2020\/02\/DIY-Rattan-Lampshade-41-683x1024-1.jpg\" alt=\"\" width=\"683\" height=\"1024\" srcset=\"https:\/\/www.deedeeparis.com\/blog\/wp-content\/uploads\/2020\/02\/DIY-Rattan-Lampshade-41-683x1024-1.jpg 683w, https:\/\/www.deedeeparis.com\/blog\/wp-content\/uploads\/2020\/02\/DIY-Rattan-Lampshade-41-683x1024-1-600x900.jpg 600w\" sizes=\"auto, (max-width: 683px) 100vw, 683px\" \/><\/a><\/p>\n<p>Je fais une l\u00e9g\u00e8re fixette sur le rotin, plus particuli\u00e8rement le cannage, en ce moment (j&rsquo;ai tellement h\u00e2te de vous montrer la lampe que j&rsquo;ai choisie pour mon nouveau bureau !). Autant vous dire que dans ce contexte, ce tuto de <a href=\"https:\/\/www.hunker.com\/13719657\/diy-lampshade-using-cane-material\">Fall for DIY<\/a> m&rsquo;a fait pousser des petits cris d&rsquo;extase&#8230;!<\/p>\n<p>\u00c7a vous plait toujours, ces id\u00e9es de tutos ? Vous me dites ?<\/p>\n<h2 class=\"stabylo\">Isobel Campbell &#8211; Ant Life (Official Video)<\/h2>\n<p>Entendue pour la premi\u00e8re fois ce matin sur France Inter, je me suis r\u00e9jouie de cette m\u00e9lodie \u00e0 forte teneur en douceur et positive attitude ! On la doit \u00e0 Isobel Campbell qui a longtemps fait partie du groupe \u00e9cossais culte Belle &amp; Sebastian. Isobel a quitt\u00e9 le groupe en 2002 pour se lancer dans une carri\u00e8re solo : et a publi\u00e9 plusieurs album qui n&rsquo;ont pas fait grand bruit. Elle revient 10 ans plus tard avec ce \u00ab Ain\u2019t life \u00bb, le premier des 13 titres qui composent son album : la parution est annonc\u00e9e pour le 7 f\u00e9vrier sous le titre \u00ab There is no other \u00bb. Montez le son, c&rsquo;est bon !<\/p>\n<p><iframe loading=\"lazy\" src=\"https:\/\/www.youtube.com\/embed\/Sv3vXIUumvc\" width=\"560\" height=\"315\" frameborder=\"0\" allowfullscreen=\"allowfullscreen\"><\/iframe><\/p>\n<p>Voil\u00e0, c&rsquo;est tout pour aujourd&rsquo;hui. Bonne semaine, prenez soin de vous !<\/p>\n","protected":false},"excerpt":{"rendered":"<p>Hello la compagnie ! Nouvelle semaine, nouveaux coups de coeur&#8230; Cette semaine, j&rsquo;aime : Les ateliers savons de Ciment Vous vous souvenez de cet atelier auquel j&rsquo;avais particip\u00e9, quelque part en d\u00e9cembre, pour fabriquer mon propre savon avec la marque Ciment ? R\u00e9jouissons-nous : la marque vient d&rsquo;ouvrir sa toute premi\u00e8re boutique, ce qui lui [&hellip;]<\/p>\n","protected":false},"author":2,"featured_media":67304,"comment_status":"open","ping_status":"open","sticky":false,"template":"","format":"link","meta":{"_acf_changed":false,"footnotes":""},"categories":[8],"tags":[9708,8748,8747,9707],"class_list":["post-67285","post","type-post","status-publish","format-link","has-post-thumbnail","hentry","category-chroniques-de-paris","tag-demain-sezane","tag-mode-ethique","tag-mode-responsable","tag-sezane-x-sephora","post_format-post-format-link"],"acf":[],"geo":null,"_links":{"self":[{"href":"https:\/\/www.deedeeparis.com\/blog\/wp-json\/wp\/v2\/posts\/67285","targetHints":{"allow":["GET"]}}],"collection":[{"href":"https:\/\/www.deedeeparis.com\/blog\/wp-json\/wp\/v2\/posts"}],"about":[{"href":"https:\/\/www.deedeeparis.com\/blog\/wp-json\/wp\/v2\/types\/post"}],"author":[{"embeddable":true,"href":"https:\/\/www.deedeeparis.com\/blog\/wp-json\/wp\/v2\/users\/2"}],"replies":[{"embeddable":true,"href":"https:\/\/www.deedeeparis.com\/blog\/wp-json\/wp\/v2\/comments?post=67285"}],"version-history":[{"count":15,"href":"https:\/\/www.deedeeparis.com\/blog\/wp-json\/wp\/v2\/posts\/67285\/revisions"}],"predecessor-version":[{"id":67316,"href":"https:\/\/www.deedeeparis.com\/blog\/wp-json\/wp\/v2\/posts\/67285\/revisions\/67316"}],"wp:featuredmedia":[{"embeddable":true,"href":"https:\/\/www.deedeeparis.com\/blog\/wp-json\/wp\/v2\/media\/67304"}],"wp:attachment":[{"href":"https:\/\/www.deedeeparis.com\/blog\/wp-json\/wp\/v2\/media?parent=67285"}],"wp:term":[{"taxonomy":"category","embeddable":true,"href":"https:\/\/www.deedeeparis.com\/blog\/wp-json\/wp\/v2\/categories?post=67285"},{"taxonomy":"post_tag","embeddable":true,"href":"https:\/\/www.deedeeparis.com\/blog\/wp-json\/wp\/v2\/tags?post=67285"}],"curies":[{"name":"wp","href":"https:\/\/api.w.org\/{rel}","templated":true}]}}