{"id":67344,"date":"2020-02-17T07:03:37","date_gmt":"2020-02-17T06:03:37","guid":{"rendered":"http:\/\/www.deedeeparis.com\/blog\/?p=67344"},"modified":"2020-02-16T22:15:25","modified_gmt":"2020-02-16T21:15:25","slug":"ma-week-list-331","status":"publish","type":"post","link":"https:\/\/www.deedeeparis.com\/blog\/ma-week-list-331","title":{"rendered":"Ma Week List #331"},"content":{"rendered":"<p>Eh oui, on y est, 15 jours d\u00e9j\u00e0 depuis la derni\u00e8re Week List&#8230;! Nouvelle semaine&#8230; nouveaux coups de coeur. Cette semaine, j&rsquo;aime :<\/p>\n<h2 class=\"stabylo\">La gamme de maquillage sign\u00e9e Herm\u00e8s<\/h2>\n<p><a href=\"https:\/\/www.deedeeparis.com\/blog\/wp-content\/uploads\/2020\/02\/maquillage-hermes.jpg\"><img loading=\"lazy\" decoding=\"async\" class=\"aligncenter size-full wp-image-67363\" src=\"https:\/\/www.deedeeparis.com\/blog\/wp-content\/uploads\/2020\/02\/maquillage-hermes.jpg\" alt=\"\" width=\"1446\" height=\"2048\" srcset=\"https:\/\/www.deedeeparis.com\/blog\/wp-content\/uploads\/2020\/02\/maquillage-hermes.jpg 1446w, https:\/\/www.deedeeparis.com\/blog\/wp-content\/uploads\/2020\/02\/maquillage-hermes-768x1088.jpg 768w, https:\/\/www.deedeeparis.com\/blog\/wp-content\/uploads\/2020\/02\/maquillage-hermes-1085x1536.jpg 1085w, https:\/\/www.deedeeparis.com\/blog\/wp-content\/uploads\/2020\/02\/maquillage-hermes-600x850.jpg 600w, https:\/\/www.deedeeparis.com\/blog\/wp-content\/uploads\/2020\/02\/maquillage-hermes-723x1024.jpg 723w\" sizes=\"auto, (max-width: 1446px) 100vw, 1446px\" \/><\/a><\/p>\n<p>Ehhh oui, BOUM ! Herm\u00e8s se lance dans la beaut\u00e9 avec une premi\u00e8re ligne de maquillage. Rouges \u00e0 l\u00e8vres, baume de soin pour les l\u00e8vres, crayon \u00e0 l\u00e8vres, et m\u00eame un pinceau \u00e0 l\u00e8vres en bois laqu\u00e9, cette premi\u00e8re ligne sera disponible \u00e0 partir du 4 mars. On trouvera \u00e9galement une collection d\u2019accessoires en cuir, ainsi que d\u2019autres objets qui compl\u00e9teront la beaut\u00e9 Herm\u00e8s et seront r\u00e9v\u00e9l\u00e9s chaque semestre d\u00e8s septembre 2020. L&rsquo;histoire ne parle pas de la composition des produits, mais on sait d\u00e9j\u00e0 que les rouges \u00e0 l\u00e8vres seront rechargeables, qu&rsquo;ils sont vendus 62 euros l&rsquo;unit\u00e9, 38 euros la recharge (a\u00efe, oui). J&rsquo;ai h\u00e2te d&rsquo;en savoir plus !<\/p>\n<p><a href=\"https:\/\/www.deedeeparis.com\/blog\/wp-content\/uploads\/2020\/02\/e3aa53daaca963278afdeebcfa456e9b3055168.jpg\"><img loading=\"lazy\" decoding=\"async\" class=\"aligncenter size-full wp-image-67362\" src=\"https:\/\/www.deedeeparis.com\/blog\/wp-content\/uploads\/2020\/02\/e3aa53daaca963278afdeebcfa456e9b3055168.jpg\" alt=\"\" width=\"2048\" height=\"1152\" srcset=\"https:\/\/www.deedeeparis.com\/blog\/wp-content\/uploads\/2020\/02\/e3aa53daaca963278afdeebcfa456e9b3055168.jpg 2048w, https:\/\/www.deedeeparis.com\/blog\/wp-content\/uploads\/2020\/02\/e3aa53daaca963278afdeebcfa456e9b3055168-768x432.jpg 768w, https:\/\/www.deedeeparis.com\/blog\/wp-content\/uploads\/2020\/02\/e3aa53daaca963278afdeebcfa456e9b3055168-1536x864.jpg 1536w, https:\/\/www.deedeeparis.com\/blog\/wp-content\/uploads\/2020\/02\/e3aa53daaca963278afdeebcfa456e9b3055168-600x338.jpg 600w, https:\/\/www.deedeeparis.com\/blog\/wp-content\/uploads\/2020\/02\/e3aa53daaca963278afdeebcfa456e9b3055168-1024x576.jpg 1024w\" sizes=\"auto, (max-width: 2048px) 100vw, 2048px\" \/><\/a><\/p>\n<h2 class=\"stabylo\">La robe de Natalie Portman aux Oscars<\/h2>\n<p><a href=\"https:\/\/www.deedeeparis.com\/blog\/wp-content\/uploads\/2020\/02\/Natalie-Portman.jpg\"><img loading=\"lazy\" decoding=\"async\" class=\"aligncenter size-full wp-image-67359\" src=\"https:\/\/www.deedeeparis.com\/blog\/wp-content\/uploads\/2020\/02\/Natalie-Portman.jpg\" alt=\"\" width=\"640\" height=\"412\" srcset=\"https:\/\/www.deedeeparis.com\/blog\/wp-content\/uploads\/2020\/02\/Natalie-Portman.jpg 640w, https:\/\/www.deedeeparis.com\/blog\/wp-content\/uploads\/2020\/02\/Natalie-Portman-600x386.jpg 600w\" sizes=\"auto, (max-width: 640px) 100vw, 640px\" \/><\/a><\/p>\n<p style=\"text-align: center;\"><em>\u00a9Photo AFP<\/em><\/p>\n<p>Comme chaque action un tant soit peut couillue (j&rsquo;allais dire ovarienne mais c&rsquo;est l\u00e9g\u00e8rement chelou !), l&rsquo;action de Natalie Portman a \u00e9t\u00e9 d\u00e9cri\u00e9e. Pour ma part, je salue son engagement : lors de la derni\u00e8re c\u00e9r\u00e9monie des Oscars, elle arborait une cape noire sur laquelle elle avait fait broder le nom de cin\u00e9astes selon elle \u00e9cart\u00e9es de fa\u00e7on injuste, parmi lesquels Lorene Scafaria (\u00ab\u00a0Queens\u00a0\u00bb), Lulu Wang (\u00ab\u00a0L&rsquo;Adieu\u00a0\u00bb), Greta Gerwig (\u00ab\u00a0Les filles du docteur March\u00a0\u00bb) et Marielle Heller (\u00ab\u00a0Un ami extraordinaire\u00a0\u00bb).\u00a0\u00ab\u00a0Je voulais souligner de mani\u00e8re subtile les femmes qui n&rsquo;ont pas \u00e9t\u00e9 reconnues pour leur travail incroyable cette ann\u00e9e\u00a0\u00bb, a justifi\u00e9 Nathalie Portman. Eh ben moi, je ne critique pas. Je dis respect !<\/p>\n<h2 class=\"stabylo\">Les palets de linge Ponoie<\/h2>\n<p><a href=\"https:\/\/www.deedeeparis.com\/blog\/wp-content\/uploads\/2020\/02\/parfum-linge-.jpg\"><img loading=\"lazy\" decoding=\"async\" class=\"aligncenter wp-image-67379\" src=\"https:\/\/www.deedeeparis.com\/blog\/wp-content\/uploads\/2020\/02\/parfum-linge-.jpg\" alt=\"\" width=\"1000\" height=\"1000\" srcset=\"https:\/\/www.deedeeparis.com\/blog\/wp-content\/uploads\/2020\/02\/parfum-linge-.jpg 1588w, https:\/\/www.deedeeparis.com\/blog\/wp-content\/uploads\/2020\/02\/parfum-linge--768x768.jpg 768w, https:\/\/www.deedeeparis.com\/blog\/wp-content\/uploads\/2020\/02\/parfum-linge--1536x1536.jpg 1536w, https:\/\/www.deedeeparis.com\/blog\/wp-content\/uploads\/2020\/02\/parfum-linge--150x150.jpg 150w, https:\/\/www.deedeeparis.com\/blog\/wp-content\/uploads\/2020\/02\/parfum-linge--600x600.jpg 600w, https:\/\/www.deedeeparis.com\/blog\/wp-content\/uploads\/2020\/02\/parfum-linge--1024x1024.jpg 1024w\" sizes=\"auto, (max-width: 1000px) 100vw, 1000px\" \/><\/a><\/p>\n<p>Ils sont vegan, ils sont faits en France, \u00e0 Paris, ils embaument notre penderie et plus, si affinit\u00e9 : j&rsquo;aime beaucoup les palets de linge sign\u00e9s <a href=\"http:\/\/bit.ly\/37xJRII\">Ponoie<\/a>, sur Etsy ! Je me demande m\u00eame si la version lavande, par exemple, n&rsquo;aurait pas des vertues pour faire fuir les mites&#8230; Je vais essayer, je vous dirai !<\/p>\n<p><a href=\"https:\/\/www.deedeeparis.com\/blog\/wp-content\/uploads\/2020\/02\/parfum-linge-1-.jpg\"><img loading=\"lazy\" decoding=\"async\" class=\"aligncenter wp-image-67378\" src=\"https:\/\/www.deedeeparis.com\/blog\/wp-content\/uploads\/2020\/02\/parfum-linge-1-.jpg\" alt=\"\" width=\"1000\" height=\"1000\" srcset=\"https:\/\/www.deedeeparis.com\/blog\/wp-content\/uploads\/2020\/02\/parfum-linge-1-.jpg 794w, https:\/\/www.deedeeparis.com\/blog\/wp-content\/uploads\/2020\/02\/parfum-linge-1--768x768.jpg 768w, https:\/\/www.deedeeparis.com\/blog\/wp-content\/uploads\/2020\/02\/parfum-linge-1--150x150.jpg 150w, https:\/\/www.deedeeparis.com\/blog\/wp-content\/uploads\/2020\/02\/parfum-linge-1--600x600.jpg 600w\" sizes=\"auto, (max-width: 1000px) 100vw, 1000px\" \/><\/a><\/p>\n<h2 class=\"stabylo\">Les initiales de Vanina<\/h2>\n<p><a href=\"https:\/\/www.deedeeparis.com\/blog\/wp-content\/uploads\/2020\/02\/Vanina-jewel.png\"><img loading=\"lazy\" decoding=\"async\" class=\"aligncenter size-full wp-image-67385\" src=\"https:\/\/www.deedeeparis.com\/blog\/wp-content\/uploads\/2020\/02\/Vanina-jewel.png\" alt=\"\" width=\"732\" height=\"924\" srcset=\"https:\/\/www.deedeeparis.com\/blog\/wp-content\/uploads\/2020\/02\/Vanina-jewel.png 732w, https:\/\/www.deedeeparis.com\/blog\/wp-content\/uploads\/2020\/02\/Vanina-jewel-600x757.png 600w\" sizes=\"auto, (max-width: 732px) 100vw, 732px\" \/><\/a><\/p>\n<p>Je ne suis pas tr\u00e8s initiales, lorsqu&rsquo;il s&rsquo;agit de bijoux. Je trouve \u00e7a toujours un peu&#8230; kitsch, je crois, d&rsquo;afficher la premi\u00e8re lettre de son pr\u00e9nom ou de celui de l&rsquo;\u00eatre cher. Je ne m&rsquo;explique donc pas vraiment ce crush pour les <a href=\"https:\/\/www.vanina.me\/\">bijoux Vanina<\/a>, une marque libanaise fond\u00e9e par deux amies d\u2019enfance, Tatiana Fayad et Joanne Hayek. La production est locale et artisanale, et les deux amies ont mis en place un mode de production qui respecte l\u2019environnement. Les lettres sont r\u00e9alis\u00e9es en laiton tiss\u00e9, elles sont fabriqu\u00e9es \u00e0 la main au Liban.<\/p>\n<p><a href=\"https:\/\/www.deedeeparis.com\/blog\/wp-content\/uploads\/2020\/02\/Vanina-jewel-2.png\"><img loading=\"lazy\" decoding=\"async\" class=\"aligncenter size-full wp-image-67383\" src=\"https:\/\/www.deedeeparis.com\/blog\/wp-content\/uploads\/2020\/02\/Vanina-jewel-2.png\" alt=\"\" width=\"726\" height=\"1008\" srcset=\"https:\/\/www.deedeeparis.com\/blog\/wp-content\/uploads\/2020\/02\/Vanina-jewel-2.png 726w, https:\/\/www.deedeeparis.com\/blog\/wp-content\/uploads\/2020\/02\/Vanina-jewel-2-600x833.png 600w\" sizes=\"auto, (max-width: 726px) 100vw, 726px\" \/><\/a><\/p>\n<p><a href=\"https:\/\/www.deedeeparis.com\/blog\/wp-content\/uploads\/2020\/02\/Vanina-jewel-1.png\"><img loading=\"lazy\" decoding=\"async\" class=\"aligncenter size-full wp-image-67384\" src=\"https:\/\/www.deedeeparis.com\/blog\/wp-content\/uploads\/2020\/02\/Vanina-jewel-1.png\" alt=\"\" width=\"738\" height=\"974\" srcset=\"https:\/\/www.deedeeparis.com\/blog\/wp-content\/uploads\/2020\/02\/Vanina-jewel-1.png 738w, https:\/\/www.deedeeparis.com\/blog\/wp-content\/uploads\/2020\/02\/Vanina-jewel-1-600x792.png 600w\" sizes=\"auto, (max-width: 738px) 100vw, 738px\" \/><\/a><\/p>\n<p><a href=\"https:\/\/www.deedeeparis.com\/blog\/wp-content\/uploads\/2020\/02\/Vanina-jewel-3.png\"><img loading=\"lazy\" decoding=\"async\" class=\"aligncenter size-full wp-image-67382\" src=\"https:\/\/www.deedeeparis.com\/blog\/wp-content\/uploads\/2020\/02\/Vanina-jewel-3.png\" alt=\"\" width=\"730\" height=\"1000\" srcset=\"https:\/\/www.deedeeparis.com\/blog\/wp-content\/uploads\/2020\/02\/Vanina-jewel-3.png 730w, https:\/\/www.deedeeparis.com\/blog\/wp-content\/uploads\/2020\/02\/Vanina-jewel-3-600x822.png 600w\" sizes=\"auto, (max-width: 730px) 100vw, 730px\" \/><\/a><\/p>\n<p>&nbsp;<\/p>\n<h2 class=\"stabylo\">Les photos de Chiara Zonca<\/h2>\n<p><a href=\"https:\/\/www.deedeeparis.com\/blog\/wp-content\/uploads\/2020\/02\/Chiara-Zonca-5.jpg\"><img loading=\"lazy\" decoding=\"async\" class=\"aligncenter size-full wp-image-67371\" src=\"https:\/\/www.deedeeparis.com\/blog\/wp-content\/uploads\/2020\/02\/Chiara-Zonca-5.jpg\" alt=\"\" width=\"1920\" height=\"1280\" srcset=\"https:\/\/www.deedeeparis.com\/blog\/wp-content\/uploads\/2020\/02\/Chiara-Zonca-5.jpg 1920w, https:\/\/www.deedeeparis.com\/blog\/wp-content\/uploads\/2020\/02\/Chiara-Zonca-5-768x512.jpg 768w, https:\/\/www.deedeeparis.com\/blog\/wp-content\/uploads\/2020\/02\/Chiara-Zonca-5-1536x1024.jpg 1536w, https:\/\/www.deedeeparis.com\/blog\/wp-content\/uploads\/2020\/02\/Chiara-Zonca-5-600x400.jpg 600w, https:\/\/www.deedeeparis.com\/blog\/wp-content\/uploads\/2020\/02\/Chiara-Zonca-5-1024x683.jpg 1024w\" sizes=\"auto, (max-width: 1920px) 100vw, 1920px\" \/><\/a><\/p>\n<p>Oui, je sais&#8230; je n&rsquo;ai toujours pas pris le temps de vous faire un compte rendu de ce voyage \u00e0 Lanzarote en mai dernier&#8230; En attendant, quelques photos assez dingues et r\u00e9alistes des paysages lunaires qu&rsquo;on y trouve, sign\u00e9es\u00a0<a href=\"https:\/\/www.behance.net\/chiarazonca\" target=\"_blank\" rel=\"noopener noreferrer\">Chiara Zonca<\/a> !<\/p>\n<p><a href=\"https:\/\/www.deedeeparis.com\/blog\/wp-content\/uploads\/2020\/02\/Chiara-Zonca-2.jpg\"><img loading=\"lazy\" decoding=\"async\" class=\"aligncenter size-full wp-image-67373\" src=\"https:\/\/www.deedeeparis.com\/blog\/wp-content\/uploads\/2020\/02\/Chiara-Zonca-2.jpg\" alt=\"\" width=\"1000\" height=\"1500\" srcset=\"https:\/\/www.deedeeparis.com\/blog\/wp-content\/uploads\/2020\/02\/Chiara-Zonca-2.jpg 1000w, https:\/\/www.deedeeparis.com\/blog\/wp-content\/uploads\/2020\/02\/Chiara-Zonca-2-768x1152.jpg 768w, https:\/\/www.deedeeparis.com\/blog\/wp-content\/uploads\/2020\/02\/Chiara-Zonca-2-600x900.jpg 600w, https:\/\/www.deedeeparis.com\/blog\/wp-content\/uploads\/2020\/02\/Chiara-Zonca-2-683x1024.jpg 683w\" sizes=\"auto, (max-width: 1000px) 100vw, 1000px\" \/><\/a><\/p>\n<p><a href=\"https:\/\/www.deedeeparis.com\/blog\/wp-content\/uploads\/2020\/02\/Chiara-Zonca-4.jpg\"><img loading=\"lazy\" decoding=\"async\" class=\"aligncenter size-full wp-image-67372\" src=\"https:\/\/www.deedeeparis.com\/blog\/wp-content\/uploads\/2020\/02\/Chiara-Zonca-4.jpg\" alt=\"\" width=\"600\" height=\"900\" \/><\/a><\/p>\n<p><a href=\"https:\/\/www.deedeeparis.com\/blog\/wp-content\/uploads\/2020\/02\/Chiara-Zonca-1.jpg\"><img loading=\"lazy\" decoding=\"async\" class=\"aligncenter size-full wp-image-67374\" src=\"https:\/\/www.deedeeparis.com\/blog\/wp-content\/uploads\/2020\/02\/Chiara-Zonca-1.jpg\" alt=\"\" width=\"1920\" height=\"1279\" srcset=\"https:\/\/www.deedeeparis.com\/blog\/wp-content\/uploads\/2020\/02\/Chiara-Zonca-1.jpg 1920w, https:\/\/www.deedeeparis.com\/blog\/wp-content\/uploads\/2020\/02\/Chiara-Zonca-1-768x512.jpg 768w, https:\/\/www.deedeeparis.com\/blog\/wp-content\/uploads\/2020\/02\/Chiara-Zonca-1-1536x1023.jpg 1536w, https:\/\/www.deedeeparis.com\/blog\/wp-content\/uploads\/2020\/02\/Chiara-Zonca-1-600x400.jpg 600w, https:\/\/www.deedeeparis.com\/blog\/wp-content\/uploads\/2020\/02\/Chiara-Zonca-1-1024x682.jpg 1024w\" sizes=\"auto, (max-width: 1920px) 100vw, 1920px\" \/><\/a><\/p>\n<h2 class=\"stabylo\">Fais-le toi-m\u00eame : une tABLE BASSE D\u2019ESPRIT BRUTALISTE<\/h2>\n<p><a href=\"https:\/\/www.deedeeparis.com\/blog\/wp-content\/uploads\/2020\/02\/00_Misc-Webzine-DIY-Table-basse-avec-StylBe\u0301ton-Guittet.jpg\"><img loading=\"lazy\" decoding=\"async\" class=\"aligncenter size-full wp-image-67365\" src=\"https:\/\/www.deedeeparis.com\/blog\/wp-content\/uploads\/2020\/02\/00_Misc-Webzine-DIY-Table-basse-avec-StylBe\u0301ton-Guittet.jpg\" alt=\"\" width=\"1600\" height=\"1200\" srcset=\"https:\/\/www.deedeeparis.com\/blog\/wp-content\/uploads\/2020\/02\/00_Misc-Webzine-DIY-Table-basse-avec-StylBe\u0301ton-Guittet.jpg 1600w, https:\/\/www.deedeeparis.com\/blog\/wp-content\/uploads\/2020\/02\/00_Misc-Webzine-DIY-Table-basse-avec-StylBe\u0301ton-Guittet-768x576.jpg 768w, https:\/\/www.deedeeparis.com\/blog\/wp-content\/uploads\/2020\/02\/00_Misc-Webzine-DIY-Table-basse-avec-StylBe\u0301ton-Guittet-1536x1152.jpg 1536w, https:\/\/www.deedeeparis.com\/blog\/wp-content\/uploads\/2020\/02\/00_Misc-Webzine-DIY-Table-basse-avec-StylBe\u0301ton-Guittet-600x450.jpg 600w, https:\/\/www.deedeeparis.com\/blog\/wp-content\/uploads\/2020\/02\/00_Misc-Webzine-DIY-Table-basse-avec-StylBe\u0301ton-Guittet-1024x768.jpg 1024w\" sizes=\"auto, (max-width: 1600px) 100vw, 1600px\" \/><\/a><\/p>\n<p>Je vous ai d\u00e9j\u00e0 parl\u00e9 de C\u00e9cile, que je suis et avec qui j&rsquo;\u00e9change r\u00e9guli\u00e8rement sans la connaitre.. Magie des internets ! C\u00e9cile a r\u00e9alis\u00e9 une sublime table basse esprit b\u00e9ton, brute, minimaliste, et sublime, donc, au risque de radoter. Magie des internets bis, elle vous livre le mode d&#8217;emploi pour la r\u00e9aliser <a href=\"https:\/\/www.misc-webzine.com\/2020\/02\/diy-table-basse-desprit-brutaliste\/\">sur son blog<\/a> !<\/p>\n<h2 class=\"stabylo\">Tame Impala &#8211; Lost In Yesterday<\/h2>\n<p>Tout juste issu de <em>The Slow Rush<\/em>, le 4\u00e8me album de Tame Impala sorti vendredi dernier, j&rsquo;aime beaucoup ce <em>Lost in Yesterday<\/em> : montez le son, c&rsquo;est bon !<\/p>\n<p><iframe loading=\"lazy\" src=\"https:\/\/www.youtube.com\/embed\/C7VlC0QjdHU\" width=\"560\" height=\"315\" frameborder=\"0\" allowfullscreen=\"allowfullscreen\"><\/iframe><\/p>\n<p>&nbsp;<\/p>\n<p>Voil\u00e0, c&rsquo;est tout pour aujourd&rsquo;hui. Prenez soin de vous, bonne semaine !<\/p>\n","protected":false},"excerpt":{"rendered":"<p>Eh oui, on y est, 15 jours d\u00e9j\u00e0 depuis la derni\u00e8re Week List&#8230;! Nouvelle semaine&#8230; nouveaux coups de coeur. Cette semaine, j&rsquo;aime : La gamme de maquillage sign\u00e9e Herm\u00e8s Ehhh oui, BOUM ! Herm\u00e8s se lance dans la beaut\u00e9 avec une premi\u00e8re ligne de maquillage. Rouges \u00e0 l\u00e8vres, baume de soin pour les l\u00e8vres, crayon [&hellip;]<\/p>\n","protected":false},"author":2,"featured_media":67365,"comment_status":"open","ping_status":"open","sticky":false,"template":"","format":"standard","meta":{"_acf_changed":false,"footnotes":""},"categories":[8],"tags":[4884,6941,9711,9713,9712],"class_list":["post-67344","post","type-post","status-publish","format-standard","has-post-thumbnail","hentry","category-chroniques-de-paris","tag-diy","tag-idees-diy","tag-lanzarote","tag-maquillage-hermes","tag-photos-lanzarote"],"acf":[],"geo":null,"_links":{"self":[{"href":"https:\/\/www.deedeeparis.com\/blog\/wp-json\/wp\/v2\/posts\/67344","targetHints":{"allow":["GET"]}}],"collection":[{"href":"https:\/\/www.deedeeparis.com\/blog\/wp-json\/wp\/v2\/posts"}],"about":[{"href":"https:\/\/www.deedeeparis.com\/blog\/wp-json\/wp\/v2\/types\/post"}],"author":[{"embeddable":true,"href":"https:\/\/www.deedeeparis.com\/blog\/wp-json\/wp\/v2\/users\/2"}],"replies":[{"embeddable":true,"href":"https:\/\/www.deedeeparis.com\/blog\/wp-json\/wp\/v2\/comments?post=67344"}],"version-history":[{"count":18,"href":"https:\/\/www.deedeeparis.com\/blog\/wp-json\/wp\/v2\/posts\/67344\/revisions"}],"predecessor-version":[{"id":67389,"href":"https:\/\/www.deedeeparis.com\/blog\/wp-json\/wp\/v2\/posts\/67344\/revisions\/67389"}],"wp:featuredmedia":[{"embeddable":true,"href":"https:\/\/www.deedeeparis.com\/blog\/wp-json\/wp\/v2\/media\/67365"}],"wp:attachment":[{"href":"https:\/\/www.deedeeparis.com\/blog\/wp-json\/wp\/v2\/media?parent=67344"}],"wp:term":[{"taxonomy":"category","embeddable":true,"href":"https:\/\/www.deedeeparis.com\/blog\/wp-json\/wp\/v2\/categories?post=67344"},{"taxonomy":"post_tag","embeddable":true,"href":"https:\/\/www.deedeeparis.com\/blog\/wp-json\/wp\/v2\/tags?post=67344"}],"curies":[{"name":"wp","href":"https:\/\/api.w.org\/{rel}","templated":true}]}}