{"id":68084,"date":"2020-05-18T07:03:30","date_gmt":"2020-05-18T05:03:30","guid":{"rendered":"http:\/\/www.deedeeparis.com\/blog\/?p=68084"},"modified":"2020-05-17T19:46:25","modified_gmt":"2020-05-17T17:46:25","slug":"ma-week-list-335","status":"publish","type":"post","link":"https:\/\/www.deedeeparis.com\/blog\/ma-week-list-335","title":{"rendered":"Ma Week List #335"},"content":{"rendered":"<p>Hello la compagnie ! J&rsquo;esp\u00e8re que vous vous portez bien et que cette semaine de d\u00e9confinement aura \u00e9t\u00e9 cl\u00e9mente pour vous. Pour ma part, \u00e7a a un peu \u00e9t\u00e9 <strong>les montagnes russes des \u00e9motions :<\/strong> la peur, d&rsquo;abord, a fait son grand retour avec la reprise du boulot pour monsieur. Il est conducteur de travaux pour un syndic et artisan, son quotidien est donc de visiter des chantiers, beaucoup de chantiers, ce qui lui fait croiser un paquet de monde tous les jours, en plus des passages par le bureau. Etant un poil \u00e0 risque, je n&rsquo;ai pas pu m&#8217;emp\u00eacher de flipper pour lui et in fine pour moi, ce qui \u00e9tait franchement d\u00e9sagr\u00e9able. J&rsquo;ai essay\u00e9 de lutter contre ces peurs : avoir toutes les cartes en main du pourquoi et surtout du comment on peut choper le COVID-19 nous aidera tous mais c&rsquo;est un fait, en r\u00e9alit\u00e9, on ne sait pas vraiment. <em>Alea jacta est<\/em>, quoi. Et puisque la peur n&rsquo;\u00e9vite pas le danger, il para\u00eet, j&rsquo;essaye autant que faire se peut de limiter les risques sans pour autant laisser trop de voix \u00e0 mes angoisses. Facile !<\/p>\n<p>Mardi, j&rsquo;ai donc d\u00e9cid\u00e9 de faire un premier pied de nez \u00e0 ma trouille en acceptant un ap\u00e9ro chez des amis : nous \u00e9tions 4 avec leur fille, nous avons tous respect\u00e9 scrupuleusement le confinement et sur place, les mesures barri\u00e8res (quelle bizarrerie de rester masquer \u00e0 plus d&rsquo;un m\u00e8tre de ses amis !), j&rsquo;ai fait l&rsquo;aller-retour dans une voiture personnelle&#8230; et \u00e7a m&rsquo;a fait tellement de bien d&rsquo;\u00eatre chez eux, presque comme au bon vieux temps&#8230;!<\/p>\n<p>Mercredi, j&rsquo;ai accept\u00e9 un ap\u00e9ro-p\u00e9tanque \u00e0 c\u00f4t\u00e9 de la maison en fin d&rsquo;apr\u00e8s-midi : moins de 10 potes, masqu\u00e9s&#8230; du moins pour la plupart, tous \u00e0 une distance r\u00e8glementaire. La sensation de ne pas \u00eatre pleinement ancr\u00e9e dans l&rsquo;instant pr\u00e9sent, la peur toujours tapie \u00e0 proximit\u00e9. Je n&rsquo;ai pas os\u00e9 jouer, j&rsquo;ai essay\u00e9 de profiter des copains et j&rsquo;\u00e9tais soulag\u00e9e de rentrer chez moi.<\/p>\n<p>Samedi, re ap\u00e9ro-p\u00e9tanque, re moins de 10 personnes. La joie et l&rsquo;\u00e9motion de faire la connaissance d&rsquo;une petite Roxane tant attendue et n\u00e9e pendant le confinement&#8230; ! Cette fois-ci, j&rsquo;ai jou\u00e9 et je me suis un peu plus d\u00e9tendue, un peu moins quand deux copains sont ensuite venus manger une pizza \u00e0 la maison. Je ne parle m\u00eame pas du foutoir de l&rsquo;appart apr\u00e8s 8 semaines de confinement et donc de tri, ventes, dons etc. Non. En revanche, quand je sors de chez moi, je me d\u00e9shabille enti\u00e8rement lorsque je rentre et je file sous la douche. Difficile d&rsquo;exiger la m\u00eame chose des copains, qui se sont d\u00e9chauss\u00e9, lav\u00e9 les mains et qui ont conserv\u00e9 une distance <em>ad hoc<\/em> mais voil\u00e0, ils sont rest\u00e9s habill\u00e9s avec leurs fringues de dehors \u00e0 l&rsquo;int\u00e9rieur. PIRE, ils sont sont assis sur des fauteuils. Oui, j&rsquo;en suis l\u00e0&#8230;! J&rsquo;\u00e9tais heureuse qu&rsquo;ils soient l\u00e0, mais un peu tendue&#8230;assez pour faire le m\u00e9nage apr\u00e8s leur d\u00e9part.<\/p>\n<p>Voil\u00e0 le bilan de cette premi\u00e8re semaine. Une partie de moi est fi\u00e8re d&rsquo;avoir fait la nique, au moins ponctuellement, \u00e0 mes angoisses. Une autre me dit que je suis compl\u00e8tement inconsciente. Une situation parfaitement agr\u00e9able, donc ! Et je ne parle que de cette angoisse l\u00e0, hein, on verra la suite plus tard, rapport que l&rsquo;intro de cette Week-List est bien trop longue&#8230;!<\/p>\n<p>Sans plus tarder, nouvelle semaine&#8230; nouveau coup de coeur ! Cette semaine, j&rsquo;aime :<\/p>\n<h2 class=\"stabylo\">Les auto massages de Martine de Richeville<\/h2>\n<p><a href=\"https:\/\/www.deedeeparis.com\/blog\/wp-content\/uploads\/2020\/05\/Auto-massage.png\"><img loading=\"lazy\" decoding=\"async\" class=\"aligncenter size-full wp-image-68100\" src=\"https:\/\/www.deedeeparis.com\/blog\/wp-content\/uploads\/2020\/05\/Auto-massage.png\" alt=\"\" width=\"1176\" height=\"1190\" srcset=\"https:\/\/www.deedeeparis.com\/blog\/wp-content\/uploads\/2020\/05\/Auto-massage.png 1176w, https:\/\/www.deedeeparis.com\/blog\/wp-content\/uploads\/2020\/05\/Auto-massage-768x777.png 768w, https:\/\/www.deedeeparis.com\/blog\/wp-content\/uploads\/2020\/05\/Auto-massage-600x607.png 600w, https:\/\/www.deedeeparis.com\/blog\/wp-content\/uploads\/2020\/05\/Auto-massage-1012x1024.png 1012w\" sizes=\"auto, (max-width: 1176px) 100vw, 1176px\" \/><\/a><\/p>\n<p style=\"text-align: center;\"><em>\u00a9 Photo inconnu, si vous l&rsquo;avez&#8230;<\/em><\/p>\n<p>S&rsquo;il est bien une chose que j&rsquo;ai appr\u00e9ci\u00e9 pendant ce confinement, ce sont toutes ces personnes qui se sont \u00e9galement mobilis\u00e9es en ligne pour nous offrir du temps, des conseils, des m\u00e9ditations, des cours de sport et j&rsquo;en passe. Parmi les contenus que j&rsquo;ai particuli\u00e8rement aim\u00e9s, les cours d&rsquo;auto-massage de la fameuse Martine de Richeville, connue pour ses massages anti-cellulite notamment et son palper\/rouler manuel\u00a0 : auto-massage pour les fessiers, respirations, auto-massage des cuisses&#8230; Tout est disponible sur <a href=\"https:\/\/www.instagram.com\/martinedericheville\/\" target=\"_blank\" rel=\"noopener noreferrer\">son compte IG<\/a> !<\/p>\n<h2 class=\"stabylo\">La prime de 50 euros pour remettre en \u00e9tat son v\u00e9lo \u00e0 Paris<\/h2>\n<p><a href=\"https:\/\/www.deedeeparis.com\/blog\/wp-content\/uploads\/2020\/05\/IMG_8961_Facetune_25-07-2019-21-15-04-scaled.jpg\"><img loading=\"lazy\" decoding=\"async\" class=\"aligncenter size-full wp-image-68098\" src=\"https:\/\/www.deedeeparis.com\/blog\/wp-content\/uploads\/2020\/05\/IMG_8961_Facetune_25-07-2019-21-15-04-scaled.jpg\" alt=\"\" width=\"1707\" height=\"2560\" srcset=\"https:\/\/www.deedeeparis.com\/blog\/wp-content\/uploads\/2020\/05\/IMG_8961_Facetune_25-07-2019-21-15-04-scaled.jpg 1707w, https:\/\/www.deedeeparis.com\/blog\/wp-content\/uploads\/2020\/05\/IMG_8961_Facetune_25-07-2019-21-15-04-768x1152.jpg 768w, https:\/\/www.deedeeparis.com\/blog\/wp-content\/uploads\/2020\/05\/IMG_8961_Facetune_25-07-2019-21-15-04-1024x1536.jpg 1024w, https:\/\/www.deedeeparis.com\/blog\/wp-content\/uploads\/2020\/05\/IMG_8961_Facetune_25-07-2019-21-15-04-1365x2048.jpg 1365w, https:\/\/www.deedeeparis.com\/blog\/wp-content\/uploads\/2020\/05\/IMG_8961_Facetune_25-07-2019-21-15-04-600x900.jpg 600w, https:\/\/www.deedeeparis.com\/blog\/wp-content\/uploads\/2020\/05\/IMG_8961_Facetune_25-07-2019-21-15-04-683x1024.jpg 683w\" sizes=\"auto, (max-width: 1707px) 100vw, 1707px\" \/><\/a><\/p>\n<p style=\"text-align: center;\"><em>(Photo prise dans la vie d&rsquo;avant par <a href=\"https:\/\/www.instagram.com\/claraferrandparis\/\" target=\"_blank\" rel=\"noopener noreferrer\">Clara Ferrand<\/a>)<\/em><\/p>\n<p>C&rsquo;est \u00e7a aussi, l&rsquo;effet COVID-19 : \u00e0 l&rsquo;instar de nombreuses autres villes, Paris a d\u00e9cid\u00e9 de miser encore plus concr\u00e8tement sur le v\u00e9lo. Plus de pistes cyclables, trottoirs \u00e9largis, rues condamn\u00e9es&#8230; \u00e7a va encore r\u00e2ler sec \u00e0 Paris ! La bonne nouvelle pour ceux qui voudraient en profiter pour se remettre au v\u00e9lo, c&rsquo;est que le site <a href=\"https:\/\/coupdepoucevelo.fr\/auth\/home\">Coup de Pouce V\u00e9lo<\/a>, lanc\u00e9 par la F\u00e9d\u00e9ration fran\u00e7aise des usagers de la bicyclette, offrira un ch\u00e8que r\u00e9paration de 50 euros pour remettre en selle son vieux v\u00e9lo. Si tant est que comme moi, vous ne l&rsquo;ayez pas donn\u00e9, \u00e9videmment #elleatoutcompris (c&rsquo;\u00e9tait tr\u00e8s longtemps avant le confinement hein ! Et en vrai je l&rsquo;ai donn\u00e9 \u00e0 une connaissance des internets qui venait\u00a0 de se faire voler le sien, \u00e7a m&rsquo;a fait plaisir qu&rsquo;il serve vraiment). Bon \u00e0 savoir \u00e9galement pour les parisiens, le pass Navigo non utilis\u00e9 pendant le confinement est rembours\u00e9 sur <a href=\"http:\/\/www.Mondedommagementnavigo.com\">Mondedommagementnavigo.com<\/a>. Fin de la parenth\u00e8se parisienne !<\/p>\n<h2 class=\"stabylo\">Le Drive-In Festival<\/h2>\n<p><a href=\"https:\/\/www.deedeeparis.com\/blog\/wp-content\/uploads\/2020\/05\/original.jpg\"><img loading=\"lazy\" decoding=\"async\" class=\"aligncenter size-full wp-image-68097\" src=\"https:\/\/www.deedeeparis.com\/blog\/wp-content\/uploads\/2020\/05\/original.jpg\" alt=\"\" width=\"1080\" height=\"1083\" srcset=\"https:\/\/www.deedeeparis.com\/blog\/wp-content\/uploads\/2020\/05\/original.jpg 1080w, https:\/\/www.deedeeparis.com\/blog\/wp-content\/uploads\/2020\/05\/original-768x770.jpg 768w, https:\/\/www.deedeeparis.com\/blog\/wp-content\/uploads\/2020\/05\/original-150x150.jpg 150w, https:\/\/www.deedeeparis.com\/blog\/wp-content\/uploads\/2020\/05\/original-600x602.jpg 600w, https:\/\/www.deedeeparis.com\/blog\/wp-content\/uploads\/2020\/05\/original-1021x1024.jpg 1021w\" sizes=\"auto, (max-width: 1080px) 100vw, 1080px\" \/><\/a><\/p>\n<p style=\"text-align: center;\"><em>\u00a9 Photo inconnu, si vous l&rsquo;avez&#8230;<\/em><\/p>\n<p>Pas que pour les parisiens, une superbe id\u00e9e pour patienter jusqu&rsquo;\u00e0 la r\u00e9ouverture des salles obscures : un Drive-in \u00e9ph\u00e9m\u00e8re itin\u00e9rant ! Jusqu\u2019au 24 mai, rendez-vous place des Quinconces \u00e0 Bordeaux, branchez l\u2019autoradio sur la fr\u00e9quence <em>ad hoc<\/em> et \u00e0 vous le film sur grand \u00e9cran directement depuis votre voiture ! Il suffit <a href=\"https:\/\/driveinfestival.org\/\" target=\"_blank\" rel=\"noopener noreferrer\" data-saferedirecturl=\"https:\/\/www.google.com\/url?q=https:\/\/trk.klclick.com\/ls\/click?upn%3DXe9-2BG6QEjg-2BMqb86mXouHIXoK-2FhY-2BL2NiTp8CHAZniOJ00qIpFgvqEJ5AWPxsEX25rWxFrRBzKno6s-2B3qYGDIvmrBLxIpMT7Rp-2BXIR89gm7Jv7Y6-2FyUtXIgSf1D-2BLyJFV6nQmvDQfOdgMg6sCDd-2BdCyiboDGSY66Mvb-2FGPtZWNeHAAHEabKtZ4TM6aZs-2F1ShgDKyCNi3d1pg4HpWelDysqRcZ5BYu49XKY1TZJR8aoMY2E6SVThvrf59PM477UQxYSYSCTLQAJgtGWsq7dKkdg-3D-3Ditpq_EBsZ2nyW4sxY5jADk-2FOpbF85PLsMz29pVLoere3LegPJjPKoo-2F12kV-2BJ9kPs-2FLZBbDNwv4FS0o1QIjbZXLBhCOeId53BrEH4qRnMZtFxq2N4fpExQPSgb252qFZEv9EOx8GQf0x4-2F2oEoa6SbdT3K-2B0LbsmBmefzVX9PirB7J0Oql-2FPlmrEKQ3NYrhcaUnSbXREPUol6m-2FKtayV2NaR9kv5Tixtxtc2K0-2F-2FstYSzSQIgHh9DlKcmJY5HUvGs7-2B695mXdaFTB3pu37iJW2ODlosGWXxIUJoykEeImXX-2F0LM1npJsWKCbsIEQDOZ8MgaMmZoMeIubGoTDRN8A5OehltrEum87GLq-2FlrFBH5RO-2Ba7i-2BuN2VUVb2cuvFe3Wx0lJgumbvpOmFhM7C-2BFNq0JksTQ-3D-3D&amp;source=gmail&amp;ust=1589650268552000&amp;usg=AFQjCNFjCWB40E15CMzBXnDtgrBUPxLFuw\">d&rsquo;acheter ses places en ligne<\/a>, le b\u00e9n\u00e9fice est revers\u00e9 aux salles et distributeurs. Pour conna\u00eetre les prochaines destinations, rendez-vous sur le site.<\/p>\n<h2 class=\"stabylo\">Fais-le toi m\u00eame : un fagotin<\/h2>\n<p><a href=\"https:\/\/www.deedeeparis.com\/blog\/wp-content\/uploads\/2020\/05\/Fagotin.jpg\"><img loading=\"lazy\" decoding=\"async\" class=\"aligncenter size-full wp-image-68103\" src=\"https:\/\/www.deedeeparis.com\/blog\/wp-content\/uploads\/2020\/05\/Fagotin.jpg\" alt=\"\" width=\"684\" height=\"684\" srcset=\"https:\/\/www.deedeeparis.com\/blog\/wp-content\/uploads\/2020\/05\/Fagotin.jpg 684w, https:\/\/www.deedeeparis.com\/blog\/wp-content\/uploads\/2020\/05\/Fagotin-150x150.jpg 150w, https:\/\/www.deedeeparis.com\/blog\/wp-content\/uploads\/2020\/05\/Fagotin-600x600.jpg 600w\" sizes=\"auto, (max-width: 684px) 100vw, 684px\" \/><\/a><\/p>\n<p>Kesako le fagotin ? C&rsquo;est un b\u00e2ton de fumigation compos\u00e9 de plantes \u00e0 br\u00fbler pour purifier la maison, \u00e9claircir l\u2019aura et embellir l\u2019\u00e9nergie vibratoire. Rien que \u00e7a. Avec tout le temps qu&rsquo;on a pass\u00e9 chez nous et qu&rsquo;on y croit ou non, \u00e7a ne peut pas faire de mal d&#8217;embaumer un peu nos int\u00e9rieurs&#8230;! C&rsquo;est le <a href=\"https:\/\/lefutiloscope.fr\/2020\/05\/pourquoi-ca-sent-le-fagotin\/\" target=\"_blank\" rel=\"noopener noreferrer\">Futiloscope<\/a> qui propose ce pas-\u00e0-pas pour r\u00e9aliser le v\u00f4tre, inspir\u00e9 par Martine Kurz, alias\u00a0<a href=\"https:\/\/www.instagram.com\/bellaciao_sicilia\/?hl=fr\">@bellaciao_sicilia<\/a>, une journaliste qui a tout plaqu\u00e9 il y a 5 ans pour se rapprocher de la nature. Je ne sais pas vous mais moi, j&rsquo;aime bien tout \u00e7a, \u00e7a me parle !<\/p>\n<h2 class=\"stabylo\">Beyond, de Giovanni Garrone<\/h2>\n<p><a href=\"https:\/\/www.deedeeparis.com\/blog\/wp-content\/uploads\/2020\/05\/Giovanni-Garrone-Beyond-.jpg\"><img loading=\"lazy\" decoding=\"async\" class=\"aligncenter size-full wp-image-68091\" src=\"https:\/\/www.deedeeparis.com\/blog\/wp-content\/uploads\/2020\/05\/Giovanni-Garrone-Beyond-.jpg\" alt=\"\" width=\"940\" height=\"1300\" srcset=\"https:\/\/www.deedeeparis.com\/blog\/wp-content\/uploads\/2020\/05\/Giovanni-Garrone-Beyond-.jpg 940w, https:\/\/www.deedeeparis.com\/blog\/wp-content\/uploads\/2020\/05\/Giovanni-Garrone-Beyond--768x1062.jpg 768w, https:\/\/www.deedeeparis.com\/blog\/wp-content\/uploads\/2020\/05\/Giovanni-Garrone-Beyond--600x830.jpg 600w, https:\/\/www.deedeeparis.com\/blog\/wp-content\/uploads\/2020\/05\/Giovanni-Garrone-Beyond--740x1024.jpg 740w\" sizes=\"auto, (max-width: 940px) 100vw, 940px\" \/><\/a><\/p>\n<p><a href=\"https:\/\/www.instagram.com\/_giovannigarrone\/\" target=\"_blank\" rel=\"noopener noreferrer\">Giovanni Garrone<\/a>\u00a0 est un photographe et architecte italien. Sa s\u00e9rie intitul\u00e9e \u00ab\u00a0<a href=\"https:\/\/www.behance.net\/gallery\/95699855\/What-The-World-Will-Look-Like-If-Quarantine-Doesnt-End\">Beyond<\/a>\u00a0\u00bb nous offre des clich\u00e9s d&rsquo;un monde rest\u00e9 en confinement. On peut les trouver noirs, je les trouve pour ma part int\u00e9ressants : ils interrogent une fois de plus sur notre place en tant qu&rsquo;humains sur cette plan\u00e8te&#8230; !<\/p>\n<p><a href=\"https:\/\/www.deedeeparis.com\/blog\/wp-content\/uploads\/2020\/05\/Giovanni-Garrone-Beyond.jpg\"><img loading=\"lazy\" decoding=\"async\" class=\"aligncenter size-full wp-image-68095\" src=\"https:\/\/www.deedeeparis.com\/blog\/wp-content\/uploads\/2020\/05\/Giovanni-Garrone-Beyond.jpg\" alt=\"\" width=\"940\" height=\"1300\" srcset=\"https:\/\/www.deedeeparis.com\/blog\/wp-content\/uploads\/2020\/05\/Giovanni-Garrone-Beyond.jpg 940w, https:\/\/www.deedeeparis.com\/blog\/wp-content\/uploads\/2020\/05\/Giovanni-Garrone-Beyond-768x1062.jpg 768w, https:\/\/www.deedeeparis.com\/blog\/wp-content\/uploads\/2020\/05\/Giovanni-Garrone-Beyond-600x830.jpg 600w, https:\/\/www.deedeeparis.com\/blog\/wp-content\/uploads\/2020\/05\/Giovanni-Garrone-Beyond-740x1024.jpg 740w\" sizes=\"auto, (max-width: 940px) 100vw, 940px\" \/><\/a> <a href=\"https:\/\/www.deedeeparis.com\/blog\/wp-content\/uploads\/2020\/05\/Giovanni-Garrone-Beyond-1.jpg\"><img loading=\"lazy\" decoding=\"async\" class=\"aligncenter size-full wp-image-68094\" src=\"https:\/\/www.deedeeparis.com\/blog\/wp-content\/uploads\/2020\/05\/Giovanni-Garrone-Beyond-1.jpg\" alt=\"\" width=\"940\" height=\"1300\" srcset=\"https:\/\/www.deedeeparis.com\/blog\/wp-content\/uploads\/2020\/05\/Giovanni-Garrone-Beyond-1.jpg 940w, https:\/\/www.deedeeparis.com\/blog\/wp-content\/uploads\/2020\/05\/Giovanni-Garrone-Beyond-1-768x1062.jpg 768w, https:\/\/www.deedeeparis.com\/blog\/wp-content\/uploads\/2020\/05\/Giovanni-Garrone-Beyond-1-600x830.jpg 600w, https:\/\/www.deedeeparis.com\/blog\/wp-content\/uploads\/2020\/05\/Giovanni-Garrone-Beyond-1-740x1024.jpg 740w\" sizes=\"auto, (max-width: 940px) 100vw, 940px\" \/><\/a> <a href=\"https:\/\/www.deedeeparis.com\/blog\/wp-content\/uploads\/2020\/05\/Giovanni-Garrone-Beyond-3.jpg\"><img loading=\"lazy\" decoding=\"async\" class=\"aligncenter size-full wp-image-68092\" src=\"https:\/\/www.deedeeparis.com\/blog\/wp-content\/uploads\/2020\/05\/Giovanni-Garrone-Beyond-3.jpg\" alt=\"\" width=\"940\" height=\"1300\" srcset=\"https:\/\/www.deedeeparis.com\/blog\/wp-content\/uploads\/2020\/05\/Giovanni-Garrone-Beyond-3.jpg 940w, https:\/\/www.deedeeparis.com\/blog\/wp-content\/uploads\/2020\/05\/Giovanni-Garrone-Beyond-3-768x1062.jpg 768w, https:\/\/www.deedeeparis.com\/blog\/wp-content\/uploads\/2020\/05\/Giovanni-Garrone-Beyond-3-600x830.jpg 600w, https:\/\/www.deedeeparis.com\/blog\/wp-content\/uploads\/2020\/05\/Giovanni-Garrone-Beyond-3-740x1024.jpg 740w\" sizes=\"auto, (max-width: 940px) 100vw, 940px\" \/><\/a> <a href=\"https:\/\/www.deedeeparis.com\/blog\/wp-content\/uploads\/2020\/05\/Giovanni-Garrone-Beyond-2.jpg\"><img loading=\"lazy\" decoding=\"async\" class=\"aligncenter size-full wp-image-68093\" src=\"https:\/\/www.deedeeparis.com\/blog\/wp-content\/uploads\/2020\/05\/Giovanni-Garrone-Beyond-2.jpg\" alt=\"\" width=\"940\" height=\"1300\" srcset=\"https:\/\/www.deedeeparis.com\/blog\/wp-content\/uploads\/2020\/05\/Giovanni-Garrone-Beyond-2.jpg 940w, https:\/\/www.deedeeparis.com\/blog\/wp-content\/uploads\/2020\/05\/Giovanni-Garrone-Beyond-2-768x1062.jpg 768w, https:\/\/www.deedeeparis.com\/blog\/wp-content\/uploads\/2020\/05\/Giovanni-Garrone-Beyond-2-600x830.jpg 600w, https:\/\/www.deedeeparis.com\/blog\/wp-content\/uploads\/2020\/05\/Giovanni-Garrone-Beyond-2-740x1024.jpg 740w\" sizes=\"auto, (max-width: 940px) 100vw, 940px\" \/><\/a> <a href=\"https:\/\/www.deedeeparis.com\/blog\/wp-content\/uploads\/2020\/05\/Giovanni-Garrone-Beyond-5.jpg\"><img loading=\"lazy\" decoding=\"async\" class=\"aligncenter size-full wp-image-68090\" src=\"https:\/\/www.deedeeparis.com\/blog\/wp-content\/uploads\/2020\/05\/Giovanni-Garrone-Beyond-5.jpg\" alt=\"\" width=\"940\" height=\"1300\" srcset=\"https:\/\/www.deedeeparis.com\/blog\/wp-content\/uploads\/2020\/05\/Giovanni-Garrone-Beyond-5.jpg 940w, https:\/\/www.deedeeparis.com\/blog\/wp-content\/uploads\/2020\/05\/Giovanni-Garrone-Beyond-5-768x1062.jpg 768w, https:\/\/www.deedeeparis.com\/blog\/wp-content\/uploads\/2020\/05\/Giovanni-Garrone-Beyond-5-600x830.jpg 600w, https:\/\/www.deedeeparis.com\/blog\/wp-content\/uploads\/2020\/05\/Giovanni-Garrone-Beyond-5-740x1024.jpg 740w\" sizes=\"auto, (max-width: 940px) 100vw, 940px\" \/><\/a> <a href=\"https:\/\/www.deedeeparis.com\/blog\/wp-content\/uploads\/2020\/05\/Giovanni-Garrone-Beyond-6.jpg\"><img loading=\"lazy\" decoding=\"async\" class=\"aligncenter size-full wp-image-68089\" src=\"https:\/\/www.deedeeparis.com\/blog\/wp-content\/uploads\/2020\/05\/Giovanni-Garrone-Beyond-6.jpg\" alt=\"\" width=\"940\" height=\"1300\" srcset=\"https:\/\/www.deedeeparis.com\/blog\/wp-content\/uploads\/2020\/05\/Giovanni-Garrone-Beyond-6.jpg 940w, https:\/\/www.deedeeparis.com\/blog\/wp-content\/uploads\/2020\/05\/Giovanni-Garrone-Beyond-6-768x1062.jpg 768w, https:\/\/www.deedeeparis.com\/blog\/wp-content\/uploads\/2020\/05\/Giovanni-Garrone-Beyond-6-600x830.jpg 600w, https:\/\/www.deedeeparis.com\/blog\/wp-content\/uploads\/2020\/05\/Giovanni-Garrone-Beyond-6-740x1024.jpg 740w\" sizes=\"auto, (max-width: 940px) 100vw, 940px\" \/><\/a><\/p>\n<h2 class=\"stabylo\">\u00a0Amo Bishop Roden &#8211; Boards Of Canada<\/h2>\n<p>Une m\u00e9lodie envo\u00fbtante, douce et puissante \u00e0 la fois&#8230; il ne m&rsquo;en fallait pas plus pour me donner envie de partager avec vous ce titre que j&rsquo;ai d\u00e9couvert cette semaine (merci Vince !).<\/p>\n<p><iframe loading=\"lazy\" src=\"https:\/\/www.youtube.com\/embed\/sFBMIra45lU\" width=\"560\" height=\"315\" frameborder=\"0\" allowfullscreen=\"allowfullscreen\"><\/iframe><\/p>\n<p>&nbsp;<\/p>\n<p>Voil\u00e0, c&rsquo;est tout pour aujourd&rsquo;hui. Prenez soin de vous &lt;3<\/p>\n","protected":false},"excerpt":{"rendered":"<p>Hello la compagnie ! J&rsquo;esp\u00e8re que vous vous portez bien et que cette semaine de d\u00e9confinement aura \u00e9t\u00e9 cl\u00e9mente pour vous. Pour ma part, \u00e7a a un peu \u00e9t\u00e9 les montagnes russes des \u00e9motions : la peur, d&rsquo;abord, a fait son grand retour avec la reprise du boulot pour monsieur. Il est conducteur de travaux [&hellip;]<\/p>\n","protected":false},"author":2,"featured_media":68100,"comment_status":"open","ping_status":"open","sticky":false,"template":"","format":"standard","meta":{"_acf_changed":false,"footnotes":""},"categories":[8],"tags":[9748,7670,6941,8415,9747],"class_list":["post-68084","post","type-post","status-publish","format-standard","has-post-thumbnail","hentry","category-chroniques-de-paris","tag-covid","tag-decouvertes-musicales","tag-idees-diy","tag-idees-tuto","tag-photos-inspirantes"],"acf":[],"geo":null,"_links":{"self":[{"href":"https:\/\/www.deedeeparis.com\/blog\/wp-json\/wp\/v2\/posts\/68084","targetHints":{"allow":["GET"]}}],"collection":[{"href":"https:\/\/www.deedeeparis.com\/blog\/wp-json\/wp\/v2\/posts"}],"about":[{"href":"https:\/\/www.deedeeparis.com\/blog\/wp-json\/wp\/v2\/types\/post"}],"author":[{"embeddable":true,"href":"https:\/\/www.deedeeparis.com\/blog\/wp-json\/wp\/v2\/users\/2"}],"replies":[{"embeddable":true,"href":"https:\/\/www.deedeeparis.com\/blog\/wp-json\/wp\/v2\/comments?post=68084"}],"version-history":[{"count":12,"href":"https:\/\/www.deedeeparis.com\/blog\/wp-json\/wp\/v2\/posts\/68084\/revisions"}],"predecessor-version":[{"id":68107,"href":"https:\/\/www.deedeeparis.com\/blog\/wp-json\/wp\/v2\/posts\/68084\/revisions\/68107"}],"wp:featuredmedia":[{"embeddable":true,"href":"https:\/\/www.deedeeparis.com\/blog\/wp-json\/wp\/v2\/media\/68100"}],"wp:attachment":[{"href":"https:\/\/www.deedeeparis.com\/blog\/wp-json\/wp\/v2\/media?parent=68084"}],"wp:term":[{"taxonomy":"category","embeddable":true,"href":"https:\/\/www.deedeeparis.com\/blog\/wp-json\/wp\/v2\/categories?post=68084"},{"taxonomy":"post_tag","embeddable":true,"href":"https:\/\/www.deedeeparis.com\/blog\/wp-json\/wp\/v2\/tags?post=68084"}],"curies":[{"name":"wp","href":"https:\/\/api.w.org\/{rel}","templated":true}]}}