{"id":68167,"date":"2020-06-15T07:03:27","date_gmt":"2020-06-15T05:03:27","guid":{"rendered":"http:\/\/www.deedeeparis.com\/blog\/?p=68167"},"modified":"2020-08-30T20:15:59","modified_gmt":"2020-08-30T18:15:59","slug":"ma-week-list-336","status":"publish","type":"post","link":"https:\/\/www.deedeeparis.com\/blog\/ma-week-list-336","title":{"rendered":"Ma Week List #336"},"content":{"rendered":"<p>Hello la compagnie ! Time flies comme disent nos amis espagnols, et me voici une fois de plus au prise avec des semaines un poil plus charg\u00e9es que pr\u00e9vu. Non seulement, je ne m&rsquo;en plains pas, mais surtout, j&rsquo;apprends, enfin, \u00e0 l\u00e2cher un poil prise. Avant, j&rsquo;aurais travaill\u00e9 dimanche jusqu&rsquo;\u00e0 des heures indues pour que la Week List, par exemple, paraisse tous les lundis \u00e0 7h. Maintenant, je fais ce que je peux et je crois que c&rsquo;est d\u00e9j\u00e0 pas mal&#8230; et tant pis s&rsquo;il rien n&rsquo;est en ligne le lundi, la terre ne va pas s&rsquo;arr\u00eater de tourner pour autant ! S&rsquo;il y a bien une chose que ce confinement m&rsquo;a fait appr\u00e9cier, c&rsquo;est de ne plus courir partout, sans cesse, apr\u00e8s le boulot, le temps, les \u00e9v\u00e9nements pro&#8230; pour essayer, enfin, de trouver un meilleur \u00e9quilibre vie priv\u00e9e \/ vie pro. Et c&rsquo;est assez appr\u00e9ciable, je dois dire&#8230;!<\/p>\n<p>Or donc, nouvelle semaine&#8230;. nouveaux coups de coeur ! Cette semaine, j&rsquo;aime :<\/p>\n<h2 class=\"stabylo\">La carte des bonnes nouvelles<\/h2>\n<p>Besoin de vous remonter le moral ? Cliquez sur cette <a href=\"https:\/\/globalpause.ushahidi.io\/views\/map\" target=\"_blank\" rel=\"noopener noreferrer\">carte participative<\/a> de bonnes nouvelles ! Des initiatives plus ou moins personnelles qui font du bien \u00e0 la plan\u00e8te, \u00e0 la solidarit\u00e9 entre nous autres humains bref, au moral.<\/p>\n<h2 class=\"stabylo\">Le carnet de voyage de Zo\u00e9 de Las Cases<\/h2>\n<p><a href=\"https:\/\/www.deedeeparis.com\/blog\/wp-content\/uploads\/2020\/06\/Zoe-de-las-cases-2-scaled.jpg\"><img loading=\"lazy\" decoding=\"async\" class=\"aligncenter size-large wp-image-68200\" src=\"https:\/\/www.deedeeparis.com\/blog\/wp-content\/uploads\/2020\/06\/Zoe-de-las-cases-2-683x1024.jpg\" alt=\"\" width=\"640\" height=\"960\" srcset=\"https:\/\/www.deedeeparis.com\/blog\/wp-content\/uploads\/2020\/06\/Zoe-de-las-cases-2-683x1024.jpg 683w, https:\/\/www.deedeeparis.com\/blog\/wp-content\/uploads\/2020\/06\/Zoe-de-las-cases-2-768x1152.jpg 768w, https:\/\/www.deedeeparis.com\/blog\/wp-content\/uploads\/2020\/06\/Zoe-de-las-cases-2-1024x1536.jpg 1024w, https:\/\/www.deedeeparis.com\/blog\/wp-content\/uploads\/2020\/06\/Zoe-de-las-cases-2-1365x2048.jpg 1365w, https:\/\/www.deedeeparis.com\/blog\/wp-content\/uploads\/2020\/06\/Zoe-de-las-cases-2-600x900.jpg 600w, https:\/\/www.deedeeparis.com\/blog\/wp-content\/uploads\/2020\/06\/Zoe-de-las-cases-2-scaled.jpg 1707w\" sizes=\"auto, (max-width: 640px) 100vw, 640px\" \/><\/a><\/p>\n<p style=\"text-align: left;\">Voyager sans prendre l&rsquo;avion ? C&rsquo;est possible gr\u00e2ce au super <a href=\"https:\/\/bit.ly\/37vw1Z5\" target=\"_blank\" rel=\"noopener noreferrer\">carnet de voyage que Zo\u00e9 de Las Cases<\/a> sort le 17 juin (dans deux jours, donc) : dans ce livre, elle y a compil\u00e9 ses meilleures adresses parisiennes (un second livre est d\u00e9di\u00e9 \u00e0 Londres) o\u00f9 trouver des jolies fleurs, siroter un bon caf\u00e9, d\u00e9nicher de jolies trouvailles pour votre int\u00e9rieur. Il ne vous restera \u00ab\u00a0plus qu&rsquo;\u00e0\u00a0\u00bb pimper votre carnet en vous en servant comme un carnet o\u00f9 collecter les tr\u00e9sors que vous pourrez glaner \u00e0 telle ou telle adresse. A vos masking tape et vos baskets, pr\u00eates ? Partez !<\/p>\n<p><a href=\"https:\/\/www.deedeeparis.com\/blog\/wp-content\/uploads\/2020\/06\/Zoe-de-las-cases-1-scaled.jpg\"><img loading=\"lazy\" decoding=\"async\" class=\"aligncenter size-large wp-image-68201\" src=\"https:\/\/www.deedeeparis.com\/blog\/wp-content\/uploads\/2020\/06\/Zoe-de-las-cases-1-683x1024.jpg\" alt=\"\" width=\"640\" height=\"960\" srcset=\"https:\/\/www.deedeeparis.com\/blog\/wp-content\/uploads\/2020\/06\/Zoe-de-las-cases-1-683x1024.jpg 683w, https:\/\/www.deedeeparis.com\/blog\/wp-content\/uploads\/2020\/06\/Zoe-de-las-cases-1-768x1152.jpg 768w, https:\/\/www.deedeeparis.com\/blog\/wp-content\/uploads\/2020\/06\/Zoe-de-las-cases-1-1024x1536.jpg 1024w, https:\/\/www.deedeeparis.com\/blog\/wp-content\/uploads\/2020\/06\/Zoe-de-las-cases-1-1365x2048.jpg 1365w, https:\/\/www.deedeeparis.com\/blog\/wp-content\/uploads\/2020\/06\/Zoe-de-las-cases-1-600x900.jpg 600w, https:\/\/www.deedeeparis.com\/blog\/wp-content\/uploads\/2020\/06\/Zoe-de-las-cases-1-scaled.jpg 1707w\" sizes=\"auto, (max-width: 640px) 100vw, 640px\" \/><\/a><\/p>\n<h2 class=\"stabylo\">Le dressing de Bizance<\/h2>\n<p><a href=\"https:\/\/www.deedeeparis.com\/blog\/wp-content\/uploads\/2020\/06\/byzance-mode-ethique.jpg\"><img loading=\"lazy\" decoding=\"async\" class=\"aligncenter size-full wp-image-68190\" src=\"https:\/\/www.deedeeparis.com\/blog\/wp-content\/uploads\/2020\/06\/byzance-mode-ethique.jpg\" alt=\"\" width=\"1000\" height=\"662\" srcset=\"https:\/\/www.deedeeparis.com\/blog\/wp-content\/uploads\/2020\/06\/byzance-mode-ethique.jpg 1000w, https:\/\/www.deedeeparis.com\/blog\/wp-content\/uploads\/2020\/06\/byzance-mode-ethique-768x508.jpg 768w, https:\/\/www.deedeeparis.com\/blog\/wp-content\/uploads\/2020\/06\/byzance-mode-ethique-600x397.jpg 600w\" sizes=\"auto, (max-width: 1000px) 100vw, 1000px\" \/><\/a><\/p>\n<p>Bonne nouvelle au rayon de la mode \u00e9thique et responsable : la cr\u00e9atrice B\u00e9rang\u00e8re Claire (dont j&rsquo;adorais les chemises avant que sa marque ne mette la cl\u00e9 sous la porte, en 2015) et Jean-Baptiste Bessone, un ami d&rsquo;enfance, lancent <a href=\"https:\/\/www.bizanceparis.com\/\" target=\"_blank\" rel=\"noopener noreferrer\">Bizance<\/a> : un vestiaire quotidien, facile \u00e0 porter, pas hors de prix, dans un style intemporel et avec une vraie tra\u00e7abilit\u00e9. Si les coupes ou les imprim\u00e9s suivent les tendances, le duo souhaite proposer des pi\u00e8ces ind\u00e9modables qui peuvent se porter saison apr\u00e8s saison. Je vais regarder \u00e7a de plus pr\u00e8s, mais il y a fort \u00e0 parier que la marque rejoigne <a href=\"https:\/\/www.deedeeparis.com\/blog\/lannuaire-de-la-mode-ethique-et-responsable\">l&rsquo;annuaire des marques de mode \u00e9thiques et responsables<\/a>&#8230;!<\/p>\n<h2 class=\"stabylo\" style=\"text-align: left;\">Fais-le toi-m\u00eame : un potager d&rsquo;int\u00e9rieur<\/h2>\n<p><a href=\"https:\/\/www.deedeeparis.com\/blog\/wp-content\/uploads\/2020\/06\/DIY-Indoor-Wall-Herb-Garden-11.jpg\"><img loading=\"lazy\" decoding=\"async\" class=\"aligncenter size-large wp-image-68196\" src=\"https:\/\/www.deedeeparis.com\/blog\/wp-content\/uploads\/2020\/06\/DIY-Indoor-Wall-Herb-Garden-11-683x1024.jpg\" alt=\"\" width=\"640\" height=\"960\" srcset=\"https:\/\/www.deedeeparis.com\/blog\/wp-content\/uploads\/2020\/06\/DIY-Indoor-Wall-Herb-Garden-11-683x1024.jpg 683w, https:\/\/www.deedeeparis.com\/blog\/wp-content\/uploads\/2020\/06\/DIY-Indoor-Wall-Herb-Garden-11-600x900.jpg 600w, https:\/\/www.deedeeparis.com\/blog\/wp-content\/uploads\/2020\/06\/DIY-Indoor-Wall-Herb-Garden-11.jpg 700w\" sizes=\"auto, (max-width: 640px) 100vw, 640px\" \/><\/a><\/p>\n<p>Je ne sais pas vous mais moi, confinement oblige peut-\u00eatre, j&rsquo;ai cette envie de pouvoir cultiver quelques herbes aromatiques en int\u00e9rieur puisque je ne dispose pas d&rsquo;un bout de jardini\u00e8re assez grand en ext\u00e9rieur. Bonne pioche avec ce tuto de <a href=\"https:\/\/fallfordiy.com\/blog\/2020\/05\/19\/how-to-make-an-easy-indoor-herb-wall-garden\/\" target=\"_blank\" rel=\"noopener noreferrer\">Fall for DIY<\/a> !<\/p>\n<p><a href=\"https:\/\/www.deedeeparis.com\/blog\/wp-content\/uploads\/2020\/06\/DIY-Indoor-Wall-Herb-Garden-9.jpg\"><img loading=\"lazy\" decoding=\"async\" class=\"aligncenter size-large wp-image-68197\" src=\"https:\/\/www.deedeeparis.com\/blog\/wp-content\/uploads\/2020\/06\/DIY-Indoor-Wall-Herb-Garden-9-576x1024.jpg\" alt=\"\" width=\"576\" height=\"1024\" srcset=\"https:\/\/www.deedeeparis.com\/blog\/wp-content\/uploads\/2020\/06\/DIY-Indoor-Wall-Herb-Garden-9-576x1024.jpg 576w, https:\/\/www.deedeeparis.com\/blog\/wp-content\/uploads\/2020\/06\/DIY-Indoor-Wall-Herb-Garden-9-600x1066.jpg 600w, https:\/\/www.deedeeparis.com\/blog\/wp-content\/uploads\/2020\/06\/DIY-Indoor-Wall-Herb-Garden-9.jpg 700w\" sizes=\"auto, (max-width: 576px) 100vw, 576px\" \/><\/a><\/p>\n<h2 class=\"stabylo\">La s\u00e9rie \u00ab\u00a0not longer life\u00a0\u00bb<\/h2>\n<p><a href=\"https:\/\/www.deedeeparis.com\/blog\/wp-content\/uploads\/2020\/06\/Luis-Egidio-Melenez_1200.jpg\"><img loading=\"lazy\" decoding=\"async\" class=\"aligncenter size-large wp-image-68207\" src=\"https:\/\/www.deedeeparis.com\/blog\/wp-content\/uploads\/2020\/06\/Luis-Egidio-Melenez_1200-1024x795.jpg\" alt=\"\" width=\"640\" height=\"497\" srcset=\"https:\/\/www.deedeeparis.com\/blog\/wp-content\/uploads\/2020\/06\/Luis-Egidio-Melenez_1200-1024x795.jpg 1024w, https:\/\/www.deedeeparis.com\/blog\/wp-content\/uploads\/2020\/06\/Luis-Egidio-Melenez_1200-768x596.jpg 768w, https:\/\/www.deedeeparis.com\/blog\/wp-content\/uploads\/2020\/06\/Luis-Egidio-Melenez_1200-600x466.jpg 600w, https:\/\/www.deedeeparis.com\/blog\/wp-content\/uploads\/2020\/06\/Luis-Egidio-Melenez_1200.jpg 1200w\" sizes=\"auto, (max-width: 640px) 100vw, 640px\" \/><\/a><\/p>\n<p>\u00ab Not Longer Life \u00bb est une s\u00e9rie de photos qu&rsquo;on doit au groupe d\u2019architectes <a href=\"https:\/\/quatrecaps.com\/not-longer-life\" target=\"_blank\" rel=\"noopener noreferrer\">QUATRE CAPS<\/a>. Elle porte sur l\u2019utilisation contemporaine et abusive du plastique : le groupe a choisi de r\u00e9interpr\u00e9ter les c\u00e9l\u00e8bres natures mortes de Monet ou Caravaggio en y ajoutant tout le conditionnement plastique utilis\u00e9 aujourd&rsquo;hui, afin de sensibiliser le plus grand nombre quant \u00e0 la quantit\u00e9 de plastique gaspill\u00e9e pour emballer les produits de consommation courante. Int\u00e9ressant&#8230;et \u00e9difiant !<\/p>\n<p><a href=\"https:\/\/www.deedeeparis.com\/blog\/wp-content\/uploads\/2020\/06\/Sanchez-Cotan_1200.jpg\"><img loading=\"lazy\" decoding=\"async\" class=\"aligncenter size-large wp-image-68209\" src=\"https:\/\/www.deedeeparis.com\/blog\/wp-content\/uploads\/2020\/06\/Sanchez-Cotan_1200-1024x835.jpg\" alt=\"\" width=\"640\" height=\"522\" srcset=\"https:\/\/www.deedeeparis.com\/blog\/wp-content\/uploads\/2020\/06\/Sanchez-Cotan_1200-1024x835.jpg 1024w, https:\/\/www.deedeeparis.com\/blog\/wp-content\/uploads\/2020\/06\/Sanchez-Cotan_1200-768x626.jpg 768w, https:\/\/www.deedeeparis.com\/blog\/wp-content\/uploads\/2020\/06\/Sanchez-Cotan_1200-600x489.jpg 600w, https:\/\/www.deedeeparis.com\/blog\/wp-content\/uploads\/2020\/06\/Sanchez-Cotan_1200.jpg 1200w\" sizes=\"auto, (max-width: 640px) 100vw, 640px\" \/><\/a><\/p>\n<p><a href=\"https:\/\/www.deedeeparis.com\/blog\/wp-content\/uploads\/2020\/06\/Abraham-Van-Beyeren_1200.jpg\"><img loading=\"lazy\" decoding=\"async\" class=\"aligncenter size-large wp-image-68210\" src=\"https:\/\/www.deedeeparis.com\/blog\/wp-content\/uploads\/2020\/06\/Abraham-Van-Beyeren_1200-889x1024.jpg\" alt=\"\" width=\"640\" height=\"737\" srcset=\"https:\/\/www.deedeeparis.com\/blog\/wp-content\/uploads\/2020\/06\/Abraham-Van-Beyeren_1200-889x1024.jpg 889w, https:\/\/www.deedeeparis.com\/blog\/wp-content\/uploads\/2020\/06\/Abraham-Van-Beyeren_1200-768x884.jpg 768w, https:\/\/www.deedeeparis.com\/blog\/wp-content\/uploads\/2020\/06\/Abraham-Van-Beyeren_1200-600x691.jpg 600w, https:\/\/www.deedeeparis.com\/blog\/wp-content\/uploads\/2020\/06\/Abraham-Van-Beyeren_1200.jpg 1042w\" sizes=\"auto, (max-width: 640px) 100vw, 640px\" \/><\/a><\/p>\n<p><a href=\"https:\/\/www.deedeeparis.com\/blog\/wp-content\/uploads\/2020\/06\/Caravaggio_1200.jpg\"><img loading=\"lazy\" decoding=\"async\" class=\"aligncenter size-large wp-image-68211\" src=\"https:\/\/www.deedeeparis.com\/blog\/wp-content\/uploads\/2020\/06\/Caravaggio_1200-1024x810.jpg\" alt=\"\" width=\"640\" height=\"506\" srcset=\"https:\/\/www.deedeeparis.com\/blog\/wp-content\/uploads\/2020\/06\/Caravaggio_1200-1024x810.jpg 1024w, https:\/\/www.deedeeparis.com\/blog\/wp-content\/uploads\/2020\/06\/Caravaggio_1200-768x607.jpg 768w, https:\/\/www.deedeeparis.com\/blog\/wp-content\/uploads\/2020\/06\/Caravaggio_1200-600x475.jpg 600w, https:\/\/www.deedeeparis.com\/blog\/wp-content\/uploads\/2020\/06\/Caravaggio_1200.jpg 1200w\" sizes=\"auto, (max-width: 640px) 100vw, 640px\" \/><\/a><\/p>\n<p><a href=\"https:\/\/www.deedeeparis.com\/blog\/wp-content\/uploads\/2020\/06\/Still-Life_1200.jpg\"><img loading=\"lazy\" decoding=\"async\" class=\"aligncenter size-large wp-image-68206\" src=\"https:\/\/www.deedeeparis.com\/blog\/wp-content\/uploads\/2020\/06\/Still-Life_1200-710x1024.jpg\" alt=\"\" width=\"640\" height=\"923\" srcset=\"https:\/\/www.deedeeparis.com\/blog\/wp-content\/uploads\/2020\/06\/Still-Life_1200-710x1024.jpg 710w, https:\/\/www.deedeeparis.com\/blog\/wp-content\/uploads\/2020\/06\/Still-Life_1200-768x1108.jpg 768w, https:\/\/www.deedeeparis.com\/blog\/wp-content\/uploads\/2020\/06\/Still-Life_1200-600x865.jpg 600w, https:\/\/www.deedeeparis.com\/blog\/wp-content\/uploads\/2020\/06\/Still-Life_1200.jpg 832w\" sizes=\"auto, (max-width: 640px) 100vw, 640px\" \/><\/a><\/p>\n<p><a href=\"https:\/\/www.deedeeparis.com\/blog\/wp-content\/uploads\/2020\/06\/Monet_1200.jpg\"><img loading=\"lazy\" decoding=\"async\" class=\"aligncenter size-large wp-image-68208\" src=\"https:\/\/www.deedeeparis.com\/blog\/wp-content\/uploads\/2020\/06\/Monet_1200-1024x823.jpg\" alt=\"\" width=\"640\" height=\"514\" srcset=\"https:\/\/www.deedeeparis.com\/blog\/wp-content\/uploads\/2020\/06\/Monet_1200-1024x823.jpg 1024w, https:\/\/www.deedeeparis.com\/blog\/wp-content\/uploads\/2020\/06\/Monet_1200-768x618.jpg 768w, https:\/\/www.deedeeparis.com\/blog\/wp-content\/uploads\/2020\/06\/Monet_1200-600x483.jpg 600w, https:\/\/www.deedeeparis.com\/blog\/wp-content\/uploads\/2020\/06\/Monet_1200.jpg 1200w\" sizes=\"auto, (max-width: 640px) 100vw, 640px\" \/><\/a><\/p>\n<h2 class=\"stabylo\">Love is the drug de Roxy Music<\/h2>\n<p>Le titre date de 1975 et il est excessivement r\u00e9jouissant. Montez le son, c&rsquo;est bon !<\/p>\n<p><iframe loading=\"lazy\" src=\"https:\/\/www.youtube.com\/embed\/0n3OepDn5GU\" width=\"560\" height=\"315\" frameborder=\"0\" allowfullscreen=\"allowfullscreen\"><\/iframe><br \/>\nVoil\u00e0, c&rsquo;est tout pour cette semaine. Prenez soin de vous !<\/p>\n","protected":false},"excerpt":{"rendered":"<p>Hello la compagnie ! Time flies comme disent nos amis espagnols, et me voici une fois de plus au prise avec des semaines un poil plus charg\u00e9es que pr\u00e9vu. Non seulement, je ne m&rsquo;en plains pas, mais surtout, j&rsquo;apprends, enfin, \u00e0 l\u00e2cher un poil prise. Avant, j&rsquo;aurais travaill\u00e9 dimanche jusqu&rsquo;\u00e0 des heures indues pour que [&hellip;]<\/p>\n","protected":false},"author":2,"featured_media":68190,"comment_status":"open","ping_status":"open","sticky":false,"template":"","format":"standard","meta":{"_acf_changed":false,"footnotes":""},"categories":[8],"tags":[],"class_list":["post-68167","post","type-post","status-publish","format-standard","has-post-thumbnail","hentry","category-chroniques-de-paris"],"acf":[],"geo":null,"_links":{"self":[{"href":"https:\/\/www.deedeeparis.com\/blog\/wp-json\/wp\/v2\/posts\/68167","targetHints":{"allow":["GET"]}}],"collection":[{"href":"https:\/\/www.deedeeparis.com\/blog\/wp-json\/wp\/v2\/posts"}],"about":[{"href":"https:\/\/www.deedeeparis.com\/blog\/wp-json\/wp\/v2\/types\/post"}],"author":[{"embeddable":true,"href":"https:\/\/www.deedeeparis.com\/blog\/wp-json\/wp\/v2\/users\/2"}],"replies":[{"embeddable":true,"href":"https:\/\/www.deedeeparis.com\/blog\/wp-json\/wp\/v2\/comments?post=68167"}],"version-history":[{"count":18,"href":"https:\/\/www.deedeeparis.com\/blog\/wp-json\/wp\/v2\/posts\/68167\/revisions"}],"predecessor-version":[{"id":68656,"href":"https:\/\/www.deedeeparis.com\/blog\/wp-json\/wp\/v2\/posts\/68167\/revisions\/68656"}],"wp:featuredmedia":[{"embeddable":true,"href":"https:\/\/www.deedeeparis.com\/blog\/wp-json\/wp\/v2\/media\/68190"}],"wp:attachment":[{"href":"https:\/\/www.deedeeparis.com\/blog\/wp-json\/wp\/v2\/media?parent=68167"}],"wp:term":[{"taxonomy":"category","embeddable":true,"href":"https:\/\/www.deedeeparis.com\/blog\/wp-json\/wp\/v2\/categories?post=68167"},{"taxonomy":"post_tag","embeddable":true,"href":"https:\/\/www.deedeeparis.com\/blog\/wp-json\/wp\/v2\/tags?post=68167"}],"curies":[{"name":"wp","href":"https:\/\/api.w.org\/{rel}","templated":true}]}}