{"id":68702,"date":"2020-09-15T07:03:38","date_gmt":"2020-09-15T05:03:38","guid":{"rendered":"http:\/\/www.deedeeparis.com\/blog\/?p=68702"},"modified":"2020-09-15T08:33:23","modified_gmt":"2020-09-15T06:33:23","slug":"ma-week-list-339","status":"publish","type":"post","link":"https:\/\/www.deedeeparis.com\/blog\/ma-week-list-339","title":{"rendered":"Ma Week List #339"},"content":{"rendered":"<p>Hello la compagnie ! J&rsquo;esp\u00e8re que vous allez bien et que cette reprise se passe pour le mieux de votre c\u00f4t\u00e9. La voici la voil\u00e0 la premi\u00e8re Week List de la rentr\u00e9e.. Oui, j&rsquo;ai pris mon temps pour pas mal de raisons, la premi\u00e8re \u00e9tant que la reprise se fait plut\u00f4t sur les chapeaux de roues (et je ne vais pas m&rsquo;en plaindre apr\u00e8s la p\u00e9riode de disette qui a fait suite au confinement&#8230;!) avec notamment le lancement de mon podcast, <a href=\"https:\/\/www.instagram.com\/lesrencontresdugrandlarge\/\" target=\"_blank\" rel=\"noopener noreferrer\">Le Grand Large<\/a> (mille mercis \u00e0 tous ceux qui l&rsquo;ont \u00e9cout\u00e9 et m&rsquo;ont fait par de leur retour !).<\/p>\n<p>Deuxi\u00e8me raison et non des moindres, <a href=\"https:\/\/www.instagram.com\/cam.illecous\/\" target=\"_blank\" rel=\"noopener noreferrer\">Camille<\/a> rejoint les rangs de Deedee pour m&rsquo;\u00e9pauler dans les nombreuses t\u00e2ches \u00e9ditoriales mais aussi li\u00e9es \u00e0 mon quotidien et je m&rsquo;en r\u00e9jouis ! Welcome on board Camille \ud83d\ude42<\/p>\n<p>Mini changement pour la Week List : j&rsquo;ai d\u00e9cid\u00e9 de faire l&rsquo;impasse d\u00e9sormais sur les d\u00e9couvertes en mati\u00e8re de photos, apr\u00e8s avoir re\u00e7u une deuxi\u00e8me lettre de mise en demeure en un an par un organisme de recouvrement. Lorsque je mets en lumi\u00e8re le travail d&rsquo;un artiste ou d&rsquo;un photographe, je le cr\u00e9dite syst\u00e9matiquement et je renvoie tout (infos, photos, \u00a9) vers son instagram et\/ou son site internet. Malheureusement \u00e7a ne suffit pas : le droit \u00e0 l&rsquo;image veut que je contacte en amont la personne pour m&rsquo;assurer qu&rsquo;elle est ok pour que je diffuse une partie de son travail ici. Je vous avoue que la Week List me prend suffisamment de temps comme \u00e7a pour que je puisse y consacrer ce temps suppl\u00e9mentaire&#8230; Il n&rsquo;y aura donc plus de coups de coeur en la mati\u00e8re !<\/p>\n<p>Pour l&rsquo;heure, nouvelle semaine, nouveaux coups de coeur ! Cette semaine, j&rsquo;aime :<\/p>\n<h2 class=\"stabylo\">La fille d&rsquo;avRil<\/h2>\n<p><img loading=\"lazy\" decoding=\"async\" class=\"aligncenter wp-image-68704 size-full\" src=\"https:\/\/www.deedeeparis.com\/blog\/wp-content\/uploads\/2020\/09\/Capture-de\u0301cran-2020-09-14-a\u0300-17.08.41.png\" alt=\"\" width=\"756\" height=\"862\" srcset=\"https:\/\/www.deedeeparis.com\/blog\/wp-content\/uploads\/2020\/09\/Capture-de\u0301cran-2020-09-14-a\u0300-17.08.41.png 756w, https:\/\/www.deedeeparis.com\/blog\/wp-content\/uploads\/2020\/09\/Capture-de\u0301cran-2020-09-14-a\u0300-17.08.41-600x684.png 600w\" sizes=\"auto, (max-width: 756px) 100vw, 756px\" \/><\/p>\n<p style=\"text-align: center;\"><em>Photo <a href=\"https:\/\/www.instagram.com\/april_please\/\">@april_please<\/a><\/em><\/p>\n<p><span style=\"font-weight: 400;\">La rentr\u00e9e est une p\u00e9riode propice aux jolies rencontres\u2026 La collection entre <a href=\"https:\/\/april-please.com\/collections\/collection-lune-by-chloe-you\">April Please<\/a> et l\u2019influenceuse (m\u00eame si on d\u00e9teste ce terme !) ma <a href=\"https:\/\/www.instagram.com\/chloeandyou\/\">Chlo\u00e9 and You<\/a> en est une. <\/span><span style=\"font-weight: 400;\">Cette collection artisanale et faite en France tourn\u00e9e autour de la lune se d\u00e9voile avec trois bijoux : la triade form\u00e9e par S\u00e9l\u00e9n\u00e9, Art\u00e9mis et H\u00e9cate, les d\u00e9esses de la lune, rien que \u00e7a ! De quoi \u00eatre bien accompagn\u00e9es en cette rentr\u00e9e gr\u00e2ce \u00e0 cette jolie collection qui a du sens \u00e0 plus d&rsquo;un titre.\u00a0<\/span><\/p>\n<h2 class=\"stabylo\">\u00ab\u00a0Skip the line\u00a0\u00bb, pour ne plus faire la queue<\/h2>\n<p style=\"text-align: center;\"><img loading=\"lazy\" decoding=\"async\" class=\"wp-image-68705 aligncenter\" src=\"https:\/\/www.deedeeparis.com\/blog\/wp-content\/uploads\/2020\/09\/Capture-de\u0301cran-2020-09-14-a\u0300-17.15.06-600x599.png\" alt=\"\" width=\"320\" height=\"319\" srcset=\"https:\/\/www.deedeeparis.com\/blog\/wp-content\/uploads\/2020\/09\/Capture-de\u0301cran-2020-09-14-a\u0300-17.15.06-600x599.png 600w, https:\/\/www.deedeeparis.com\/blog\/wp-content\/uploads\/2020\/09\/Capture-de\u0301cran-2020-09-14-a\u0300-17.15.06-768x766.png 768w, https:\/\/www.deedeeparis.com\/blog\/wp-content\/uploads\/2020\/09\/Capture-de\u0301cran-2020-09-14-a\u0300-17.15.06-150x150.png 150w, https:\/\/www.deedeeparis.com\/blog\/wp-content\/uploads\/2020\/09\/Capture-de\u0301cran-2020-09-14-a\u0300-17.15.06.png 952w\" sizes=\"auto, (max-width: 320px) 100vw, 320px\" \/><\/p>\n<p><span style=\"font-weight: 400;\">On l\u2019a tous fait, attendre sous la pluie pour des p\u00e2tes \u00e0 la truffe, pour des pancakes un dimanche matin ou pour un cocktail sur un rooftop parisien. Avec <a href=\"https:\/\/fr.skeepit.com\/\">Skeep it<\/a> c\u2019est fini, cette application fran\u00e7aise virtualise les files d\u2019attente et permet de faire la queue \u00e0 distance dans un p\u00e9rim\u00e8tre proche du restaurant. Un bon moyen de respecter les r\u00e8gles de distanciation sociale en sus !\u00a0<\/span><\/p>\n<h2 class=\"stabylo\">Calculer mon empreinte carbone<\/h2>\n<p style=\"text-align: center;\"><a href=\"https:\/\/www.deedeeparis.com\/blog\/wp-content\/uploads\/2020\/09\/empreinte-carbone.jpeg\"><img loading=\"lazy\" decoding=\"async\" class=\"aligncenter size-full wp-image-68724\" src=\"https:\/\/www.deedeeparis.com\/blog\/wp-content\/uploads\/2020\/09\/empreinte-carbone.jpeg\" alt=\"\" width=\"2550\" height=\"1702\" srcset=\"https:\/\/www.deedeeparis.com\/blog\/wp-content\/uploads\/2020\/09\/empreinte-carbone.jpeg 2550w, https:\/\/www.deedeeparis.com\/blog\/wp-content\/uploads\/2020\/09\/empreinte-carbone-768x513.jpeg 768w, https:\/\/www.deedeeparis.com\/blog\/wp-content\/uploads\/2020\/09\/empreinte-carbone-1536x1025.jpeg 1536w, https:\/\/www.deedeeparis.com\/blog\/wp-content\/uploads\/2020\/09\/empreinte-carbone-2048x1367.jpeg 2048w, https:\/\/www.deedeeparis.com\/blog\/wp-content\/uploads\/2020\/09\/empreinte-carbone-600x400.jpeg 600w, https:\/\/www.deedeeparis.com\/blog\/wp-content\/uploads\/2020\/09\/empreinte-carbone-1024x683.jpeg 1024w\" sizes=\"auto, (max-width: 2550px) 100vw, 2550px\" \/><\/a><\/p>\n<p style=\"text-align: center;\"><em>Photo @eviradauscher<\/em><\/p>\n<p><span style=\"font-weight: 400;\">Besoin d\u2019un nouvel argument pour r\u00e9duire son empreinte carbone ? Faites le test ! <\/span><span style=\"font-weight: 400;\">Gr\u00e2ce au site <a href=\"https:\/\/ecolab.ademe.fr\/apps\/climat\/fin?total=7788&amp;details=t2.34d2.06s1.28a1.27l0.72n0.11\">\u00ab Nos gestes climat \u00bb<\/a> chacun peut calculer son empreinte carbone. Le test est perfectible mais donne un bon aper\u00e7u&#8230; Mon empreinte carbone est de 8t par an contre une moyenne nationale de 11t et un objectif global de&#8230;. 2t&#8230;.! Et vous ? A vos calculettes !<\/span><span style=\"font-weight: 400;\">\u00a0<\/span><\/p>\n<h2 class=\"stabylo\">Une Farouche libert\u00e9 de Gis\u00e8le Halimi avec Annick Cojean<\/h2>\n<p style=\"text-align: center;\"><img loading=\"lazy\" decoding=\"async\" class=\"wp-image-68708 aligncenter\" src=\"https:\/\/www.deedeeparis.com\/blog\/wp-content\/uploads\/2020\/09\/9782246824237-001-T.jpg\" alt=\"\" width=\"217\" height=\"332\" \/><\/p>\n<p><a href=\"https:\/\/www.awin1.com\/cread.php?awinmid=12665&amp;awinaffid=291155&amp;clickref=&amp;ued=https%3A%2F%2Flivre.fnac.com%2Fa14341650%2FAnnick-Cojean-Une-farouche-liberte%23omnsearchpos%3D1\" target=\"_blank\" rel=\"noopener noreferrer\"><i><span style=\"font-weight: 400;\">Une farouche libert\u00e9 <\/span><\/i><\/a><span style=\"font-weight: 400;\">est le dernier recueil d\u2019entretiens entre l\u2019avocate Gis\u00e8le Halimi et la journaliste Annick Cojean publi\u00e9 chez Grasset. Un f\u00e9minisme pur, vrai, loin de clich\u00e9s souvent associ\u00e9s \u00e0 ce mouvement. \u00c0 lire pour l&rsquo;affirmer, ce f\u00e9minisme, ou d\u00e9couvrir ce combat que des femmes continuent de mener pour que nous soyons toutes libres.<\/span><\/p>\n<h2 class=\"stabylo\">Fais-le toi-m\u00eame : <b>ton t-shirt tie and dye<\/b><\/h2>\n<p style=\"text-align: center;\"><img loading=\"lazy\" decoding=\"async\" class=\"aligncenter wp-image-68710 size-large\" src=\"https:\/\/www.deedeeparis.com\/blog\/wp-content\/uploads\/2020\/09\/Capture-de\u0301cran-2020-09-14-a\u0300-17.24.08-765x1024.png\" alt=\"\" width=\"640\" height=\"857\" srcset=\"https:\/\/www.deedeeparis.com\/blog\/wp-content\/uploads\/2020\/09\/Capture-de\u0301cran-2020-09-14-a\u0300-17.24.08-765x1024.png 765w, https:\/\/www.deedeeparis.com\/blog\/wp-content\/uploads\/2020\/09\/Capture-de\u0301cran-2020-09-14-a\u0300-17.24.08-768x1028.png 768w, https:\/\/www.deedeeparis.com\/blog\/wp-content\/uploads\/2020\/09\/Capture-de\u0301cran-2020-09-14-a\u0300-17.24.08-600x803.png 600w, https:\/\/www.deedeeparis.com\/blog\/wp-content\/uploads\/2020\/09\/Capture-de\u0301cran-2020-09-14-a\u0300-17.24.08.png 950w\" sizes=\"auto, (max-width: 640px) 100vw, 640px\" \/><\/p>\n<p style=\"text-align: center;\">Photo @almostmakesperfect<\/p>\n<p><span style=\"font-weight: 400;\">Difficile de passer \u00e0 c\u00f4t\u00e9 cet \u00e9t\u00e9, le tie and dye \u00e9tait partout. Facile \u00e0 faire il m\u00e9ritait bien une place dans les DIY, mais nous l\u2019avons choisi dans sa version soft et neutre, Woodstock ce n\u2019est pas pour tout de suite n&rsquo;est-ce pas ! Retrouvez le tuto complet sur le blog <a href=\"http:\/\/almostmakesperfect.com\/2020\/05\/21\/how-to-do-neutral-tie-dye\/\" target=\"_blank\" rel=\"noopener noreferrer\">Almost Makes Perfect<\/a> !\u00a0<\/span><\/p>\n<h2 class=\"stabylo\">Les bouges naturelles Loewe<\/h2>\n<p style=\"text-align: center;\"><img loading=\"lazy\" decoding=\"async\" class=\"aligncenter wp-image-68712 size-large\" src=\"https:\/\/www.deedeeparis.com\/blog\/wp-content\/uploads\/2020\/09\/Capture-de\u0301cran-2020-09-14-a\u0300-17.28.37-1024x877.png\" alt=\"\" width=\"640\" height=\"548\" srcset=\"https:\/\/www.deedeeparis.com\/blog\/wp-content\/uploads\/2020\/09\/Capture-de\u0301cran-2020-09-14-a\u0300-17.28.37-1024x877.png 1024w, https:\/\/www.deedeeparis.com\/blog\/wp-content\/uploads\/2020\/09\/Capture-de\u0301cran-2020-09-14-a\u0300-17.28.37-768x658.png 768w, https:\/\/www.deedeeparis.com\/blog\/wp-content\/uploads\/2020\/09\/Capture-de\u0301cran-2020-09-14-a\u0300-17.28.37-600x514.png 600w, https:\/\/www.deedeeparis.com\/blog\/wp-content\/uploads\/2020\/09\/Capture-de\u0301cran-2020-09-14-a\u0300-17.28.37.png 1230w\" sizes=\"auto, (max-width: 640px) 100vw, 640px\" \/><\/p>\n<p><span style=\"font-weight: 400;\">La jolie marque de luxe Loewe met la nature \u00e0 l\u2019honneur avec sa premi\u00e8re ligne de <a href=\"https:\/\/www.perfumesloewe.com\/fr\/en\/\">parfums d\u2019int\u00e9rieur et de bougies<\/a>. Inspir\u00e9e des jardins botaniques et de l\u2019univers des officines apothicaires onze essences v\u00e9g\u00e9tales sont disponibles : ch\u00e8vrefeuille, betterave, baies de gen\u00e9vrier, feuilles de tomate, coriandre, r\u00e9glisse, parfum de marijuana, pois de senteur, origan, noix de cypr\u00e8s et lierre. \u00ab Made in Spain \u00bb, les bougies sont fabriqu\u00e9es avec de la cire issue d\u2019ingr\u00e9dients enti\u00e8rement naturels.<\/span><\/p>\n<h2 class=\"stabylo\">La playlist Covid de Joy Division<\/h2>\n<p><span style=\"font-weight: 400;\">Elle est partout dans notre quotidien, dans nos discussions, dans les journaux t\u00e9l\u00e9vis\u00e9s, la Covid (je suis la seule \u00e0 avoir du mal \u00e0 dire \u00ab\u00a0la Covid\u00a0\u00bb ?) a maintenant <a href=\"https:\/\/open.spotify.com\/playlist\/2Ro8XlNzKVC2cecf3PpH9V?si=MO6Lj35FSDSprpIfyXAJfA&amp;fbclid=IwAR3tpYqWwopMtrEYlqFoIlpGKNmAvfZiiwUKLbJewQBjvZN59ToJP18RK1c\">sa playlist<\/a> gr\u00e2ce \u00e0 Joy Division ! Montez le son, c&rsquo;est tr\u00e8s bon :\u00a0<\/span><\/p>\n<p><iframe loading=\"lazy\" src=\"https:\/\/open.spotify.com\/embed\/playlist\/2Ro8XlNzKVC2cecf3PpH9V\" width=\"300\" height=\"380\" frameborder=\"0\"><\/iframe><\/p>\n<p>Voil\u00e0, c&rsquo;est tout pour aujourd&rsquo;hui. Prenez soin de vous !<\/p>\n","protected":false},"excerpt":{"rendered":"<p>Hello la compagnie ! J&rsquo;esp\u00e8re que vous allez bien et que cette reprise se passe pour le mieux de votre c\u00f4t\u00e9. La voici la voil\u00e0 la premi\u00e8re Week List de la rentr\u00e9e.. Oui, j&rsquo;ai pris mon temps pour pas mal de raisons, la premi\u00e8re \u00e9tant que la reprise se fait plut\u00f4t sur les chapeaux de [&hellip;]<\/p>\n","protected":false},"author":30,"featured_media":68724,"comment_status":"open","ping_status":"open","sticky":false,"template":"","format":"standard","meta":{"_acf_changed":false,"footnotes":""},"categories":[8],"tags":[9110,7670,4884,6941,1513],"class_list":["post-68702","post","type-post","status-publish","format-standard","has-post-thumbnail","hentry","category-chroniques-de-paris","tag-bougies-naturelles","tag-decouvertes-musicales","tag-diy","tag-idees-diy","tag-pal"],"acf":[],"geo":null,"_links":{"self":[{"href":"https:\/\/www.deedeeparis.com\/blog\/wp-json\/wp\/v2\/posts\/68702","targetHints":{"allow":["GET"]}}],"collection":[{"href":"https:\/\/www.deedeeparis.com\/blog\/wp-json\/wp\/v2\/posts"}],"about":[{"href":"https:\/\/www.deedeeparis.com\/blog\/wp-json\/wp\/v2\/types\/post"}],"author":[{"embeddable":true,"href":"https:\/\/www.deedeeparis.com\/blog\/wp-json\/wp\/v2\/users\/30"}],"replies":[{"embeddable":true,"href":"https:\/\/www.deedeeparis.com\/blog\/wp-json\/wp\/v2\/comments?post=68702"}],"version-history":[{"count":18,"href":"https:\/\/www.deedeeparis.com\/blog\/wp-json\/wp\/v2\/posts\/68702\/revisions"}],"predecessor-version":[{"id":68730,"href":"https:\/\/www.deedeeparis.com\/blog\/wp-json\/wp\/v2\/posts\/68702\/revisions\/68730"}],"wp:featuredmedia":[{"embeddable":true,"href":"https:\/\/www.deedeeparis.com\/blog\/wp-json\/wp\/v2\/media\/68724"}],"wp:attachment":[{"href":"https:\/\/www.deedeeparis.com\/blog\/wp-json\/wp\/v2\/media?parent=68702"}],"wp:term":[{"taxonomy":"category","embeddable":true,"href":"https:\/\/www.deedeeparis.com\/blog\/wp-json\/wp\/v2\/categories?post=68702"},{"taxonomy":"post_tag","embeddable":true,"href":"https:\/\/www.deedeeparis.com\/blog\/wp-json\/wp\/v2\/tags?post=68702"}],"curies":[{"name":"wp","href":"https:\/\/api.w.org\/{rel}","templated":true}]}}