{"id":68798,"date":"2020-09-28T07:03:17","date_gmt":"2020-09-28T05:03:17","guid":{"rendered":"http:\/\/www.deedeeparis.com\/blog\/?p=68798"},"modified":"2020-09-27T20:58:02","modified_gmt":"2020-09-27T18:58:02","slug":"ma-week-list-340","status":"publish","type":"post","link":"https:\/\/www.deedeeparis.com\/blog\/ma-week-list-340","title":{"rendered":"Ma Week List #340"},"content":{"rendered":"<p>Hello la compagnie ! J&rsquo;esp\u00e8re que ces derniers jours ne vous laissent pas trop sur les rotules et le moral dans les chaussettes. Difficile de garder la positive attitude chevill\u00e9e au corps dans ce contexte, on ne va pas se mentir&#8230; Je suis en lutte pour continuer \u00e0 avancer sans trop laisser de plumes, je ne vous le cache pas ! Bon, l&rsquo;annonce de <a href=\"https:\/\/www.instagram.com\/p\/CFbfDKqHF8c\/\" target=\"_blank\" rel=\"noopener noreferrer\">ma grossesse sur Instagram<\/a> m&rsquo;y a bien aid\u00e9e.. MERCI, du fond du coeur, j&rsquo;ai re\u00e7u tellement d&rsquo;amour et de bienveillance, j&rsquo;en suis encore sinc\u00e8rement \u00e9mue&#8230;!<\/p>\n<p>On en reparlera, bien s\u00fbr : l&rsquo;id\u00e9e n&rsquo;est pas de changer la ligne \u00e9ditoriale de ce blog ou de mon compte Instagram du tout au tout mais bien d&rsquo;y aborder certains sujets autour de la maternit\u00e9 qui pourraient vous int\u00e9resser. J&rsquo;ai re\u00e7u \u00e9norm\u00e9ment de questions autour de mon parcours en PMA notamment, ou des questions plus l\u00e9g\u00e8res sur le vestiaire d&rsquo;une femme enceinte. Je vous avoue que je n&rsquo;avais pas sp\u00e9cialement fait de planning \u00e9ditorial ni m\u00eame projet\u00e9 plus loin les contenus sur lesquels je pouvais \u00e9ventuellement travailler ici, n&rsquo;h\u00e9sitez pas \u00e0 me faire part de vos attentes, je ne dirai pas forc\u00e9ment oui \u00e0 tout mais \u00e7a me donnera une bonne base des sujets que vous voulez que j&rsquo;aborde !<\/p>\n<p>Pour l&rsquo;heure&#8230; Nouvelle semaine, nouveaux coups de coeur ! Cette semaine, j&rsquo;aime :<\/p>\n<h2 class=\"stabylo\">Le lancement de l&rsquo;eshop What the Flower<\/h2>\n<p><a href=\"https:\/\/www.deedeeparis.com\/blog\/wp-content\/uploads\/2020\/09\/photo-1518335935020-cfd6580c1ab4.jpeg\"><img loading=\"lazy\" decoding=\"async\" class=\"aligncenter size-full wp-image-68800\" src=\"https:\/\/www.deedeeparis.com\/blog\/wp-content\/uploads\/2020\/09\/photo-1518335935020-cfd6580c1ab4.jpeg\" alt=\"\" width=\"2550\" height=\"1700\" srcset=\"https:\/\/www.deedeeparis.com\/blog\/wp-content\/uploads\/2020\/09\/photo-1518335935020-cfd6580c1ab4.jpeg 2550w, https:\/\/www.deedeeparis.com\/blog\/wp-content\/uploads\/2020\/09\/photo-1518335935020-cfd6580c1ab4-768x512.jpeg 768w, https:\/\/www.deedeeparis.com\/blog\/wp-content\/uploads\/2020\/09\/photo-1518335935020-cfd6580c1ab4-1536x1024.jpeg 1536w, https:\/\/www.deedeeparis.com\/blog\/wp-content\/uploads\/2020\/09\/photo-1518335935020-cfd6580c1ab4-2048x1365.jpeg 2048w, https:\/\/www.deedeeparis.com\/blog\/wp-content\/uploads\/2020\/09\/photo-1518335935020-cfd6580c1ab4-600x400.jpeg 600w, https:\/\/www.deedeeparis.com\/blog\/wp-content\/uploads\/2020\/09\/photo-1518335935020-cfd6580c1ab4-1024x683.jpeg 1024w\" sizes=\"auto, (max-width: 2550px) 100vw, 2550px\" \/><\/a><\/p>\n<p style=\"text-align: center;\"><em>\u00a9Photo Katya Austin<\/em><\/p>\n<p>Les amoureux des plantes vont aimer : le g\u00e9nial <a href=\"https:\/\/shop.whattheflower.com\/\" target=\"_blank\" rel=\"noopener noreferrer\">What the Flower vient d&rsquo;ouvrir son eshop<\/a> ! On y trouve (en toute logique) moult plantes vertes mais aussi des accessoires ainsi qu&rsquo;une librairie plut\u00f4t bien fournie. J&rsquo;esp\u00e8re \u00e0 terme pouvoir y trouver des caches-pots et autres d\u00e9co pour mettre les plantes en valeur !<\/p>\n<h2 class=\"stabylo\">Le magasin de seconde main de&#8230;. Ikea<\/h2>\n<p><a href=\"https:\/\/www.deedeeparis.com\/blog\/wp-content\/uploads\/2020\/09\/ikea-seconde-main-.jpeg\"><img loading=\"lazy\" decoding=\"async\" class=\"aligncenter size-full wp-image-68801\" src=\"https:\/\/www.deedeeparis.com\/blog\/wp-content\/uploads\/2020\/09\/ikea-seconde-main-.jpeg\" alt=\"\" width=\"2551\" height=\"1701\" srcset=\"https:\/\/www.deedeeparis.com\/blog\/wp-content\/uploads\/2020\/09\/ikea-seconde-main-.jpeg 2551w, https:\/\/www.deedeeparis.com\/blog\/wp-content\/uploads\/2020\/09\/ikea-seconde-main--768x512.jpeg 768w, https:\/\/www.deedeeparis.com\/blog\/wp-content\/uploads\/2020\/09\/ikea-seconde-main--1536x1024.jpeg 1536w, https:\/\/www.deedeeparis.com\/blog\/wp-content\/uploads\/2020\/09\/ikea-seconde-main--2048x1366.jpeg 2048w, https:\/\/www.deedeeparis.com\/blog\/wp-content\/uploads\/2020\/09\/ikea-seconde-main--600x400.jpeg 600w, https:\/\/www.deedeeparis.com\/blog\/wp-content\/uploads\/2020\/09\/ikea-seconde-main--1024x683.jpeg 1024w\" sizes=\"auto, (max-width: 2551px) 100vw, 2551px\" \/><\/a><\/p>\n<p style=\"text-align: center;\"><em>\u00a9 Photo Semen Borisov @devsnice<\/em><\/p>\n<p>Non, vous ne r\u00eavez pas : Ikea va ouvrir son premier magasin de seconde main ! Alors oui, \u00e9videmment, ce sera un peu loin pour commencer puisque l&rsquo;enseigne a choisi la ville d&rsquo;Eskilstuna en Su\u00e8de dans le premier centre commercial d\u00e9di\u00e9 \u00e0 la seconde main au monde pour cette v1, mais Ikea a d\u00e9j\u00e0 annonc\u00e9 qu&rsquo;elle vise \u00e0 louer et \u00e0 recycler ses meubles dans le monde entier. Croisons donc les doigts pour que des initiatives similaires deviennent rapidement accessibles ici en France ! Alors oui, vous me direz que tous les meubles du su\u00e9dois ne sont pas exactement quali et donc non \u00e9ligibles \u00e0 de la seconde main : si je trouve \u00e7a vrai pour les premiers prix de l&rsquo;enseigne, la qualit\u00e9 est clairement au rendez-vous quand on monte un peu en gamme !<\/p>\n<h2 class=\"stabylo\">Cette Impression botanique de Amber Davenport<\/h2>\n<p><a href=\"https:\/\/www.deedeeparis.com\/blog\/wp-content\/uploads\/2020\/09\/Impression-botanique.jpg\"><img loading=\"lazy\" decoding=\"async\" class=\"aligncenter size-large wp-image-68803\" src=\"https:\/\/www.deedeeparis.com\/blog\/wp-content\/uploads\/2020\/09\/Impression-botanique-1011x1024.jpg\" alt=\"\" width=\"640\" height=\"648\" srcset=\"https:\/\/www.deedeeparis.com\/blog\/wp-content\/uploads\/2020\/09\/Impression-botanique-1011x1024.jpg 1011w, https:\/\/www.deedeeparis.com\/blog\/wp-content\/uploads\/2020\/09\/Impression-botanique-768x778.jpg 768w, https:\/\/www.deedeeparis.com\/blog\/wp-content\/uploads\/2020\/09\/Impression-botanique-1516x1536.jpg 1516w, https:\/\/www.deedeeparis.com\/blog\/wp-content\/uploads\/2020\/09\/Impression-botanique-600x608.jpg 600w, https:\/\/www.deedeeparis.com\/blog\/wp-content\/uploads\/2020\/09\/Impression-botanique.jpg 1588w\" sizes=\"auto, (max-width: 640px) 100vw, 640px\" \/><\/a><\/p>\n<p>Pour rester dans le th\u00e8me des plantes, je confesse un coup de coeur pour cette illustration sign\u00e9e <a href=\"https:\/\/bit.ly\/2ZTCGKc\" target=\"_blank\" rel=\"noopener noreferrer\">Amber Davenport<\/a>, une cr\u00e9atrice anglaise : \u00e0 accrocher sur les murs pour dupliquer l&rsquo;effet green !<\/p>\n<p>&nbsp;<\/p>\n<h2 class=\"stabylo\">Le deuxi\u00e8me \u00e9pisode du podcast Le Grand Large<\/h2>\n<p><a href=\"https:\/\/www.deedeeparis.com\/blog\/wp-content\/uploads\/2020\/09\/Storie-Ep-1-WL.jpg\"><img loading=\"lazy\" decoding=\"async\" class=\"aligncenter size-large wp-image-68813\" src=\"https:\/\/www.deedeeparis.com\/blog\/wp-content\/uploads\/2020\/09\/Storie-Ep-1-WL-582x1024.jpg\" alt=\"\" width=\"582\" height=\"1024\" srcset=\"https:\/\/www.deedeeparis.com\/blog\/wp-content\/uploads\/2020\/09\/Storie-Ep-1-WL-582x1024.jpg 582w, https:\/\/www.deedeeparis.com\/blog\/wp-content\/uploads\/2020\/09\/Storie-Ep-1-WL-768x1351.jpg 768w, https:\/\/www.deedeeparis.com\/blog\/wp-content\/uploads\/2020\/09\/Storie-Ep-1-WL-873x1536.jpg 873w, https:\/\/www.deedeeparis.com\/blog\/wp-content\/uploads\/2020\/09\/Storie-Ep-1-WL-600x1056.jpg 600w, https:\/\/www.deedeeparis.com\/blog\/wp-content\/uploads\/2020\/09\/Storie-Ep-1-WL.jpg 1080w\" sizes=\"auto, (max-width: 582px) 100vw, 582px\" \/><\/a><\/p>\n<p>Oui, booooon, on n&rsquo;est jamais mieux servi que par soi-m\u00eame, c&rsquo;est vrai ! Mais comme je suis vraiment super excit\u00e9e de r\u00e9aliser ce podcast, je ne peux m&#8217;emp\u00eacher de vous signaler le second \u00e9pisode : j&rsquo;ai invit\u00e9 Sarah, aka <a href=\"https:\/\/www.instagram.com\/soozperez\/\" target=\"_blank\" rel=\"noopener noreferrer\">Sooz Perez<\/a>, \u00e0 s&rsquo;exprimer sur le sujet de la mode responsable. Sarah a en effet fond\u00e9 <a href=\"https:\/\/www.instagram.com\/rezineparis\/\" target=\"_blank\" rel=\"noopener noreferrer\">Rezine<\/a>, une marque de v\u00eatements engag\u00e9e. <a href=\"https:\/\/podcasts.apple.com\/fr\/podcast\/le-grand-large\/id1532260929\" target=\"_blank\" rel=\"noopener noreferrer\">Dans cet \u00e9pisode<\/a>, elle nous explique ce qu&rsquo;une production responsable signifie, comment et o\u00f9 sourcer les mati\u00e8res, comment fixer un prix \u00e0 la fois juste et abordable et \u00e0 quels paradoxes la mode responsable doit faire face. Bref, elle est passionnante et j&rsquo;esp\u00e8re que vous aimerez cet \u00e9pisode ! Et aussi, on a une <a href=\"https:\/\/www.instagram.com\/p\/CFjgrcJKx9z\/\" target=\"_blank\" rel=\"noopener noreferrer\">petite surprise<\/a> pour vous \ud83d\ude42<\/p>\n<h2 class=\"stabylo\">Blink Eye, le yoga des yeux<\/h2>\n<p><a href=\"https:\/\/www.deedeeparis.com\/blog\/wp-content\/uploads\/2020\/09\/blink-appli-yeux.jpeg\"><img loading=\"lazy\" decoding=\"async\" class=\"aligncenter size-full wp-image-68815\" src=\"https:\/\/www.deedeeparis.com\/blog\/wp-content\/uploads\/2020\/09\/blink-appli-yeux.jpeg\" alt=\"\" width=\"2550\" height=\"1700\" srcset=\"https:\/\/www.deedeeparis.com\/blog\/wp-content\/uploads\/2020\/09\/blink-appli-yeux.jpeg 2550w, https:\/\/www.deedeeparis.com\/blog\/wp-content\/uploads\/2020\/09\/blink-appli-yeux-768x512.jpeg 768w, https:\/\/www.deedeeparis.com\/blog\/wp-content\/uploads\/2020\/09\/blink-appli-yeux-1536x1024.jpeg 1536w, https:\/\/www.deedeeparis.com\/blog\/wp-content\/uploads\/2020\/09\/blink-appli-yeux-2048x1365.jpeg 2048w, https:\/\/www.deedeeparis.com\/blog\/wp-content\/uploads\/2020\/09\/blink-appli-yeux-600x400.jpeg 600w, https:\/\/www.deedeeparis.com\/blog\/wp-content\/uploads\/2020\/09\/blink-appli-yeux-1024x683.jpeg 1024w\" sizes=\"auto, (max-width: 2550px) 100vw, 2550px\" \/><\/a><\/p>\n<p style=\"text-align: center;\"><em>Photo \u00a9 Franco Antonio Giovanella @francogio<\/em><\/p>\n<p>Une appli rudement utile puisqu&rsquo;elle propose de reposer nos yeux trop souvent malmen\u00e9s par les \u00e9crans gr\u00e2ce \u00e0 des sessions pratiques. Pas envie de t\u00e9l\u00e9charger une appli ? Frottez vos mains l&rsquo;une contre l&rsquo;autre pour leur permettre de se r\u00e9chauffer, plaquez vos paumes sur vos yeux, sans les \u00e9craser mais de mani\u00e8re \u00e0 laisser la chaleur se diffuser dans l&rsquo;obscurit\u00e9 de vos mains, en ouvrant les yeux. M\u00e9thode recommand\u00e9e par plusieurs des profs de yoga avec qui j&rsquo;ai suivi des cours et qui soulage vraiment bien !<\/p>\n<h2 class=\"stabylo\">Fais-le toi-m\u00eame : un tapis de souris brillant<\/h2>\n<p><a href=\"https:\/\/www.deedeeparis.com\/blog\/wp-content\/uploads\/2020\/09\/diy-suede-and-gold-leaf-colorblock-mousepad2-800x533-1.jpg\"><img loading=\"lazy\" decoding=\"async\" class=\"aligncenter size-full wp-image-68820\" src=\"https:\/\/www.deedeeparis.com\/blog\/wp-content\/uploads\/2020\/09\/diy-suede-and-gold-leaf-colorblock-mousepad2-800x533-1.jpg\" alt=\"\" width=\"800\" height=\"533\" srcset=\"https:\/\/www.deedeeparis.com\/blog\/wp-content\/uploads\/2020\/09\/diy-suede-and-gold-leaf-colorblock-mousepad2-800x533-1.jpg 800w, https:\/\/www.deedeeparis.com\/blog\/wp-content\/uploads\/2020\/09\/diy-suede-and-gold-leaf-colorblock-mousepad2-800x533-1-768x512.jpg 768w, https:\/\/www.deedeeparis.com\/blog\/wp-content\/uploads\/2020\/09\/diy-suede-and-gold-leaf-colorblock-mousepad2-800x533-1-600x400.jpg 600w\" sizes=\"auto, (max-width: 800px) 100vw, 800px\" \/><\/a><\/p>\n<p>Maintenant que le t\u00e9l\u00e9travail est devenu un passage quasi oblig\u00e9, autant pimper son espace de travail et le rendre agr\u00e9able, autant que faire se peut et m\u00eame si on bosse depuis notre table de cuisine (toute ressemblance avec la r\u00e9alit\u00e9..!). Direction sd pour r\u00e9aliser ce tapis de souris qui va mettre de la paillette dans nos vies et sans passer par Kevin. Joie !<\/p>\n<h2 class=\"stabylo\">True Stories &#8211; Buvette<\/h2>\n<p>Un titre joyeux qui sent bon l&rsquo;insouciance de l&rsquo;\u00e9t\u00e9 et \u00e7a, on n&rsquo;est pas contre, vrai ?! On doit ce titre \u00e0 C\u00e9dric Streuli, un musicien originaire des Alpes suisses. Montez le son, c&rsquo;est bon ! (merci bro pour la d\u00e9couverte &lt;3)<\/p>\n<p><iframe loading=\"lazy\" src=\"https:\/\/www.youtube.com\/embed\/OATnHJrRyCQ\" width=\"560\" height=\"315\" frameborder=\"0\" allowfullscreen=\"allowfullscreen\"><\/iframe><\/p>\n<p>Voil\u00e0, c&rsquo;est tout pour aujourd&rsquo;hui. Bonne semaine, prenez soin de vous!<\/p>\n","protected":false},"excerpt":{"rendered":"<p>Hello la compagnie ! J&rsquo;esp\u00e8re que ces derniers jours ne vous laissent pas trop sur les rotules et le moral dans les chaussettes. Difficile de garder la positive attitude chevill\u00e9e au corps dans ce contexte, on ne va pas se mentir&#8230; Je suis en lutte pour continuer \u00e0 avancer sans trop laisser de plumes, je [&hellip;]<\/p>\n","protected":false},"author":2,"featured_media":68815,"comment_status":"open","ping_status":"open","sticky":false,"template":"","format":"standard","meta":{"_acf_changed":false,"footnotes":""},"categories":[8],"tags":[7627,4884,6941,9710,9115],"class_list":["post-68798","post","type-post","status-publish","format-standard","has-post-thumbnail","hentry","category-chroniques-de-paris","tag-decouverte-musicale","tag-diy","tag-idees-diy","tag-meilleurs-podcasts","tag-podcast-deedee"],"acf":[],"geo":null,"_links":{"self":[{"href":"https:\/\/www.deedeeparis.com\/blog\/wp-json\/wp\/v2\/posts\/68798","targetHints":{"allow":["GET"]}}],"collection":[{"href":"https:\/\/www.deedeeparis.com\/blog\/wp-json\/wp\/v2\/posts"}],"about":[{"href":"https:\/\/www.deedeeparis.com\/blog\/wp-json\/wp\/v2\/types\/post"}],"author":[{"embeddable":true,"href":"https:\/\/www.deedeeparis.com\/blog\/wp-json\/wp\/v2\/users\/2"}],"replies":[{"embeddable":true,"href":"https:\/\/www.deedeeparis.com\/blog\/wp-json\/wp\/v2\/comments?post=68798"}],"version-history":[{"count":13,"href":"https:\/\/www.deedeeparis.com\/blog\/wp-json\/wp\/v2\/posts\/68798\/revisions"}],"predecessor-version":[{"id":68824,"href":"https:\/\/www.deedeeparis.com\/blog\/wp-json\/wp\/v2\/posts\/68798\/revisions\/68824"}],"wp:featuredmedia":[{"embeddable":true,"href":"https:\/\/www.deedeeparis.com\/blog\/wp-json\/wp\/v2\/media\/68815"}],"wp:attachment":[{"href":"https:\/\/www.deedeeparis.com\/blog\/wp-json\/wp\/v2\/media?parent=68798"}],"wp:term":[{"taxonomy":"category","embeddable":true,"href":"https:\/\/www.deedeeparis.com\/blog\/wp-json\/wp\/v2\/categories?post=68798"},{"taxonomy":"post_tag","embeddable":true,"href":"https:\/\/www.deedeeparis.com\/blog\/wp-json\/wp\/v2\/tags?post=68798"}],"curies":[{"name":"wp","href":"https:\/\/api.w.org\/{rel}","templated":true}]}}