{"id":688,"date":"2008-03-06T07:03:22","date_gmt":"2008-03-06T07:03:22","guid":{"rendered":"https:\/\/www.deedeeparis.com\/wordpress\/2151-forbidden"},"modified":"2008-03-06T07:03:22","modified_gmt":"2008-03-06T07:03:22","slug":"forbidden","status":"publish","type":"post","link":"https:\/\/www.deedeeparis.com\/blog\/forbidden","title":{"rendered":"Jungle urbaine"},"content":{"rendered":"<p><img decoding=\"async\" src=\"\/blog\/images\/Paris plein les mirettes\/jungle-urbaine.jpg\" alt=\"\" \/><\/p>\n<p>Une photo prise au printemps dernier, aux premiers vrais beaux jours qui nous tiraient de ce sale temps d&rsquo;hiver. J&rsquo;aime cette entr\u00e9e noy\u00e9e dans la verdure&#8230; plut\u00f4t rare \u00e0 Paris&nbsp;!<\/p>\n<p>Dites, rien \u00e0 voir mais vous \u00eates au courant que <a href=\"http:\/\/www.lemonde.fr\/culture\/article\/2008\/02\/29\/polaroid-ne-fera-plus-bzzzzzzz_1017257_3246.html\">le Polaro\u00efd, c&rsquo;est fini&nbsp;<\/a>? Kodak a d\u00e9cid\u00e9 de laisser tomber, comme \u00e7a, sans autre forme de proc\u00e8s. Les boules.<\/p>\n<p>La vache, je suis en train de r\u00e9diger ce billet devant \u00e7a se discute, \u00ab\u00a0que faire de ses 20 ans lorsqu&rsquo;on a une maladie grave\u00a0\u00bb&#8230; Tout cela met s\u00e9v\u00e8rement les points sur les i&#8230; et me rappelle quelques souvenirs. Mais je divague, l\u00e0. Vague (oui, j&rsquo;ai un sens de l&rsquo;humour ULTRA d\u00e9velopp\u00e9 !)<\/p>\n<p>Donc. Photo prise au printemps dernier. Je revenais des Tuileries \u00e0 pied. Les beaux jours daignaient ENFIN pointer le bout de leur nez&#8230; Il flottait dans l&rsquo;air comme un parfum de vacances, de farniente. Le genre d&rsquo;atmosph\u00e8re que l&rsquo;on aimerait emprisonner dans un bocal et garder \u00e9go\u00efstement <em>ad vitam eternam&nbsp;<\/em>!<\/p>\n<p>A \u00e9couter avec Muse&#8230; Rhaaaaaaa Muse&#8230;.<\/p>\n<p><div style=\"width:180px;height:25px;\"><object width=\"180\" height=\"25\"><param name=\"movie\" value=\"http:\/\/www.deezer.com\/embedded\/small-widget.swf?idSong=2733&#038;colorBackground=0x525252&#038;colorButtons=0xDDDDDD&#038;textColor1=0xFFFFFF&#038;autoplay=0\"><\/param><embed src=\"http:\/\/www.deezer.com\/embedded\/small-widget.swf?idSong=2733&#038;colorBackground=0x525252&#038;colorButtons=0xDDDDDD&#038;textColor1=0xFFFFFF&#038;autoplay=0\" type=\"application\/x-shockwave-flash\" width=\"180\" height=\"25\"><\/embed><\/object><a href=\"http:\/\/www.deezer.com\/\" style=\"border:none;margin:0;padding:0;\"><img decoding=\"async\" src=\"http:\/\/www.deezer.com\/embedded\/footer.jpg\" alt=\"free music\" title=\"free music\" border=\"0\" style=\"border:none;margin:0;padding:0;\" \/><\/a><\/div>\n<p>Joyeuse journ\u00e9e \u00e0 tous.<\/p>\n","protected":false},"excerpt":{"rendered":"<p><img decoding=\"async\" src=\"\/blog\/images\/Paris plein les mirettes\/jungle-urbaine.jpg\" alt=\"\" \/><\/p>\n<p>Une photo prise au printemps dernier, aux premiers vrais beaux jours qui nous tiraient de ce sale temps d&rsquo;hiver. J&rsquo;aime cette entr\u00e9e noy\u00e9e dans la verdure&#8230; plut\u00f4t rare \u00e0 Paris&nbsp;!<\/p>\n<p>Dites, rien \u00e0 voir mais vous \u00eates au courant que <a href=\"http:\/\/www.lemonde.fr\/culture\/article\/2008\/02\/29\/polaroid-ne-fera-plus-bzzzzzzz_1017257_3246.html\">le Polaro\u00efd, c&rsquo;est fini&nbsp;<\/a>? Kodak a d\u00e9cid\u00e9 de laisser tomber, comme \u00e7a, sans autre forme de proc\u00e8s. Les boules.<\/p>\n","protected":false},"author":2,"featured_media":0,"comment_status":"open","ping_status":"open","sticky":false,"template":"","format":"standard","meta":{"_acf_changed":false,"footnotes":""},"categories":[16],"tags":[492,493,490,60,146,491],"class_list":["post-688","post","type-post","status-publish","format-standard","hentry","category-photos-de-paris","tag-kodak","tag-maladie","tag-muse","tag-paris","tag-photo","tag-polaroid"],"acf":[],"geo":null,"_links":{"self":[{"href":"https:\/\/www.deedeeparis.com\/blog\/wp-json\/wp\/v2\/posts\/688","targetHints":{"allow":["GET"]}}],"collection":[{"href":"https:\/\/www.deedeeparis.com\/blog\/wp-json\/wp\/v2\/posts"}],"about":[{"href":"https:\/\/www.deedeeparis.com\/blog\/wp-json\/wp\/v2\/types\/post"}],"author":[{"embeddable":true,"href":"https:\/\/www.deedeeparis.com\/blog\/wp-json\/wp\/v2\/users\/2"}],"replies":[{"embeddable":true,"href":"https:\/\/www.deedeeparis.com\/blog\/wp-json\/wp\/v2\/comments?post=688"}],"version-history":[{"count":0,"href":"https:\/\/www.deedeeparis.com\/blog\/wp-json\/wp\/v2\/posts\/688\/revisions"}],"wp:attachment":[{"href":"https:\/\/www.deedeeparis.com\/blog\/wp-json\/wp\/v2\/media?parent=688"}],"wp:term":[{"taxonomy":"category","embeddable":true,"href":"https:\/\/www.deedeeparis.com\/blog\/wp-json\/wp\/v2\/categories?post=688"},{"taxonomy":"post_tag","embeddable":true,"href":"https:\/\/www.deedeeparis.com\/blog\/wp-json\/wp\/v2\/tags?post=688"}],"curies":[{"name":"wp","href":"https:\/\/api.w.org\/{rel}","templated":true}]}}